{"id":2266,"count":1,"description":"","link":"https:\/\/balcilar-blog.com\/?tag=cemil-buyukdogerli","name":"Cemil B\u00fcy\u00fckd\u00f6\u011ferli","slug":"cemil-buyukdogerli","taxonomy":"post_tag","meta":[],"_links":{"self":[{"href":"https:\/\/balcilar-blog.com\/index.php?rest_route=\/wp\/v2\/tags\/2266","targetHints":{"allow":["GET"]}}],"collection":[{"href":"https:\/\/balcilar-blog.com\/index.php?rest_route=\/wp\/v2\/tags"}],"about":[{"href":"https:\/\/balcilar-blog.com\/index.php?rest_route=\/wp\/v2\/taxonomies\/post_tag"}],"wp:post_type":[{"href":"https:\/\/balcilar-blog.com\/index.php?rest_route=%2Fwp%2Fv2%2Fposts&tags=2266"}],"curies":[{"name":"wp","href":"https:\/\/api.w.org\/{rel}","templated":true}]}}