{"id":1474,"count":1,"description":"","link":"https:\/\/balcilar-blog.com\/?tag=mika-der-icerde","name":"M\u0130KA-DER \u0130\u00c7ERDE","slug":"mika-der-icerde","taxonomy":"post_tag","meta":[],"_links":{"self":[{"href":"https:\/\/balcilar-blog.com\/index.php?rest_route=\/wp\/v2\/tags\/1474","targetHints":{"allow":["GET"]}}],"collection":[{"href":"https:\/\/balcilar-blog.com\/index.php?rest_route=\/wp\/v2\/tags"}],"about":[{"href":"https:\/\/balcilar-blog.com\/index.php?rest_route=\/wp\/v2\/taxonomies\/post_tag"}],"wp:post_type":[{"href":"https:\/\/balcilar-blog.com\/index.php?rest_route=%2Fwp%2Fv2%2Fposts&tags=1474"}],"curies":[{"name":"wp","href":"https:\/\/api.w.org\/{rel}","templated":true}]}}