{"id":9910,"date":"2015-07-03T19:40:00","date_gmt":"2015-07-03T16:40:00","guid":{"rendered":"http:\/\/balcilar-blog.com\/?p=9910"},"modified":"2015-07-03T19:46:44","modified_gmt":"2015-07-03T16:46:44","slug":"cagatay-ulusoy-sabah-sporunda-form-tutumaya-calisiyor","status":"publish","type":"post","link":"https:\/\/balcilar-blog.com\/?p=9910","title":{"rendered":"\u00c7a\u011fatay Ulusoy sabah sporunda form tutumaya \u00e7al\u0131\u015f\u0131yor!"},"content":{"rendered":"<p><a href=\"http:\/\/balcilar-blog.com\/wp-content\/uploads\/2015\/07\/\u00e7a\u011fatay-1-temmuz-sabah-y\u00fcr\u00fcy\u00fc\u015f\u00fc.jpg\"><img loading=\"lazy\" decoding=\"async\" class=\"alignnone size-full wp-image-9911\" src=\"http:\/\/balcilar-blog.com\/wp-content\/uploads\/2015\/07\/\u00e7a\u011fatay-1-temmuz-sabah-y\u00fcr\u00fcy\u00fc\u015f\u00fc.jpg\" alt=\"\u00e7a\u011fatay 1 temmuz sabah y\u00fcr\u00fcy\u00fc\u015f\u00fc\" width=\"640\" height=\"358\" srcset=\"https:\/\/balcilar-blog.com\/wp-content\/uploads\/2015\/07\/\u00e7a\u011fatay-1-temmuz-sabah-y\u00fcr\u00fcy\u00fc\u015f\u00fc.jpg 640w, https:\/\/balcilar-blog.com\/wp-content\/uploads\/2015\/07\/\u00e7a\u011fatay-1-temmuz-sabah-y\u00fcr\u00fcy\u00fc\u015f\u00fc-300x168.jpg 300w\" sizes=\"auto, (max-width: 640px) 100vw, 640px\" \/><\/a><\/p>\n<p>\u00c7a\u011fatay Ulusoy yeni sinema filmi &#8216;Delibal&#8217; i\u00e7in fazla kilolar\u0131n\u0131 at\u0131p, form tutmaya \u00e7al\u0131yor. Ulusoy \u00f6nceki sabah arkada\u015flar\u0131 ile Belgrad ormanlar\u0131nda sabah y\u00fcr\u00fcy\u00fc\u015f\u00fcne \u00e7\u0131kt\u0131.<\/p>\n<p>\u00c7a\u011fatay&#8217;a bu y\u00fcr\u00fcy\u00fc\u015fte Se\u00e7kin \u00d6zdemir, Derya \u015eensoy \u00e7ifti e\u015flik etti. Ayr\u0131ca oyuncusunu hi\u00e7 yaln\u0131z b\u0131rakmayan Ulusoy&#8217;un menajeri Engin Aykanay ve e\u015fi \u0130lknur Aykanat da y\u00fcr\u00fcy\u00fc\u015fe kat\u0131ld\u0131klar\u0131n\u0131 g\u00f6r\u00fcyoruz.<\/p>\n<p><a href=\"http:\/\/balcilar-blog.com\/wp-content\/uploads\/2015\/07\/CI8zT8uUkAA7Ea8.jpg\"><img loading=\"lazy\" decoding=\"async\" class=\"alignnone size-full wp-image-9913\" src=\"http:\/\/balcilar-blog.com\/wp-content\/uploads\/2015\/07\/CI8zT8uUkAA7Ea8.jpg\" alt=\"CI8zT8uUkAA7Ea8\" width=\"378\" height=\"640\" srcset=\"https:\/\/balcilar-blog.com\/wp-content\/uploads\/2015\/07\/CI8zT8uUkAA7Ea8.jpg 378w, https:\/\/balcilar-blog.com\/wp-content\/uploads\/2015\/07\/CI8zT8uUkAA7Ea8-177x300.jpg 177w\" sizes=\"auto, (max-width: 378px) 100vw, 378px\" \/><\/a><\/p>\n<p>Bayram sonras\u0131 20 Temmuz&#8217;da yeni sinema filmini ba\u015flayacak olan Ulusoy, \u201dLeyla \u00e7ok ba\u015far\u0131l\u0131 bir isim. \u00d6n\u00fcm\u00fczdeki ay \u00e7ekimlere ba\u015flayaca\u011f\u0131z. Tatilimi yapt\u0131m, \u015fimdi i\u015f zaman\u0131\u201d demi\u015ftir.<\/p>\n<p>&nbsp;<\/p>\n","protected":false},"excerpt":{"rendered":"<p>\u00c7a\u011fatay Ulusoy yeni sinema filmi &#8216;Delibal&#8217; i\u00e7in fazla kilolar\u0131n\u0131 at\u0131p, form tutmaya \u00e7al\u0131yor. Ulusoy \u00f6nceki sabah arkada\u015flar\u0131 ile Belgrad ormanlar\u0131nda sabah y\u00fcr\u00fcy\u00fc\u015f\u00fcne \u00e7\u0131kt\u0131. \u00c7a\u011fatay&#8217;a bu y\u00fcr\u00fcy\u00fc\u015fte Se\u00e7kin \u00d6zdemir, Derya \u015eensoy \u00e7ifti e\u015flik etti. Ayr\u0131ca oyuncusunu hi\u00e7 yaln\u0131z b\u0131rakmayan Ulusoy&#8217;un menajeri Engin Aykanay ve e\u015fi \u0130lknur Aykanat da y\u00fcr\u00fcy\u00fc\u015fe kat\u0131ld\u0131klar\u0131n\u0131 g\u00f6r\u00fcyoruz. Bayram sonras\u0131 20 Temmuz&#8217;da yeni [&hellip;]<\/p>\n","protected":false},"author":3,"featured_media":0,"comment_status":"open","ping_status":"open","sticky":false,"template":"","format":"standard","meta":{"footnotes":""},"categories":[7],"tags":[15,752,334,254],"class_list":["post-9910","post","type-post","status-publish","format-standard","hentry","category-magazin","tag-cagatay-ulusoy","tag-delibal","tag-derya-sensoy","tag-seckin-ozdemir"],"views":4925,"blog_post_layout_featured_media_urls":{"thumbnail":"","full":""},"categories_names":{"7":{"name":"Magazin","link":"https:\/\/balcilar-blog.com\/?cat=7"}},"tags_names":{"15":{"name":"\u00e7a\u011fatay ulusoy","link":"https:\/\/balcilar-blog.com\/?tag=cagatay-ulusoy"},"752":{"name":"Delibal","link":"https:\/\/balcilar-blog.com\/?tag=delibal"},"334":{"name":"Derya \u015eensoy","link":"https:\/\/balcilar-blog.com\/?tag=derya-sensoy"},"254":{"name":"Se\u00e7kin \u00d6zdemir","link":"https:\/\/balcilar-blog.com\/?tag=seckin-ozdemir"}},"comments_number":"0","wpmagazine_modules_lite_featured_media_urls":{"thumbnail":"","cvmm-medium":"","cvmm-medium-plus":"","cvmm-portrait":"","cvmm-medium-square":"","cvmm-large":"","cvmm-small":"","full":""},"_links":{"self":[{"href":"https:\/\/balcilar-blog.com\/index.php?rest_route=\/wp\/v2\/posts\/9910","targetHints":{"allow":["GET"]}}],"collection":[{"href":"https:\/\/balcilar-blog.com\/index.php?rest_route=\/wp\/v2\/posts"}],"about":[{"href":"https:\/\/balcilar-blog.com\/index.php?rest_route=\/wp\/v2\/types\/post"}],"author":[{"embeddable":true,"href":"https:\/\/balcilar-blog.com\/index.php?rest_route=\/wp\/v2\/users\/3"}],"replies":[{"embeddable":true,"href":"https:\/\/balcilar-blog.com\/index.php?rest_route=%2Fwp%2Fv2%2Fcomments&post=9910"}],"version-history":[{"count":3,"href":"https:\/\/balcilar-blog.com\/index.php?rest_route=\/wp\/v2\/posts\/9910\/revisions"}],"predecessor-version":[{"id":9915,"href":"https:\/\/balcilar-blog.com\/index.php?rest_route=\/wp\/v2\/posts\/9910\/revisions\/9915"}],"wp:attachment":[{"href":"https:\/\/balcilar-blog.com\/index.php?rest_route=%2Fwp%2Fv2%2Fmedia&parent=9910"}],"wp:term":[{"taxonomy":"category","embeddable":true,"href":"https:\/\/balcilar-blog.com\/index.php?rest_route=%2Fwp%2Fv2%2Fcategories&post=9910"},{"taxonomy":"post_tag","embeddable":true,"href":"https:\/\/balcilar-blog.com\/index.php?rest_route=%2Fwp%2Fv2%2Ftags&post=9910"}],"curies":[{"name":"wp","href":"https:\/\/api.w.org\/{rel}","templated":true}]}}