{"id":9763,"date":"2015-06-26T00:10:48","date_gmt":"2015-06-25T21:10:48","guid":{"rendered":"http:\/\/balcilar-blog.com\/?p=9763"},"modified":"2015-07-02T10:43:48","modified_gmt":"2015-07-02T07:43:48","slug":"cagatay-ulusoyun-sinema-filmi-partneri-leyla-lydia-tugutlu","status":"publish","type":"post","link":"https:\/\/balcilar-blog.com\/?p=9763","title":{"rendered":"\u00c7a\u011fatay Ulusoy&#8217;un sinema filmi partneri Leyla Lydia Tu\u011futlu!"},"content":{"rendered":"<p><a href=\"http:\/\/balcilar-blog.com\/wp-content\/uploads\/2015\/06\/catscu-leyla.jpg\"><img loading=\"lazy\" decoding=\"async\" class=\"alignnone size-full wp-image-9765\" src=\"http:\/\/balcilar-blog.com\/wp-content\/uploads\/2015\/06\/catscu-leyla.jpg\" alt=\"catscu+leyla\" width=\"582\" height=\"464\" srcset=\"https:\/\/balcilar-blog.com\/wp-content\/uploads\/2015\/06\/catscu-leyla.jpg 582w, https:\/\/balcilar-blog.com\/wp-content\/uploads\/2015\/06\/catscu-leyla-300x239.jpg 300w\" sizes=\"auto, (max-width: 582px) 100vw, 582px\" \/><\/a><\/p>\n<p><strong><span style=\"color: #ff0000;\">\u00c7a\u011fatay Ulusoy<\/span><\/strong>&#8216;un aylard\u0131r beklenen 2. sinema filminde oynayaca\u011f\u0131 bayan partneri belli oldu. \u015eayet haber do\u011fruysa, <strong><span style=\"color: #ff0000;\">Leyla Lydia Tu\u011futlu<\/span><\/strong> isimli bir 2008 T\u00fcrkiye g\u00fczelimiz. Bu haberi d\u00fcn ak\u015fam ge\u00e7 saatlerde U\u00e7anku\u015f Tv&#8217;de bir magazin program\u0131nda canl\u0131 yay\u0131n\u0131nda a\u00e7\u0131klad\u0131. Haberin do\u011fruluk derecesini Ay Yap\u0131m&#8217;dan alaca\u011f\u0131z.<\/p>\n<p>Leyla Lydia Tu\u011futlu hakk\u0131nda derledi\u011fim bilgilere g\u00f6re:<\/p>\n<p>Leyla, 1989 Berlin do\u011fumlu, bir T\u00fcrk baba, Alman annenin k\u0131z\u0131d\u0131r. kahverengi g\u00f6zl\u00fc, kahverengi sa\u00e7l\u0131, 1,75 boyunda 82x57x83 v\u00fcv\u00fct \u00f6l\u00e7\u00fclerine sahip manken, dizi ve sinema oyuncusudur.<\/p>\n<p>\u0130lk okula T\u00fcrkiye&#8217;de ba\u015flad\u0131ktan sonra piyano dersleri almaya ba\u015flad\u0131. Konservatura da yar\u0131 zamanl\u0131 olarak devam etti. 5 y\u0131l m\u00fczik ve keman dersleri ald\u0131. Bu s\u00fcre i\u00e7erisinde bir model ajans\u0131nda \u00e7al\u0131\u015ft\u0131. Anadolu Lisesi mezunu olan Tu\u011futlu, \u00fcniversiteye ba\u015flad\u0131\u011f\u0131nda konservatuar\u0131 b\u0131rakarak ilgi alan\u0131 olan manken ve fotomodelli\u011fe ba\u015flad\u0131. Halen \u0130stanbul \u00dcniversitesi&#8217;nde Alman Dili ve Edebiyat\u0131 \u00f6\u011frencisidir. T\u00fcrk\u00e7e, \u0130ngilizce ve Almanca bilmektedir. Es-Es Dizisi&#8217;nde \u0130rem karakterini canland\u0131rd\u0131. Atv&#8217;de yay\u0131nlanan Karaday\u0131 dizisinde Kenan \u0130mirzal\u0131o\u011flu&#8217;nun karde\u015fi rol\u00fcndeki Song\u00fcl karakterini canland\u0131rmaktad\u0131r.<\/p>\n<p><a href=\"http:\/\/balcilar-blog.com\/wp-content\/uploads\/2015\/06\/indir-leyla.jpg\"><img loading=\"lazy\" decoding=\"async\" class=\"alignnone size-full wp-image-9766\" src=\"http:\/\/balcilar-blog.com\/wp-content\/uploads\/2015\/06\/indir-leyla.jpg\" alt=\"indir leyla\" width=\"640\" height=\"398\" srcset=\"https:\/\/balcilar-blog.com\/wp-content\/uploads\/2015\/06\/indir-leyla.jpg 640w, https:\/\/balcilar-blog.com\/wp-content\/uploads\/2015\/06\/indir-leyla-300x187.jpg 300w\" sizes=\"auto, (max-width: 640px) 100vw, 640px\" \/><\/a><\/p>\n<p><span style=\"color: #000000;\"><strong>Oynad\u0131\u011f\u0131 Diziler:<\/strong><\/span><\/p>\n<p>2008 &#8211; 2009 ES-ES \u0130rem Ba\u015frol Oyuncusu<br \/>\n2010 &#8211; 2011 Kirli Beyaz Melis Yard\u0131mc\u0131 oyuncu<br \/>\n2012 &#8211; 2015 Karaday\u0131 Song\u00fcl Kara Yard\u0131mc\u0131 Oyuncu<\/p>\n<p><strong>Sinema:<\/strong><\/p>\n<p>2013 G\u00fcnce Asl\u0131 Ba\u015frol Oyuncusu<br \/>\n2014 \u0130\u00e7imdeki Ses Ay\u015f\u0131l Ba\u015frol Oyuncusu<\/p>\n<p>Ay Yap\u0131m&#8217;dan Ali Bilgin&#8217;in y\u00f6netmeni oldu\u011fu filmi, bayramdan sonra A\u011fustos ay\u0131 i\u00e7inde \u00e7ekilecek.<\/p>\n<p><a href=\"http:\/\/balcilar-blog.com\/wp-content\/uploads\/2015\/06\/\u00c7a\u011fatay-2.sinema.jpg\"><img loading=\"lazy\" decoding=\"async\" class=\"alignnone size-full wp-image-9771\" src=\"http:\/\/balcilar-blog.com\/wp-content\/uploads\/2015\/06\/\u00c7a\u011fatay-2.sinema.jpg\" alt=\"\u00c7a\u011fatay 2.sinema\" width=\"640\" height=\"450\" srcset=\"https:\/\/balcilar-blog.com\/wp-content\/uploads\/2015\/06\/\u00c7a\u011fatay-2.sinema.jpg 640w, https:\/\/balcilar-blog.com\/wp-content\/uploads\/2015\/06\/\u00c7a\u011fatay-2.sinema-300x211.jpg 300w\" sizes=\"auto, (max-width: 640px) 100vw, 640px\" \/><\/a><\/p>\n<p>\u00c7a\u011fatay Ulusoy bir bateristi canland\u0131racak. Medcezir&#8217;de Yaman olarak davul de\u011fil ama, gitar \u00e7alm\u0131\u015ft\u0131. Leyla&#8217;n\u0131n da sesi g\u00fczel oldu\u011fu s\u00f6yleniyor. Orkestrada grubun solisti ve \u00c7a\u011fatay&#8217;\u0131n sevgilisini canland\u0131raca\u011f\u0131n\u0131 tahmin ediyorum.<\/p>\n<p>\u0130yi bir ikili olup, ba\u015far\u0131l\u0131 bir performans sergileyeceklerini \u00fcmit eder, ba\u015far\u0131lar dilerim.<\/p>\n<p><a href=\"http:\/\/balcilar-blog.com\/wp-content\/uploads\/2015\/06\/CI0IQzbVEAALzKm.jpg\"><img loading=\"lazy\" decoding=\"async\" class=\"alignnone size-full wp-image-9867\" src=\"http:\/\/balcilar-blog.com\/wp-content\/uploads\/2015\/06\/CI0IQzbVEAALzKm.jpg\" alt=\"CI0IQzbVEAALzKm\" width=\"640\" height=\"378\" srcset=\"https:\/\/balcilar-blog.com\/wp-content\/uploads\/2015\/06\/CI0IQzbVEAALzKm.jpg 640w, https:\/\/balcilar-blog.com\/wp-content\/uploads\/2015\/06\/CI0IQzbVEAALzKm-300x177.jpg 300w\" sizes=\"auto, (max-width: 640px) 100vw, 640px\" \/><\/a><\/p>\n<p>Son edinilen bilgiler g\u00f6re (2 Temmeuz 2015), yeni sinema filminde \u00c7a\u011fatay Ulusoy \u00e7\u0131lg\u0131n bir bateristi canland\u0131r\u0131yor. Filmin ad\u0131 da bu nedenle &#8220;<span style=\"color: #ff0000;\">DEL\u0130BAL<\/span>&#8221; olmu\u015f. Ben bu ismi \u00e7ok tuttum. \u00c7\u0131lg\u0131n bir baterist, bal kadar tatl\u0131 bir \u00e7ocuk, cuk oturmu\u015f. \u00c7ekimler de bayramdan sonra 20 Temmuzda ba\u015fl\u0131yormu\u015f.<\/p>\n<p>Ne diyelim hay\u0131rl\u0131 olsun.<\/p>\n<p>&nbsp;<\/p>\n<p>Sayg\u0131lar ve sevgiler.<\/p>\n<p>Abdurrahman Balc\u0131lar<\/p>\n<p>Twitter: abdurrahman balc\u0131lar@abbalcilar<\/p>\n<p>Mail : <a href=\"mailto:ab.balcilar@hotmail.com\">ab.balcilar@hotmail.com<\/a><\/p>\n<p>Blog:\u00a0<a href=\"http:\/\/t.co\/znqmIZgIqn\">blog.milliyet.com.tr\/cansever<\/a><\/p>\n<p>Blog:\u00a0<strong>balcilar<\/strong>&#8211;<strong>blog.com<\/strong><\/p>\n<p>&nbsp;<\/p>\n<p>Not: U\u00e7anku\u015f Tv. haberi.<\/p>\n<p>&nbsp;<\/p>\n","protected":false},"excerpt":{"rendered":"<p>\u00c7a\u011fatay Ulusoy&#8216;un aylard\u0131r beklenen 2. sinema filminde oynayaca\u011f\u0131 bayan partneri belli oldu. \u015eayet haber do\u011fruysa, Leyla Lydia Tu\u011futlu isimli bir 2008 T\u00fcrkiye g\u00fczelimiz. Bu haberi d\u00fcn ak\u015fam ge\u00e7 saatlerde U\u00e7anku\u015f Tv&#8217;de bir magazin program\u0131nda canl\u0131 yay\u0131n\u0131nda a\u00e7\u0131klad\u0131. Haberin do\u011fruluk derecesini Ay Yap\u0131m&#8217;dan alaca\u011f\u0131z. Leyla Lydia Tu\u011futlu hakk\u0131nda derledi\u011fim bilgilere g\u00f6re: Leyla, 1989 Berlin do\u011fumlu, bir [&hellip;]<\/p>\n","protected":false},"author":3,"featured_media":0,"comment_status":"open","ping_status":"open","sticky":false,"template":"","format":"standard","meta":{"footnotes":""},"categories":[10],"tags":[31,26,15,745,405],"class_list":["post-9763","post","type-post","status-publish","format-standard","hentry","category-sinema","tag-ali-bilgin","tag-ay-yapim","tag-cagatay-ulusoy","tag-leyla-lydia-tugutlu","tag-sinema-filmi"],"views":6455,"blog_post_layout_featured_media_urls":{"thumbnail":"","full":""},"categories_names":{"10":{"name":"Sinema","link":"https:\/\/balcilar-blog.com\/?cat=10"}},"tags_names":{"31":{"name":"Ali Bilgin","link":"https:\/\/balcilar-blog.com\/?tag=ali-bilgin"},"26":{"name":"Ay Yap\u0131m","link":"https:\/\/balcilar-blog.com\/?tag=ay-yapim"},"15":{"name":"\u00e7a\u011fatay ulusoy","link":"https:\/\/balcilar-blog.com\/?tag=cagatay-ulusoy"},"745":{"name":"Leyla Lydia Tu\u011futlu","link":"https:\/\/balcilar-blog.com\/?tag=leyla-lydia-tugutlu"},"405":{"name":"Sinema Filmi","link":"https:\/\/balcilar-blog.com\/?tag=sinema-filmi"}},"comments_number":"0","wpmagazine_modules_lite_featured_media_urls":{"thumbnail":"","cvmm-medium":"","cvmm-medium-plus":"","cvmm-portrait":"","cvmm-medium-square":"","cvmm-large":"","cvmm-small":"","full":""},"_links":{"self":[{"href":"https:\/\/balcilar-blog.com\/index.php?rest_route=\/wp\/v2\/posts\/9763","targetHints":{"allow":["GET"]}}],"collection":[{"href":"https:\/\/balcilar-blog.com\/index.php?rest_route=\/wp\/v2\/posts"}],"about":[{"href":"https:\/\/balcilar-blog.com\/index.php?rest_route=\/wp\/v2\/types\/post"}],"author":[{"embeddable":true,"href":"https:\/\/balcilar-blog.com\/index.php?rest_route=\/wp\/v2\/users\/3"}],"replies":[{"embeddable":true,"href":"https:\/\/balcilar-blog.com\/index.php?rest_route=%2Fwp%2Fv2%2Fcomments&post=9763"}],"version-history":[{"count":10,"href":"https:\/\/balcilar-blog.com\/index.php?rest_route=\/wp\/v2\/posts\/9763\/revisions"}],"predecessor-version":[{"id":9884,"href":"https:\/\/balcilar-blog.com\/index.php?rest_route=\/wp\/v2\/posts\/9763\/revisions\/9884"}],"wp:attachment":[{"href":"https:\/\/balcilar-blog.com\/index.php?rest_route=%2Fwp%2Fv2%2Fmedia&parent=9763"}],"wp:term":[{"taxonomy":"category","embeddable":true,"href":"https:\/\/balcilar-blog.com\/index.php?rest_route=%2Fwp%2Fv2%2Fcategories&post=9763"},{"taxonomy":"post_tag","embeddable":true,"href":"https:\/\/balcilar-blog.com\/index.php?rest_route=%2Fwp%2Fv2%2Ftags&post=9763"}],"curies":[{"name":"wp","href":"https:\/\/api.w.org\/{rel}","templated":true}]}}