{"id":9506,"date":"2015-06-13T21:10:55","date_gmt":"2015-06-13T18:10:55","guid":{"rendered":"http:\/\/balcilar-blog.com\/?p=9506"},"modified":"2015-06-15T16:40:31","modified_gmt":"2015-06-15T13:40:31","slug":"medcezir-final-dizi-mutlu-sonla-bitti-herkes-kendi-sonunu-hazirladi","status":"publish","type":"post","link":"https:\/\/balcilar-blog.com\/?p=9506","title":{"rendered":"Medcezir Final: Dizi mutlu sonla bitti, Herkes kendi sonunu haz\u0131rlad\u0131!"},"content":{"rendered":"<p style=\"line-height: 15.4pt;\"><a href=\"http:\/\/balcilar-blog.com\/wp-content\/uploads\/2015\/06\/MD77.YAMAN-M\u0130RA.png\"><img loading=\"lazy\" decoding=\"async\" class=\"alignnone size-full wp-image-9554\" src=\"http:\/\/balcilar-blog.com\/wp-content\/uploads\/2015\/06\/MD77.YAMAN-M\u0130RA.png\" alt=\"MD77.YAMAN-M\u0130RA\" width=\"640\" height=\"354\" srcset=\"https:\/\/balcilar-blog.com\/wp-content\/uploads\/2015\/06\/MD77.YAMAN-M\u0130RA.png 640w, https:\/\/balcilar-blog.com\/wp-content\/uploads\/2015\/06\/MD77.YAMAN-M\u0130RA-300x166.png 300w\" sizes=\"auto, (max-width: 640px) 100vw, 640px\" \/><\/a><\/p>\n<p style=\"line-height: 15.4pt;\">Ay Yap\u0131m&#8217;\u0131n iki sezondur devam eden fenomen dizisi Medcezir, 77.B\u00f6l\u00fcmde mutlu sonla bitti. Herkes kendi sonunu haz\u0131rlad\u0131.<\/p>\n<p style=\"line-height: 15.4pt;\">Dizinin ba\u015f Rol oyuncular\u0131 Yaman ile Mira ge\u00e7en b\u00f6l\u00fcmde evlenmi\u015flerdi. Bu b\u00f6l\u00fcm sonunda Mira beklenen ameliyat\u0131 oldu ve ba\u015far\u0131l\u0131 bir operasyondan \u00fc\u00e7 ay sonra kendine geldi. Yaman&#8217;\u0131n da Orkun&#8217;dan ald\u0131\u011f\u0131 b\u0131\u00e7ak darbeleri ile karn\u0131ndan yaralanm\u0131\u015ft\u0131, o da tamamen iyile\u015fti.<\/p>\n<p style=\"line-height: 15.4pt;\">Medcezir 77.B\u00f6l\u00fcm finalinde AB&#8217;de 5,07 reyting ile birinci oldu. Total&#8217;de de 4,70 ile 2.s\u0131rada yer alm\u0131\u015ft\u0131r.<\/p>\n<p style=\"line-height: 15.4pt;\">Final b\u00f6l\u00fcm\u00fcnde Medcezir Sosyal Medyay\u0131 sallad\u0131. Somera reytinglerinde zirvede yer ald\u0131.<\/p>\n<p style=\"line-height: 15.4pt;\">Son Final sahnesi s\u00fcperdi. Sezen Aksu&#8217;nun s\u00f6z, beste ve yorumuyla &#8220;Yeni ve Yeni Kalan&#8221; par\u00e7as\u0131 e\u015fli\u011finde, t\u00fcm ekip, kamera \u00f6n\u00fc ve arkas\u0131 \u00e7ok g\u00fczel bir g\u00f6steri yapt\u0131lar. Bu bir kutlama, bu bir vedala\u015fma partisi oldu.<\/p>\n<p style=\"line-height: 15.4pt;\"><a href=\"http:\/\/balcilar-blog.com\/wp-content\/uploads\/2015\/06\/Ekran-Al\u0131nt\u0131s\u0131MD77.F\u0130NAL.png\"><img loading=\"lazy\" decoding=\"async\" class=\"alignnone size-full wp-image-9532\" src=\"http:\/\/balcilar-blog.com\/wp-content\/uploads\/2015\/06\/Ekran-Al\u0131nt\u0131s\u0131MD77.F\u0130NAL.png\" alt=\"Ekran Al\u0131nt\u0131s\u0131MD77.F\u0130NAL\" width=\"640\" height=\"355\" srcset=\"https:\/\/balcilar-blog.com\/wp-content\/uploads\/2015\/06\/Ekran-Al\u0131nt\u0131s\u0131MD77.F\u0130NAL.png 640w, https:\/\/balcilar-blog.com\/wp-content\/uploads\/2015\/06\/Ekran-Al\u0131nt\u0131s\u0131MD77.F\u0130NAL-300x166.png 300w\" sizes=\"auto, (max-width: 640px) 100vw, 640px\" \/><\/a><\/p>\n<p style=\"line-height: 15.4pt;\">Medcezir&#8217;in senaryosuna can ve ruh veren dizinin senaristi Ece Y\u00f6ren\u00e7&#8217;e tebrik ediyorum.<\/p>\n<p style=\"line-height: 15.4pt;\"><a href=\"http:\/\/balcilar-blog.com\/wp-content\/uploads\/2015\/06\/Ekran-Al\u0131nt\u0131s\u0131MD77.ECE_.png\"><img loading=\"lazy\" decoding=\"async\" class=\"alignnone size-full wp-image-9531\" src=\"http:\/\/balcilar-blog.com\/wp-content\/uploads\/2015\/06\/Ekran-Al\u0131nt\u0131s\u0131MD77.ECE_.png\" alt=\"Ekran Al\u0131nt\u0131s\u0131MD77.ECE\" width=\"640\" height=\"357\" srcset=\"https:\/\/balcilar-blog.com\/wp-content\/uploads\/2015\/06\/Ekran-Al\u0131nt\u0131s\u0131MD77.ECE_.png 640w, https:\/\/balcilar-blog.com\/wp-content\/uploads\/2015\/06\/Ekran-Al\u0131nt\u0131s\u0131MD77.ECE_-300x167.png 300w\" sizes=\"auto, (max-width: 640px) 100vw, 640px\" \/><\/a><\/p>\n<p style=\"line-height: 15.4pt;\">Baz\u0131 yaz\u0131lar\u0131mda biraz ele\u015ftirilerimin dozunu ka\u00e7\u0131rd\u0131m, ama yi\u011fidi \u00f6ld\u00fcr hakk\u0131n\u0131 ver derler ya ger\u00e7ekten \u00e7ok eme\u011fi ge\u00e7mi\u015f ve yorulmu\u015ftur. Yapt\u0131\u011f\u0131 a\u00e7\u0131klamada yaz\u0131lar\u0131na bir m\u00fcddet ara verece\u011fini belirtmi\u015ftir. Tekrar ekibine ve \u015fahs\u0131na izleyiciler ad\u0131na te\u015fekk\u00fcr ediyorum.<\/p>\n<p style=\"line-height: 15.4pt;\"><a href=\"http:\/\/balcilar-blog.com\/wp-content\/uploads\/2015\/06\/Ekran-Al\u0131nt\u0131s\u0131MD77.AL\u0130B.png\"><img loading=\"lazy\" decoding=\"async\" class=\"alignnone size-full wp-image-9528\" src=\"http:\/\/balcilar-blog.com\/wp-content\/uploads\/2015\/06\/Ekran-Al\u0131nt\u0131s\u0131MD77.AL\u0130B.png\" alt=\"Ekran Al\u0131nt\u0131s\u0131MD77.AL\u0130B\" width=\"640\" height=\"368\" srcset=\"https:\/\/balcilar-blog.com\/wp-content\/uploads\/2015\/06\/Ekran-Al\u0131nt\u0131s\u0131MD77.AL\u0130B.png 640w, https:\/\/balcilar-blog.com\/wp-content\/uploads\/2015\/06\/Ekran-Al\u0131nt\u0131s\u0131MD77.AL\u0130B-300x173.png 300w\" sizes=\"auto, (max-width: 640px) 100vw, 640px\" \/><\/a><\/p>\n<p style=\"line-height: 15.4pt;\">Dizinin y\u00f6netmeni Ali Bilgin, ba\u015f rol oyuncusu, diziyi s\u0131rtlayan g\u00f6t\u00fcren adama, bak\u0131n nas\u0131l candan sar\u0131l\u0131yor. O da biliyor ki, \u00f6n\u00fcm\u00fczdeki g\u00fcnlerde birlikte bir sinema filmi \u00e7ekecekler. \u00c7a\u011fatay Ulusoy&#8217;un kameralara ne kadar \u00e7ok merakl\u0131 oldu\u011funu biliyoruz. \u0130leriki y\u0131llarda bu g\u00f6revi Ali Bilgin&#8217;in elinden alacak gibi g\u00f6z\u00fck\u00fcyor. Ama izleyiciler \u00c7a\u011fatay&#8217;\u0131n daha y\u0131llarca oyunculu\u011funu g\u00f6rmek istiyorlar. Onda bu yetenek \u00e7ok daha a\u011f\u0131r bas\u0131yor.<\/p>\n<p style=\"line-height: 15.4pt;\"><a href=\"http:\/\/balcilar-blog.com\/wp-content\/uploads\/2015\/06\/Ekran-Al\u0131nt\u0131s\u0131MD77.\u00c7A\u011eT.png\"><img loading=\"lazy\" decoding=\"async\" class=\"alignnone size-full wp-image-9530\" src=\"http:\/\/balcilar-blog.com\/wp-content\/uploads\/2015\/06\/Ekran-Al\u0131nt\u0131s\u0131MD77.\u00c7A\u011eT.png\" alt=\"Ekran Al\u0131nt\u0131s\u0131MD77.\u00c7A\u011eT\" width=\"640\" height=\"362\" srcset=\"https:\/\/balcilar-blog.com\/wp-content\/uploads\/2015\/06\/Ekran-Al\u0131nt\u0131s\u0131MD77.\u00c7A\u011eT.png 640w, https:\/\/balcilar-blog.com\/wp-content\/uploads\/2015\/06\/Ekran-Al\u0131nt\u0131s\u0131MD77.\u00c7A\u011eT-300x170.png 300w\" sizes=\"auto, (max-width: 640px) 100vw, 640px\" \/><\/a><\/p>\n<p style=\"line-height: 15.4pt;\">As\u0131m \u015eekip Kaya \u015fahs\u0131na yak\u0131\u015f\u0131r bir cenaze t\u00f6reni ile u\u011furland\u0131. Torunu Mert ve k\u0131z\u0131 Sedef duygu dolu konu\u015fmalar yapt\u0131lar.<\/p>\n<p style=\"line-height: 15.4pt;\"><a href=\"http:\/\/balcilar-blog.com\/wp-content\/uploads\/2015\/06\/Ekran-Al\u0131nt\u0131s\u0131MD77.ASIM_.png\"><img loading=\"lazy\" decoding=\"async\" class=\"alignnone size-full wp-image-9529\" src=\"http:\/\/balcilar-blog.com\/wp-content\/uploads\/2015\/06\/Ekran-Al\u0131nt\u0131s\u0131MD77.ASIM_.png\" alt=\"Ekran Al\u0131nt\u0131s\u0131MD77.ASIM\" width=\"640\" height=\"362\" srcset=\"https:\/\/balcilar-blog.com\/wp-content\/uploads\/2015\/06\/Ekran-Al\u0131nt\u0131s\u0131MD77.ASIM_.png 640w, https:\/\/balcilar-blog.com\/wp-content\/uploads\/2015\/06\/Ekran-Al\u0131nt\u0131s\u0131MD77.ASIM_-300x170.png 300w\" sizes=\"auto, (max-width: 640px) 100vw, 640px\" \/><\/a><\/p>\n<p style=\"line-height: 15.4pt;\">Mira, t\u00f6ren esnas\u0131nda g\u00f6rd\u00fc\u011f\u00fc hal\u00fcsilasyon nedeniyle, As\u0131m Beyin tabut \u00fcst\u00fcnde resimde ara ara kendini g\u00f6rd\u00fc ve Mert&#8217;i sanki Yaman olarak alg\u0131lad\u0131, Yaman&#8217;\u0131n konu\u015fmalar\u0131n\u0131 dinler gibiydi. Yaman \u015f\u00f6yle diyordu; &#8220;O beni ba\u015ftan yaratt\u0131, onunla birlikte duvarlar\u0131m y\u0131k\u0131ld\u0131. Pa\u00e7amdaki \u00e7amurdan kurtuldum, ar\u0131nd\u0131m. O k\u0131sac\u0131k bir \u00f6mre sonsuz bir a\u015fk s\u0131\u011fd\u0131rd\u0131, benim sonsuzlu\u011fum oldu.<\/p>\n<p style=\"line-height: 15.4pt;\"><a href=\"http:\/\/balcilar-blog.com\/wp-content\/uploads\/2015\/06\/Ekran-Al\u0131nt\u0131s\u0131MD77.3.png\"><img loading=\"lazy\" decoding=\"async\" class=\"alignnone size-full wp-image-9511\" src=\"http:\/\/balcilar-blog.com\/wp-content\/uploads\/2015\/06\/Ekran-Al\u0131nt\u0131s\u0131MD77.3.png\" alt=\"Ekran Al\u0131nt\u0131s\u0131MD77.3\" width=\"640\" height=\"359\" srcset=\"https:\/\/balcilar-blog.com\/wp-content\/uploads\/2015\/06\/Ekran-Al\u0131nt\u0131s\u0131MD77.3.png 640w, https:\/\/balcilar-blog.com\/wp-content\/uploads\/2015\/06\/Ekran-Al\u0131nt\u0131s\u0131MD77.3-300x168.png 300w\" sizes=\"auto, (max-width: 640px) 100vw, 640px\" \/><\/a><\/p>\n<p style=\"line-height: 15.4pt;\">Yaman Mira&#8217;daki garipli\u011fi fark etti, y\u00fcz\u00fcn\u00fc ok\u015fad\u0131. Mira, Yaman&#8217;\u0131n omzuna ba\u015f\u0131n\u0131 koydu.<\/p>\n<p style=\"line-height: 15.4pt;\"><a href=\"http:\/\/balcilar-blog.com\/wp-content\/uploads\/2015\/06\/Ekran-Al\u0131nt\u0131s\u0131MD77.2.png\"><img loading=\"lazy\" decoding=\"async\" class=\"alignnone size-full wp-image-9510\" src=\"http:\/\/balcilar-blog.com\/wp-content\/uploads\/2015\/06\/Ekran-Al\u0131nt\u0131s\u0131MD77.2.png\" alt=\"Ekran Al\u0131nt\u0131s\u0131MD77.2\" width=\"640\" height=\"368\" srcset=\"https:\/\/balcilar-blog.com\/wp-content\/uploads\/2015\/06\/Ekran-Al\u0131nt\u0131s\u0131MD77.2.png 640w, https:\/\/balcilar-blog.com\/wp-content\/uploads\/2015\/06\/Ekran-Al\u0131nt\u0131s\u0131MD77.2-300x173.png 300w\" sizes=\"auto, (max-width: 640px) 100vw, 640px\" \/><\/a><\/p>\n<p style=\"line-height: 15.4pt;\">Sude, kendisine s\u00f6z verilmedi\u011fi i\u00e7in Selim Beye sitem etti. Orkun cenaze t\u00f6renine ge\u00e7 gelir, ellerinde \u00e7izikleri Eyl\u00fcl fark eder. Orkun, arkada\u015f\u0131m\u0131n \u00e7iftli\u011finde k\u00f6pekle oynarken oldu. Yaman, biraz uzakta duran Kenan&#8217;\u0131 fark eder., yan\u0131na giderek, senin buraya duru\u015fmada \u015fahitlik i\u00e7in geldi\u011fini biliyor. Ne yaz\u0131k ki As\u0131m Beyi kaybettik. Senin anla\u015fman suya d\u00fc\u015ft\u00fc. Kenan ben param\u0131 pe\u015fin ald\u0131m, s\u0131k\u0131nt\u0131 yok.<\/p>\n<p style=\"line-height: 15.4pt;\"><a href=\"http:\/\/balcilar-blog.com\/wp-content\/uploads\/2015\/06\/Ekran-Al\u0131nt\u0131s\u0131MD77.7.png\"><img loading=\"lazy\" decoding=\"async\" class=\"alignnone size-full wp-image-9512\" src=\"http:\/\/balcilar-blog.com\/wp-content\/uploads\/2015\/06\/Ekran-Al\u0131nt\u0131s\u0131MD77.7.png\" alt=\"Ekran Al\u0131nt\u0131s\u0131MD77.7\" width=\"640\" height=\"363\" srcset=\"https:\/\/balcilar-blog.com\/wp-content\/uploads\/2015\/06\/Ekran-Al\u0131nt\u0131s\u0131MD77.7.png 640w, https:\/\/balcilar-blog.com\/wp-content\/uploads\/2015\/06\/Ekran-Al\u0131nt\u0131s\u0131MD77.7-300x170.png 300w\" sizes=\"auto, (max-width: 640px) 100vw, 640px\" \/><\/a><\/p>\n<p style=\"line-height: 15.4pt;\">Sude cenazenin ard\u0131ndan sahte g\u00f6z ya\u015flar\u0131 d\u00f6ker. Evdeki hizmetli Selim Beye, i\u00e7ki barda\u011f\u0131nda zehir olabilir \u00fcmidiyle barda\u011f\u0131 verir. Selim Bey, tahlile g\u00f6nderir.<\/p>\n<p style=\"line-height: 15.4pt;\"><a href=\"http:\/\/balcilar-blog.com\/wp-content\/uploads\/2015\/06\/MD77.4.png\"><img loading=\"lazy\" decoding=\"async\" class=\"alignnone size-full wp-image-9550\" src=\"http:\/\/balcilar-blog.com\/wp-content\/uploads\/2015\/06\/MD77.4.png\" alt=\"MD77.4\" width=\"640\" height=\"361\" srcset=\"https:\/\/balcilar-blog.com\/wp-content\/uploads\/2015\/06\/MD77.4.png 640w, https:\/\/balcilar-blog.com\/wp-content\/uploads\/2015\/06\/MD77.4-300x169.png 300w\" sizes=\"auto, (max-width: 640px) 100vw, 640px\" \/><\/a><\/p>\n<p style=\"line-height: 15.4pt;\">Sude, tedbirini alm\u0131\u015f, limonataya ila\u00e7 koymu\u015ftur. Sonra da o barda\u011f\u0131 y\u0131kam\u0131\u015ft\u0131r.<\/p>\n<p style=\"line-height: 15.4pt;\"><a href=\"http:\/\/balcilar-blog.com\/wp-content\/uploads\/2015\/06\/Ekran-Al\u0131nt\u0131s\u0131MD77.15A.png\"><img loading=\"lazy\" decoding=\"async\" class=\"alignnone size-medium wp-image-9519\" src=\"http:\/\/balcilar-blog.com\/wp-content\/uploads\/2015\/06\/Ekran-Al\u0131nt\u0131s\u0131MD77.15A-300x169.png\" alt=\"Ekran Al\u0131nt\u0131s\u0131MD77.15A\" width=\"300\" height=\"169\" srcset=\"https:\/\/balcilar-blog.com\/wp-content\/uploads\/2015\/06\/Ekran-Al\u0131nt\u0131s\u0131MD77.15A-300x169.png 300w, https:\/\/balcilar-blog.com\/wp-content\/uploads\/2015\/06\/Ekran-Al\u0131nt\u0131s\u0131MD77.15A.png 640w\" sizes=\"auto, (max-width: 300px) 100vw, 300px\" \/><\/a>\u00a0<a href=\"http:\/\/balcilar-blog.com\/wp-content\/uploads\/2015\/06\/Ekran-Al\u0131nt\u0131s\u0131MD77.15B.png\"><img loading=\"lazy\" decoding=\"async\" class=\"alignnone size-medium wp-image-9520\" src=\"http:\/\/balcilar-blog.com\/wp-content\/uploads\/2015\/06\/Ekran-Al\u0131nt\u0131s\u0131MD77.15B-300x170.png\" alt=\"Ekran Al\u0131nt\u0131s\u0131MD77.15B\" width=\"300\" height=\"170\" srcset=\"https:\/\/balcilar-blog.com\/wp-content\/uploads\/2015\/06\/Ekran-Al\u0131nt\u0131s\u0131MD77.15B-300x170.png 300w, https:\/\/balcilar-blog.com\/wp-content\/uploads\/2015\/06\/Ekran-Al\u0131nt\u0131s\u0131MD77.15B.png 640w\" sizes=\"auto, (max-width: 300px) 100vw, 300px\" \/><\/a><\/p>\n<p style=\"line-height: 15.4pt;\">Evde Selim Bey, Ada&#8217;n\u0131n annesi Reyhan Arsen ile konurken Sude yanlar\u0131na \u00e7\u0131kar. Bir i\u015f \u00e7evirdiklerini zannederek, ileri geri konu\u015fur. H\u0131zla merdivenden inerken yuvarlan\u0131r d\u00fc\u015fer. Acilen hastaneye kald\u0131r\u0131l\u0131r. Kontroller sonunda bebe\u011fine bir \u015fey olmad\u0131\u011f\u0131 tespit edilir, d\u00fc\u015f\u00fck olmaz. Ba\u015fta Mira ve Beren olmak \u00fczere herkes \u00e7ok panikler.<\/p>\n<p style=\"line-height: 15.4pt;\"><a href=\"http:\/\/balcilar-blog.com\/wp-content\/uploads\/2015\/06\/Ekran-Al\u0131nt\u0131s\u0131M77.8.png\"><img loading=\"lazy\" decoding=\"async\" class=\"alignnone size-full wp-image-9509\" src=\"http:\/\/balcilar-blog.com\/wp-content\/uploads\/2015\/06\/Ekran-Al\u0131nt\u0131s\u0131M77.8.png\" alt=\"Ekran Al\u0131nt\u0131s\u0131M77.8\" width=\"640\" height=\"381\" srcset=\"https:\/\/balcilar-blog.com\/wp-content\/uploads\/2015\/06\/Ekran-Al\u0131nt\u0131s\u0131M77.8.png 640w, https:\/\/balcilar-blog.com\/wp-content\/uploads\/2015\/06\/Ekran-Al\u0131nt\u0131s\u0131M77.8-300x179.png 300w\" sizes=\"auto, (max-width: 640px) 100vw, 640px\" \/><\/a><\/p>\n<p style=\"line-height: 15.4pt;\">Orkun, Vakf\u0131n Konuk evinde al\u0131koydu\u011fu Leyla ve Ay\u015fe ba\u015f\u0131na dert olur. Onlar\u0131 kontrole gider. Ay\u015fe ba\u015f\u0131na sopa vurur ve evden ka\u00e7ar. Orkun pe\u015fine d\u00fc\u015fer, ormanda yakalar. Ay\u015fe yere d\u00fc\u015fer ba\u015f\u0131n\u0131 ta\u015fa vurur ve \u00f6l\u00fcr. Orkun inan\u0131lmaz panikler. Onu deniz kenar\u0131na u\u00e7urumdan atar.<\/p>\n<p style=\"line-height: 15.4pt;\"><a href=\"http:\/\/balcilar-blog.com\/wp-content\/uploads\/2015\/06\/Ekran-Al\u0131nt\u0131s\u0131MD77.10.png\"><img loading=\"lazy\" decoding=\"async\" class=\"alignnone size-full wp-image-9514\" src=\"http:\/\/balcilar-blog.com\/wp-content\/uploads\/2015\/06\/Ekran-Al\u0131nt\u0131s\u0131MD77.10.png\" alt=\"Ekran Al\u0131nt\u0131s\u0131MD77.10\" width=\"640\" height=\"358\" srcset=\"https:\/\/balcilar-blog.com\/wp-content\/uploads\/2015\/06\/Ekran-Al\u0131nt\u0131s\u0131MD77.10.png 640w, https:\/\/balcilar-blog.com\/wp-content\/uploads\/2015\/06\/Ekran-Al\u0131nt\u0131s\u0131MD77.10-300x168.png 300w\" sizes=\"auto, (max-width: 640px) 100vw, 640px\" \/><\/a><\/p>\n<p style=\"line-height: 15.4pt;\">Orkun Leyla&#8217;n\u0131n yan\u0131na d\u00f6nd\u00fc\u011f\u00fcnde Uzay&#8217;dan telefon al\u0131r. Onu polislerinin evde arad\u0131\u011f\u0131n\u0131 s\u00f6yler. Leyla ne olur b\u0131rak beni diyerek yalvarsa da b\u0131rakmaz.<\/p>\n<p style=\"line-height: 15.4pt;\">Mira&#8217;n\u0131n son olaylardaki stres ile hastal\u0131\u011f\u0131 artar. Yan\u0131ndaki Yaman&#8217;\u0131 Orkun gibi g\u00f6r\u00fcr, \u00e7ok garip davran\u0131r. Evde hizmet\u00e7i k\u0131za \u00e7\u0131k\u0131\u015f\u0131r. Sen annemin i\u00e7kiye ila\u00e7 att\u0131\u011f\u0131n\u0131 g\u00f6rd\u00fcn m\u00fc? K\u0131z\u0131 i\u015ften kovar. Daha sonra, test sonu\u00e7lar\u0131 temiz \u00e7\u0131kar.<\/p>\n<p style=\"line-height: 15.4pt;\">Hastaneye \u00f6nce Aras ve Ali gelir. Mira ile Yaman&#8217;\u0131n d\u00fc\u011f\u00fcn foto\u011fraf alb\u00fcm\u00fcn\u00fc getirirler. Daha sonra ge\u00e7mi\u015f olsun demek i\u00e7in Orkun gelir. Mira Orkun&#8217;u g\u00f6r\u00fcnce \u00e7ok tedirgin olur. Yaman&#8217;\u0131n kolun sar\u0131l\u0131r.<\/p>\n<p style=\"line-height: 15.4pt;\"><a href=\"http:\/\/balcilar-blog.com\/wp-content\/uploads\/2015\/06\/Ekran-Al\u0131nt\u0131s\u0131MD77.12.png\"><img loading=\"lazy\" decoding=\"async\" class=\"alignnone size-full wp-image-9516\" src=\"http:\/\/balcilar-blog.com\/wp-content\/uploads\/2015\/06\/Ekran-Al\u0131nt\u0131s\u0131MD77.12.png\" alt=\"Ekran Al\u0131nt\u0131s\u0131MD77.12\" width=\"640\" height=\"365\" srcset=\"https:\/\/balcilar-blog.com\/wp-content\/uploads\/2015\/06\/Ekran-Al\u0131nt\u0131s\u0131MD77.12.png 640w, https:\/\/balcilar-blog.com\/wp-content\/uploads\/2015\/06\/Ekran-Al\u0131nt\u0131s\u0131MD77.12-300x171.png 300w\" sizes=\"auto, (max-width: 640px) 100vw, 640px\" \/><\/a><\/p>\n<p style=\"line-height: 15.4pt;\">Orkun Yaman&#8217;a Leyla&#8217;y\u0131 sorar. Yaman bu karga\u015fada benim Leyla ile u\u011fra\u015facak vaktim yok. Sen de fazla kurcalama, der. Giray, Orkun&#8217;dan yard\u0131m ister. Orkun onu da al\u0131r, Leyla&#8217;n\u0131n yan\u0131na konuk evine g\u00f6t\u00fcr\u00fcr.<\/p>\n<p style=\"line-height: 15.4pt;\">Evde Yaman ile Mira aralar\u0131nda ameliyat\u0131 konu\u015furlar. Mira Yaman&#8217;a veda konu\u015fmas\u0131 gibi konu\u015fmalar yapar. Mira, e\u011fer bana bir \u015fey olursa, bu eli b\u0131rakmak zorunda kal\u0131rsam, hayat\u0131n\u0131 devam et olur mu? Yaman&#8217;\u0131n g\u00f6\u011fs\u00fcn\u00fc ok\u015far, ben buraya girdim zaten. Yaman \u00e7ok duygulan\u0131r, g\u00f6zya\u015flar\u0131n\u0131 tutamaz.<\/p>\n<p style=\"line-height: 15.4pt;\"><a href=\"http:\/\/balcilar-blog.com\/wp-content\/uploads\/2015\/06\/Ekran-Al\u0131nt\u0131s\u0131MD77.14.png\"><img loading=\"lazy\" decoding=\"async\" class=\"alignnone size-full wp-image-9518\" src=\"http:\/\/balcilar-blog.com\/wp-content\/uploads\/2015\/06\/Ekran-Al\u0131nt\u0131s\u0131MD77.14.png\" alt=\"Ekran Al\u0131nt\u0131s\u0131MD77.14\" width=\"640\" height=\"359\" srcset=\"https:\/\/balcilar-blog.com\/wp-content\/uploads\/2015\/06\/Ekran-Al\u0131nt\u0131s\u0131MD77.14.png 640w, https:\/\/balcilar-blog.com\/wp-content\/uploads\/2015\/06\/Ekran-Al\u0131nt\u0131s\u0131MD77.14-300x168.png 300w\" sizes=\"auto, (max-width: 640px) 100vw, 640px\" \/><\/a><\/p>\n<p style=\"line-height: 15.4pt;\">Mira, beni de ellerinde sakla, sak\u0131n kalbinin kurumas\u0131na izin verme. Beni sevmekten sak\u0131n vaz ge\u00e7me tamam m\u0131? Yama, Allah a\u015f\u0131k\u0131na yapma, benim senden \u00a0ba\u015fka yolum yok. Sen yoksan ben kaybolurum. B\u00f6yle vasiyet b\u0131rak\u0131r gibi konu\u015fma, hasta etme adam\u0131, ne olur. Benim k\u00f6k\u00fcm sensin, sensin ald\u0131\u011f\u0131m nefes bana zift olur, ci\u011ferime yap\u0131\u015f\u0131r, \u00f6tesi yok. E\u011fer beni ya\u015fatmak istiyorsan, ya\u015fayacaks\u0131n. Benim i\u00e7in ya\u015fayacaks\u0131n.<\/p>\n<p style=\"line-height: 15.4pt;\"><a href=\"http:\/\/balcilar-blog.com\/wp-content\/uploads\/2015\/06\/Ekran-Al\u0131nt\u0131s\u0131MD77.13.png\"><img loading=\"lazy\" decoding=\"async\" class=\"alignnone size-full wp-image-9517\" src=\"http:\/\/balcilar-blog.com\/wp-content\/uploads\/2015\/06\/Ekran-Al\u0131nt\u0131s\u0131MD77.13.png\" alt=\"Ekran Al\u0131nt\u0131s\u0131MD77.13\" width=\"640\" height=\"365\" srcset=\"https:\/\/balcilar-blog.com\/wp-content\/uploads\/2015\/06\/Ekran-Al\u0131nt\u0131s\u0131MD77.13.png 640w, https:\/\/balcilar-blog.com\/wp-content\/uploads\/2015\/06\/Ekran-Al\u0131nt\u0131s\u0131MD77.13-300x171.png 300w\" sizes=\"auto, (max-width: 640px) 100vw, 640px\" \/><\/a><\/p>\n<p style=\"line-height: 15.4pt;\">Sude Han\u0131m hastaneden \u00e7\u0131kt\u0131ktan sonra bir bas\u0131n toplant\u0131s\u0131 d\u00fczenlemesi ister. Sedef ve Selim Beye bunu kabul ettirir. Bas\u0131na show yapar, Mert resim \u00e7ekimlerine kalmaz.<\/p>\n<p style=\"line-height: 15.4pt;\"><a href=\"http:\/\/balcilar-blog.com\/wp-content\/uploads\/2015\/06\/Ekran-Al\u0131nt\u0131s\u0131MD77.16D.png\"><img loading=\"lazy\" decoding=\"async\" class=\"alignnone size-full wp-image-9521\" src=\"http:\/\/balcilar-blog.com\/wp-content\/uploads\/2015\/06\/Ekran-Al\u0131nt\u0131s\u0131MD77.16D.png\" alt=\"Ekran Al\u0131nt\u0131s\u0131MD77.16D\" width=\"640\" height=\"361\" srcset=\"https:\/\/balcilar-blog.com\/wp-content\/uploads\/2015\/06\/Ekran-Al\u0131nt\u0131s\u0131MD77.16D.png 640w, https:\/\/balcilar-blog.com\/wp-content\/uploads\/2015\/06\/Ekran-Al\u0131nt\u0131s\u0131MD77.16D-300x169.png 300w\" sizes=\"auto, (max-width: 640px) 100vw, 640px\" \/><\/a><\/p>\n<p style=\"line-height: 15.4pt;\">Okulun y\u0131l sonu g\u00f6sterileri festival vard\u0131r. Herkes oradad\u0131r, Orkun da gelir. Orkun her \u015feyi satt\u0131\u011f\u0131n\u0131 Amerika&#8217;ya annesinin evine gidece\u011fini s\u00f6yler. Yaman&#8217;a bakarak, beni buraya ba\u011flayan bir \u015fey kalmad\u0131, yenilgiyi kabul ediyorum. \u015eark\u0131 s\u00f6ylenecektir, Mert beklenir. Mert, Burak, Uzay ve Doruk sahne al\u0131rlar. G\u00f6rmedim ben senden daha g\u00fczel, tan\u0131mad\u0131m ben senden daha g\u00fczel&#8230;<\/p>\n<p style=\"line-height: 15.4pt;\"><a href=\"http:\/\/balcilar-blog.com\/wp-content\/uploads\/2015\/06\/Ekran-Al\u0131nt\u0131s\u0131md77.17d.png\"><img loading=\"lazy\" decoding=\"async\" class=\"alignnone size-full wp-image-9523\" src=\"http:\/\/balcilar-blog.com\/wp-content\/uploads\/2015\/06\/Ekran-Al\u0131nt\u0131s\u0131md77.17d.png\" alt=\"Ekran Al\u0131nt\u0131s\u0131md77.17d\" width=\"640\" height=\"358\" srcset=\"https:\/\/balcilar-blog.com\/wp-content\/uploads\/2015\/06\/Ekran-Al\u0131nt\u0131s\u0131md77.17d.png 640w, https:\/\/balcilar-blog.com\/wp-content\/uploads\/2015\/06\/Ekran-Al\u0131nt\u0131s\u0131md77.17d-300x168.png 300w\" sizes=\"auto, (max-width: 640px) 100vw, 640px\" \/><\/a><\/p>\n<p style=\"line-height: 15.4pt;\">Daha sonra genel istek \u00fczerine Yaman ile Mira Koper \u00e7ifti sahne al\u0131rlar. Bu y\u0131l\u0131n hit \u015fark\u0131s\u0131 olan Yaman&#8217;\u0131n bestesi, D\u00fcnyay\u0131 durduran \u015fark\u0131s\u0131n\u0131 birlikte s\u00f6ylerler. Yaman ile Mira kar\u0131-koca bu g\u00fczel \u015fark\u0131y\u0131 d\u00fcet yaparak s\u00f6ylerler. Performanslar\u0131 olduk\u00e7a g\u00fczeldir.<\/p>\n<p style=\"line-height: 15.4pt;\"><a href=\"http:\/\/balcilar-blog.com\/wp-content\/uploads\/2015\/06\/Ekran-Al\u0131nt\u0131s\u0131md77.19.png\"><img loading=\"lazy\" decoding=\"async\" class=\"alignnone size-full wp-image-9524\" src=\"http:\/\/balcilar-blog.com\/wp-content\/uploads\/2015\/06\/Ekran-Al\u0131nt\u0131s\u0131md77.19.png\" alt=\"Ekran Al\u0131nt\u0131s\u0131md77.19\" width=\"640\" height=\"363\" srcset=\"https:\/\/balcilar-blog.com\/wp-content\/uploads\/2015\/06\/Ekran-Al\u0131nt\u0131s\u0131md77.19.png 640w, https:\/\/balcilar-blog.com\/wp-content\/uploads\/2015\/06\/Ekran-Al\u0131nt\u0131s\u0131md77.19-300x170.png 300w\" sizes=\"auto, (max-width: 640px) 100vw, 640px\" \/><\/a><\/p>\n<p style=\"line-height: 15.4pt;\">Sude, konu\u015fmak \u00fczere Kenan&#8217;\u0131 eve \u00e7a\u011f\u0131r\u0131r. Hemen lafa girer, bu \u00e7ocuk senin, ama asla babas\u0131 sen olmayacaks\u0131n. Asla sana benzemeyen bir erkek olacak. Hayat\u0131ndan \u00e7\u0131kmas\u0131 i\u00e7in para verir. G\u00f6r\u00fcnt\u00fc belle\u011fini verir. Belgeleri imzalat\u0131r. Paralar\u0131 almadan gider.<\/p>\n<p style=\"line-height: 15.4pt;\"><a href=\"http:\/\/balcilar-blog.com\/wp-content\/uploads\/2015\/06\/Ekran-Al\u0131nt\u0131s\u0131md77.17.png\"><img loading=\"lazy\" decoding=\"async\" class=\"alignnone size-full wp-image-9522\" src=\"http:\/\/balcilar-blog.com\/wp-content\/uploads\/2015\/06\/Ekran-Al\u0131nt\u0131s\u0131md77.17.png\" alt=\"Ekran Al\u0131nt\u0131s\u0131md77.17\" width=\"640\" height=\"354\" srcset=\"https:\/\/balcilar-blog.com\/wp-content\/uploads\/2015\/06\/Ekran-Al\u0131nt\u0131s\u0131md77.17.png 640w, https:\/\/balcilar-blog.com\/wp-content\/uploads\/2015\/06\/Ekran-Al\u0131nt\u0131s\u0131md77.17-300x166.png 300w\" sizes=\"auto, (max-width: 640px) 100vw, 640px\" \/><\/a><\/p>\n<p style=\"line-height: 15.4pt;\">Mert, Eyl\u00fcl, Mira ile Yaman evde ayak\u00fcst\u00fc kar\u0131nlar\u0131n\u0131 doyururlar. Mira yorgundur, sendeler. Yatmaya gider. Selim Bey, bana k\u0131rg\u0131n m\u0131s\u0131n diye sorar. Mira, ben babalara k\u0131zmam. Selim, tan\u0131\u015fman\u0131z\u0131 ben vesile oldum, sonsuz kredim var. Mira odaya ge\u00e7er. Yaman, ben b\u00fcy\u00fcy\u00fcnce Selim Serez olmak istiyorum, iyi ki benden vazge\u00e7medin abi. Eyl\u00fcl, ben de bu eve gelin gelmek istiyorum.<\/p>\n<p style=\"line-height: 15.4pt;\"><a href=\"http:\/\/balcilar-blog.com\/wp-content\/uploads\/2015\/06\/Ekran-Al\u0131nt\u0131s\u0131md77.20.png\"><img loading=\"lazy\" decoding=\"async\" class=\"alignnone size-full wp-image-9525\" src=\"http:\/\/balcilar-blog.com\/wp-content\/uploads\/2015\/06\/Ekran-Al\u0131nt\u0131s\u0131md77.20.png\" alt=\"Ekran Al\u0131nt\u0131s\u0131md77.20\" width=\"640\" height=\"369\" srcset=\"https:\/\/balcilar-blog.com\/wp-content\/uploads\/2015\/06\/Ekran-Al\u0131nt\u0131s\u0131md77.20.png 640w, https:\/\/balcilar-blog.com\/wp-content\/uploads\/2015\/06\/Ekran-Al\u0131nt\u0131s\u0131md77.20-300x173.png 300w\" sizes=\"auto, (max-width: 640px) 100vw, 640px\" \/><\/a><\/p>\n<p style=\"line-height: 15.4pt;\">O gece Leyla Yaman&#8217;\u0131 arar. Yaman yard\u0131m et, ne olur al bizi buradan, Giray yerimizi \u00f6\u011frenmi\u015f. Vakf\u0131n misafirhanesinde olduklar\u0131n\u0131 s\u00f6yler. Yaman&#8217;a bu tuza\u011f\u0131 Orkun kurmu\u015ftur. Zorla Leyla&#8217;ya arat\u0131r. Leyla, Yaman&#8217;\u0131 \u00f6ld\u00fcrecek misin? Orkun kumpas\u0131 kurmu\u015ftur. Yaman derhal misafirhaneye gider.<\/p>\n<p style=\"line-height: 15.4pt;\">Mira Yaman&#8217;\u0131n yan\u0131nda yatakta olmad\u0131\u011f\u0131n\u0131 fark eder. D\u0131\u015far\u0131 \u00e7\u0131kar, Yaman diye hayk\u0131rarak havuza ko\u015far. Yaman&#8217;\u0131 havuzda y\u00fcz\u00fcst\u00fc suda g\u00f6r\u00fcr gibi olur.<\/p>\n<p style=\"line-height: 15.4pt;\"><a href=\"http:\/\/balcilar-blog.com\/wp-content\/uploads\/2015\/06\/Ekran-Al\u0131nt\u0131s\u0131md77.21.png\"><img loading=\"lazy\" decoding=\"async\" class=\"alignnone size-full wp-image-9526\" src=\"http:\/\/balcilar-blog.com\/wp-content\/uploads\/2015\/06\/Ekran-Al\u0131nt\u0131s\u0131md77.21.png\" alt=\"Ekran Al\u0131nt\u0131s\u0131md77.21\" width=\"640\" height=\"366\" srcset=\"https:\/\/balcilar-blog.com\/wp-content\/uploads\/2015\/06\/Ekran-Al\u0131nt\u0131s\u0131md77.21.png 640w, https:\/\/balcilar-blog.com\/wp-content\/uploads\/2015\/06\/Ekran-Al\u0131nt\u0131s\u0131md77.21-300x172.png 300w\" sizes=\"auto, (max-width: 640px) 100vw, 640px\" \/><\/a><\/p>\n<p style=\"line-height: 15.4pt;\">Mira&#8217;n\u0131n \u00e7\u0131\u011fl\u0131klar\u0131n\u0131 duyan Selim Bey ile Mert balkona \u00e7\u0131karlar. Mira&#8217;n\u0131n \u00e7imlere d\u00fc\u015ft\u00fc\u011f\u00fcn\u00fc g\u00f6r\u00fcnce yan\u0131na ko\u015farlar. Mira&#8217;n\u0131n burnundan kan gelir, derhal hastaneye kald\u0131r\u0131rlar.<\/p>\n<p style=\"line-height: 15.4pt;\">Yaman misafirhanenin kaps\u0131na gider. Yukar\u0131dan Giray cam kap\u0131y\u0131 y\u00fcklenir, k\u0131rar ve yere d\u00fc\u015fer. Yaman onu g\u00f6r\u00fcnce \u015fa\u015f\u0131r\u0131r. Giray Ay\u015fe diye say\u0131klar, Orkun da kenardan ate\u015f eder. Gelen kur\u015funlardan biri Yaman&#8217;\u0131n baca\u011f\u0131na saplan\u0131r. Orkun ormana ka\u00e7ar, Yaman pe\u015finden gider. Yaman buradan \u00e7\u0131k\u0131\u015f yok diyerek k\u0131\u015fk\u0131rt\u0131r. Havaya ate\u015f a\u00e7ar, u\u00e7urumun kenar\u0131na gelirler.<\/p>\n<p style=\"line-height: 15.4pt;\">Orkun tabancas\u0131n\u0131 Yaman&#8217;a ni\u015fan al\u0131r. Sen Alt\u0131nkoy&#8217;a geldin, her \u015feyi maf ettin. Bitti der ve teti\u011fi \u00e7eker. Kur\u015funu bitmi\u015ftir, tabanca ate\u015f almaz.<\/p>\n<p style=\"line-height: 15.4pt;\"><a href=\"http:\/\/balcilar-blog.com\/wp-content\/uploads\/2015\/06\/Ekran-Al\u0131nt\u0131s\u0131md77.22.png\"><img loading=\"lazy\" decoding=\"async\" class=\"alignnone size-full wp-image-9527\" src=\"http:\/\/balcilar-blog.com\/wp-content\/uploads\/2015\/06\/Ekran-Al\u0131nt\u0131s\u0131md77.22.png\" alt=\"Ekran Al\u0131nt\u0131s\u0131md77.22\" width=\"640\" height=\"360\" srcset=\"https:\/\/balcilar-blog.com\/wp-content\/uploads\/2015\/06\/Ekran-Al\u0131nt\u0131s\u0131md77.22.png 640w, https:\/\/balcilar-blog.com\/wp-content\/uploads\/2015\/06\/Ekran-Al\u0131nt\u0131s\u0131md77.22-300x169.png 300w\" sizes=\"auto, (max-width: 640px) 100vw, 640px\" \/><\/a><\/p>\n<p style=\"line-height: 15.4pt;\">Yaman Orkun&#8217;un \u00fcst\u00fcne \u00e7ullan\u0131r, aralar\u0131nda yumrukla\u015fma ba\u015flar. Yaman nas\u0131l k\u0131yd\u0131n o insanlara diyerek, basar yumru\u011fu. Orkun u\u00e7urumun kenar\u0131na d\u00fc\u015fer. Bu defa Orkun yalvar\u0131r, beni b\u0131rakma diye yalvar\u0131r. O s\u0131rada Selim Bey de gelir, beraber yukar\u0131 \u00e7ekerler.<\/p>\n<p style=\"line-height: 15.4pt;\"><a href=\"http:\/\/balcilar-blog.com\/wp-content\/uploads\/2015\/06\/CHYfYz6UMAEQ7Mn.jpg\"><img loading=\"lazy\" decoding=\"async\" class=\"alignnone size-full wp-image-9557\" src=\"http:\/\/balcilar-blog.com\/wp-content\/uploads\/2015\/06\/CHYfYz6UMAEQ7Mn.jpg\" alt=\"CHYfYz6UMAEQ7Mn\" width=\"480\" height=\"480\" srcset=\"https:\/\/balcilar-blog.com\/wp-content\/uploads\/2015\/06\/CHYfYz6UMAEQ7Mn.jpg 480w, https:\/\/balcilar-blog.com\/wp-content\/uploads\/2015\/06\/CHYfYz6UMAEQ7Mn-150x150.jpg 150w, https:\/\/balcilar-blog.com\/wp-content\/uploads\/2015\/06\/CHYfYz6UMAEQ7Mn-300x300.jpg 300w\" sizes=\"auto, (max-width: 480px) 100vw, 480px\" \/><\/a><\/p>\n<p style=\"line-height: 15.4pt;\">Selim Bey Yaman&#8217;a Mira&#8217;n\u0131n hastanede kald\u0131r\u0131ld\u0131\u011f\u0131n\u0131 s\u00f6yler. Yaman derhal hastaneye gelir.<\/p>\n<p style=\"line-height: 15.4pt;\">Mira hastanede doktoru bekler. Doktor yurt d\u0131\u015f\u0131ndad\u0131r. Mira, Yaman&#8217;\u0131 say\u0131klar. \u0130lk tan\u0131\u015fmalar\u0131ndan bu yana birlikte olduklar\u0131 hep g\u00fczel g\u00fcnler, g\u00f6zlerinde canlan\u0131r. Mira ameliyathaneye al\u0131nmak istenir, Mira Yaman gelmeden olmaz diye \u0131srar eder. Doktor uyu\u015fturucu i\u011fne yapar. Mira kendinden ge\u00e7mek \u00fczereyken Yaman \u00e7\u0131kar gelir.<\/p>\n<p style=\"line-height: 15.4pt;\"><a href=\"http:\/\/balcilar-blog.com\/wp-content\/uploads\/2015\/06\/md77.23.png\"><img loading=\"lazy\" decoding=\"async\" class=\"alignnone size-full wp-image-9552\" src=\"http:\/\/balcilar-blog.com\/wp-content\/uploads\/2015\/06\/md77.23.png\" alt=\"md77.23\" width=\"640\" height=\"366\" srcset=\"https:\/\/balcilar-blog.com\/wp-content\/uploads\/2015\/06\/md77.23.png 640w, https:\/\/balcilar-blog.com\/wp-content\/uploads\/2015\/06\/md77.23-300x172.png 300w\" sizes=\"auto, (max-width: 640px) 100vw, 640px\" \/><\/a><\/p>\n<p style=\"line-height: 15.4pt;\">Mira neredeydin, Yaman ameliyattan sonra konu\u015faca\u011f\u0131z.\u00a0Doktor hadi diye \u00e7a\u011f\u0131r\u0131r.<\/p>\n<p style=\"line-height: 15.4pt;\"><a href=\"http:\/\/balcilar-blog.com\/wp-content\/uploads\/2015\/06\/Ekran-Al\u0131nt\u0131s\u0131MD77.FR1_.png\"><img loading=\"lazy\" decoding=\"async\" class=\"alignnone size-full wp-image-9494\" src=\"http:\/\/balcilar-blog.com\/wp-content\/uploads\/2015\/06\/Ekran-Al\u0131nt\u0131s\u0131MD77.FR1_.png\" alt=\"Ekran Al\u0131nt\u0131s\u0131MD77.FR1\" width=\"640\" height=\"353\" srcset=\"https:\/\/balcilar-blog.com\/wp-content\/uploads\/2015\/06\/Ekran-Al\u0131nt\u0131s\u0131MD77.FR1_.png 640w, https:\/\/balcilar-blog.com\/wp-content\/uploads\/2015\/06\/Ekran-Al\u0131nt\u0131s\u0131MD77.FR1_-300x165.png 300w\" sizes=\"auto, (max-width: 640px) 100vw, 640px\" \/><\/a><\/p>\n<p style=\"line-height: 15.4pt;\">Mira ameliyathaneye al\u0131n\u0131r, Yaman kap\u0131da kal\u0131r. Mert hadi karde\u015fim sapasa\u011flam \u00e7\u0131kacak. Mert Yaman&#8217;n\u0131n karn\u0131ndaki kanlar\u0131 g\u00f6r\u00fcr. Son anda Orkun yapaca\u011f\u0131n\u0131 yapm\u0131\u015f, cebinden \u00e7\u0131kard\u0131\u011f\u0131 \u00e7ak\u0131y\u0131, Yaman&#8217;\u0131n karn\u0131na saplam\u0131\u015ft\u0131r. Yaman d\u00fc\u015fer bay\u0131l\u0131r, o da derhal ameliyata al\u0131n\u0131r.<\/p>\n<p style=\"line-height: 15.4pt;\"><a href=\"http:\/\/balcilar-blog.com\/wp-content\/uploads\/2015\/06\/Ekran-Al\u0131nt\u0131s\u0131MD77.YMN2_.png\"><img loading=\"lazy\" decoding=\"async\" class=\"alignnone size-full wp-image-9558\" src=\"http:\/\/balcilar-blog.com\/wp-content\/uploads\/2015\/06\/Ekran-Al\u0131nt\u0131s\u0131MD77.YMN2_.png\" alt=\"Ekran Al\u0131nt\u0131s\u0131MD77.YMN2\" width=\"640\" height=\"387\" srcset=\"https:\/\/balcilar-blog.com\/wp-content\/uploads\/2015\/06\/Ekran-Al\u0131nt\u0131s\u0131MD77.YMN2_.png 640w, https:\/\/balcilar-blog.com\/wp-content\/uploads\/2015\/06\/Ekran-Al\u0131nt\u0131s\u0131MD77.YMN2_-300x181.png 300w\" sizes=\"auto, (max-width: 640px) 100vw, 640px\" \/><\/a><\/p>\n<p style=\"line-height: 15.4pt;\">Mira ve Yaman&#8217;\u0131n iyile\u015fmesi 3 ay s\u00fcrm\u00fc\u015ft\u00fcr.<\/p>\n<p style=\"line-height: 15.4pt;\">Selim Bey dedi\u011fini yapm\u0131\u015f As\u0131m \u015eekip Kaya \u00dcniversitesi&#8217;nde \u00f6\u011fretim g\u00f6revlisi olmu\u015ftur. \u00d6\u011frencilere hukuk dersi verir.<\/p>\n<p style=\"line-height: 15.4pt;\"><a href=\"http:\/\/balcilar-blog.com\/wp-content\/uploads\/2015\/06\/Ekran-Al\u0131nt\u0131s\u0131MD77.SEL\u0130M.png\"><img loading=\"lazy\" decoding=\"async\" class=\"alignnone size-full wp-image-9540\" src=\"http:\/\/balcilar-blog.com\/wp-content\/uploads\/2015\/06\/Ekran-Al\u0131nt\u0131s\u0131MD77.SEL\u0130M.png\" alt=\"Ekran Al\u0131nt\u0131s\u0131MD77.SEL\u0130M\" width=\"640\" height=\"363\" srcset=\"https:\/\/balcilar-blog.com\/wp-content\/uploads\/2015\/06\/Ekran-Al\u0131nt\u0131s\u0131MD77.SEL\u0130M.png 640w, https:\/\/balcilar-blog.com\/wp-content\/uploads\/2015\/06\/Ekran-Al\u0131nt\u0131s\u0131MD77.SEL\u0130M-300x170.png 300w\" sizes=\"auto, (max-width: 640px) 100vw, 640px\" \/><\/a><\/p>\n<p style=\"line-height: 15.4pt;\">Sedef Han\u0131m, Selim Beyi dinlemi\u015f yurt d\u0131\u015f\u0131na gitmemi\u015ftir. Ona evde kendi elleri ile yufka a\u00e7ar ve mant\u0131 yapar. Birliktelikleri devam eder.<\/p>\n<p style=\"line-height: 15.4pt;\"><a href=\"http:\/\/balcilar-blog.com\/wp-content\/uploads\/2015\/06\/Ekran-Al\u0131nt\u0131s\u0131MD77.SEDEF-D.png\"><img loading=\"lazy\" decoding=\"async\" class=\"alignnone size-full wp-image-9539\" src=\"http:\/\/balcilar-blog.com\/wp-content\/uploads\/2015\/06\/Ekran-Al\u0131nt\u0131s\u0131MD77.SEDEF-D.png\" alt=\"Ekran Al\u0131nt\u0131s\u0131MD77.SEDEF D\" width=\"640\" height=\"361\" srcset=\"https:\/\/balcilar-blog.com\/wp-content\/uploads\/2015\/06\/Ekran-Al\u0131nt\u0131s\u0131MD77.SEDEF-D.png 640w, https:\/\/balcilar-blog.com\/wp-content\/uploads\/2015\/06\/Ekran-Al\u0131nt\u0131s\u0131MD77.SEDEF-D-300x169.png 300w\" sizes=\"auto, (max-width: 640px) 100vw, 640px\" \/><\/a><\/p>\n<p style=\"line-height: 15.4pt;\">Sude han\u0131m bebe\u011fini do\u011furmu\u015f, o\u011flunu kuca\u011f\u0131na alm\u0131\u015ft\u0131r. Eski kocas\u0131 Faruk ile birliktedirler. Koca As\u0131m \u015eekip Kaya Holdingin i\u015flerini Sude Kaya y\u00fcr\u00fct\u00fcr.<\/p>\n<p style=\"line-height: 15.4pt;\"><a href=\"http:\/\/balcilar-blog.com\/wp-content\/uploads\/2015\/06\/Ekran-Al\u0131nt\u0131s\u0131MD77.SUDE_.png\"><img loading=\"lazy\" decoding=\"async\" class=\"alignnone size-full wp-image-9542\" src=\"http:\/\/balcilar-blog.com\/wp-content\/uploads\/2015\/06\/Ekran-Al\u0131nt\u0131s\u0131MD77.SUDE_.png\" alt=\"Ekran Al\u0131nt\u0131s\u0131MD77.SUDE\" width=\"640\" height=\"364\" srcset=\"https:\/\/balcilar-blog.com\/wp-content\/uploads\/2015\/06\/Ekran-Al\u0131nt\u0131s\u0131MD77.SUDE_.png 640w, https:\/\/balcilar-blog.com\/wp-content\/uploads\/2015\/06\/Ekran-Al\u0131nt\u0131s\u0131MD77.SUDE_-300x171.png 300w\" sizes=\"auto, (max-width: 640px) 100vw, 640px\" \/><\/a><\/p>\n<p style=\"line-height: 15.4pt;\">S\u00fcreyya Han\u0131m diki\u015f at\u00f6lyesinin ba\u015f\u0131ndad\u0131r. \u0130\u015fleri gayet iyidir, 6 ay sonras\u0131na sipari\u015fleri kabul ederler. Televizyondan ye\u011feni Aras&#8217;\u0131n yeni tak\u0131m\u0131 ile s\u00f6zle\u015fme imzalamas\u0131n\u0131 seyreder. \u00c7ok keyiflidir.<\/p>\n<p style=\"line-height: 15.4pt;\"><a href=\"http:\/\/balcilar-blog.com\/wp-content\/uploads\/2015\/06\/Ekran-Al\u0131nt\u0131s\u0131MD77.S\u00dcREYYA.png\"><img loading=\"lazy\" decoding=\"async\" class=\"alignnone size-full wp-image-9543\" src=\"http:\/\/balcilar-blog.com\/wp-content\/uploads\/2015\/06\/Ekran-Al\u0131nt\u0131s\u0131MD77.S\u00dcREYYA.png\" alt=\"Ekran Al\u0131nt\u0131s\u0131MD77.S\u00dcREYYA\" width=\"640\" height=\"361\" srcset=\"https:\/\/balcilar-blog.com\/wp-content\/uploads\/2015\/06\/Ekran-Al\u0131nt\u0131s\u0131MD77.S\u00dcREYYA.png 640w, https:\/\/balcilar-blog.com\/wp-content\/uploads\/2015\/06\/Ekran-Al\u0131nt\u0131s\u0131MD77.S\u00dcREYYA-300x169.png 300w\" sizes=\"auto, (max-width: 640px) 100vw, 640px\" \/><\/a><\/p>\n<p style=\"line-height: 15.4pt;\">Nevin Han\u0131m ile Hasan B\u00fcfe i\u015fletmelerinde beraberdirler. Giray ve Leyla da onlarla \u00e7al\u0131\u015f\u0131yordur. Mehmet hapishanedeki Kenan&#8217;dan selam getirir. Nevin o\u011fluna k\u0131rg\u0131n oldu\u011fu i\u00e7in selam\u0131 bile almaz.<\/p>\n<p style=\"line-height: 15.4pt;\"><a href=\"http:\/\/balcilar-blog.com\/wp-content\/uploads\/2015\/06\/Ekran-Al\u0131nt\u0131s\u0131MD77.NEV\u0130N.png\"><img loading=\"lazy\" decoding=\"async\" class=\"alignnone size-full wp-image-9537\" src=\"http:\/\/balcilar-blog.com\/wp-content\/uploads\/2015\/06\/Ekran-Al\u0131nt\u0131s\u0131MD77.NEV\u0130N.png\" alt=\"Ekran Al\u0131nt\u0131s\u0131MD77.NEV\u0130N\" width=\"640\" height=\"354\" srcset=\"https:\/\/balcilar-blog.com\/wp-content\/uploads\/2015\/06\/Ekran-Al\u0131nt\u0131s\u0131MD77.NEV\u0130N.png 640w, https:\/\/balcilar-blog.com\/wp-content\/uploads\/2015\/06\/Ekran-Al\u0131nt\u0131s\u0131MD77.NEV\u0130N-300x166.png 300w\" sizes=\"auto, (max-width: 640px) 100vw, 640px\" \/><\/a><\/p>\n<p style=\"line-height: 15.4pt;\">Kenan tekrar birtak\u0131m kirli i\u015flere girmi\u015f. Yeni arabalar\u0131 par\u00e7alay\u0131p satar. Bir polis bask\u0131n\u0131nda yakalan\u0131r, hapse girer. Kadere bak, 2 y\u0131l \u00f6nce de araba \u00e7almaktan i\u00e7eri girmi\u015fti.<\/p>\n<p style=\"line-height: 15.4pt;\"><a href=\"http:\/\/balcilar-blog.com\/wp-content\/uploads\/2015\/06\/Ekran-Al\u0131nt\u0131s\u0131MD77.KENAN_.png\"><img loading=\"lazy\" decoding=\"async\" class=\"alignnone size-full wp-image-9533\" src=\"http:\/\/balcilar-blog.com\/wp-content\/uploads\/2015\/06\/Ekran-Al\u0131nt\u0131s\u0131MD77.KENAN_.png\" alt=\"Ekran Al\u0131nt\u0131s\u0131MD77.KENAN\" width=\"640\" height=\"366\" srcset=\"https:\/\/balcilar-blog.com\/wp-content\/uploads\/2015\/06\/Ekran-Al\u0131nt\u0131s\u0131MD77.KENAN_.png 640w, https:\/\/balcilar-blog.com\/wp-content\/uploads\/2015\/06\/Ekran-Al\u0131nt\u0131s\u0131MD77.KENAN_-300x172.png 300w\" sizes=\"auto, (max-width: 640px) 100vw, 640px\" \/><\/a><\/p>\n<p style=\"line-height: 15.4pt;\">Orkun da cezas\u0131n\u0131 ak\u0131l hastanesinde \u00e7ekmektedir. G\u00f6zlerini havaya a\u011fa\u00e7lara diker, deli gibi bakar. Y\u00fcz\u00fc buz gibi, g\u00f6zleri donuktur.<\/p>\n<p style=\"line-height: 15.4pt;\"><a href=\"http:\/\/balcilar-blog.com\/wp-content\/uploads\/2015\/06\/Ekran-Al\u0131nt\u0131s\u0131MD77.ORKUN_.png\"><img loading=\"lazy\" decoding=\"async\" class=\"alignnone size-full wp-image-9538\" src=\"http:\/\/balcilar-blog.com\/wp-content\/uploads\/2015\/06\/Ekran-Al\u0131nt\u0131s\u0131MD77.ORKUN_.png\" alt=\"Ekran Al\u0131nt\u0131s\u0131MD77.ORKUN\" width=\"640\" height=\"359\" srcset=\"https:\/\/balcilar-blog.com\/wp-content\/uploads\/2015\/06\/Ekran-Al\u0131nt\u0131s\u0131MD77.ORKUN_.png 640w, https:\/\/balcilar-blog.com\/wp-content\/uploads\/2015\/06\/Ekran-Al\u0131nt\u0131s\u0131MD77.ORKUN_-300x168.png 300w\" sizes=\"auto, (max-width: 640px) 100vw, 640px\" \/><\/a><\/p>\n<p style=\"line-height: 15.4pt;\">Uzay yay\u0131n evinde Mert ile ortak bas\u0131lm\u0131\u015f olan \u00e7izgi roman kitaplar\u0131n\u0131 imzalar. Al\u0131c\u0131lar s\u0131radad\u0131r. Mert&#8217;i foto\u011fraf \u00e7ektirmek i\u00e7in soranlar olur. \u015eehir d\u0131\u015f\u0131nda oldu\u011funu s\u00f6ylerler.<\/p>\n<p style=\"line-height: 15.4pt;\"><a href=\"http:\/\/balcilar-blog.com\/wp-content\/uploads\/2015\/06\/MD77.UZAY1_.png\"><img loading=\"lazy\" decoding=\"async\" class=\"alignnone size-full wp-image-9553\" src=\"http:\/\/balcilar-blog.com\/wp-content\/uploads\/2015\/06\/MD77.UZAY1_.png\" alt=\"MD77.UZAY1\" width=\"640\" height=\"361\" srcset=\"https:\/\/balcilar-blog.com\/wp-content\/uploads\/2015\/06\/MD77.UZAY1_.png 640w, https:\/\/balcilar-blog.com\/wp-content\/uploads\/2015\/06\/MD77.UZAY1_-300x169.png 300w\" sizes=\"auto, (max-width: 640px) 100vw, 640px\" \/><\/a><\/p>\n<p style=\"line-height: 15.4pt;\">Mert ile Eyl\u00fcl A\u011fva&#8217;ya ge\u00e7en k\u0131\u015f gittikleri otel odas\u0131nda Yaman ile Mira&#8217;n\u0131n kald\u0131klar\u0131 otelde b\u0131rakt\u0131klar\u0131 notu tavan aralar\u0131nda ararlar. Mert notu bulur. Hemen Eyl\u00fcl al\u0131r ve okur. Mira ile Yaman 14-16 \u015fubat 2015 tarihleri aras\u0131nda bu odada kald\u0131lar. Birbirlerini \u00e7ok sevdiler. Hep seveceklerini yemin ettiler, bu notla a\u015fklar\u0131n\u0131 m\u00fch\u00fcrlediler.<\/p>\n<p style=\"line-height: 15.4pt;\"><a href=\"http:\/\/balcilar-blog.com\/wp-content\/uploads\/2015\/06\/Ekran-Al\u0131nt\u0131s\u0131MD77.MERT-EYL\u00dcL.png\"><img loading=\"lazy\" decoding=\"async\" class=\"alignnone size-full wp-image-9535\" src=\"http:\/\/balcilar-blog.com\/wp-content\/uploads\/2015\/06\/Ekran-Al\u0131nt\u0131s\u0131MD77.MERT-EYL\u00dcL.png\" alt=\"Ekran Al\u0131nt\u0131s\u0131MD77.MERT-EYL\u00dcL\" width=\"640\" height=\"360\" srcset=\"https:\/\/balcilar-blog.com\/wp-content\/uploads\/2015\/06\/Ekran-Al\u0131nt\u0131s\u0131MD77.MERT-EYL\u00dcL.png 640w, https:\/\/balcilar-blog.com\/wp-content\/uploads\/2015\/06\/Ekran-Al\u0131nt\u0131s\u0131MD77.MERT-EYL\u00dcL-300x169.png 300w\" sizes=\"auto, (max-width: 640px) 100vw, 640px\" \/><\/a><\/p>\n<p style=\"line-height: 15.4pt;\">Kap\u0131ya \u00e7\u0131karlar. Mert bu notu bulan da, der ve laf\u0131n sonunu Mira getirir. En az bizim kadar mutlu olsun. Son nefesime kadar Mira&#8217;y\u0131 hep sevicem, imza Yaman.<\/p>\n<p style=\"line-height: 15.4pt;\"><a href=\"http:\/\/balcilar-blog.com\/wp-content\/uploads\/2015\/06\/Ekran-Al\u0131nt\u0131s\u0131MD77.M\u0130RA1.png\"><img loading=\"lazy\" decoding=\"async\" class=\"alignnone size-full wp-image-9536\" src=\"http:\/\/balcilar-blog.com\/wp-content\/uploads\/2015\/06\/Ekran-Al\u0131nt\u0131s\u0131MD77.M\u0130RA1.png\" alt=\"Ekran Al\u0131nt\u0131s\u0131MD77.M\u0130RA1\" width=\"640\" height=\"355\" srcset=\"https:\/\/balcilar-blog.com\/wp-content\/uploads\/2015\/06\/Ekran-Al\u0131nt\u0131s\u0131MD77.M\u0130RA1.png 640w, https:\/\/balcilar-blog.com\/wp-content\/uploads\/2015\/06\/Ekran-Al\u0131nt\u0131s\u0131MD77.M\u0130RA1-300x166.png 300w\" sizes=\"auto, (max-width: 640px) 100vw, 640px\" \/><\/a><\/p>\n<p style=\"line-height: 15.4pt;\">Mira, \u00f6nce \u00e7ocuklar\u0131m\u0131z bulur diyorduk ama, size k\u0131smetmi\u015f. O s\u0131rada arabay\u0131 park eden Yaman da gelir.<\/p>\n<p><a href=\"http:\/\/balcilar-blog.com\/wp-content\/uploads\/2015\/06\/Ekran-Al\u0131nt\u0131s\u0131MD77.YAMAN2_.png\"><img loading=\"lazy\" decoding=\"async\" class=\"alignnone size-full wp-image-9544\" src=\"http:\/\/balcilar-blog.com\/wp-content\/uploads\/2015\/06\/Ekran-Al\u0131nt\u0131s\u0131MD77.YAMAN2_.png\" alt=\"Ekran Al\u0131nt\u0131s\u0131MD77.YAMAN2\" width=\"640\" height=\"361\" srcset=\"https:\/\/balcilar-blog.com\/wp-content\/uploads\/2015\/06\/Ekran-Al\u0131nt\u0131s\u0131MD77.YAMAN2_.png 640w, https:\/\/balcilar-blog.com\/wp-content\/uploads\/2015\/06\/Ekran-Al\u0131nt\u0131s\u0131MD77.YAMAN2_-300x169.png 300w\" sizes=\"auto, (max-width: 640px) 100vw, 640px\" \/><\/a><\/p>\n<p style=\"line-height: 15.4pt;\">Yaman bir t\u00fcrl\u00fc park yeri bulamad\u0131m der ve gelir. \u00d6nce Mira&#8217;y\u0131 \u00f6per.<\/p>\n<p style=\"line-height: 15.4pt;\"><a href=\"http:\/\/balcilar-blog.com\/wp-content\/uploads\/2015\/06\/Ekran-Al\u0131nt\u0131s\u0131MD77.Y-M\u0130RA.png\"><img loading=\"lazy\" decoding=\"async\" class=\"alignnone size-full wp-image-9547\" src=\"http:\/\/balcilar-blog.com\/wp-content\/uploads\/2015\/06\/Ekran-Al\u0131nt\u0131s\u0131MD77.Y-M\u0130RA.png\" alt=\"Ekran Al\u0131nt\u0131s\u0131MD77.Y-M\u0130RA\" width=\"640\" height=\"359\" srcset=\"https:\/\/balcilar-blog.com\/wp-content\/uploads\/2015\/06\/Ekran-Al\u0131nt\u0131s\u0131MD77.Y-M\u0130RA.png 640w, https:\/\/balcilar-blog.com\/wp-content\/uploads\/2015\/06\/Ekran-Al\u0131nt\u0131s\u0131MD77.Y-M\u0130RA-300x168.png 300w\" sizes=\"auto, (max-width: 640px) 100vw, 640px\" \/><\/a><\/p>\n<p style=\"line-height: 15.4pt;\">A\u015fk olsun ya. Ben yokken mi a\u00e7t\u0131n\u0131z zaman makinas\u0131n\u0131. Mira, k\u0131zma sevgilim. Mert ve Eyl\u00fcl bulsun, onlar da en az bizim kadar mutlu olsunlar. Mert, bizim mutlu olmaya hakk\u0131m\u0131z yok mu karde\u015fim. Yaman, hep senin \u0131srar\u0131n y\u00fczden, hastaneden \u00e7\u0131kar \u00e7\u0131kmaz, haftas\u0131na buraya geldik. Mira, en \u00e7ok ben istedim.<\/p>\n<p style=\"line-height: 15.4pt;\"><a href=\"http:\/\/balcilar-blog.com\/wp-content\/uploads\/2015\/06\/Ekran-Al\u0131nt\u0131s\u0131MD77.YAM\u0130RA.png\"><img loading=\"lazy\" decoding=\"async\" class=\"alignnone size-full wp-image-9545\" src=\"http:\/\/balcilar-blog.com\/wp-content\/uploads\/2015\/06\/Ekran-Al\u0131nt\u0131s\u0131MD77.YAM\u0130RA.png\" alt=\"Ekran Al\u0131nt\u0131s\u0131MD77.YAM\u0130RA\" width=\"640\" height=\"357\" srcset=\"https:\/\/balcilar-blog.com\/wp-content\/uploads\/2015\/06\/Ekran-Al\u0131nt\u0131s\u0131MD77.YAM\u0130RA.png 640w, https:\/\/balcilar-blog.com\/wp-content\/uploads\/2015\/06\/Ekran-Al\u0131nt\u0131s\u0131MD77.YAM\u0130RA-300x167.png 300w\" sizes=\"auto, (max-width: 640px) 100vw, 640px\" \/><\/a><\/p>\n<p style=\"line-height: 15.4pt;\">Mert ile Eyl\u00fcl onlar\u0131 kap\u0131da yaln\u0131z b\u0131rak\u0131rlar. Yaman doktora sordun mu denize girebilir miyim diye? Mira, ba\u015fka bir \u015fey sordum. Art\u0131k bebek yapmam\u0131z i\u00e7in hi\u00e7 bir engel yokmu\u015f. Yaman, &#8216;ohoy&#8217; diye \u00e7\u0131\u011fl\u0131k atar, Mira&#8217;y\u0131 kucaklar, ekseni etraf\u0131nda d\u00f6nd\u00fcr\u00fcr.<\/p>\n<p style=\"line-height: 15.4pt;\"><a href=\"http:\/\/balcilar-blog.com\/wp-content\/uploads\/2015\/06\/Ekran-Al\u0131nt\u0131s\u0131MD77.Y-M\u0130RA-2.png\"><img loading=\"lazy\" decoding=\"async\" class=\"alignnone size-full wp-image-9546\" src=\"http:\/\/balcilar-blog.com\/wp-content\/uploads\/2015\/06\/Ekran-Al\u0131nt\u0131s\u0131MD77.Y-M\u0130RA-2.png\" alt=\"Ekran Al\u0131nt\u0131s\u0131MD77.Y-M\u0130RA 2\" width=\"640\" height=\"360\" srcset=\"https:\/\/balcilar-blog.com\/wp-content\/uploads\/2015\/06\/Ekran-Al\u0131nt\u0131s\u0131MD77.Y-M\u0130RA-2.png 640w, https:\/\/balcilar-blog.com\/wp-content\/uploads\/2015\/06\/Ekran-Al\u0131nt\u0131s\u0131MD77.Y-M\u0130RA-2-300x169.png 300w\" sizes=\"auto, (max-width: 640px) 100vw, 640px\" \/><\/a><\/p>\n<p style=\"line-height: 15.4pt;\"><a href=\"http:\/\/balcilar-blog.com\/wp-content\/uploads\/2015\/06\/Ekran-Al\u0131nt\u0131s\u0131MD77.SON_.png\"><img loading=\"lazy\" decoding=\"async\" class=\"alignnone size-full wp-image-9541\" src=\"http:\/\/balcilar-blog.com\/wp-content\/uploads\/2015\/06\/Ekran-Al\u0131nt\u0131s\u0131MD77.SON_.png\" alt=\"Ekran Al\u0131nt\u0131s\u0131MD77.SON\" width=\"640\" height=\"359\" srcset=\"https:\/\/balcilar-blog.com\/wp-content\/uploads\/2015\/06\/Ekran-Al\u0131nt\u0131s\u0131MD77.SON_.png 640w, https:\/\/balcilar-blog.com\/wp-content\/uploads\/2015\/06\/Ekran-Al\u0131nt\u0131s\u0131MD77.SON_-300x168.png 300w\" sizes=\"auto, (max-width: 640px) 100vw, 640px\" \/><\/a><\/p>\n<p style=\"line-height: 15.4pt;\">Ve dizimiz Medcezir burada sona erer. Sahilde t\u00fcm ekip birlikte final kutlamas\u0131 yaparlar. \u00d6nce Yaman ile Mira sahile ko\u015far, sonra b\u00fct\u00fcn ekip ve set \u00e7al\u0131\u015fanlar\u0131, Sezen Aksu&#8217;nun \u00e7alan par\u00e7as\u0131 e\u015fli\u011finde g\u00fczel bir g\u00f6steri yaparlar. Bu ger\u00e7ekten g\u00fczel bir veda olur. Hem izleyenlere, hem de birbirlerine&#8230;<\/p>\n<p style=\"line-height: 15.4pt;\"><a href=\"http:\/\/balcilar-blog.com\/wp-content\/uploads\/2015\/06\/CHUE8CAWcAAJOA51.jpg\"><img loading=\"lazy\" decoding=\"async\" class=\"alignnone size-full wp-image-9560\" src=\"http:\/\/balcilar-blog.com\/wp-content\/uploads\/2015\/06\/CHUE8CAWcAAJOA51.jpg\" alt=\"CHUE8CAWcAAJOA5\" width=\"640\" height=\"436\" srcset=\"https:\/\/balcilar-blog.com\/wp-content\/uploads\/2015\/06\/CHUE8CAWcAAJOA51.jpg 640w, https:\/\/balcilar-blog.com\/wp-content\/uploads\/2015\/06\/CHUE8CAWcAAJOA51-300x204.jpg 300w\" sizes=\"auto, (max-width: 640px) 100vw, 640px\" \/><\/a><\/p>\n<p style=\"line-height: 15.4pt;\"><a href=\"http:\/\/balcilar-blog.com\/wp-content\/uploads\/2015\/06\/CHXphW4UYAEwqcE.jpg\"><img loading=\"lazy\" decoding=\"async\" class=\"alignnone size-full wp-image-9507\" src=\"http:\/\/balcilar-blog.com\/wp-content\/uploads\/2015\/06\/CHXphW4UYAEwqcE.jpg\" alt=\"CHXphW4UYAEwqcE\" width=\"564\" height=\"480\" srcset=\"https:\/\/balcilar-blog.com\/wp-content\/uploads\/2015\/06\/CHXphW4UYAEwqcE.jpg 564w, https:\/\/balcilar-blog.com\/wp-content\/uploads\/2015\/06\/CHXphW4UYAEwqcE-300x255.jpg 300w\" sizes=\"auto, (max-width: 564px) 100vw, 564px\" \/><\/a><\/p>\n<p style=\"line-height: 15.4pt;\">Ba\u015fta ba\u015f rol oyuncular\u0131 \u00c7a\u011fatay Ulusoy, Serenay Sar\u0131kaya, Bar\u0131\u015f Falay, Taner \u00f6lmez, Hazar Erg\u00fc\u00e7l\u00fc, \u015eebnem D\u00f6nmez, Murat Aygen, Defne Kayalar ve Can G\u00fcrzap&#8217;a bundan sonraki i\u015flerinde ba\u015far\u0131lar ve bol kazan\u00e7lar dilerim.<\/p>\n<p style=\"line-height: 15.4pt;\">Ay Yap\u0131m&#8217;dan bundan sonraki \u00e7al\u0131\u015fmalar\u0131nda en az Medcezir kadar iyi diziler bekliyor, ba\u015far\u0131lar\u0131n\u0131n devam\u0131n\u0131 diliyoruz.<\/p>\n<p>Sayg\u0131lar ve sevgiler.<\/p>\n<p>Abdurrahman Balc\u0131lar<\/p>\n<p>Twitter: abdurrahman balc\u0131lar@abbalcilar<\/p>\n<p>Mail : <a href=\"mailto:ab.balcilar@hotmail.com\">ab.balcilar@hotmail.com<\/a><\/p>\n<p>Blog:\u00a0<a href=\"http:\/\/t.co\/znqmIZgIqn\">blog.milliyet.com.tr\/cansever<\/a><\/p>\n<p>Blog:\u00a0<strong>balcilar<\/strong>&#8211;<strong>blog.com<\/strong><\/p>\n<p>Not: G\u00f6rseller Medcezir Twitter sayfas\u0131ndan ve taraf\u0131mdan diziden kopyalanarak al\u0131nm\u0131\u015ft\u0131r.<\/p>\n","protected":false},"excerpt":{"rendered":"<p>Ay Yap\u0131m&#8217;\u0131n iki sezondur devam eden fenomen dizisi Medcezir, 77.B\u00f6l\u00fcmde mutlu sonla bitti. Herkes kendi sonunu haz\u0131rlad\u0131. Dizinin ba\u015f Rol oyuncular\u0131 Yaman ile Mira ge\u00e7en b\u00f6l\u00fcmde evlenmi\u015flerdi. Bu b\u00f6l\u00fcm sonunda Mira beklenen ameliyat\u0131 oldu ve ba\u015far\u0131l\u0131 bir operasyondan \u00fc\u00e7 ay sonra kendine geldi. Yaman&#8217;\u0131n da Orkun&#8217;dan ald\u0131\u011f\u0131 b\u0131\u00e7ak darbeleri ile karn\u0131ndan yaralanm\u0131\u015ft\u0131, o da tamamen [&hellip;]<\/p>\n","protected":false},"author":3,"featured_media":0,"comment_status":"open","ping_status":"open","sticky":false,"template":"","format":"standard","meta":{"footnotes":""},"categories":[2],"tags":[717,31,26,309,15,29,30,16,27,237,28],"class_list":["post-9506","post","type-post","status-publish","format-standard","hentry","category-tv-programlari","tag-77-bolum-final","tag-ali-bilgin","tag-ay-yapim","tag-baris-falay","tag-cagatay-ulusoy","tag-ece-yorenc","tag-hazar-erguclu","tag-medcezir","tag-serenay-sarikaya","tag-sezen-aksu","tag-taner-olmez"],"views":6470,"blog_post_layout_featured_media_urls":{"thumbnail":"","full":""},"categories_names":{"2":{"name":"TV Programlar\u0131","link":"https:\/\/balcilar-blog.com\/?cat=2"}},"tags_names":{"717":{"name":"77.B\u00f6l\u00fcm Final","link":"https:\/\/balcilar-blog.com\/?tag=77-bolum-final"},"31":{"name":"Ali Bilgin","link":"https:\/\/balcilar-blog.com\/?tag=ali-bilgin"},"26":{"name":"Ay Yap\u0131m","link":"https:\/\/balcilar-blog.com\/?tag=ay-yapim"},"309":{"name":"Bar\u0131\u015f Falay","link":"https:\/\/balcilar-blog.com\/?tag=baris-falay"},"15":{"name":"\u00e7a\u011fatay ulusoy","link":"https:\/\/balcilar-blog.com\/?tag=cagatay-ulusoy"},"29":{"name":"Ece Y\u00f6ren\u00e7","link":"https:\/\/balcilar-blog.com\/?tag=ece-yorenc"},"30":{"name":"Hazar Erg\u00fc\u00e7l\u00fc","link":"https:\/\/balcilar-blog.com\/?tag=hazar-erguclu"},"16":{"name":"medcezir","link":"https:\/\/balcilar-blog.com\/?tag=medcezir"},"27":{"name":"Serenay Sar\u0131kaya","link":"https:\/\/balcilar-blog.com\/?tag=serenay-sarikaya"},"237":{"name":"Sezen Aksu","link":"https:\/\/balcilar-blog.com\/?tag=sezen-aksu"},"28":{"name":"Taner \u00d6lmez","link":"https:\/\/balcilar-blog.com\/?tag=taner-olmez"}},"comments_number":"0","wpmagazine_modules_lite_featured_media_urls":{"thumbnail":"","cvmm-medium":"","cvmm-medium-plus":"","cvmm-portrait":"","cvmm-medium-square":"","cvmm-large":"","cvmm-small":"","full":""},"_links":{"self":[{"href":"https:\/\/balcilar-blog.com\/index.php?rest_route=\/wp\/v2\/posts\/9506","targetHints":{"allow":["GET"]}}],"collection":[{"href":"https:\/\/balcilar-blog.com\/index.php?rest_route=\/wp\/v2\/posts"}],"about":[{"href":"https:\/\/balcilar-blog.com\/index.php?rest_route=\/wp\/v2\/types\/post"}],"author":[{"embeddable":true,"href":"https:\/\/balcilar-blog.com\/index.php?rest_route=\/wp\/v2\/users\/3"}],"replies":[{"embeddable":true,"href":"https:\/\/balcilar-blog.com\/index.php?rest_route=%2Fwp%2Fv2%2Fcomments&post=9506"}],"version-history":[{"count":7,"href":"https:\/\/balcilar-blog.com\/index.php?rest_route=\/wp\/v2\/posts\/9506\/revisions"}],"predecessor-version":[{"id":9597,"href":"https:\/\/balcilar-blog.com\/index.php?rest_route=\/wp\/v2\/posts\/9506\/revisions\/9597"}],"wp:attachment":[{"href":"https:\/\/balcilar-blog.com\/index.php?rest_route=%2Fwp%2Fv2%2Fmedia&parent=9506"}],"wp:term":[{"taxonomy":"category","embeddable":true,"href":"https:\/\/balcilar-blog.com\/index.php?rest_route=%2Fwp%2Fv2%2Fcategories&post=9506"},{"taxonomy":"post_tag","embeddable":true,"href":"https:\/\/balcilar-blog.com\/index.php?rest_route=%2Fwp%2Fv2%2Ftags&post=9506"}],"curies":[{"name":"wp","href":"https:\/\/api.w.org\/{rel}","templated":true}]}}