{"id":9162,"date":"2015-05-29T13:27:38","date_gmt":"2015-05-29T10:27:38","guid":{"rendered":"http:\/\/balcilar-blog.com\/?p=9162"},"modified":"2015-05-29T13:44:04","modified_gmt":"2015-05-29T10:44:04","slug":"kara-para-ask-finale-iki-bolum-kaldi-herkes-olumun-esiginde","status":"publish","type":"post","link":"https:\/\/balcilar-blog.com\/?p=9162","title":{"rendered":"Kara Para A\u015fk \/ Finale iki b\u00f6l\u00fcm kald\u0131, Herkes \u00f6l\u00fcm\u00fcn e\u015fi\u011finde..!"},"content":{"rendered":"<p><a href=\"http:\/\/balcilar-blog.com\/wp-content\/uploads\/2015\/05\/Ekran-Al\u0131nt\u0131s\u0131KPA48.KP_.png\"><img loading=\"lazy\" decoding=\"async\" class=\"alignnone size-full wp-image-9164\" src=\"http:\/\/balcilar-blog.com\/wp-content\/uploads\/2015\/05\/Ekran-Al\u0131nt\u0131s\u0131KPA48.KP_.png\" alt=\"Ekran Al\u0131nt\u0131s\u0131KPA48.KP\" width=\"640\" height=\"363\" srcset=\"https:\/\/balcilar-blog.com\/wp-content\/uploads\/2015\/05\/Ekran-Al\u0131nt\u0131s\u0131KPA48.KP_.png 640w, https:\/\/balcilar-blog.com\/wp-content\/uploads\/2015\/05\/Ekran-Al\u0131nt\u0131s\u0131KPA48.KP_-300x170.png 300w\" sizes=\"auto, (max-width: 640px) 100vw, 640px\" \/><\/a><\/p>\n<p>Ba\u015f rollerini Tuba B\u00fcy\u00fck\u00fcst\u00fcn ve Engin Aky\u00fcrek&#8217;in oynad\u0131\u011f\u0131 &#8220;Kara Para A\u015fk&#8221; da finale 2 b\u00f6l\u00fcm kald\u0131. 50.B\u00f6l\u00fcmde, final yap\u0131yor ve ekranlara veda ediyor.<\/p>\n<p>Ay Yap\u0131m&#8217;\u0131n polisiye macera a\u015fk dizisi &#8220;Kara Para A\u015fk&#8221; da \u00e7ember iyici daral\u0131yor. Tayyar D\u00fcndar tekrar b\u00f6brek ameliyat\u0131 olmu\u015f, Komiser H\u00fcseyin ameliyat sonras\u0131 onun hayat\u0131n\u0131 son vermek, azraili olmak i\u00e7in yata\u011f\u0131n\u0131n ba\u015f ucundad\u0131r.<\/p>\n<p>\u00d6mer ise buldu\u011fu son \u00fcmit tan\u0131\u011f\u0131 konu\u015fturmay\u0131 ba\u015far\u0131r. Kul\u00fcbeye ambulans geldi\u011fini tespit eder.<\/p>\n<p>Elif&#8217;i ise, ko\u011fu\u015fun eleba\u015f\u0131s\u0131 esrar sat\u0131c\u0131s\u0131 kad\u0131n taraf\u0131ndan karn\u0131ndan \u015fi\u015flenir.<\/p>\n<p>Elif \u00e7\u0131kar\u0131ld\u0131\u011f\u0131 mahkemede \u00d6mer&#8217;in getirece\u011fi tan\u0131\u011f\u0131 beklerken, tan\u0131k mahkeme kap\u0131s\u0131nda vurulur. Beklenen \u015fahit gelmeyince Elif konu\u015fur. Ben yapm\u0131\u015f olabilirim Hakim Bey, san\u0131r\u0131m H\u00fcseyin Demir&#8217;i ben \u00f6ld\u00fcrd\u00fcm. Bu ifade herkesi \u015foke der.<\/p>\n<p><a href=\"http:\/\/balcilar-blog.com\/wp-content\/uploads\/2015\/05\/Ekran-Al\u0131nt\u0131s\u0131KPA48.1.png\"><img loading=\"lazy\" decoding=\"async\" class=\"alignnone size-full wp-image-9163\" src=\"http:\/\/balcilar-blog.com\/wp-content\/uploads\/2015\/05\/Ekran-Al\u0131nt\u0131s\u0131KPA48.1.png\" alt=\"Ekran Al\u0131nt\u0131s\u0131KPA48.1\" width=\"640\" height=\"383\" srcset=\"https:\/\/balcilar-blog.com\/wp-content\/uploads\/2015\/05\/Ekran-Al\u0131nt\u0131s\u0131KPA48.1.png 640w, https:\/\/balcilar-blog.com\/wp-content\/uploads\/2015\/05\/Ekran-Al\u0131nt\u0131s\u0131KPA48.1-300x180.png 300w\" sizes=\"auto, (max-width: 640px) 100vw, 640px\" \/><\/a><\/p>\n<p>Nil\u00fcfer ablas\u0131 ile Metin aras\u0131nda kal\u0131r. Nil\u00fcfer Metin&#8217;e \u00d6mer&#8217;e verdi\u011fi s\u00f6zlerini tutmas\u0131n\u0131, ablas\u0131n\u0131 hapisten kurtarmas\u0131n\u0131 ister ama ikna edemez. Metin, Elif ve H\u00fcseyin Demir ile ilgili bir \u015fey anlat\u0131rsan ger\u00e7ekten ben \u00f6l\u00fcr\u00fcm, sen de katilim olursun diyerek duygu s\u00f6m\u00fcr\u00fcs\u00fc yapar.<\/p>\n<p><a href=\"http:\/\/balcilar-blog.com\/wp-content\/uploads\/2015\/05\/Ekran-Al\u0131nt\u0131s\u0131KPA48.3.png\"><img loading=\"lazy\" decoding=\"async\" class=\"alignnone size-full wp-image-9178\" src=\"http:\/\/balcilar-blog.com\/wp-content\/uploads\/2015\/05\/Ekran-Al\u0131nt\u0131s\u0131KPA48.3.png\" alt=\"Ekran Al\u0131nt\u0131s\u0131KPA48.3\" width=\"640\" height=\"358\" srcset=\"https:\/\/balcilar-blog.com\/wp-content\/uploads\/2015\/05\/Ekran-Al\u0131nt\u0131s\u0131KPA48.3.png 640w, https:\/\/balcilar-blog.com\/wp-content\/uploads\/2015\/05\/Ekran-Al\u0131nt\u0131s\u0131KPA48.3-300x168.png 300w\" sizes=\"auto, (max-width: 640px) 100vw, 640px\" \/><\/a><\/p>\n<p>Nedret Han\u0131m da eve d\u00f6n\u00fc\u015f\u00fcnde kapal\u0131 kap\u0131lar ard\u0131nda Tayyar D\u00fcndar ile pazarl\u0131\u011fa devam eder.<\/p>\n<p><a href=\"http:\/\/balcilar-blog.com\/wp-content\/uploads\/2015\/05\/Ekran-Al\u0131nt\u0131s\u0131KPA48.5.png\"><img loading=\"lazy\" decoding=\"async\" class=\"alignnone size-full wp-image-9180\" src=\"http:\/\/balcilar-blog.com\/wp-content\/uploads\/2015\/05\/Ekran-Al\u0131nt\u0131s\u0131KPA48.5.png\" alt=\"Ekran Al\u0131nt\u0131s\u0131KPA48.5\" width=\"640\" height=\"367\" srcset=\"https:\/\/balcilar-blog.com\/wp-content\/uploads\/2015\/05\/Ekran-Al\u0131nt\u0131s\u0131KPA48.5.png 640w, https:\/\/balcilar-blog.com\/wp-content\/uploads\/2015\/05\/Ekran-Al\u0131nt\u0131s\u0131KPA48.5-300x172.png 300w\" sizes=\"auto, (max-width: 640px) 100vw, 640px\" \/><\/a><\/p>\n<p>Tayyar&#8217;a telefon a\u00e7ar; &#8220;Bana bak ne yap\u0131yorsun sen bu Elif&#8217;e, k\u0131z\u0131n durumu \u00e7ok k\u00f6t\u00fc? Tayyar, ben masumum, ne yapt\u0131ysa kendine yapt\u0131. Zaten oldum bittim sorunlu bir k\u0131zca\u011f\u0131zd\u0131. Nedret sesinin tonunu artt\u0131rarak; &#8220;Bana bak z\u0131rvalay\u0131p durma, bu \u00e7ocuk benim ye\u011fenim. Anl\u0131yor musun? Elif&#8217;i nas\u0131l bu hale getirdiysen, durdur. Bu kadar\u0131na gerek yok. Tayyar; Nas\u0131l gerek yok, o k\u0131zla sevgilisi y\u0131llard\u0131r ilmek ilmek \u00f6rd\u00fc\u011f\u00fcm\u00fcz tezgah\u0131 meydana \u00e7\u0131kart\u0131yorlard\u0131. E\u011fer ben onlar\u0131 durdurmasayd\u0131m, sana da ula\u015f\u0131rlard\u0131. \u015eimdi emir ya\u011fd\u0131rmadan \u00f6nce iyi d\u00fc\u015f\u00fcn. Tayyar i\u00e7eri girerse s\u0131rada kim var diye&#8230; Hatta zahmet etme sen vars\u0131n, arkamdan kuzu kuzu gelirsin. Nedret; Bana bak Tayyar D\u00fcndar. ne diyorsam onu yap, duydun mu beni&#8230; Hakim 5 g\u00fcn sonraya erteledi duru\u015fmay\u0131, yani karar\u0131n\u0131 o zaman verecek. Bu ne demek oluyor, 5 g\u00fcn\u00fcn var. E\u011fer sen bir \u015fey yapmazsan ben bir \u015fey yapaca\u011f\u0131m haberin olsun. Birini tutucam ve su\u00e7u \u00fcst\u00fcne al\u0131cak, bu kadar. Art\u0131k gerisini sen d\u00fc\u015f\u00fcn der ve telefonu kapt\u0131r.<\/p>\n<p><a href=\"http:\/\/balcilar-blog.com\/wp-content\/uploads\/2015\/05\/Ekran-Al\u0131nt\u0131s\u0131KPA48.6.png\"><img loading=\"lazy\" decoding=\"async\" class=\"alignnone size-full wp-image-9181\" src=\"http:\/\/balcilar-blog.com\/wp-content\/uploads\/2015\/05\/Ekran-Al\u0131nt\u0131s\u0131KPA48.6.png\" alt=\"Ekran Al\u0131nt\u0131s\u0131KPA48.6\" width=\"640\" height=\"370\" srcset=\"https:\/\/balcilar-blog.com\/wp-content\/uploads\/2015\/05\/Ekran-Al\u0131nt\u0131s\u0131KPA48.6.png 640w, https:\/\/balcilar-blog.com\/wp-content\/uploads\/2015\/05\/Ekran-Al\u0131nt\u0131s\u0131KPA48.6-300x173.png 300w\" sizes=\"auto, (max-width: 640px) 100vw, 640px\" \/><\/a><\/p>\n<p>Tayyar ile Nedret hala i\u015fbirlik\u00e7i olduklar\u0131n\u0131 bizler yeni \u00f6\u011frendik. Tayyar ne ise Nedret de o&#8230;<\/p>\n<p><a href=\"http:\/\/balcilar-blog.com\/wp-content\/uploads\/2015\/05\/Ekran-Al\u0131nt\u0131s\u0131KPA48.7.png\"><img loading=\"lazy\" decoding=\"async\" class=\"alignnone size-full wp-image-9182\" src=\"http:\/\/balcilar-blog.com\/wp-content\/uploads\/2015\/05\/Ekran-Al\u0131nt\u0131s\u0131KPA48.7.png\" alt=\"Ekran Al\u0131nt\u0131s\u0131KPA48.7\" width=\"640\" height=\"370\" srcset=\"https:\/\/balcilar-blog.com\/wp-content\/uploads\/2015\/05\/Ekran-Al\u0131nt\u0131s\u0131KPA48.7.png 640w, https:\/\/balcilar-blog.com\/wp-content\/uploads\/2015\/05\/Ekran-Al\u0131nt\u0131s\u0131KPA48.7-300x173.png 300w\" sizes=\"auto, (max-width: 640px) 100vw, 640px\" \/><\/a><\/p>\n<p>Polis \u0130pek eve gelir, Asl\u0131&#8217;ya Nedret Hal\u0131n\u0131n ipli\u011fi pazara \u00e7\u0131karmak ister. \u0130pek, sizlerden aileden bir \u015feyler sakl\u0131yor, bir tak\u0131m i\u015fler \u00e7eviriyor. Yan\u0131nda k\u0131z H\u00fclya&#8217;n\u0131n asl\u0131nda onun k\u0131z\u0131&#8230; O s\u0131rada Nedret Han\u0131m gelir bu konu\u015fma yar\u0131m kal\u0131r.<\/p>\n<p><a href=\"http:\/\/balcilar-blog.com\/wp-content\/uploads\/2015\/05\/Ekran-Al\u0131nt\u0131s\u0131KPA48.8.png\"><img loading=\"lazy\" decoding=\"async\" class=\"alignnone size-full wp-image-9183\" src=\"http:\/\/balcilar-blog.com\/wp-content\/uploads\/2015\/05\/Ekran-Al\u0131nt\u0131s\u0131KPA48.8.png\" alt=\"Ekran Al\u0131nt\u0131s\u0131KPA48.8\" width=\"640\" height=\"365\" srcset=\"https:\/\/balcilar-blog.com\/wp-content\/uploads\/2015\/05\/Ekran-Al\u0131nt\u0131s\u0131KPA48.8.png 640w, https:\/\/balcilar-blog.com\/wp-content\/uploads\/2015\/05\/Ekran-Al\u0131nt\u0131s\u0131KPA48.8-300x171.png 300w\" sizes=\"auto, (max-width: 640px) 100vw, 640px\" \/><\/a><\/p>\n<p>\u00d6mer hapishaneye Elif&#8217;e gider, \u00f6zel izinle Elif ile konu\u015fur. Elif \u00e7ok gariptir, ald\u0131\u011f\u0131 uyu\u015fturucu haplar\u0131n etkisiyle d\u00fc\u015fer bay\u0131l\u0131r.<\/p>\n<p><a href=\"http:\/\/balcilar-blog.com\/wp-content\/uploads\/2015\/05\/Ekran-Al\u0131nt\u0131s\u0131KPA48.9.png\"><img loading=\"lazy\" decoding=\"async\" class=\"alignnone size-full wp-image-9184\" src=\"http:\/\/balcilar-blog.com\/wp-content\/uploads\/2015\/05\/Ekran-Al\u0131nt\u0131s\u0131KPA48.9.png\" alt=\"Ekran Al\u0131nt\u0131s\u0131KPA48.9\" width=\"640\" height=\"358\" srcset=\"https:\/\/balcilar-blog.com\/wp-content\/uploads\/2015\/05\/Ekran-Al\u0131nt\u0131s\u0131KPA48.9.png 640w, https:\/\/balcilar-blog.com\/wp-content\/uploads\/2015\/05\/Ekran-Al\u0131nt\u0131s\u0131KPA48.9-300x168.png 300w\" sizes=\"auto, (max-width: 640px) 100vw, 640px\" \/><\/a><\/p>\n<p>\u00d6mer doktor \u00e7a\u011f\u0131r\u0131r, serum verilir. Doktor psikiyatristin verdi\u011fi ila\u00e7tan \u015f\u00fcphelenir, \u00d6mer ilac\u0131 al\u0131r, inceletir. Sonra o psikiyatristin evine gider, bir g\u00fczel benzetir. Yapt\u0131\u011f\u0131n her \u015feyi hakime anlatmas\u0131n\u0131 ister.<\/p>\n<p><a href=\"http:\/\/balcilar-blog.com\/wp-content\/uploads\/2015\/05\/Ekran-Al\u0131nt\u0131s\u0131KPA48.10.png\"><img loading=\"lazy\" decoding=\"async\" class=\"alignnone size-full wp-image-9185\" src=\"http:\/\/balcilar-blog.com\/wp-content\/uploads\/2015\/05\/Ekran-Al\u0131nt\u0131s\u0131KPA48.10.png\" alt=\"Ekran Al\u0131nt\u0131s\u0131KPA48.10\" width=\"640\" height=\"366\" srcset=\"https:\/\/balcilar-blog.com\/wp-content\/uploads\/2015\/05\/Ekran-Al\u0131nt\u0131s\u0131KPA48.10.png 640w, https:\/\/balcilar-blog.com\/wp-content\/uploads\/2015\/05\/Ekran-Al\u0131nt\u0131s\u0131KPA48.10-300x172.png 300w\" sizes=\"auto, (max-width: 640px) 100vw, 640px\" \/><\/a><\/p>\n<p>Metin H\u00fcseyin&#8217;e protez baca\u011f\u0131 takt\u0131r\u0131r, babas\u0131 Tayyar&#8217;\u0131 \u00f6ld\u00fcrmesi i\u00e7in onu ikna eder, sonra da \u00f6zg\u00fcr kalacak yurt d\u0131\u015f\u0131na \u00e7\u0131kartacakt\u0131r.<\/p>\n<p>Elif tedaviden sonra kendine gelir, morali de d\u00fczelmi\u015ftir. \u0130\u00e7erideki mahkumlara un helvas\u0131 yapar.<\/p>\n<p><a href=\"http:\/\/balcilar-blog.com\/wp-content\/uploads\/2015\/05\/Ekran-Al\u0131nt\u0131s\u0131KPA48.11.png\"><img loading=\"lazy\" decoding=\"async\" class=\"alignnone size-full wp-image-9186\" src=\"http:\/\/balcilar-blog.com\/wp-content\/uploads\/2015\/05\/Ekran-Al\u0131nt\u0131s\u0131KPA48.11.png\" alt=\"Ekran Al\u0131nt\u0131s\u0131KPA48.11\" width=\"640\" height=\"312\" srcset=\"https:\/\/balcilar-blog.com\/wp-content\/uploads\/2015\/05\/Ekran-Al\u0131nt\u0131s\u0131KPA48.11.png 640w, https:\/\/balcilar-blog.com\/wp-content\/uploads\/2015\/05\/Ekran-Al\u0131nt\u0131s\u0131KPA48.11-300x146.png 300w\" sizes=\"auto, (max-width: 640px) 100vw, 640px\" \/><\/a><\/p>\n<p>\u00d6mer bir u\u00e7urtma yapar, u\u00e7urtman\u0131n \u00fcst\u00fcne resimlerini yap\u0131\u015ft\u0131r. Hapishane bah\u00e7esi d\u0131\u015f\u0131ndan bir araban\u0131n \u00fcst\u00fcne \u00e7\u0131ker u\u00e7urtmay\u0131 u\u00e7urur, Elif de i\u00e7eriden g\u00f6r\u00fcr, \u00e7ok da mutlu olur. \u00d6mer, seslenir, ad\u0131m\u0131z\u0131 g\u00f6ky\u00fcz\u00fcne yazd\u0131raca\u011f\u0131z, sak\u0131n g\u00fcl\u00fcmsemekten vazge\u00e7me diyerek ona moral verir.<\/p>\n<p><a href=\"http:\/\/balcilar-blog.com\/wp-content\/uploads\/2015\/05\/CGJs0H6WIAA9bpb.jpg\"><img loading=\"lazy\" decoding=\"async\" class=\"alignnone size-full wp-image-9176\" src=\"http:\/\/balcilar-blog.com\/wp-content\/uploads\/2015\/05\/CGJs0H6WIAA9bpb.jpg\" alt=\"CGJs0H6WIAA9bpb\" width=\"640\" height=\"320\" srcset=\"https:\/\/balcilar-blog.com\/wp-content\/uploads\/2015\/05\/CGJs0H6WIAA9bpb.jpg 640w, https:\/\/balcilar-blog.com\/wp-content\/uploads\/2015\/05\/CGJs0H6WIAA9bpb-300x150.jpg 300w\" sizes=\"auto, (max-width: 640px) 100vw, 640px\" \/><\/a><\/p>\n<p>Bu mutlulu\u011fu bayan gardiyan bozar, b\u00fct\u00fcn mahkumlar\u0131 avludan i\u00e7eri sokar.<\/p>\n<p>\u00d6mer Elif&#8217;in kul\u00fcbeye nas\u0131l getirildi\u011fi ile i\u015fin pe\u015fine d\u00fc\u015fer, b\u00fct\u00fcn ilmikleri \u00e7\u00f6zer. O gece neler oldu\u011funu g\u00f6revliden \u00f6\u011frenir. Kul\u00fcbeden aya\u011f\u0131 kesilmi\u015f adam\u0131 ald\u0131klar\u0131 s\u00f6yler, H\u00fcseyin&#8217;i tarif eder. \u00d6mer d\u00fc\u015f\u00fcnd\u00fck\u00e7e her \u015feyi \u00e7\u00f6zer.<\/p>\n<p><a href=\"http:\/\/balcilar-blog.com\/wp-content\/uploads\/2015\/05\/Ekran-Al\u0131nt\u0131s\u0131kpa48.12a.png\"><img loading=\"lazy\" decoding=\"async\" class=\"alignnone size-full wp-image-9189\" src=\"http:\/\/balcilar-blog.com\/wp-content\/uploads\/2015\/05\/Ekran-Al\u0131nt\u0131s\u0131kpa48.12a.png\" alt=\"Ekran Al\u0131nt\u0131s\u0131kpa48.12a\" width=\"640\" height=\"361\" srcset=\"https:\/\/balcilar-blog.com\/wp-content\/uploads\/2015\/05\/Ekran-Al\u0131nt\u0131s\u0131kpa48.12a.png 640w, https:\/\/balcilar-blog.com\/wp-content\/uploads\/2015\/05\/Ekran-Al\u0131nt\u0131s\u0131kpa48.12a-300x169.png 300w\" sizes=\"auto, (max-width: 640px) 100vw, 640px\" \/><\/a><\/p>\n<p>Fatih babas\u0131 Tayyar&#8217;\u0131n ameliyat sonras\u0131 kald\u0131\u011f\u0131 yeri bulur ve H\u00fcseyin&#8217;i oraya g\u00f6nderir. D\u0131\u015far\u0131daki n\u00f6bet\u00e7ilerin de bir bir temizlenmesini yard\u0131m eder. H\u00fcseyin emmio\u011flunun yan\u0131na odas\u0131na girmeyi ba\u015far\u0131r. Tayyar Bey ald\u0131\u011f\u0131 narkozun etkisi ile m\u0131\u015f\u0131l m\u0131\u015f\u0131l uyuyordur. Tabancay\u0131 ba\u015f\u0131na dayar.<\/p>\n<p><a href=\"http:\/\/balcilar-blog.com\/wp-content\/uploads\/2015\/05\/Ekran-Al\u0131nt\u0131s\u0131KPA48.12.png\"><img loading=\"lazy\" decoding=\"async\" class=\"alignnone size-full wp-image-9187\" src=\"http:\/\/balcilar-blog.com\/wp-content\/uploads\/2015\/05\/Ekran-Al\u0131nt\u0131s\u0131KPA48.12.png\" alt=\"Ekran Al\u0131nt\u0131s\u0131KPA48.12\" width=\"640\" height=\"367\" srcset=\"https:\/\/balcilar-blog.com\/wp-content\/uploads\/2015\/05\/Ekran-Al\u0131nt\u0131s\u0131KPA48.12.png 640w, https:\/\/balcilar-blog.com\/wp-content\/uploads\/2015\/05\/Ekran-Al\u0131nt\u0131s\u0131KPA48.12-300x172.png 300w\" sizes=\"auto, (max-width: 640px) 100vw, 640px\" \/><\/a><\/p>\n<p>Elif lavaboda elini y\u00fcz\u00fcn\u00fc y\u0131kar. O s\u0131rada uyu\u015fturucu sat\u0131c\u0131 kad\u0131n i\u00e7eri girer. Cezaevinde bir kural vard\u0131r, ispiyoncular hi\u00e7 sevilmez der ve Elif&#8217;in karn\u0131na elindeki tornaviday\u0131 saplar.<\/p>\n<p><a href=\"http:\/\/balcilar-blog.com\/wp-content\/uploads\/2015\/05\/Ekran-Al\u0131nt\u0131s\u0131KPA48.13.png\"><img loading=\"lazy\" decoding=\"async\" class=\"alignnone size-full wp-image-9188\" src=\"http:\/\/balcilar-blog.com\/wp-content\/uploads\/2015\/05\/Ekran-Al\u0131nt\u0131s\u0131KPA48.13.png\" alt=\"Ekran Al\u0131nt\u0131s\u0131KPA48.13\" width=\"640\" height=\"369\" srcset=\"https:\/\/balcilar-blog.com\/wp-content\/uploads\/2015\/05\/Ekran-Al\u0131nt\u0131s\u0131KPA48.13.png 640w, https:\/\/balcilar-blog.com\/wp-content\/uploads\/2015\/05\/Ekran-Al\u0131nt\u0131s\u0131KPA48.13-300x173.png 300w\" sizes=\"auto, (max-width: 640px) 100vw, 640px\" \/><\/a><\/p>\n<p>Ve 48.B\u00f6l\u00fcm burada sona erer. \u00d6mer, a\u011fabeyinin sa\u011f oldu\u011funu \u00e7\u00f6zm\u00fc\u015f, H\u00fcseyin tabancan\u0131n teti\u011fini Tayyar&#8217;\u0131n ba\u015f\u0131na dayar, teti\u011fi \u00e7ekmek \u00fczeredir. Elif de hapishanede karn\u0131ndan \u015fi\u015flenmi\u015ftir.<\/p>\n<p><a href=\"http:\/\/balcilar-blog.com\/wp-content\/uploads\/2015\/05\/Ekran-Al\u0131nt\u0131s\u0131KPA48.SON_.png\"><img loading=\"lazy\" decoding=\"async\" class=\"alignnone size-full wp-image-9165\" src=\"http:\/\/balcilar-blog.com\/wp-content\/uploads\/2015\/05\/Ekran-Al\u0131nt\u0131s\u0131KPA48.SON_.png\" alt=\"Ekran Al\u0131nt\u0131s\u0131KPA48.SON\" width=\"640\" height=\"361\" srcset=\"https:\/\/balcilar-blog.com\/wp-content\/uploads\/2015\/05\/Ekran-Al\u0131nt\u0131s\u0131KPA48.SON_.png 640w, https:\/\/balcilar-blog.com\/wp-content\/uploads\/2015\/05\/Ekran-Al\u0131nt\u0131s\u0131KPA48.SON_-300x169.png 300w\" sizes=\"auto, (max-width: 640px) 100vw, 640px\" \/><\/a><\/p>\n<p>Art\u0131k finale 2 b\u00f6l\u00fcm kald\u0131. Herkes \u00f6l\u00fcm\u00fcn e\u015fi\u011finde. Tayyar&#8217;\u0131 H\u00fcseyin \u00f6ld\u00fcrebilecek mi? Elif karn\u0131ndan ald\u0131\u011f\u0131 darbe ile \u00f6lecek mi? B\u00fct\u00fcn d\u00fc\u011f\u00fcmler \u00e7\u00f6z\u00fclmek \u00fczere&#8230; Finalde her \u015feyi hep birlikte \u00f6\u011frenece\u011fiz.<\/p>\n<p>\u0130yi Seyirler.<\/p>\n<p>Sayg\u0131lar ve sevgiler.<\/p>\n<p>Abdurrahman Balc\u0131lar<\/p>\n<p>Twitter: abdurrahman balc\u0131lar@abbalcilar<\/p>\n<p>Mail : <a href=\"mailto:ab.balcilar@hotmail.com\">ab.balcilar@hotmail.com<\/a><\/p>\n<p>Blog:\u00a0<a href=\"http:\/\/t.co\/znqmIZgIqn\">blog.milliyet.com.tr\/cansever<\/a><\/p>\n<p>Blog:\u00a0<strong>balcilar<\/strong>&#8211;<strong>blog.com<\/strong><\/p>\n<p>&nbsp;<\/p>\n<p>Not: G\u00f6rseller diziden taraf\u0131mdan kopyalanm\u0131\u015ft\u0131r.<\/p>\n<p>&nbsp;<\/p>\n<p>&nbsp;<\/p>\n","protected":false},"excerpt":{"rendered":"<p>Ba\u015f rollerini Tuba B\u00fcy\u00fck\u00fcst\u00fcn ve Engin Aky\u00fcrek&#8217;in oynad\u0131\u011f\u0131 &#8220;Kara Para A\u015fk&#8221; da finale 2 b\u00f6l\u00fcm kald\u0131. 50.B\u00f6l\u00fcmde, final yap\u0131yor ve ekranlara veda ediyor. Ay Yap\u0131m&#8217;\u0131n polisiye macera a\u015fk dizisi &#8220;Kara Para A\u015fk&#8221; da \u00e7ember iyici daral\u0131yor. Tayyar D\u00fcndar tekrar b\u00f6brek ameliyat\u0131 olmu\u015f, Komiser H\u00fcseyin ameliyat sonras\u0131 onun hayat\u0131n\u0131 son vermek, azraili olmak i\u00e7in yata\u011f\u0131n\u0131n ba\u015f [&hellip;]<\/p>\n","protected":false},"author":3,"featured_media":0,"comment_status":"open","ping_status":"open","sticky":false,"template":"","format":"standard","meta":{"footnotes":""},"categories":[2],"tags":[48,82,304,305],"class_list":["post-9162","post","type-post","status-publish","format-standard","hentry","category-tv-programlari","tag-atv","tag-engin-akyurek","tag-kara-para-ask","tag-tuba-buyukustun"],"views":5132,"blog_post_layout_featured_media_urls":{"thumbnail":"","full":""},"categories_names":{"2":{"name":"TV Programlar\u0131","link":"https:\/\/balcilar-blog.com\/?cat=2"}},"tags_names":{"48":{"name":"ATV","link":"https:\/\/balcilar-blog.com\/?tag=atv"},"82":{"name":"Engin Aky\u00fcrek","link":"https:\/\/balcilar-blog.com\/?tag=engin-akyurek"},"304":{"name":"Kara Para A\u015fk","link":"https:\/\/balcilar-blog.com\/?tag=kara-para-ask"},"305":{"name":"Tuba B\u00fcy\u00fck\u00fcst\u00fcn","link":"https:\/\/balcilar-blog.com\/?tag=tuba-buyukustun"}},"comments_number":"0","wpmagazine_modules_lite_featured_media_urls":{"thumbnail":"","cvmm-medium":"","cvmm-medium-plus":"","cvmm-portrait":"","cvmm-medium-square":"","cvmm-large":"","cvmm-small":"","full":""},"_links":{"self":[{"href":"https:\/\/balcilar-blog.com\/index.php?rest_route=\/wp\/v2\/posts\/9162","targetHints":{"allow":["GET"]}}],"collection":[{"href":"https:\/\/balcilar-blog.com\/index.php?rest_route=\/wp\/v2\/posts"}],"about":[{"href":"https:\/\/balcilar-blog.com\/index.php?rest_route=\/wp\/v2\/types\/post"}],"author":[{"embeddable":true,"href":"https:\/\/balcilar-blog.com\/index.php?rest_route=\/wp\/v2\/users\/3"}],"replies":[{"embeddable":true,"href":"https:\/\/balcilar-blog.com\/index.php?rest_route=%2Fwp%2Fv2%2Fcomments&post=9162"}],"version-history":[{"count":6,"href":"https:\/\/balcilar-blog.com\/index.php?rest_route=\/wp\/v2\/posts\/9162\/revisions"}],"predecessor-version":[{"id":9192,"href":"https:\/\/balcilar-blog.com\/index.php?rest_route=\/wp\/v2\/posts\/9162\/revisions\/9192"}],"wp:attachment":[{"href":"https:\/\/balcilar-blog.com\/index.php?rest_route=%2Fwp%2Fv2%2Fmedia&parent=9162"}],"wp:term":[{"taxonomy":"category","embeddable":true,"href":"https:\/\/balcilar-blog.com\/index.php?rest_route=%2Fwp%2Fv2%2Fcategories&post=9162"},{"taxonomy":"post_tag","embeddable":true,"href":"https:\/\/balcilar-blog.com\/index.php?rest_route=%2Fwp%2Fv2%2Ftags&post=9162"}],"curies":[{"name":"wp","href":"https:\/\/api.w.org\/{rel}","templated":true}]}}