{"id":8995,"date":"2015-05-19T17:14:15","date_gmt":"2015-05-19T14:14:15","guid":{"rendered":"http:\/\/balcilar-blog.com\/?p=8995"},"modified":"2015-05-21T13:00:46","modified_gmt":"2015-05-21T10:00:46","slug":"medcezir-74-bolumde-yaman-dogum-gununu-kutluyor","status":"publish","type":"post","link":"https:\/\/balcilar-blog.com\/?p=8995","title":{"rendered":"Medcezir 74.B\u00f6l\u00fcmde Yaman do\u011fum g\u00fcn\u00fcn\u00fc kutluyor!"},"content":{"rendered":"<p><a href=\"http:\/\/balcilar-blog.com\/wp-content\/uploads\/2015\/05\/462839-3-4-fcf8e.jpg\"><img loading=\"lazy\" decoding=\"async\" class=\"alignnone size-full wp-image-8997\" src=\"http:\/\/balcilar-blog.com\/wp-content\/uploads\/2015\/05\/462839-3-4-fcf8e.jpg\" alt=\"462839-3-4-fcf8e\" width=\"640\" height=\"461\" srcset=\"https:\/\/balcilar-blog.com\/wp-content\/uploads\/2015\/05\/462839-3-4-fcf8e.jpg 640w, https:\/\/balcilar-blog.com\/wp-content\/uploads\/2015\/05\/462839-3-4-fcf8e-300x216.jpg 300w\" sizes=\"auto, (max-width: 640px) 100vw, 640px\" \/><\/a><\/p>\n<p><strong>Yaman ge\u00e7en y\u0131lki do\u011fum g\u00fcn\u00fc kutlamas\u0131nda, do\u011fum g\u00fcn\u00fc pastas\u0131n\u0131 keserken.<\/strong><\/p>\n<p>&nbsp;<\/p>\n<p style=\"line-height: 20.1pt;\">Ba\u015f rollerini <span style=\"color: #ff0000;\">\u00c7a\u011fatay Ulusoy<\/span> ve <span style=\"color: #ff0000;\">Serenay Sar\u0131kaya<\/span>&#8216;n\u0131n oynad\u0131\u011f\u0131, <span style=\"color: #ff0000;\">Ay Yap\u0131m<\/span>&#8216;\u0131n fenomen dizisi <span style=\"color: #ff0000;\">Medcezir<\/span> 74.B\u00f6l\u00fcm\u00fc ile 22 May\u0131s Cuma ak\u015fam\u0131 <span style=\"color: #ff0000;\">Star Tv<\/span> ekranlar\u0131nda olacak.<\/p>\n<p style=\"line-height: 20.1pt;\">20 May\u0131s Yaman&#8217;\u0131n do\u011fum g\u00fcn\u00fc ve ge\u00e7en y\u0131l oldu\u011fu gibi do\u011fum g\u00fcn\u00fc kutlanacak. Bu defa Yaman i\u00e7in \u00e7ok farkl\u0131 bir g\u00fcn. Ba\u015fta ni\u015fanl\u0131s\u0131 Mira olmak \u00fczere t\u00fcm Alt\u0131nkoy gen\u00e7leri ve manevi babas\u0131 Selim Bey, karde\u015fi Mert, ilk geldi\u011finde Yaman&#8217;\u0131n yata\u011f\u0131na girerek onu \u015fak\u0131nl\u0131\u011fa u\u011fratan Sedef Han\u0131m hep onun seveni ve dostu. Art\u0131k Yaman&#8217;\u0131n tek d\u00fc\u015fman\u0131 var o da Orkun. Bak\u0131n Medcezir&#8217;in Yaman i\u00e7in kim neler s\u00f6ylemi\u015f.<\/p>\n<p style=\"line-height: 20.1pt;\"><span style=\"color: #0000ff;\"><strong>Selim Serez<\/strong><\/span>\u00a0: &#8220;O g\u00fcnden sonra sahip oldu\u011fum \u015feyler sadece benim de\u011fildi. Ailem, hayat\u0131m, mutlulu\u011fum, bir o\u011flum daha olmu\u015ftu.&#8221;<\/p>\n<p style=\"line-height: 20.1pt;\"><span style=\"color: #0000ff;\"><strong>Mert<\/strong><\/span> ; &#8220;O g\u00fcn sakin hayat\u0131m\u0131za s\u00fcper bir kahraman girdi.&#8221;<\/p>\n<p style=\"line-height: 20.1pt;\"><span style=\"color: #0000ff;\"><strong>Sedef<\/strong> <\/span>; &#8220;Ama ne kahraman.&#8221;<\/p>\n<p style=\"line-height: 20.1pt;\"><span style=\"color: #0000ff;\"><strong>Burak<\/strong><\/span> ; &#8220;Hakl\u0131n\u0131n yan\u0131nda, haks\u0131z\u0131n kar\u015f\u0131s\u0131nda.&#8221;<\/p>\n<p style=\"line-height: 20.1pt;\"><span style=\"color: #0000ff;\"><strong>Hale<\/strong><\/span> ; &#8220;iyilerin dostu, k\u00f6t\u00fclerin d\u00fc\u015fman\u0131.&#8221;<\/p>\n<p style=\"line-height: 20.1pt;\"><span style=\"color: #0000ff;\"><strong>Beren<\/strong><\/span> ; &#8220;Tatl\u0131 bela, cad\u0131lar\u0131n de\u011fi\u015fmez orta\u011f\u0131.&#8221;<\/p>\n<p style=\"line-height: 20.1pt;\"><span style=\"color: #0000ff;\"><strong>Doruk<\/strong><\/span> ; &#8220;Sevenin destek\u00e7isi&#8230;&#8221;<\/p>\n<p style=\"line-height: 20.1pt;\"><strong><span style=\"color: #0000ff;\">Eda<\/span><\/strong> ; &#8220;Sevmeyenin yol g\u00f6stericisi&#8230;&#8221;<\/p>\n<p style=\"line-height: 20.1pt;\"><a href=\"http:\/\/balcilar-blog.com\/wp-content\/uploads\/2015\/05\/Ekran-Al\u0131nt\u0131s\u0131MD74.FRG1_.png\"><img loading=\"lazy\" decoding=\"async\" class=\"alignnone size-full wp-image-9038\" src=\"http:\/\/balcilar-blog.com\/wp-content\/uploads\/2015\/05\/Ekran-Al\u0131nt\u0131s\u0131MD74.FRG1_.png\" alt=\"Ekran Al\u0131nt\u0131s\u0131MD74.FRG1\" width=\"640\" height=\"366\" srcset=\"https:\/\/balcilar-blog.com\/wp-content\/uploads\/2015\/05\/Ekran-Al\u0131nt\u0131s\u0131MD74.FRG1_.png 640w, https:\/\/balcilar-blog.com\/wp-content\/uploads\/2015\/05\/Ekran-Al\u0131nt\u0131s\u0131MD74.FRG1_-300x172.png 300w\" sizes=\"auto, (max-width: 640px) 100vw, 640px\" \/><\/a><\/p>\n<p style=\"line-height: 20.1pt;\"><strong><span style=\"color: #0000ff;\">Mira<\/span><\/strong> ; &#8220;\u0130yi ki do\u011fdun sevgilim. seni seviyorum.&#8221;<\/p>\n<p style=\"line-height: 20.1pt;\"><a href=\"http:\/\/balcilar-blog.com\/wp-content\/uploads\/2015\/05\/Ekran-Al\u0131nt\u0131s\u0131MD74.FRG2_.png\"><img loading=\"lazy\" decoding=\"async\" class=\"alignnone size-full wp-image-9039\" src=\"http:\/\/balcilar-blog.com\/wp-content\/uploads\/2015\/05\/Ekran-Al\u0131nt\u0131s\u0131MD74.FRG2_.png\" alt=\"Ekran Al\u0131nt\u0131s\u0131MD74.FRG2\" width=\"640\" height=\"375\" srcset=\"https:\/\/balcilar-blog.com\/wp-content\/uploads\/2015\/05\/Ekran-Al\u0131nt\u0131s\u0131MD74.FRG2_.png 640w, https:\/\/balcilar-blog.com\/wp-content\/uploads\/2015\/05\/Ekran-Al\u0131nt\u0131s\u0131MD74.FRG2_-300x176.png 300w\" sizes=\"auto, (max-width: 640px) 100vw, 640px\" \/><\/a><\/p>\n<p style=\"line-height: 20.1pt;\">Ve <strong><span style=\"color: #0000ff;\">Yaman<\/span><\/strong> Medcezir&#8217;in yaratt\u0131\u011f\u0131 m\u00fcstesna insan, ola\u011fan\u00fcst\u00fc iyi karakter. Selim Serez&#8217;in Tozludere&#8217;nin \u00e7amurundan \u00e7\u0131kart\u0131\u011f\u0131, Mert&#8217;in dedi\u011fi gibi ger\u00e7ekten &#8220;S\u00fcpermen&#8221; bir adam Yaman.<\/p>\n<p style=\"line-height: 20.1pt;\">\u0130lk g\u00fcnden,<\/p>\n<p style=\"line-height: 20.1pt;\"><a href=\"http:\/\/balcilar-blog.com\/wp-content\/uploads\/2015\/05\/cagatay-ulusoy-sac-stili.jpg\"><img loading=\"lazy\" decoding=\"async\" class=\"alignnone size-full wp-image-9042\" src=\"http:\/\/balcilar-blog.com\/wp-content\/uploads\/2015\/05\/cagatay-ulusoy-sac-stili.jpg\" alt=\"cagatay-ulusoy-sac-stili\" width=\"640\" height=\"352\" srcset=\"https:\/\/balcilar-blog.com\/wp-content\/uploads\/2015\/05\/cagatay-ulusoy-sac-stili.jpg 640w, https:\/\/balcilar-blog.com\/wp-content\/uploads\/2015\/05\/cagatay-ulusoy-sac-stili-300x165.jpg 300w\" sizes=\"auto, (max-width: 640px) 100vw, 640px\" \/><\/a><\/p>\n<p style=\"line-height: 20.1pt;\">Bu g\u00fcne&#8230;<\/p>\n<p style=\"line-height: 20.1pt;\"><a href=\"http:\/\/balcilar-blog.com\/wp-content\/uploads\/2015\/05\/Ekran-Al\u0131nt\u0131s\u0131MD74.FRG3_.png\"><img loading=\"lazy\" decoding=\"async\" class=\"alignnone size-full wp-image-9040\" src=\"http:\/\/balcilar-blog.com\/wp-content\/uploads\/2015\/05\/Ekran-Al\u0131nt\u0131s\u0131MD74.FRG3_.png\" alt=\"Ekran Al\u0131nt\u0131s\u0131MD74.FRG3\" width=\"640\" height=\"368\" srcset=\"https:\/\/balcilar-blog.com\/wp-content\/uploads\/2015\/05\/Ekran-Al\u0131nt\u0131s\u0131MD74.FRG3_.png 640w, https:\/\/balcilar-blog.com\/wp-content\/uploads\/2015\/05\/Ekran-Al\u0131nt\u0131s\u0131MD74.FRG3_-300x173.png 300w\" sizes=\"auto, (max-width: 640px) 100vw, 640px\" \/><\/a><\/p>\n<p style=\"line-height: 20.1pt;\">74.B\u00f6l\u00fcm yay\u0131nlanan 2.fragman\u0131 i\u015fte b\u00f6yle diyor. Bu kadar \u00e7ok sevilen bir &#8220;Yaman&#8221; karakterini can verdiniz, Onu biraz da siz yaratt\u0131n\u0131z Ece Y\u00f6ren\u00e7. Bu nedenledir ki, \u00a0\u00c7a\u011fatay Ulusoy&#8217;un bu dizisi bitmemeli ve Eyl\u00fcl&#8217;de 3.Sezon mutlaka olmal\u0131, izleyicinin genel iste\u011fi bu do\u011frultudad\u0131r.<\/p>\n<p style=\"line-height: 200%;\"><span style=\"font-size: 14.0pt; line-height: 200%; font-family: 'Georgia','serif'; color: #333333;\">#Medcezir 74.B\u00f6l\u00fcm Bas\u0131n \u00d6zeti:<\/span><\/p>\n<p style=\"line-height: 115%;\"><span style=\"font-size: 14.0pt; line-height: 115%; font-family: 'Georgia','serif'; color: #333333;\">Mert, Mira\u2019n\u0131n g\u00f6zleri \u00f6n\u00fcnde \u00f6l\u00fcm\u00fcn k\u0131y\u0131s\u0131ndan d\u00f6ner. Mert\u2019i kaybetme korkusu, Eyl\u00fcl\u2019\u00fc derinden etkileyince Mert de f\u0131rsattan istifade t\u00fcm g\u00fcc\u00fcyle Eyl\u00fcl\u2019\u00fc yak\u0131n\u0131nda tutmaya \u00e7al\u0131\u015f\u0131r. Eyl\u00fcl ise \u00f6fkesini ve k\u0131rg\u0131nl\u0131\u011f\u0131n\u0131 bir s\u00fcreli\u011fine ask\u0131ya alarak, Mert\u2019le ge\u00e7irece\u011fi birka\u00e7 huzurlu saatin tad\u0131n\u0131 \u00e7\u0131karmaya \u00e7al\u0131\u015f\u0131r.<\/span><\/p>\n<p style=\"line-height: 115%;\"><a href=\"http:\/\/balcilar-blog.com\/wp-content\/uploads\/2015\/05\/Ekran-Al\u0131nt\u0131s\u0131MD74.FR2_.png\"><img loading=\"lazy\" decoding=\"async\" class=\"alignnone size-full wp-image-9004\" src=\"http:\/\/balcilar-blog.com\/wp-content\/uploads\/2015\/05\/Ekran-Al\u0131nt\u0131s\u0131MD74.FR2_.png\" alt=\"Ekran Al\u0131nt\u0131s\u0131MD74.FR2\" width=\"640\" height=\"369\" srcset=\"https:\/\/balcilar-blog.com\/wp-content\/uploads\/2015\/05\/Ekran-Al\u0131nt\u0131s\u0131MD74.FR2_.png 640w, https:\/\/balcilar-blog.com\/wp-content\/uploads\/2015\/05\/Ekran-Al\u0131nt\u0131s\u0131MD74.FR2_-300x173.png 300w\" sizes=\"auto, (max-width: 640px) 100vw, 640px\" \/><\/a><\/p>\n<p style=\"line-height: 115%;\"><span style=\"font-size: 14.0pt; line-height: 115%; font-family: 'Georgia','serif'; color: #333333;\">Sude, Mira ve Yaman\u2019\u0131n d\u00fc\u011f\u00fcn organizasyonu ile ilgili planlar\u0131n\u0131 dile getirince, iki aile aras\u0131ndaki gerilim de kendini g\u00f6stermeye ba\u015flar.<\/span><\/p>\n<p style=\"line-height: 115%;\"><a href=\"http:\/\/balcilar-blog.com\/wp-content\/uploads\/2015\/05\/Ekran-Al\u0131nt\u0131s\u0131MD74.FR3_.png\"><img loading=\"lazy\" decoding=\"async\" class=\"alignnone size-medium wp-image-9005\" src=\"http:\/\/balcilar-blog.com\/wp-content\/uploads\/2015\/05\/Ekran-Al\u0131nt\u0131s\u0131MD74.FR3_-300x167.png\" alt=\"Ekran Al\u0131nt\u0131s\u0131MD74.FR3\" width=\"300\" height=\"167\" srcset=\"https:\/\/balcilar-blog.com\/wp-content\/uploads\/2015\/05\/Ekran-Al\u0131nt\u0131s\u0131MD74.FR3_-300x167.png 300w, https:\/\/balcilar-blog.com\/wp-content\/uploads\/2015\/05\/Ekran-Al\u0131nt\u0131s\u0131MD74.FR3_.png 640w\" sizes=\"auto, (max-width: 300px) 100vw, 300px\" \/><\/a>\u00a0<a href=\"http:\/\/balcilar-blog.com\/wp-content\/uploads\/2015\/05\/Ekran-Al\u0131nt\u0131s\u0131MD74.FR4_.png\"><img loading=\"lazy\" decoding=\"async\" class=\"alignnone size-medium wp-image-9006\" src=\"http:\/\/balcilar-blog.com\/wp-content\/uploads\/2015\/05\/Ekran-Al\u0131nt\u0131s\u0131MD74.FR4_-300x170.png\" alt=\"Ekran Al\u0131nt\u0131s\u0131MD74.FR4\" width=\"300\" height=\"170\" srcset=\"https:\/\/balcilar-blog.com\/wp-content\/uploads\/2015\/05\/Ekran-Al\u0131nt\u0131s\u0131MD74.FR4_-300x170.png 300w, https:\/\/balcilar-blog.com\/wp-content\/uploads\/2015\/05\/Ekran-Al\u0131nt\u0131s\u0131MD74.FR4_.png 640w\" sizes=\"auto, (max-width: 300px) 100vw, 300px\" \/><\/a><\/p>\n<p style=\"line-height: 115%;\"><span style=\"font-size: 14.0pt; line-height: 115%; font-family: 'Georgia','serif'; color: #333333;\">Orkun\u2019un silah ta\u015f\u0131d\u0131\u011f\u0131 haberi h\u0131zla yay\u0131lmaya ba\u015flar ve Yaman, Orkun\u2019dan gelebilecek tehlikelere kar\u015f\u0131 her an tetikte bekler. Orkun da Yaman\u2019\u0131 k\u0131\u015fk\u0131rtmak ve \u00fczerine \u00e7ekmek i\u00e7in elinden geleni yapar. <\/span><\/p>\n<p style=\"line-height: 115%;\"><a href=\"http:\/\/balcilar-blog.com\/wp-content\/uploads\/2015\/05\/Ekran-Al\u0131nt\u0131s\u0131MD74.FR5_.png\"><img loading=\"lazy\" decoding=\"async\" class=\"alignnone size-full wp-image-9007\" src=\"http:\/\/balcilar-blog.com\/wp-content\/uploads\/2015\/05\/Ekran-Al\u0131nt\u0131s\u0131MD74.FR5_.png\" alt=\"Ekran Al\u0131nt\u0131s\u0131MD74.FR5\" width=\"640\" height=\"361\" srcset=\"https:\/\/balcilar-blog.com\/wp-content\/uploads\/2015\/05\/Ekran-Al\u0131nt\u0131s\u0131MD74.FR5_.png 640w, https:\/\/balcilar-blog.com\/wp-content\/uploads\/2015\/05\/Ekran-Al\u0131nt\u0131s\u0131MD74.FR5_-300x169.png 300w\" sizes=\"auto, (max-width: 640px) 100vw, 640px\" \/><\/a><\/p>\n<p style=\"line-height: 115%;\"><span style=\"font-size: 14.0pt; line-height: 115%; font-family: 'Georgia','serif'; color: #333333;\">Mira, Yaman\u2019\u0131n s\u00fcrpriz do\u011fum g\u00fcn\u00fc partisinin heyecan\u0131yla ko\u015ftururken, Orkun da ge\u00e7mi\u015fte can\u0131n\u0131 yakan herkesten bir bir intikam alarak, yolunda ilerler. Yaman\u2019\u0131 da haz\u0131rlad\u0131\u011f\u0131 tuza\u011fa ad\u0131m ad\u0131m yakla\u015ft\u0131rmay\u0131 ba\u015far\u0131r.<\/span><\/p>\n<p style=\"line-height: 115%;\"><a href=\"http:\/\/balcilar-blog.com\/wp-content\/uploads\/2015\/05\/112582.jpg\"><img loading=\"lazy\" decoding=\"async\" class=\"alignnone size-full wp-image-9000\" src=\"http:\/\/balcilar-blog.com\/wp-content\/uploads\/2015\/05\/112582.jpg\" alt=\"112582\" width=\"640\" height=\"360\" srcset=\"https:\/\/balcilar-blog.com\/wp-content\/uploads\/2015\/05\/112582.jpg 640w, https:\/\/balcilar-blog.com\/wp-content\/uploads\/2015\/05\/112582-300x169.jpg 300w\" sizes=\"auto, (max-width: 640px) 100vw, 640px\" \/><\/a><\/p>\n<p style=\"line-height: 115%;\"><span style=\"font-size: 14.0pt; line-height: 115%; font-family: 'Georgia','serif'; color: #333333;\">Yaman, Mira\u2019dan gizli ya\u015fad\u0131\u011f\u0131 t\u00fcm gerilime ra\u011fmen, do\u011fum g\u00fcn\u00fcn\u00fc keyif i\u00e7inde ge\u00e7irirken, Orkun\u2019un intikam h\u0131rs\u0131yla verdi\u011fi zararlar art\u0131k onun bile hesap edemeyece\u011fi kadar b\u00fcy\u00fck bir h\u0131zla yay\u0131l\u0131r\u2026<\/span><\/p>\n<p style=\"line-height: 20.1pt;\"><span style=\"font-size: 14.0pt; font-family: 'Tahoma','sans-serif'; color: #333333; background: white;\">Orkun&#8217;un tabancas\u0131ndan \u00e7\u0131kan kur\u015funlar Yaman&#8217;a isabet edecek mi?<\/span><\/p>\n<p style=\"line-height: 115%;\"><a href=\"http:\/\/balcilar-blog.com\/wp-content\/uploads\/2015\/05\/Ekran-Al\u0131nt\u0131s\u0131MD74.FR7_.png\"><img loading=\"lazy\" decoding=\"async\" class=\"alignnone size-full wp-image-9009\" src=\"http:\/\/balcilar-blog.com\/wp-content\/uploads\/2015\/05\/Ekran-Al\u0131nt\u0131s\u0131MD74.FR7_.png\" alt=\"Ekran Al\u0131nt\u0131s\u0131MD74.FR7\" width=\"640\" height=\"363\" srcset=\"https:\/\/balcilar-blog.com\/wp-content\/uploads\/2015\/05\/Ekran-Al\u0131nt\u0131s\u0131MD74.FR7_.png 640w, https:\/\/balcilar-blog.com\/wp-content\/uploads\/2015\/05\/Ekran-Al\u0131nt\u0131s\u0131MD74.FR7_-300x170.png 300w\" sizes=\"auto, (max-width: 640px) 100vw, 640px\" \/><\/a><\/p>\n<p style=\"line-height: 115%;\">B\u00fct\u00fcn bu olanlar\u0131 22 May\u0131s Cuma ak\u015fam\u0131 20,30&#8217;da Star Tv. ekranlar\u0131nda heyecanla izleyeceksiniz!<\/p>\n<p style=\"line-height: 115%;\">Do\u011fum g\u00fcn\u00fcn kutlu olsun Yaman, nice y\u0131llar ve de 3.sezona&#8230;<\/p>\n<p>Sayg\u0131lar ve sevgiler.<\/p>\n<p>Abdurrahman Balc\u0131lar<\/p>\n<p>Twitter: abdurrahman balc\u0131lar@abbalcilar<\/p>\n<p>Mail : <a href=\"mailto:ab.balcilar@hotmail.com\">ab.balcilar@hotmail.com<\/a><\/p>\n<p>Blog:\u00a0<a href=\"http:\/\/t.co\/znqmIZgIqn\">blog.milliyet.com.tr\/cansever<\/a><\/p>\n<p>Blog:\u00a0<strong>balcilar<\/strong>&#8211;<strong>blog.com<\/strong><\/p>\n<p>Not: G\u00f6rseller Medcezir 74.B\u00f6l\u00fcm fragmanlar\u0131ndan ve Haner Ay Yap\u0131m Persona Sanat Bas\u0131n B\u00fclteninden al\u0131nm\u0131\u015ft\u0131r.<\/p>\n<p>&nbsp;<\/p>\n<p><iframe loading=\"lazy\" title=\"Medcezir 74.B\u00f6l\u00fcm Fragman 1\" width=\"640\" height=\"360\" src=\"https:\/\/www.youtube.com\/embed\/-Px8a3BbSkM?feature=oembed\" frameborder=\"0\" allow=\"accelerometer; autoplay; clipboard-write; encrypted-media; gyroscope; picture-in-picture; web-share\" referrerpolicy=\"strict-origin-when-cross-origin\" allowfullscreen><\/iframe><\/p>\n<p>&nbsp;<\/p>\n<p><iframe loading=\"lazy\" title=\"Medcezir 74.B\u00f6l\u00fcm Fragman 2\" width=\"640\" height=\"360\" src=\"https:\/\/www.youtube.com\/embed\/w7MUSijbPwY?feature=oembed\" frameborder=\"0\" allow=\"accelerometer; autoplay; clipboard-write; encrypted-media; gyroscope; picture-in-picture; web-share\" referrerpolicy=\"strict-origin-when-cross-origin\" allowfullscreen><\/iframe><\/p>\n","protected":false},"excerpt":{"rendered":"<p>Yaman ge\u00e7en y\u0131lki do\u011fum g\u00fcn\u00fc kutlamas\u0131nda, do\u011fum g\u00fcn\u00fc pastas\u0131n\u0131 keserken. &nbsp; Ba\u015f rollerini \u00c7a\u011fatay Ulusoy ve Serenay Sar\u0131kaya&#8216;n\u0131n oynad\u0131\u011f\u0131, Ay Yap\u0131m&#8216;\u0131n fenomen dizisi Medcezir 74.B\u00f6l\u00fcm\u00fc ile 22 May\u0131s Cuma ak\u015fam\u0131 Star Tv ekranlar\u0131nda olacak. 20 May\u0131s Yaman&#8217;\u0131n do\u011fum g\u00fcn\u00fc ve ge\u00e7en y\u0131l oldu\u011fu gibi do\u011fum g\u00fcn\u00fc kutlanacak. Bu defa Yaman i\u00e7in \u00e7ok farkl\u0131 bir g\u00fcn. [&hellip;]<\/p>\n","protected":false},"author":3,"featured_media":0,"comment_status":"open","ping_status":"open","sticky":false,"template":"","format":"standard","meta":{"footnotes":""},"categories":[2],"tags":[26,15,16,27,25],"class_list":["post-8995","post","type-post","status-publish","format-standard","hentry","category-tv-programlari","tag-ay-yapim","tag-cagatay-ulusoy","tag-medcezir","tag-serenay-sarikaya","tag-star-tv"],"views":4555,"blog_post_layout_featured_media_urls":{"thumbnail":"","full":""},"categories_names":{"2":{"name":"TV Programlar\u0131","link":"https:\/\/balcilar-blog.com\/?cat=2"}},"tags_names":{"26":{"name":"Ay Yap\u0131m","link":"https:\/\/balcilar-blog.com\/?tag=ay-yapim"},"15":{"name":"\u00e7a\u011fatay ulusoy","link":"https:\/\/balcilar-blog.com\/?tag=cagatay-ulusoy"},"16":{"name":"medcezir","link":"https:\/\/balcilar-blog.com\/?tag=medcezir"},"27":{"name":"Serenay Sar\u0131kaya","link":"https:\/\/balcilar-blog.com\/?tag=serenay-sarikaya"},"25":{"name":"Star Tv","link":"https:\/\/balcilar-blog.com\/?tag=star-tv"}},"comments_number":"0","wpmagazine_modules_lite_featured_media_urls":{"thumbnail":"","cvmm-medium":"","cvmm-medium-plus":"","cvmm-portrait":"","cvmm-medium-square":"","cvmm-large":"","cvmm-small":"","full":""},"_links":{"self":[{"href":"https:\/\/balcilar-blog.com\/index.php?rest_route=\/wp\/v2\/posts\/8995","targetHints":{"allow":["GET"]}}],"collection":[{"href":"https:\/\/balcilar-blog.com\/index.php?rest_route=\/wp\/v2\/posts"}],"about":[{"href":"https:\/\/balcilar-blog.com\/index.php?rest_route=\/wp\/v2\/types\/post"}],"author":[{"embeddable":true,"href":"https:\/\/balcilar-blog.com\/index.php?rest_route=\/wp\/v2\/users\/3"}],"replies":[{"embeddable":true,"href":"https:\/\/balcilar-blog.com\/index.php?rest_route=%2Fwp%2Fv2%2Fcomments&post=8995"}],"version-history":[{"count":14,"href":"https:\/\/balcilar-blog.com\/index.php?rest_route=\/wp\/v2\/posts\/8995\/revisions"}],"predecessor-version":[{"id":9045,"href":"https:\/\/balcilar-blog.com\/index.php?rest_route=\/wp\/v2\/posts\/8995\/revisions\/9045"}],"wp:attachment":[{"href":"https:\/\/balcilar-blog.com\/index.php?rest_route=%2Fwp%2Fv2%2Fmedia&parent=8995"}],"wp:term":[{"taxonomy":"category","embeddable":true,"href":"https:\/\/balcilar-blog.com\/index.php?rest_route=%2Fwp%2Fv2%2Fcategories&post=8995"},{"taxonomy":"post_tag","embeddable":true,"href":"https:\/\/balcilar-blog.com\/index.php?rest_route=%2Fwp%2Fv2%2Ftags&post=8995"}],"curies":[{"name":"wp","href":"https:\/\/api.w.org\/{rel}","templated":true}]}}