{"id":8989,"date":"2015-05-19T12:16:56","date_gmt":"2015-05-19T09:16:56","guid":{"rendered":"http:\/\/balcilar-blog.com\/?p=8989"},"modified":"2015-05-20T17:20:48","modified_gmt":"2015-05-20T14:20:48","slug":"seref-meslesinin-yakisikli-oyuncusu-sukru-ozyildiz-evleniyor","status":"publish","type":"post","link":"https:\/\/balcilar-blog.com\/?p=8989","title":{"rendered":"\u015eeref Meselesi&#8217;nin yak\u0131\u015f\u0131kl\u0131 oyuncusu \u015e\u00fckr\u00fc \u00d6zy\u0131ld\u0131z evleniyor!"},"content":{"rendered":"<p><a href=\"http:\/\/balcilar-blog.com\/wp-content\/uploads\/2015\/05\/cats-\u015f\u00fckr\u00fc-\u015f\u00fckran.jpg\"><img loading=\"lazy\" decoding=\"async\" class=\"alignnone size-full wp-image-8990\" src=\"http:\/\/balcilar-blog.com\/wp-content\/uploads\/2015\/05\/cats-\u015f\u00fckr\u00fc-\u015f\u00fckran.jpg\" alt=\"cats \u015f\u00fckr\u00fc-\u015f\u00fckran\" width=\"640\" height=\"366\" srcset=\"https:\/\/balcilar-blog.com\/wp-content\/uploads\/2015\/05\/cats-\u015f\u00fckr\u00fc-\u015f\u00fckran.jpg 640w, https:\/\/balcilar-blog.com\/wp-content\/uploads\/2015\/05\/cats-\u015f\u00fckr\u00fc-\u015f\u00fckran-300x172.jpg 300w\" sizes=\"auto, (max-width: 640px) 100vw, 640px\" \/><\/a><\/p>\n<p>Bir dizi a\u015fk\u0131 daha ger\u00e7ek oluyor. Kanal D&#8217;de oynayan \u015eeref Meslesi&#8217;nin oyuncular\u0131ndan \u015e\u00fckr\u00fc \u00d6zy\u0131ld\u0131z ile \u015e\u00fckran Oval\u0131 evlenme karar\u0131 alm\u0131\u015flar. Dizinin yay\u0131nlanmaya ba\u015flad\u0131\u011f\u0131 \u015eubat 2015&#8217;den bu yana a\u015fk ya\u015fad\u0131klar\u0131 s\u00f6yleniyor.<\/p>\n<p>Ak\u015fam Magazin&#8217;in haberine g\u00f6re, ge\u00e7ti\u011fimiz 17 May\u0131s Pazar ak\u015fam\u0131 final yapan \u015eeref Meselesi&#8217;nin oyuncu \u00e7ifti evlilik karar\u0131 alm\u0131\u015flar.<\/p>\n<p>\u015eimdilerde birlikteliklerini s\u00fcrd\u00fcr\u00fcyorlar. Ge\u00e7ti\u011fimiz g\u00fcn birlikte Etiler&#8217;de \u00f6\u011fle yeme\u011fi yiyen \u00e7ift, hayranlar\u0131n\u0131n birlikte foto\u011fraf isteklerini geri \u00e7evirmemi\u015fler, her \u015feyin yolunda oldu\u011funu s\u00f6ylemi\u015flerdir.<\/p>\n<p>\u015eeref Meselesi dizisinde Emir karakterini canland\u0131ran \u015e\u00fckr\u00fc \u00d6zy\u0131ld\u0131z, bundan \u00f6nce de Gizem Karaca ile &#8220;Benim Hala Umudum Var&#8221; dizisinde &#8220;Ozan&#8221; karakteri olarak birlikte oynam\u0131\u015f ve son derece ba\u015far\u0131l\u0131 olmu\u015ftur. O s\u0131ralarda Gizem Karaca ile a\u015fk ya\u015fad\u0131klar\u0131 dedikodular\u0131 \u00e7\u0131kart\u0131lm\u0131\u015ft\u0131. Gizem Karaca &#8220;\u015e\u00fckr\u00fc ile karde\u015f gibi olduk. 7\/24 beraber sahnemiz var ve karakterimiz \u00e7ok uyu\u015fuyor.&#8221; demi\u015ftir.<\/p>\n<p><a href=\"http:\/\/balcilar-blog.com\/wp-content\/uploads\/2015\/05\/\u015f\u00fckr\u00fc-\u00f6zy\u0131ld\u0131z.jpg\"><img loading=\"lazy\" decoding=\"async\" class=\"alignnone size-full wp-image-8991\" src=\"http:\/\/balcilar-blog.com\/wp-content\/uploads\/2015\/05\/\u015f\u00fckr\u00fc-\u00f6zy\u0131ld\u0131z.jpg\" alt=\"\u015f\u00fckr\u00fc \u00f6zy\u0131ld\u0131z\" width=\"620\" height=\"350\" srcset=\"https:\/\/balcilar-blog.com\/wp-content\/uploads\/2015\/05\/\u015f\u00fckr\u00fc-\u00f6zy\u0131ld\u0131z.jpg 620w, https:\/\/balcilar-blog.com\/wp-content\/uploads\/2015\/05\/\u015f\u00fckr\u00fc-\u00f6zy\u0131ld\u0131z-300x169.jpg 300w\" sizes=\"auto, (max-width: 620px) 100vw, 620px\" \/><\/a><\/p>\n<p>Kime niyet kime k\u0131smet, bu iki ba\u015far\u0131l\u0131 oyuncumuz \u015e\u00fckr\u00fc \u00d6zy\u0131ld\u0131z ile \u015e\u00fckran Oval\u0131 evleniyorlarm\u0131\u015f. Biz de mutluluklar dileyelim.<\/p>\n<p>Sayg\u0131lar ve sevgiler.<\/p>\n<p>Abdurrahman Balc\u0131lar<\/p>\n<p>Twitter: abdurrahman balc\u0131lar@abbalcilar<\/p>\n<p>Mail : <a href=\"mailto:ab.balcilar@hotmail.com\">ab.balcilar@hotmail.com<\/a><\/p>\n<p>Blog:\u00a0<a href=\"http:\/\/t.co\/znqmIZgIqn\">blog.milliyet.com.tr\/cansever<\/a><\/p>\n<p>Blog:\u00a0<strong>balcilar<\/strong>&#8211;<strong>blog.com<\/strong><\/p>\n<p>&nbsp;<\/p>\n<p>Not:G\u00f6rseller internetten, haber Ak\u015fam Magazin&#8217;den al\u0131nm\u0131\u015ft\u0131r.<\/p>\n<p>&nbsp;<\/p>\n<p>&nbsp;<\/p>\n","protected":false},"excerpt":{"rendered":"<p>Bir dizi a\u015fk\u0131 daha ger\u00e7ek oluyor. Kanal D&#8217;de oynayan \u015eeref Meslesi&#8217;nin oyuncular\u0131ndan \u015e\u00fckr\u00fc \u00d6zy\u0131ld\u0131z ile \u015e\u00fckran Oval\u0131 evlenme karar\u0131 alm\u0131\u015flar. Dizinin yay\u0131nlanmaya ba\u015flad\u0131\u011f\u0131 \u015eubat 2015&#8217;den bu yana a\u015fk ya\u015fad\u0131klar\u0131 s\u00f6yleniyor. Ak\u015fam Magazin&#8217;in haberine g\u00f6re, ge\u00e7ti\u011fimiz 17 May\u0131s Pazar ak\u015fam\u0131 final yapan \u015eeref Meselesi&#8217;nin oyuncu \u00e7ifti evlilik karar\u0131 alm\u0131\u015flar. \u015eimdilerde birlikteliklerini s\u00fcrd\u00fcr\u00fcyorlar. Ge\u00e7ti\u011fimiz g\u00fcn birlikte Etiler&#8217;de [&hellip;]<\/p>\n","protected":false},"author":3,"featured_media":0,"comment_status":"open","ping_status":"open","sticky":false,"template":"","format":"standard","meta":{"footnotes":""},"categories":[7],"tags":[91,707,706,64],"class_list":["post-8989","post","type-post","status-publish","format-standard","hentry","category-magazin","tag-kanal-d","tag-seref-meslesi","tag-sukran-ovali","tag-sukru-ozyildiz"],"views":3916,"blog_post_layout_featured_media_urls":{"thumbnail":"","full":""},"categories_names":{"7":{"name":"Magazin","link":"https:\/\/balcilar-blog.com\/?cat=7"}},"tags_names":{"91":{"name":"Kanal D","link":"https:\/\/balcilar-blog.com\/?tag=kanal-d"},"707":{"name":"\u015eeref Meslesi","link":"https:\/\/balcilar-blog.com\/?tag=seref-meslesi"},"706":{"name":"\u015e\u00fckran Oval\u0131","link":"https:\/\/balcilar-blog.com\/?tag=sukran-ovali"},"64":{"name":"\u015e\u00fckr\u00fc \u00d6zy\u0131ld\u0131z","link":"https:\/\/balcilar-blog.com\/?tag=sukru-ozyildiz"}},"comments_number":"0","wpmagazine_modules_lite_featured_media_urls":{"thumbnail":"","cvmm-medium":"","cvmm-medium-plus":"","cvmm-portrait":"","cvmm-medium-square":"","cvmm-large":"","cvmm-small":"","full":""},"_links":{"self":[{"href":"https:\/\/balcilar-blog.com\/index.php?rest_route=\/wp\/v2\/posts\/8989","targetHints":{"allow":["GET"]}}],"collection":[{"href":"https:\/\/balcilar-blog.com\/index.php?rest_route=\/wp\/v2\/posts"}],"about":[{"href":"https:\/\/balcilar-blog.com\/index.php?rest_route=\/wp\/v2\/types\/post"}],"author":[{"embeddable":true,"href":"https:\/\/balcilar-blog.com\/index.php?rest_route=\/wp\/v2\/users\/3"}],"replies":[{"embeddable":true,"href":"https:\/\/balcilar-blog.com\/index.php?rest_route=%2Fwp%2Fv2%2Fcomments&post=8989"}],"version-history":[{"count":5,"href":"https:\/\/balcilar-blog.com\/index.php?rest_route=\/wp\/v2\/posts\/8989\/revisions"}],"predecessor-version":[{"id":9031,"href":"https:\/\/balcilar-blog.com\/index.php?rest_route=\/wp\/v2\/posts\/8989\/revisions\/9031"}],"wp:attachment":[{"href":"https:\/\/balcilar-blog.com\/index.php?rest_route=%2Fwp%2Fv2%2Fmedia&parent=8989"}],"wp:term":[{"taxonomy":"category","embeddable":true,"href":"https:\/\/balcilar-blog.com\/index.php?rest_route=%2Fwp%2Fv2%2Fcategories&post=8989"},{"taxonomy":"post_tag","embeddable":true,"href":"https:\/\/balcilar-blog.com\/index.php?rest_route=%2Fwp%2Fv2%2Ftags&post=8989"}],"curies":[{"name":"wp","href":"https:\/\/api.w.org\/{rel}","templated":true}]}}