{"id":8979,"date":"2015-05-18T17:09:15","date_gmt":"2015-05-18T14:09:15","guid":{"rendered":"http:\/\/balcilar-blog.com\/?p=8979"},"modified":"2015-05-18T17:10:04","modified_gmt":"2015-05-18T14:10:04","slug":"karadayi-mahir-ve-feride-balayinda","status":"publish","type":"post","link":"https:\/\/balcilar-blog.com\/?p=8979","title":{"rendered":"Karaday\u0131 \/ Mahir ve Feride Balay\u0131&#8217;nda!"},"content":{"rendered":"<p><a href=\"http:\/\/balcilar-blog.com\/wp-content\/uploads\/2015\/05\/111-6.jpg\"><img loading=\"lazy\" decoding=\"async\" class=\"alignnone size-full wp-image-8986\" src=\"http:\/\/balcilar-blog.com\/wp-content\/uploads\/2015\/05\/111-6.jpg\" alt=\"111-6\" width=\"640\" height=\"439\" srcset=\"https:\/\/balcilar-blog.com\/wp-content\/uploads\/2015\/05\/111-6.jpg 640w, https:\/\/balcilar-blog.com\/wp-content\/uploads\/2015\/05\/111-6-300x206.jpg 300w\" sizes=\"auto, (max-width: 640px) 100vw, 640px\" \/><\/a><\/p>\n<p>Ba\u015f rollerini Kenan \u0130mirzal\u0131o\u011flu ve Berguzer Korel&#8217;in oynad\u0131\u011f\u0131 Karaday\u0131&#8217;da Mahir ve Feride evlendikten sonra, \u015fimdi de balay\u0131na \u00e7\u0131kt\u0131lar.<\/p>\n<p>Karaday\u0131&#8217;da Mahir ve Feride&#8217;nin izleyenlere b\u00fcy\u00fck sevin\u00e7 ya\u015fatan nikahlar\u0131n\u0131n ard\u0131ndan adada ge\u00e7irecekleri b\u00fcy\u00fcleyici balay\u0131 anlar\u0131 yeni b\u00f6l\u00fcmde ekrana gelecek.<\/p>\n<p>Dizinin yeni b\u00f6l\u00fcm\u00fcnde; ka\u00e7ak olan Mahir teslim olmadan \u00f6nce bir g\u00fcnl\u00fc\u011f\u00fcne de olsa Feride&#8217;yle g\u00fczel bir g\u00fcn ge\u00e7irecek. \u0130kilinin nikahlar\u0131 k\u0131y\u0131ld\u0131ktan sonra Burgazada&#8217;n\u0131n do\u011fal g\u00fczelli\u011finde ya\u015fayacaklar\u0131 romantik anlar; \u00e7\u0131kacaklar\u0131 bisiklet turlar\u0131 ve ba\u015f ba\u015fa yapacaklar\u0131 piknik seyircilere uzun zamand\u0131r bekledikleri mutlu sahneleri sunacak.<\/p>\n<p>Ge\u00e7irdikleri zorlu g\u00fcnleri arkalar\u0131nda b\u0131rakarak yeni bir ba\u015flang\u0131\u00e7 yapan Mahir ve Feride&#8217;yi sarsan haber ise Mehmet Saim&#8217;den gelecek. Tutuklanan Mehmet Saim&#8217;in cezaevi yolunda firar etmesi korku dolu anlara sahne olacak.<\/p>\n<p><a href=\"http:\/\/balcilar-blog.com\/wp-content\/uploads\/2015\/05\/111-1-5.jpg\"><img loading=\"lazy\" decoding=\"async\" class=\"alignnone size-full wp-image-8985\" src=\"http:\/\/balcilar-blog.com\/wp-content\/uploads\/2015\/05\/111-1-5.jpg\" alt=\"111-1 (5)\" width=\"640\" height=\"429\" srcset=\"https:\/\/balcilar-blog.com\/wp-content\/uploads\/2015\/05\/111-1-5.jpg 640w, https:\/\/balcilar-blog.com\/wp-content\/uploads\/2015\/05\/111-1-5-300x201.jpg 300w\" sizes=\"auto, (max-width: 640px) 100vw, 640px\" \/><\/a><\/p>\n<p><a href=\"http:\/\/balcilar-blog.com\/wp-content\/uploads\/2015\/05\/111-1-4.jpg\"><img loading=\"lazy\" decoding=\"async\" class=\"alignnone size-full wp-image-8984\" src=\"http:\/\/balcilar-blog.com\/wp-content\/uploads\/2015\/05\/111-1-4.jpg\" alt=\"111-1 (4)\" width=\"640\" height=\"419\" srcset=\"https:\/\/balcilar-blog.com\/wp-content\/uploads\/2015\/05\/111-1-4.jpg 640w, https:\/\/balcilar-blog.com\/wp-content\/uploads\/2015\/05\/111-1-4-300x196.jpg 300w\" sizes=\"auto, (max-width: 640px) 100vw, 640px\" \/><\/a><\/p>\n<p><a href=\"http:\/\/balcilar-blog.com\/wp-content\/uploads\/2015\/05\/111-1-3.jpg\"><img loading=\"lazy\" decoding=\"async\" class=\"alignnone size-full wp-image-8983\" src=\"http:\/\/balcilar-blog.com\/wp-content\/uploads\/2015\/05\/111-1-3.jpg\" alt=\"111-1 (3)\" width=\"640\" height=\"429\" srcset=\"https:\/\/balcilar-blog.com\/wp-content\/uploads\/2015\/05\/111-1-3.jpg 640w, https:\/\/balcilar-blog.com\/wp-content\/uploads\/2015\/05\/111-1-3-300x201.jpg 300w\" sizes=\"auto, (max-width: 640px) 100vw, 640px\" \/><\/a><\/p>\n<p><a href=\"http:\/\/balcilar-blog.com\/wp-content\/uploads\/2015\/05\/111-1-2.jpg\"><img loading=\"lazy\" decoding=\"async\" class=\"alignnone size-full wp-image-8982\" src=\"http:\/\/balcilar-blog.com\/wp-content\/uploads\/2015\/05\/111-1-2.jpg\" alt=\"111-1 (2)\" width=\"640\" height=\"434\" srcset=\"https:\/\/balcilar-blog.com\/wp-content\/uploads\/2015\/05\/111-1-2.jpg 640w, https:\/\/balcilar-blog.com\/wp-content\/uploads\/2015\/05\/111-1-2-300x203.jpg 300w\" sizes=\"auto, (max-width: 640px) 100vw, 640px\" \/><\/a><\/p>\n<p><a href=\"http:\/\/balcilar-blog.com\/wp-content\/uploads\/2015\/05\/111-1-1.jpg\"><img loading=\"lazy\" decoding=\"async\" class=\"alignnone size-full wp-image-8981\" src=\"http:\/\/balcilar-blog.com\/wp-content\/uploads\/2015\/05\/111-1-1.jpg\" alt=\"111-1 (1)\" width=\"640\" height=\"425\" srcset=\"https:\/\/balcilar-blog.com\/wp-content\/uploads\/2015\/05\/111-1-1.jpg 640w, https:\/\/balcilar-blog.com\/wp-content\/uploads\/2015\/05\/111-1-1-300x199.jpg 300w\" sizes=\"auto, (max-width: 640px) 100vw, 640px\" \/><\/a><\/p>\n<p><a href=\"http:\/\/balcilar-blog.com\/wp-content\/uploads\/2015\/05\/111-7.jpg\"><img loading=\"lazy\" decoding=\"async\" class=\"alignnone size-full wp-image-8980\" src=\"http:\/\/balcilar-blog.com\/wp-content\/uploads\/2015\/05\/111-7.jpg\" alt=\"111-7\" width=\"640\" height=\"417\" srcset=\"https:\/\/balcilar-blog.com\/wp-content\/uploads\/2015\/05\/111-7.jpg 640w, https:\/\/balcilar-blog.com\/wp-content\/uploads\/2015\/05\/111-7-300x195.jpg 300w\" sizes=\"auto, (max-width: 640px) 100vw, 640px\" \/><\/a><\/p>\n<p>Ay Yap\u0131m imzal\u0131 senaristli\u011fini Sema Ergenekon ve Eylem Canpolat&#8217;\u0131n y\u00f6netmenli\u011fini ise Ulu\u00e7 Bayraktar&#8217;\u0131n \u00fcstlendi\u011fi Karaday\u0131 yeni b\u00f6l\u00fcm\u00fcyle 18 May\u0131s Pazartesi g\u00fcn\u00fc saat 20.00&#8217;da ATV&#8217;de ekrana gelecek.<\/p>\n<p>Karaday\u0131 8 Haziran&#8217;da 114.B\u00f6l\u00fcmde final yapacak ve \u00fc\u00e7 sezonluk yay\u0131n hayat\u0131n\u0131 son verecektir.<\/p>\n<p>\u0130yi Seyirler<\/p>\n<p>&nbsp;<\/p>\n<p>Sayg\u0131lar ve sevgiler.<\/p>\n<p>Abdurrahman Balc\u0131lar<\/p>\n<p>Twitter: abdurrahman balc\u0131lar@abbalcilar<\/p>\n<p>Mail : <a href=\"mailto:ab.balcilar@hotmail.com\">ab.balcilar@hotmail.com<\/a><\/p>\n<p>Blog:\u00a0<a href=\"http:\/\/t.co\/znqmIZgIqn\">blog.milliyet.com.tr\/cansever<\/a><\/p>\n<p>Blog:\u00a0<strong>balcilar<\/strong>&#8211;<strong>blog.com<\/strong><\/p>\n<p>&nbsp;<\/p>\n<p>Not: Haber ve g\u00f6rseller Ay Yap\u0131m, Persona Sanat Bas\u0131n B\u00fclteninden al\u0131nm\u0131\u015ft\u0131r.<\/p>\n<p>&nbsp;<\/p>\n<p>&nbsp;<\/p>\n<p>&nbsp;<\/p>\n<p>&nbsp;<\/p>\n","protected":false},"excerpt":{"rendered":"<p>Ba\u015f rollerini Kenan \u0130mirzal\u0131o\u011flu ve Berguzer Korel&#8217;in oynad\u0131\u011f\u0131 Karaday\u0131&#8217;da Mahir ve Feride evlendikten sonra, \u015fimdi de balay\u0131na \u00e7\u0131kt\u0131lar. Karaday\u0131&#8217;da Mahir ve Feride&#8217;nin izleyenlere b\u00fcy\u00fck sevin\u00e7 ya\u015fatan nikahlar\u0131n\u0131n ard\u0131ndan adada ge\u00e7irecekleri b\u00fcy\u00fcleyici balay\u0131 anlar\u0131 yeni b\u00f6l\u00fcmde ekrana gelecek. Dizinin yeni b\u00f6l\u00fcm\u00fcnde; ka\u00e7ak olan Mahir teslim olmadan \u00f6nce bir g\u00fcnl\u00fc\u011f\u00fcne de olsa Feride&#8217;yle g\u00fczel bir g\u00fcn ge\u00e7irecek. [&hellip;]<\/p>\n","protected":false},"author":3,"featured_media":0,"comment_status":"open","ping_status":"open","sticky":false,"template":"","format":"standard","meta":{"footnotes":""},"categories":[2],"tags":[48,705,500,545],"class_list":["post-8979","post","type-post","status-publish","format-standard","hentry","category-tv-programlari","tag-atv","tag-berguzer-korel","tag-karadayi","tag-kenan-imirzalioglu"],"views":3786,"blog_post_layout_featured_media_urls":{"thumbnail":"","full":""},"categories_names":{"2":{"name":"TV Programlar\u0131","link":"https:\/\/balcilar-blog.com\/?cat=2"}},"tags_names":{"48":{"name":"ATV","link":"https:\/\/balcilar-blog.com\/?tag=atv"},"705":{"name":"Berguzer Korel","link":"https:\/\/balcilar-blog.com\/?tag=berguzer-korel"},"500":{"name":"Karaday\u0131","link":"https:\/\/balcilar-blog.com\/?tag=karadayi"},"545":{"name":"Kenan \u0130mirzal\u0131o\u011flu","link":"https:\/\/balcilar-blog.com\/?tag=kenan-imirzalioglu"}},"comments_number":"0","wpmagazine_modules_lite_featured_media_urls":{"thumbnail":"","cvmm-medium":"","cvmm-medium-plus":"","cvmm-portrait":"","cvmm-medium-square":"","cvmm-large":"","cvmm-small":"","full":""},"_links":{"self":[{"href":"https:\/\/balcilar-blog.com\/index.php?rest_route=\/wp\/v2\/posts\/8979","targetHints":{"allow":["GET"]}}],"collection":[{"href":"https:\/\/balcilar-blog.com\/index.php?rest_route=\/wp\/v2\/posts"}],"about":[{"href":"https:\/\/balcilar-blog.com\/index.php?rest_route=\/wp\/v2\/types\/post"}],"author":[{"embeddable":true,"href":"https:\/\/balcilar-blog.com\/index.php?rest_route=\/wp\/v2\/users\/3"}],"replies":[{"embeddable":true,"href":"https:\/\/balcilar-blog.com\/index.php?rest_route=%2Fwp%2Fv2%2Fcomments&post=8979"}],"version-history":[{"count":2,"href":"https:\/\/balcilar-blog.com\/index.php?rest_route=\/wp\/v2\/posts\/8979\/revisions"}],"predecessor-version":[{"id":8988,"href":"https:\/\/balcilar-blog.com\/index.php?rest_route=\/wp\/v2\/posts\/8979\/revisions\/8988"}],"wp:attachment":[{"href":"https:\/\/balcilar-blog.com\/index.php?rest_route=%2Fwp%2Fv2%2Fmedia&parent=8979"}],"wp:term":[{"taxonomy":"category","embeddable":true,"href":"https:\/\/balcilar-blog.com\/index.php?rest_route=%2Fwp%2Fv2%2Fcategories&post=8979"},{"taxonomy":"post_tag","embeddable":true,"href":"https:\/\/balcilar-blog.com\/index.php?rest_route=%2Fwp%2Fv2%2Ftags&post=8979"}],"curies":[{"name":"wp","href":"https:\/\/api.w.org\/{rel}","templated":true}]}}