{"id":8962,"date":"2015-05-18T14:38:15","date_gmt":"2015-05-18T11:38:15","guid":{"rendered":"http:\/\/balcilar-blog.com\/?p=8962"},"modified":"2015-05-18T14:47:33","modified_gmt":"2015-05-18T11:47:33","slug":"gecen-haftanin-11-17-mayis-dizilerin-karnesi-en-cok-izlenen-diziler","status":"publish","type":"post","link":"https:\/\/balcilar-blog.com\/?p=8962","title":{"rendered":"Ge\u00e7en Haftan\u0131n (11 &#8211; 17 May\u0131s ) Dizilerin  karnesi \/ En \u00e7ok izlenen diziler!"},"content":{"rendered":"<p><a href=\"http:\/\/balcilar-blog.com\/wp-content\/uploads\/2015\/05\/cats-18-may\u0131s.jpg\"><img loading=\"lazy\" decoding=\"async\" class=\"alignnone size-full wp-image-8972\" src=\"http:\/\/balcilar-blog.com\/wp-content\/uploads\/2015\/05\/cats-18-may\u0131s.jpg\" alt=\"cats 18 may\u0131s\" width=\"640\" height=\"267\" srcset=\"https:\/\/balcilar-blog.com\/wp-content\/uploads\/2015\/05\/cats-18-may\u0131s.jpg 640w, https:\/\/balcilar-blog.com\/wp-content\/uploads\/2015\/05\/cats-18-may\u0131s-300x125.jpg 300w\" sizes=\"auto, (max-width: 640px) 100vw, 640px\" \/><\/a><\/p>\n<p>TNS \u00f6l\u00e7\u00fcmlerine g\u00f6re haz\u0131rlad\u0131\u011f\u0131m 11 &#8211; 17 May\u0131s 2015 Tarihleri aras\u0131nda ekranlar\u0131m\u0131za gelen, Total&#8217;de ve AB&#8217;de ilk ona giren, haftan\u0131n dizi karnesini a\u015fa\u011f\u0131da bilgilerinize sunuyorum.<\/p>\n<p>Art\u0131k diziler Haziran ay\u0131nda final yada Sezon finali yaparak 3 ayl\u0131k bir tatile girecekler. Sezon dizilerinin baz\u0131lar\u0131 yaz boyunca devam edecek. Tv8&#8217;deki Maral, Star Tv&#8217;nin G\u00fczel K\u00f6yl\u00fc devam edecek Yaz dizileri. Baz\u0131lar\u0131 da tatile girecek. Kanallar \u015fimdiden yaz bo\u015flu\u011funu doldurmak i\u00e7in yeni yazl\u0131k dizilerin aray\u0131\u015flar\u0131n\u0131 ba\u015flad\u0131lar. Bu yaz ekran severler g\u00fczel diziler izleyecek, \u015fimdidin isimleri a\u00e7\u0131klanmaya ba\u015flad\u0131. Star&#8217;da \u00c7ilek Kokusu, D\u00fc\u015f Bah\u00e7eleri, \u00a0Show Tv&#8217;de Fabrika K\u0131z\u0131, Fox Tv&#8217;de Mutluluk, \u00a0Atv&#8217;de A\u015fk Zaman\u0131 ve Kanal D&#8217;de Kalbim Ege&#8217;de g\u00f6z\u00fcme \u00e7arpan dizilerden baz\u0131lar\u0131.<\/p>\n<p>\u00dclkemizdeki yay\u0131nc\u0131 kurulu\u015flar\u0131n izlenme oranlar\u0131 bilindi\u011fi gibi reyting \u00f6l\u00e7\u00fcm sistemi denen, \u00fclkemizdeki de\u011fi\u015fik vilayetlerde, 2200 civar\u0131nda ailenin evlerine konan \u00f6l\u00e7\u00fcm aletleri ile yap\u0131lmaktad\u0131r. Ne derece sa\u011fl\u0131kl\u0131, bana g\u00f6re tart\u0131\u015f\u0131l\u0131r. 2200 televizyondan izlemeler tam sa\u011fl\u0131kl\u0131 bir sistemi yans\u0131t\u0131yor mu? Art\u0131k modern d\u00fcnyada diziler televizyon ba\u015f\u0131na ge\u00e7ilerek seyredilme oran\u0131 gittik\u00e7e d\u00fc\u015f\u00fcyor. \u0130nternetten seyretme oranlar\u0131 ise y\u00fckselmektedir. \u00dclkemiz de diziler, yay\u0131ndan sonra Internetten seyrediliyor. O nedenle reyting sitemi tam ger\u00e7e\u011fi yans\u0131tm\u0131yor. Bir dizi reytingi d\u00fc\u015f\u00fck diye yay\u0131ndan kald\u0131rmak da pek hak\u00e7a olmasa gerek. \u00a0Asl\u0131nda reyting sistemi izleyiciyi de, hi\u00e7 ilgilendirmiyor. Sadece yay\u0131nc\u0131 kurulu\u015flara reklam veren firmalar\u0131 ilgilendirmektedir. \u00c7ok seyredilen diziler, \u00e7ok reklam al\u0131yor. Konu \u00e7ok derin ve tart\u0131\u015fmaya a\u00e7\u0131k, biz gelelim bu hafta en \u00e7ok izlenen ilk ona giren dizlere.<\/p>\n<p>Bu s\u0131ralama sadece dizilerin reytingler y\u00fczdesine g\u00f6re en \u00e7ok izlenen dizilerin ilk 10&#8217;da yer alanlar\u0131n\u0131 s\u0131ralamaya koyuyorum. Yar\u0131\u015fma, e\u011flence ve haber programlar\u0131 y\u00fczdeleri y\u00fcksek olsa da bu s\u0131ralamaya koymuyorum. Bu sadece en \u00e7ok izlenen dizilerin s\u0131ralamas\u0131d\u0131r. Bir nevi dizilerin karnesidir.<\/p>\n<p>&nbsp;<\/p>\n<p><strong>Ge\u00e7en Haftan\u0131n En \u00c7ok \u0130zlenen Dizileri:<\/strong><\/p>\n<p><strong>Total ilk 10.<\/strong><\/p>\n<p>&nbsp;<\/p>\n<p>1.Parampar\u00e7a 24.B\u00f6l\u00fcm (Star)\u2026\u2026\u2026\u2026\u2026\u2026\u2026\u2026..8,38 \u2013 20,93<\/p>\n<p>2.Kurtlar Vadisi Pusu 259.B\u00f6l\u00fcm (Kanal D)&#8230;.7,33 &#8211; 19,08<\/p>\n<p>3.Karag\u00fcl 84.B\u00f6l\u00fcm (Fox)\u2026\u2026\u2026\u2026\u2026\u2026\u2026\u2026\u2026\u2026..6,99 &#8211; 19,77<\/p>\n<p>4.A\u015fk Yeniden 14.B\u00f6l\u00fcm (Fox)&#8230;&#8230;&#8230;&#8230;&#8230;&#8230;&#8230;&#8230;.6,20 &#8211; 15,51<\/p>\n<p>5.Dirili\u015f Ertu\u011frul 21.B\u00f6l\u00fcm (TRT 1)&#8230;&#8230;&#8230;&#8230;&#8230;.6,02 &#8211; 14,83<\/p>\n<p>6.Karaday\u0131 110.B\u00f6l\u00fcm (Atv)\u2026\u2026\u2026\u2026\u2026\u2026&#8230;&#8230;&#8230;..5,97 &#8211; 14,71<\/p>\n<p>7.O Hayat Benim 55.B\u00f6l\u00fcm (Fox)&#8230;&#8230;&#8230;&#8230;&#8230;&#8230;..5,69 &#8211; 15,70<\/p>\n<p>8.Kaderimin Yaz\u0131ld\u0131\u011f\u0131 G\u00fcn 29.B\u00f6l\u00fcm (Star)\u2026.5,42 &#8211; 14,36<\/p>\n<p>9.Kocam\u0131n Ailesi 45.B\u00f6l\u00fcm (Fox)\u2026\u2026\u2026\u2026\u2026\u2026\u2026.5,04 &#8211; 13,79<\/p>\n<p>10.G\u00fczel K\u00f6yl\u00fc 47.B\u00f6l\u00fcm (Star Tv)&#8230;&#8230;&#8230;&#8230;&#8230;&#8230;. 4,79 &#8211; 11,96<\/p>\n<p>&nbsp;<\/p>\n<p><strong>AB\u2019de ilk 10:<\/strong><\/p>\n<p>1.Dirili\u015f Ertu\u011frul 21.B\u00f6l\u00fcm (TRT 1)&#8230;&#8230;&#8230;&#8230;&#8230;&#8230;..10,06 &#8211; 23,83<\/p>\n<p>2.A\u015fk Yeniden 14.B\u00f6l\u00fcm (Fox)\u2026\u2026\u2026\u2026\u2026\u2026\u2026\u2026&#8230;.7,73 &#8211; 19,58<\/p>\n<p>3.Parampar\u00e7a 24.B\u00f6l\u00fcm(Star)\u2026\u2026\u2026\u2026\u2026\u2026\u2026&#8230;&#8230;..6,90 &#8211; 18,14<\/p>\n<p>4.Karaday\u0131 110.B\u00f6l\u00fcm (Atv)\u2026\u2026\u2026\u2026\u2026\u2026\u2026\u2026\u2026&#8230;..5,93 &#8211; 15,44<\/p>\n<p>5.Poyraz Karayel 19.B\u00f6l\u00fcm (Kanal D)\u2026\u2026\u2026&#8230;..\u20265,84 &#8211; 13,97<\/p>\n<p>6.Kurtlar Vadisi Pusu 259.B\u00f6l\u00fcm (Kanal D)&#8230;&#8230;.5,39 &#8211; 14,76<\/p>\n<p>7.Kocam\u0131n Ailesi 45.B\u00f6l\u00fcm (Fox)\u2026\u2026\u2026\u2026\u2026\u2026&#8230;&#8230;5,04 &#8211; 14,18<\/p>\n<p>8.Medcezir 73.B\u00f6l\u00fcm (Star Tv)&#8230;&#8230;&#8230;&#8230;&#8230;&#8230;&#8230;&#8230;&#8230;.4,96 &#8211; 14,33<\/p>\n<p>9.Karag\u00fcl 84.B\u00f6l\u00fcm (Fox)&#8230;&#8230;&#8230;&#8230;&#8230;&#8230;&#8230;&#8230;&#8230;&#8230;&#8230;..4,59 &#8211; 13,31<\/p>\n<p>10.G\u00fcllerin Sava\u015f\u0131 44.B\u00f6l\u00fcm (Kanal D)&#8230;&#8230;&#8230;&#8230;&#8230;4,19 &#8211; 13,28<\/p>\n<p>&nbsp;<\/p>\n<p>&nbsp;<\/p>\n<p><a href=\"http:\/\/balcilar-blog.com\/wp-content\/uploads\/2015\/05\/dirilis-ertugrul-21-bolum.jpeg\"><img loading=\"lazy\" decoding=\"async\" class=\"alignnone size-full wp-image-8967\" src=\"http:\/\/balcilar-blog.com\/wp-content\/uploads\/2015\/05\/dirilis-ertugrul-21-bolum.jpeg\" alt=\"dirilis-ertugrul-21-bolum\" width=\"640\" height=\"341\" srcset=\"https:\/\/balcilar-blog.com\/wp-content\/uploads\/2015\/05\/dirilis-ertugrul-21-bolum.jpeg 640w, https:\/\/balcilar-blog.com\/wp-content\/uploads\/2015\/05\/dirilis-ertugrul-21-bolum-300x160.jpeg 300w\" sizes=\"auto, (max-width: 640px) 100vw, 640px\" \/><\/a><\/p>\n<p>TRT 1&#8217;in g\u00f6rkemli dizisi Dirili\u015f Ertu\u011frul AB&#8217;de 4 haftad\u0131r birinci s\u0131rada yer al\u0131yor. Total&#8217;de ge\u00e7en hafta 6.s\u0131rada iken, bu hafta 5.s\u0131rada yer alm\u0131\u015ft\u0131r.<\/p>\n<p>&nbsp;<\/p>\n<p><a href=\"http:\/\/balcilar-blog.com\/wp-content\/uploads\/2015\/05\/paramparca_yeni_24bolum.jpg\"><img loading=\"lazy\" decoding=\"async\" class=\"alignnone size-full wp-image-8968\" src=\"http:\/\/balcilar-blog.com\/wp-content\/uploads\/2015\/05\/paramparca_yeni_24bolum.jpg\" alt=\"paramparca_yeni_24bolum\" width=\"640\" height=\"357\" srcset=\"https:\/\/balcilar-blog.com\/wp-content\/uploads\/2015\/05\/paramparca_yeni_24bolum.jpg 640w, https:\/\/balcilar-blog.com\/wp-content\/uploads\/2015\/05\/paramparca_yeni_24bolum-300x167.jpg 300w\" sizes=\"auto, (max-width: 640px) 100vw, 640px\" \/><\/a><\/p>\n<p>Parampar\u00e7a bu hafta ge\u00e7en hafta oldu\u011fu gibi Total&#8217;de ilk s\u0131rada \u00a0bulunuyor. \u00a0 AB&#8217;de ge\u00e7en hafta 2.s\u0131rada iken bir basamak d\u00fc\u015ferek 3.s\u0131rada yer alm\u0131\u015ft\u0131r.<\/p>\n<p>&nbsp;<\/p>\n<p><a href=\"http:\/\/balcilar-blog.com\/wp-content\/uploads\/2015\/05\/a\u015fk-yeniden-dizi-m\u00fczi\u011fi-\u015fark\u0131.jpg\"><img loading=\"lazy\" decoding=\"async\" class=\"alignnone size-full wp-image-8964\" src=\"http:\/\/balcilar-blog.com\/wp-content\/uploads\/2015\/05\/a\u015fk-yeniden-dizi-m\u00fczi\u011fi-\u015fark\u0131.jpg\" alt=\"a\u015fk-yeniden-dizi-m\u00fczi\u011fi-\u015fark\u0131\" width=\"640\" height=\"361\" srcset=\"https:\/\/balcilar-blog.com\/wp-content\/uploads\/2015\/05\/a\u015fk-yeniden-dizi-m\u00fczi\u011fi-\u015fark\u0131.jpg 640w, https:\/\/balcilar-blog.com\/wp-content\/uploads\/2015\/05\/a\u015fk-yeniden-dizi-m\u00fczi\u011fi-\u015fark\u0131-300x169.jpg 300w\" sizes=\"auto, (max-width: 640px) 100vw, 640px\" \/><\/a><\/p>\n<p>Kanal D&#8217;nin romantik komedi t\u00fcr\u00fcndeki dizisi, A\u015fk Yeniden Total&#8217;de 4.s\u0131rada, \u00a0AB&#8217;de \u00a02.s\u0131rada yer al\u0131yor.<\/p>\n<p>&nbsp;<\/p>\n<p><a href=\"http:\/\/balcilar-blog.com\/wp-content\/uploads\/2015\/05\/images-vadi.jpg\"><img loading=\"lazy\" decoding=\"async\" class=\"alignnone size-full wp-image-8965\" src=\"http:\/\/balcilar-blog.com\/wp-content\/uploads\/2015\/05\/images-vadi.jpg\" alt=\"images vadi\" width=\"640\" height=\"362\" srcset=\"https:\/\/balcilar-blog.com\/wp-content\/uploads\/2015\/05\/images-vadi.jpg 640w, https:\/\/balcilar-blog.com\/wp-content\/uploads\/2015\/05\/images-vadi-300x170.jpg 300w\" sizes=\"auto, (max-width: 640px) 100vw, 640px\" \/><\/a><\/p>\n<p>Necati \u015ea\u015fmaz&#8217;\u0131n dizisi Kurtlar Vadisi Pusu, bu hafta b\u00fcy\u00fck bir atak yaparak, \u00a0Total&#8217;de 2.s\u0131rada yer alm\u0131\u015ft\u0131r. AB&#8217;de de 9.s\u0131radan 6.s\u0131raya y\u00fckselmi\u015ftir. Sevilen dizi Haziran ba\u015f\u0131nda sezon finali yapmaya haz\u0131rlan\u0131yor. 12 y\u0131ld\u0131r izleyenlerinin fenomeni olan Vadi, \u00f6n\u00fcm\u00fczdeki yeni sezonda kanal de\u011fi\u015ftirecekmi\u015f.<\/p>\n<p>&nbsp;<\/p>\n<p><a href=\"http:\/\/balcilar-blog.com\/wp-content\/uploads\/2015\/05\/images-poyraz.jpg\"><img loading=\"lazy\" decoding=\"async\" class=\"alignnone size-full wp-image-8970\" src=\"http:\/\/balcilar-blog.com\/wp-content\/uploads\/2015\/05\/images-poyraz.jpg\" alt=\"images poyraz\" width=\"640\" height=\"320\" srcset=\"https:\/\/balcilar-blog.com\/wp-content\/uploads\/2015\/05\/images-poyraz.jpg 640w, https:\/\/balcilar-blog.com\/wp-content\/uploads\/2015\/05\/images-poyraz-300x150.jpg 300w\" sizes=\"auto, (max-width: 640px) 100vw, 640px\" \/><\/a><\/p>\n<p>Poyraz Karayel bu hafta AB&#8217;de 5.s\u0131rada g\u00f6r\u00fcyoruz. Haziran i\u00e7inde sezon finali yapacak Eyl\u00fcl yeni sezonda devam edecektir.<\/p>\n<p>&nbsp;<\/p>\n<p><a href=\"http:\/\/balcilar-blog.com\/wp-content\/uploads\/2015\/05\/Karag\u00fcl-83.-84.-B\u00f6l\u00fcm.jpg\"><img loading=\"lazy\" decoding=\"async\" class=\"size-full wp-image-8966\" src=\"http:\/\/balcilar-blog.com\/wp-content\/uploads\/2015\/05\/Karag\u00fcl-83.-84.-B\u00f6l\u00fcm.jpg\" alt=\"CREATOR: gd-jpeg v1.0 (using IJG JPEG v62), quality = 90\" width=\"640\" height=\"350\" srcset=\"https:\/\/balcilar-blog.com\/wp-content\/uploads\/2015\/05\/Karag\u00fcl-83.-84.-B\u00f6l\u00fcm.jpg 640w, https:\/\/balcilar-blog.com\/wp-content\/uploads\/2015\/05\/Karag\u00fcl-83.-84.-B\u00f6l\u00fcm-300x164.jpg 300w\" sizes=\"auto, (max-width: 640px) 100vw, 640px\" \/><\/a><\/p>\n<p>Karag\u00fcl bu hafta Total&#8217;de ge\u00e7en hafta oldu\u011fu gibi, 3.s\u0131rada yer alm\u0131\u015ft\u0131r. AB&#8217;de her hafta ilk s\u0131rada yer al\u0131rken bu hafta, birincili\u011fi Medcezir&#8217;e kapt\u0131rm\u0131\u015ft\u0131r. \u00a0Bu y\u0131l 2.sezonu ya\u015fayan dizi, 12 Haziranda sezon finali yapacak ve Eyl\u00fcl&#8217;de 3.sezonunu ba\u015flayacakt\u0131r.<\/p>\n<p>&nbsp;<\/p>\n<p><a href=\"http:\/\/balcilar-blog.com\/wp-content\/uploads\/2015\/05\/karadayi-110-2-fragmani.jpg\"><img loading=\"lazy\" decoding=\"async\" class=\"alignnone size-full wp-image-8969\" src=\"http:\/\/balcilar-blog.com\/wp-content\/uploads\/2015\/05\/karadayi-110-2-fragmani.jpg\" alt=\"karadayi-110-2-fragmani\" width=\"640\" height=\"359\" srcset=\"https:\/\/balcilar-blog.com\/wp-content\/uploads\/2015\/05\/karadayi-110-2-fragmani.jpg 640w, https:\/\/balcilar-blog.com\/wp-content\/uploads\/2015\/05\/karadayi-110-2-fragmani-300x168.jpg 300w\" sizes=\"auto, (max-width: 640px) 100vw, 640px\" \/><\/a><\/p>\n<p>Karaday\u0131 bu hafta 110.b\u00f6l\u00fcm\u00fc ile ekranlara geldi. Finale sadece 4 b\u00f6l\u00fcm kald\u0131. Bilindi\u011fi gibi 8 Haziran 114.B\u00f6l\u00fcmde Final yap\u0131yor. Sevilen dizi AB grubunda ge\u00e7en hafta oldu\u011fu gibi gene 4.s\u0131rada yer alm\u0131\u015ft\u0131r. \u00a0Total\u2019de ise 6.s\u0131rada yer al\u0131yor.<\/p>\n<p>&nbsp;<\/p>\n<p><a href=\"http:\/\/balcilar-blog.com\/wp-content\/uploads\/2015\/05\/Ekran-Al\u0131nt\u0131s\u0131MD73.7D.png\"><img loading=\"lazy\" decoding=\"async\" class=\"alignnone size-full wp-image-8919\" src=\"http:\/\/balcilar-blog.com\/wp-content\/uploads\/2015\/05\/Ekran-Al\u0131nt\u0131s\u0131MD73.7D.png\" alt=\"Ekran Al\u0131nt\u0131s\u0131MD73.7D\" width=\"633\" height=\"379\" srcset=\"https:\/\/balcilar-blog.com\/wp-content\/uploads\/2015\/05\/Ekran-Al\u0131nt\u0131s\u0131MD73.7D.png 633w, https:\/\/balcilar-blog.com\/wp-content\/uploads\/2015\/05\/Ekran-Al\u0131nt\u0131s\u0131MD73.7D-300x180.png 300w\" sizes=\"auto, (max-width: 633px) 100vw, 633px\" \/><\/a><\/p>\n<p>Medcezir ge\u00e7en hafta AB&#8217;de ilk onda yer almaz iken bu hafta, Cuma ak\u015fam\u0131 bu grupta 1.s\u0131rada yer ald\u0131 ve ilk 10&#8217;da 8.s\u0131rada yerini ald\u0131. 12 Haziran ak\u015fam\u0131 sezon finali mi? Yoksa final mi yapaca\u011f\u0131 hen\u00fcz netlik kazanm\u0131\u015f de\u011fil.<\/p>\n<p>Her iki kategorinin ilk onunda yer alan diziler: Parampar\u00e7a, Karag\u00fcl, A\u015fk Yeniden, Kurtlar vadisi Pusu, Dirili\u015f Ertu\u011frul, Karaday\u0131 ve Kocam\u0131n Ailesi.<\/p>\n<p>Kanallara g\u00f6re s\u0131ralamaya g\u00f6z atarsak:<\/p>\n<p>Total&#8217;de ilk onda, Fox Tv 4 dizi, Star Tv 3 dizi, Kanal D, Atv, TRT1 birer dizisi yer alm\u0131\u015ft\u0131r.<\/p>\n<p>AB grubunda Fox Tv 3, \u00a0Kanal D 3 dizi, Star Tv 2 dizi , Atv ve TRT 1, birer dizisi ilk onda yer alm\u0131\u015ft\u0131r.<\/p>\n<p>Hep s\u00f6yledi\u011fim gibi, sizin ilk on diziniz en \u00e7ok seyretti\u011finiz dizilerdir.<\/p>\n<p>Keyifli Seyirler.<\/p>\n<p>Sayg\u0131lar ve sevgiler.<\/p>\n<p>Abdurrahman Balc\u0131lar<\/p>\n<p>Twitter: abdurrahman balc\u0131lar@abbalcilar<\/p>\n<p>Mail : <a href=\"mailto:ab.balcilar@hotmail.com\">ab.balcilar@hotmail.com<\/a><\/p>\n<p>Blog:\u00a0<a href=\"http:\/\/t.co\/znqmIZgIqn\">blog.milliyet.com.tr\/cansever<\/a><\/p>\n<p>Blog:\u00a0<strong>balcilar<\/strong>&#8211;<strong>blog.com<\/strong><\/p>\n<p>&nbsp;<\/p>\n<p>Not: G\u00f6rseller taraf\u0131mdan \u0130nternetten, dizi reytingleri TNS \u00f6l\u00e7\u00fcmlerinden al\u0131nm\u0131\u015ft\u0131r.<\/p>\n<p>&nbsp;<\/p>\n","protected":false},"excerpt":{"rendered":"<p>TNS \u00f6l\u00e7\u00fcmlerine g\u00f6re haz\u0131rlad\u0131\u011f\u0131m 11 &#8211; 17 May\u0131s 2015 Tarihleri aras\u0131nda ekranlar\u0131m\u0131za gelen, Total&#8217;de ve AB&#8217;de ilk ona giren, haftan\u0131n dizi karnesini a\u015fa\u011f\u0131da bilgilerinize sunuyorum. Art\u0131k diziler Haziran ay\u0131nda final yada Sezon finali yaparak 3 ayl\u0131k bir tatile girecekler. Sezon dizilerinin baz\u0131lar\u0131 yaz boyunca devam edecek. Tv8&#8217;deki Maral, Star Tv&#8217;nin G\u00fczel K\u00f6yl\u00fc devam edecek Yaz [&hellip;]<\/p>\n","protected":false},"author":3,"featured_media":0,"comment_status":"open","ping_status":"open","sticky":false,"template":"","format":"standard","meta":{"footnotes":""},"categories":[2],"tags":[623,570,617,129,16,704,25,530],"class_list":["post-8962","post","type-post","status-publish","format-standard","hentry","category-tv-programlari","tag-ask-yeniden","tag-dirilis-ertugrul","tag-dizi-karnesi","tag-fox-tv","tag-medcezir","tag-partamparca","tag-star-tv","tag-tns-olcumleri"],"views":3504,"blog_post_layout_featured_media_urls":{"thumbnail":"","full":""},"categories_names":{"2":{"name":"TV Programlar\u0131","link":"https:\/\/balcilar-blog.com\/?cat=2"}},"tags_names":{"623":{"name":"A\u015fk Yeniden","link":"https:\/\/balcilar-blog.com\/?tag=ask-yeniden"},"570":{"name":"dirili\u015f Ertu\u011frul","link":"https:\/\/balcilar-blog.com\/?tag=dirilis-ertugrul"},"617":{"name":"Dizi Karnesi","link":"https:\/\/balcilar-blog.com\/?tag=dizi-karnesi"},"129":{"name":"Fox Tv","link":"https:\/\/balcilar-blog.com\/?tag=fox-tv"},"16":{"name":"medcezir","link":"https:\/\/balcilar-blog.com\/?tag=medcezir"},"704":{"name":"Partampar\u00e7a","link":"https:\/\/balcilar-blog.com\/?tag=partamparca"},"25":{"name":"Star Tv","link":"https:\/\/balcilar-blog.com\/?tag=star-tv"},"530":{"name":"TNS \u00f6l\u00e7\u00fcmleri","link":"https:\/\/balcilar-blog.com\/?tag=tns-olcumleri"}},"comments_number":"0","wpmagazine_modules_lite_featured_media_urls":{"thumbnail":"","cvmm-medium":"","cvmm-medium-plus":"","cvmm-portrait":"","cvmm-medium-square":"","cvmm-large":"","cvmm-small":"","full":""},"_links":{"self":[{"href":"https:\/\/balcilar-blog.com\/index.php?rest_route=\/wp\/v2\/posts\/8962","targetHints":{"allow":["GET"]}}],"collection":[{"href":"https:\/\/balcilar-blog.com\/index.php?rest_route=\/wp\/v2\/posts"}],"about":[{"href":"https:\/\/balcilar-blog.com\/index.php?rest_route=\/wp\/v2\/types\/post"}],"author":[{"embeddable":true,"href":"https:\/\/balcilar-blog.com\/index.php?rest_route=\/wp\/v2\/users\/3"}],"replies":[{"embeddable":true,"href":"https:\/\/balcilar-blog.com\/index.php?rest_route=%2Fwp%2Fv2%2Fcomments&post=8962"}],"version-history":[{"count":3,"href":"https:\/\/balcilar-blog.com\/index.php?rest_route=\/wp\/v2\/posts\/8962\/revisions"}],"predecessor-version":[{"id":8974,"href":"https:\/\/balcilar-blog.com\/index.php?rest_route=\/wp\/v2\/posts\/8962\/revisions\/8974"}],"wp:attachment":[{"href":"https:\/\/balcilar-blog.com\/index.php?rest_route=%2Fwp%2Fv2%2Fmedia&parent=8962"}],"wp:term":[{"taxonomy":"category","embeddable":true,"href":"https:\/\/balcilar-blog.com\/index.php?rest_route=%2Fwp%2Fv2%2Fcategories&post=8962"},{"taxonomy":"post_tag","embeddable":true,"href":"https:\/\/balcilar-blog.com\/index.php?rest_route=%2Fwp%2Fv2%2Ftags&post=8962"}],"curies":[{"name":"wp","href":"https:\/\/api.w.org\/{rel}","templated":true}]}}