{"id":8857,"date":"2015-05-14T15:38:20","date_gmt":"2015-05-14T12:38:20","guid":{"rendered":"http:\/\/balcilar-blog.com\/?p=8857"},"modified":"2015-05-14T17:01:52","modified_gmt":"2015-05-14T14:01:52","slug":"kara-para-ask-elif-parmakliklar-ardina-huseyin-kulleri-mezara-omer-de-mezara","status":"publish","type":"post","link":"https:\/\/balcilar-blog.com\/?p=8857","title":{"rendered":"Kara Para A\u015fk \/ Elif Hapishaneye, H\u00fcseyin&#8217;in k\u00fclleri mezara, \u00d6mer de \u00e7ukura!"},"content":{"rendered":"<p><a href=\"http:\/\/balcilar-blog.com\/wp-content\/uploads\/2015\/05\/Ekran-Al\u0131nt\u0131s\u0131KPA46.20.png\"><img loading=\"lazy\" decoding=\"async\" class=\"alignnone size-full wp-image-8873\" src=\"http:\/\/balcilar-blog.com\/wp-content\/uploads\/2015\/05\/Ekran-Al\u0131nt\u0131s\u0131KPA46.20.png\" alt=\"Ekran Al\u0131nt\u0131s\u0131KPA46.20\" width=\"800\" height=\"499\" srcset=\"https:\/\/balcilar-blog.com\/wp-content\/uploads\/2015\/05\/Ekran-Al\u0131nt\u0131s\u0131KPA46.20.png 800w, https:\/\/balcilar-blog.com\/wp-content\/uploads\/2015\/05\/Ekran-Al\u0131nt\u0131s\u0131KPA46.20-300x187.png 300w\" sizes=\"auto, (max-width: 800px) 100vw, 800px\" \/><\/a><\/p>\n<p>Ay Yap\u0131m\u2019\u0131n polisiye a\u015fk ve macera dizisi \u201cKara Para A\u015fk\u201d Atv&#8217;de izleyeni \u015fa\u015f\u0131rtmaya devam ediyor.<\/p>\n<p>Elif \u00d6mer\u2019in b\u00fct\u00fcn gayretlerine ra\u011fmen yurt d\u0131\u015f\u0131na ka\u00e7m\u0131yor, polise teslim oluyor, parmakl\u0131klar arkas\u0131na g\u00f6nderiliyor. \u00d6mer\u2019in Elif\u2019ini hapse g\u00f6nderilmesini engel olamaz, ayr\u0131l\u0131klar\u0131 y\u00fcrekleri da\u011flad\u0131, g\u00f6zlerimiz ya\u015fard\u0131.<\/p>\n<p>Dizinin d\u00fcn ak\u015famki b\u00f6l\u00fcm\u00fcnde Elif, Komiser H\u00fcseyin\u2019in katili olarak girdi\u011fi ceza evinde Tayyar\u2019\u0131n yeni planlar\u0131n\u0131 bilmiyor. Elif ve \u00d6mer\u2019den kurtulmak i\u00e7in ac\u0131mas\u0131z oyunlar\u0131n\u0131 devreye sokan Tayyar\u2019\u0131n yeni hamlesi Elif\u2019e katil oldu\u011funu psikolojik bask\u0131yla kabul ettirmek oluyor.<\/p>\n<p>Elif ko\u011fu\u015fta, \u00d6mer ise d\u0131\u015far\u0131da onu kurtarmak i\u00e7in b\u00fcy\u00fck bir sava\u015f veriyor. Tayyar\u2019\u0131n ko\u011fu\u015fta para ile sat\u0131n ald\u0131\u011f\u0131 mahkum kad\u0131nlar Elif\u2019e hayat\u0131 zindan etmeye ba\u015flad\u0131lar bile.<\/p>\n<p>Fatih\u2019e ula\u015famayan \u00d6mer, Tayyar\u2019\u0131n komplosunu \u00e7\u00f6zmek i\u00e7in evine giriyor ve Fatih\u2019i ka\u00e7\u0131rmaya kalkt\u0131. Bu defa Tayyar\u2019a yakaland\u0131. \u00d6mer\u2019i \u00f6ld\u00fcr\u00fcp kaz\u0131lan \u00e7ukura koymak Metin\u2019e d\u00fc\u015f\u00fcyor.<\/p>\n<p>Nedret Halan\u0131n Tayyar D\u00fcndar\u2019\u0131n i\u015fbirlik\u00e7isi olmas\u0131n\u0131 ben \u00e7ok \u015fa\u015f\u0131rd\u0131m. Dedim ya, senaristlerimiz Eylem Canpolat ve Sema Ergenekon bizi \u015fa\u015f\u0131rtmaya devam ediyor. O Nedret Hala, Elif\u2019in i\u00e7eri al\u0131nmas\u0131yla emniyete Asl\u0131, Nil\u00fcfer ve Levent ile geldi. Elif arkas\u0131nda da\u011f gibi duran \u00d6mer\u2019e g\u00fcveniyor. Kendisinin katil olmad\u0131\u011f\u0131n\u0131 bilen, ancak \u00d6mer&#8217;in \u00e7\u00f6zece\u011fini biliyor.<\/p>\n<p><a href=\"http:\/\/balcilar-blog.com\/wp-content\/uploads\/2015\/05\/Ekran-Al\u0131nt\u0131s\u0131KPA46.1.png\"><img loading=\"lazy\" decoding=\"async\" class=\"alignnone size-full wp-image-8859\" src=\"http:\/\/balcilar-blog.com\/wp-content\/uploads\/2015\/05\/Ekran-Al\u0131nt\u0131s\u0131KPA46.1.png\" alt=\"Ekran Al\u0131nt\u0131s\u0131KPA46.1\" width=\"640\" height=\"370\" srcset=\"https:\/\/balcilar-blog.com\/wp-content\/uploads\/2015\/05\/Ekran-Al\u0131nt\u0131s\u0131KPA46.1.png 640w, https:\/\/balcilar-blog.com\/wp-content\/uploads\/2015\/05\/Ekran-Al\u0131nt\u0131s\u0131KPA46.1-300x173.png 300w\" sizes=\"auto, (max-width: 640px) 100vw, 640px\" \/><\/a><\/p>\n<p>Metin yapt\u0131\u011f\u0131 ak\u0131l almaz plan ile babas\u0131 Tayyar\u2019\u0131 da kand\u0131rm\u0131\u015f, H\u00fcseyin\u2019i \u00f6ld\u00fcrmemi\u015ftir. Baca\u011f\u0131n\u0131 balta ile keserek yang\u0131n yerine b\u0131rakm\u0131\u015f, bu bacaktan al\u0131n\u0131n DNA \u00f6rne\u011fi ile \u00f6ld\u00fc\u011f\u00fc resmen ilan edilmi\u015ftir.<\/p>\n<p><a href=\"http:\/\/balcilar-blog.com\/wp-content\/uploads\/2015\/05\/Ekran-Al\u0131nt\u0131s\u0131KPA46.2.png\"><img loading=\"lazy\" decoding=\"async\" class=\"alignnone size-full wp-image-8860\" src=\"http:\/\/balcilar-blog.com\/wp-content\/uploads\/2015\/05\/Ekran-Al\u0131nt\u0131s\u0131KPA46.2.png\" alt=\"Ekran Al\u0131nt\u0131s\u0131KPA46.2\" width=\"640\" height=\"367\" srcset=\"https:\/\/balcilar-blog.com\/wp-content\/uploads\/2015\/05\/Ekran-Al\u0131nt\u0131s\u0131KPA46.2.png 640w, https:\/\/balcilar-blog.com\/wp-content\/uploads\/2015\/05\/Ekran-Al\u0131nt\u0131s\u0131KPA46.2-300x172.png 300w\" sizes=\"auto, (max-width: 640px) 100vw, 640px\" \/><\/a><\/p>\n<p>Elif, n\u00f6bet\u00e7i mahkemede tutuklu yarg\u0131lanmas\u0131na karar verilir ve cezaevine g\u00f6nderilir.<\/p>\n<p><a href=\"http:\/\/balcilar-blog.com\/wp-content\/uploads\/2015\/05\/46-1.jpg\"><img loading=\"lazy\" decoding=\"async\" class=\"alignnone size-full wp-image-8884\" src=\"http:\/\/balcilar-blog.com\/wp-content\/uploads\/2015\/05\/46-1.jpg\" alt=\"46-1\" width=\"640\" height=\"403\" srcset=\"https:\/\/balcilar-blog.com\/wp-content\/uploads\/2015\/05\/46-1.jpg 640w, https:\/\/balcilar-blog.com\/wp-content\/uploads\/2015\/05\/46-1-300x189.jpg 300w\" sizes=\"auto, (max-width: 640px) 100vw, 640px\" \/><\/a><\/p>\n<p>\u00d6mer savc\u0131dan ald\u0131\u011f\u0131 \u00f6zel izinle Elif\u2019ini ko\u011fu\u015funa kadar e\u015flik eder. Seni buradan \u00e7\u0131karaca\u011f\u0131m, yeter ki sen g\u00fc\u00e7l\u00fc ol diyerek ona moral verir. \u0130\u00e7eride g\u00fc\u00e7l\u00fc olmas\u0131n\u0131 ister.<\/p>\n<p><a href=\"http:\/\/balcilar-blog.com\/wp-content\/uploads\/2015\/05\/Ekran-Al\u0131nt\u0131s\u0131KPA46.3.png\"><img loading=\"lazy\" decoding=\"async\" class=\"alignnone size-full wp-image-8861\" src=\"http:\/\/balcilar-blog.com\/wp-content\/uploads\/2015\/05\/Ekran-Al\u0131nt\u0131s\u0131KPA46.3.png\" alt=\"Ekran Al\u0131nt\u0131s\u0131KPA46.3\" width=\"640\" height=\"371\" srcset=\"https:\/\/balcilar-blog.com\/wp-content\/uploads\/2015\/05\/Ekran-Al\u0131nt\u0131s\u0131KPA46.3.png 640w, https:\/\/balcilar-blog.com\/wp-content\/uploads\/2015\/05\/Ekran-Al\u0131nt\u0131s\u0131KPA46.3-300x174.png 300w\" sizes=\"auto, (max-width: 640px) 100vw, 640px\" \/><\/a><\/p>\n<p>\u00d6mer\u2019in s\u00f6yledi\u011fi; \u00a0\u201cTanr\u0131dan diledim bu kadar dilek aman, aman. O yarin y\u00fcz\u00fcn\u00fc bir daha g\u00f6rek.\u201d T\u00fcrk\u00fcs\u00fc y\u00fcreklerimizi da\u011flad\u0131.<\/p>\n<p><a href=\"http:\/\/balcilar-blog.com\/wp-content\/uploads\/2015\/05\/Ekran-Al\u0131nt\u0131s\u0131KPA46-tile.jpg\"><img loading=\"lazy\" decoding=\"async\" class=\"alignnone size-full wp-image-8876\" src=\"http:\/\/balcilar-blog.com\/wp-content\/uploads\/2015\/05\/Ekran-Al\u0131nt\u0131s\u0131KPA46-tile.jpg\" alt=\"Ekran Al\u0131nt\u0131s\u0131KPA46-tile\" width=\"640\" height=\"323\" srcset=\"https:\/\/balcilar-blog.com\/wp-content\/uploads\/2015\/05\/Ekran-Al\u0131nt\u0131s\u0131KPA46-tile.jpg 640w, https:\/\/balcilar-blog.com\/wp-content\/uploads\/2015\/05\/Ekran-Al\u0131nt\u0131s\u0131KPA46-tile-300x151.jpg 300w\" sizes=\"auto, (max-width: 640px) 100vw, 640px\" \/><\/a><\/p>\n<p>Di\u011fer tarafta a\u011fabey H\u00fcseyin\u2019in cenaze t\u00f6reninde herkes oradayd\u0131.\u00a0 Metin H\u00fcseyin\u2019i k\u0131rmam\u0131\u015f kendi cenaze t\u00f6renine getirmi\u015ftir. Hocan\u0131n helallik istemesine tek karde\u015fi \u00d6mer cevap verdi. Bu da H\u00fcseyin\u2019i g\u00f6zya\u015flar\u0131na bo\u011fdu. Metin, madem \u00fcz\u00fclecektin, niye ihanet ettin onlara diyerek laf\u0131 sokar. H\u00fcseyin, Allah benim belam\u0131 verdi Metin, ben bittim.<\/p>\n<p><a href=\"http:\/\/balcilar-blog.com\/wp-content\/uploads\/2015\/05\/Ekran-Al\u0131nt\u0131s\u0131KPA46.7.png\"><img loading=\"lazy\" decoding=\"async\" class=\"alignnone size-full wp-image-8863\" src=\"http:\/\/balcilar-blog.com\/wp-content\/uploads\/2015\/05\/Ekran-Al\u0131nt\u0131s\u0131KPA46.7.png\" alt=\"Ekran Al\u0131nt\u0131s\u0131KPA46.7\" width=\"640\" height=\"367\" srcset=\"https:\/\/balcilar-blog.com\/wp-content\/uploads\/2015\/05\/Ekran-Al\u0131nt\u0131s\u0131KPA46.7.png 640w, https:\/\/balcilar-blog.com\/wp-content\/uploads\/2015\/05\/Ekran-Al\u0131nt\u0131s\u0131KPA46.7-300x172.png 300w\" sizes=\"auto, (max-width: 640px) 100vw, 640px\" \/><\/a><\/p>\n<p>\u00d6mer Nil\u00fcfer\u2019den yard\u0131m ister. Kendisini Fatih\u2019e g\u00f6t\u00fcrmesini ister. Senin kocan ikili oynuyor, o Tayyar D\u00fcndar\u2019\u0131n ma\u015fal\u0131\u011f\u0131n\u0131 yap\u0131yor.<\/p>\n<p>Nil\u00fcfer, Elif\u2019in i\u00e7eri at\u0131lmas\u0131nda senin parma\u011f\u0131n var m\u0131 diye hesap sorar. Nil\u00fcfer rahats\u0131zl\u0131\u011f\u0131 i\u00e7in doktora gider, hamile oldu\u011funu \u00f6\u011frenir. \u00c7\u0131k\u0131\u015fta \u00d6mer onu bulur, Fatih\u2019le g\u00f6r\u00fc\u015fmesini ister. Konu\u015furlar, Fatih yar\u0131n sabah bizim otele gelmesini ister.<\/p>\n<p><a href=\"http:\/\/balcilar-blog.com\/wp-content\/uploads\/2015\/05\/Ekran-Al\u0131nt\u0131s\u0131KPA46.8.png\"><img loading=\"lazy\" decoding=\"async\" class=\"alignnone size-full wp-image-8864\" src=\"http:\/\/balcilar-blog.com\/wp-content\/uploads\/2015\/05\/Ekran-Al\u0131nt\u0131s\u0131KPA46.8.png\" alt=\"Ekran Al\u0131nt\u0131s\u0131KPA46.8\" width=\"640\" height=\"373\" srcset=\"https:\/\/balcilar-blog.com\/wp-content\/uploads\/2015\/05\/Ekran-Al\u0131nt\u0131s\u0131KPA46.8.png 640w, https:\/\/balcilar-blog.com\/wp-content\/uploads\/2015\/05\/Ekran-Al\u0131nt\u0131s\u0131KPA46.8-300x175.png 300w\" sizes=\"auto, (max-width: 640px) 100vw, 640px\" \/><\/a><\/p>\n<p>Levent, cezaevine Elif\u2019e ziyarete gider, konu\u015furlar. Levent, \u015firketten istifas\u0131n\u0131 getirdi\u011fini, \u0130stanbul\u2019dan ayr\u0131lmaya karar verdi\u011fini s\u00f6yler, i\u015fleri Nedret han\u0131ma devredece\u011fim. Beni sevmen i\u00e7in \u00e7ok u\u011fra\u015ft\u0131m, Bahar ile eski \u00e7evirdikleri d\u00fcmenleri anlat\u0131r. Halas\u0131 Nedret Han\u0131m\u0131n yapt\u0131klar\u0131n\u0131 tam anlatacakken \u00d6mer gelir, konu\u015fma yar\u0131da kal\u0131r. \u00d6mer, senin burada ne i\u015fin var, bir daha benim kar\u015f\u0131ma \u00e7\u0131kma.<\/p>\n<p><a href=\"http:\/\/balcilar-blog.com\/wp-content\/uploads\/2015\/05\/Ekran-Al\u0131nt\u0131s\u0131KPA46.9.png\"><img loading=\"lazy\" decoding=\"async\" class=\"alignnone size-full wp-image-8865\" src=\"http:\/\/balcilar-blog.com\/wp-content\/uploads\/2015\/05\/Ekran-Al\u0131nt\u0131s\u0131KPA46.9.png\" alt=\"Ekran Al\u0131nt\u0131s\u0131KPA46.9\" width=\"752\" height=\"436\" srcset=\"https:\/\/balcilar-blog.com\/wp-content\/uploads\/2015\/05\/Ekran-Al\u0131nt\u0131s\u0131KPA46.9.png 752w, https:\/\/balcilar-blog.com\/wp-content\/uploads\/2015\/05\/Ekran-Al\u0131nt\u0131s\u0131KPA46.9-300x174.png 300w\" sizes=\"auto, (max-width: 752px) 100vw, 752px\" \/><\/a><\/p>\n<p>\u00d6mer Elif ile konu\u015fmaya devam eder. Elif; insanlar neden b\u00f6yle, neden ihanet ediyorlar. Neden s\u0131rt\u0131ndan b\u0131\u00e7akl\u0131yorlar. Ke\u015fke \u015fu anada sar\u0131lsan bana.<\/p>\n<p><a href=\"http:\/\/balcilar-blog.com\/wp-content\/uploads\/2015\/05\/Ekran-Al\u0131nt\u0131s\u0131KPA46.10.png\"><img loading=\"lazy\" decoding=\"async\" class=\"alignnone size-full wp-image-8866\" src=\"http:\/\/balcilar-blog.com\/wp-content\/uploads\/2015\/05\/Ekran-Al\u0131nt\u0131s\u0131KPA46.10.png\" alt=\"Ekran Al\u0131nt\u0131s\u0131KPA46.10\" width=\"755\" height=\"441\" srcset=\"https:\/\/balcilar-blog.com\/wp-content\/uploads\/2015\/05\/Ekran-Al\u0131nt\u0131s\u0131KPA46.10.png 755w, https:\/\/balcilar-blog.com\/wp-content\/uploads\/2015\/05\/Ekran-Al\u0131nt\u0131s\u0131KPA46.10-300x175.png 300w\" sizes=\"auto, (max-width: 755px) 100vw, 755px\" \/><\/a><\/p>\n<p>\u00d6mer hapishane d\u00f6n\u00fc\u015f\u00fc evde \u00e7ok \u00fcz\u00fcl\u00fcr, her \u015feyi k\u0131rar, d\u00f6ker. Elif\u2019in \u015fal\u0131na sar\u0131l\u0131r, koklayarak uyur kal\u0131r.<\/p>\n<p><a href=\"http:\/\/balcilar-blog.com\/wp-content\/uploads\/2015\/05\/Ekran-Al\u0131nt\u0131s\u0131KPA46.11.png\"><img loading=\"lazy\" decoding=\"async\" class=\"alignnone size-full wp-image-8867\" src=\"http:\/\/balcilar-blog.com\/wp-content\/uploads\/2015\/05\/Ekran-Al\u0131nt\u0131s\u0131KPA46.11.png\" alt=\"Ekran Al\u0131nt\u0131s\u0131KPA46.11\" width=\"762\" height=\"440\" srcset=\"https:\/\/balcilar-blog.com\/wp-content\/uploads\/2015\/05\/Ekran-Al\u0131nt\u0131s\u0131KPA46.11.png 762w, https:\/\/balcilar-blog.com\/wp-content\/uploads\/2015\/05\/Ekran-Al\u0131nt\u0131s\u0131KPA46.11-300x173.png 300w\" sizes=\"auto, (max-width: 762px) 100vw, 762px\" \/><\/a><\/p>\n<p>Sabah Arda ile Pelin eve gelirler, k\u0131r\u0131k d\u00f6k\u00fckleri toplarlar. Pelin Arda\u2019dan af etmesi i\u00e7in \u00f6z\u00fcr diler. \u00d6mer de uyan\u0131r, birlikte kahvalt\u0131 yaparlar.<\/p>\n<p>\u00d6mer Nil\u00fcfer\u2019i arabas\u0131na al\u0131r. Otelde Fatih ile bula\u015facaklard\u0131r. Nil\u00fcfer Metin\u2019i s\u0131k\u0131\u015ft\u0131r\u0131r. Ablas\u0131n\u0131n silah\u0131n\u0131 ald\u0131\u011f\u0131n\u0131 s\u00f6ylettirir. Ben \u00d6mer\u2019e verdi\u011fim s\u00f6zden d\u00f6nd\u00fcm. Hem babam\u0131, hem de \u00d6mer\u2019i idare etmek zorunday\u0131m. Yoksa babam bana z\u0131rn\u0131k koklatmayacakt\u0131, Nil\u00fcfer sen bana para i\u00e7in mi satt\u0131n. Psikolog Doktor Elif ile m\u00fcd\u00fcr\u00fcn odas\u0131nda konu\u015furlar. Bu doktor gene Tayyar\u2019\u0131n ayarlad\u0131\u011f\u0131 adamd\u0131r. Elif\u2019i su\u00e7lulu\u011funu empoze etmek i\u00e7in oradad\u0131r. Bu i\u015f i\u00e7in Tayyar\u2019dan y\u00fckl\u00fc para alm\u0131\u015ft\u0131r.<\/p>\n<p>Elif konu\u015fta i\u00e7ine kapan\u0131r, i\u00e7indekilerini an\u0131 defteri ile payla\u015f\u0131r.<\/p>\n<p><a href=\"http:\/\/balcilar-blog.com\/wp-content\/uploads\/2015\/05\/46-6.jpg\"><img loading=\"lazy\" decoding=\"async\" class=\"alignnone size-medium wp-image-8885\" src=\"http:\/\/balcilar-blog.com\/wp-content\/uploads\/2015\/05\/46-6-300x204.jpg\" alt=\"46-6\" width=\"300\" height=\"204\" srcset=\"https:\/\/balcilar-blog.com\/wp-content\/uploads\/2015\/05\/46-6-300x204.jpg 300w, https:\/\/balcilar-blog.com\/wp-content\/uploads\/2015\/05\/46-6.jpg 640w\" sizes=\"auto, (max-width: 300px) 100vw, 300px\" \/><\/a>\u00a0<a href=\"http:\/\/balcilar-blog.com\/wp-content\/uploads\/2015\/05\/46-7.jpg\"><img loading=\"lazy\" decoding=\"async\" class=\"alignnone size-medium wp-image-8883\" src=\"http:\/\/balcilar-blog.com\/wp-content\/uploads\/2015\/05\/46-7-300x196.jpg\" alt=\"46-7\" width=\"300\" height=\"196\" srcset=\"https:\/\/balcilar-blog.com\/wp-content\/uploads\/2015\/05\/46-7-300x196.jpg 300w, https:\/\/balcilar-blog.com\/wp-content\/uploads\/2015\/05\/46-7.jpg 640w\" sizes=\"auto, (max-width: 300px) 100vw, 300px\" \/><\/a><\/p>\n<p>H\u00fcseyin\u2019in kesik baca\u011f\u0131 i\u00e7in protezlerin tak\u0131lmas\u0131na aylar vard\u0131r. H\u00fcseyin \u00e7ok sinirlenir, buradan bir \u00f6nce Fatih\u2019ten kurtulmak istemektedir.<\/p>\n<p>\u00d6mer tezgah\u0131 Fatih\u2019in kurdu\u011funu \u00f6\u011frenir. \u015eimdi tek amac\u0131 Fatih ile y\u00fcz y\u00fcze konu\u015fmakt\u0131r. Fatih\u2019in babas\u0131n\u0131n evine geldi\u011fini \u00f6\u011frenir, derhal gider.<\/p>\n<p>Tayyar o\u011flu Fatih\u2019in telefonlar\u0131n\u0131 dinler, bu k\u0131z\u0131 g\u00f6rmeyeceksin diye yasak koyar. N\u00fcfusuma ge\u00e7irmem diye tehdit eder.<\/p>\n<p><a href=\"http:\/\/balcilar-blog.com\/wp-content\/uploads\/2015\/05\/Ekran-Al\u0131nt\u0131s\u0131KPA46.12.png\"><img loading=\"lazy\" decoding=\"async\" class=\"alignnone size-full wp-image-8868\" src=\"http:\/\/balcilar-blog.com\/wp-content\/uploads\/2015\/05\/Ekran-Al\u0131nt\u0131s\u0131KPA46.12.png\" alt=\"Ekran Al\u0131nt\u0131s\u0131KPA46.12\" width=\"763\" height=\"438\" srcset=\"https:\/\/balcilar-blog.com\/wp-content\/uploads\/2015\/05\/Ekran-Al\u0131nt\u0131s\u0131KPA46.12.png 763w, https:\/\/balcilar-blog.com\/wp-content\/uploads\/2015\/05\/Ekran-Al\u0131nt\u0131s\u0131KPA46.12-300x172.png 300w\" sizes=\"auto, (max-width: 763px) 100vw, 763px\" \/><\/a><\/p>\n<p>Nedret Hala, konu\u015fmak i\u00e7in Tayyar Beye gelir. Elif\u2019i hapisten \u00e7\u0131kartmak i\u00e7in ne yapt\u0131n, onu hapisten \u00e7\u0131karacakt\u0131n ne oldu diye hesap sorar. Tayyar bir daha buraya gelmemesini, \u00e7ok tehlikeli oldu\u011funu s\u00f6yler. Nedret sen de s\u00f6z\u00fcn\u00fc tut, aksi takdirde ortakl\u0131\u011f\u0131m\u0131z\u0131 g\u00f6zden ge\u00e7irmek zorunda kal\u0131r\u0131m. Gelece\u011fin iki duda\u011f\u0131m\u0131n aras\u0131nda, ipini \u00e7ekiveririm Tayyar D\u00fcndar. Nedret tan\u0131nmamak i\u00e7in siyah \u015fapkas\u0131n\u0131 giyer ve terk eder.<\/p>\n<p><a href=\"http:\/\/balcilar-blog.com\/wp-content\/uploads\/2015\/05\/Ekran-Al\u0131nt\u0131s\u0131KPA46.13.png\"><img loading=\"lazy\" decoding=\"async\" class=\"alignnone size-full wp-image-8869\" src=\"http:\/\/balcilar-blog.com\/wp-content\/uploads\/2015\/05\/Ekran-Al\u0131nt\u0131s\u0131KPA46.13.png\" alt=\"Ekran Al\u0131nt\u0131s\u0131KPA46.13\" width=\"769\" height=\"439\" srcset=\"https:\/\/balcilar-blog.com\/wp-content\/uploads\/2015\/05\/Ekran-Al\u0131nt\u0131s\u0131KPA46.13.png 769w, https:\/\/balcilar-blog.com\/wp-content\/uploads\/2015\/05\/Ekran-Al\u0131nt\u0131s\u0131KPA46.13-300x171.png 300w\" sizes=\"auto, (max-width: 769px) 100vw, 769px\" \/><\/a><\/p>\n<p>\u00d6mer, ekip olmadan tek ba\u015f\u0131na Tayyar\u2019\u0131n evine girmeye azmetmi\u015ftir. \u0130pek onu engelleyemez. \u00a0D\u0131\u015far\u0131dan polis arabas\u0131ndan d\u00fcrb\u00fcn ile seyrederken, \u00d6mer d\u00fcrb\u00fcn\u00fc al\u0131r ve bu kad\u0131n\u0131n Nedret Hala oldu\u011fu g\u00f6r\u00fcr. Olduk\u00e7ada \u015fa\u015f\u0131r\u0131r. \u0130pek bu kad\u0131n\u0131n burada ne i\u015fi var. \u00d6mer, bilmiyorum gecenin s\u00fcrprizi oldu\u011fu kesin.<\/p>\n<p>H\u00fcseyin i\u00e7in pasaport \u00e7\u0131kart\u0131l\u0131r, Fatih gazete ve televizyonu yasaklam\u0131\u015ft\u0131r. H\u00fcseyin i\u00e7ki istemi\u015fti istemi\u015ftir. Sar\u0131l\u0131 \u00f6nceki g\u00fcn\u00fcn gazetede \u201cElif Denizer cinayetten tutukland\u0131.\u201d haberini okur. Ne oluyor lan, \u015ferefsiz Fatih. Ba\u015f\u0131ndaki adama ara o Fatih D\u00fcndar\u2019\u0131 buraya gelsin diyerek ba\u011f\u0131r\u0131r.<\/p>\n<p>\u00d6mer, arkada\u015flar\u0131n\u0131 emniyete g\u00f6nderir, i\u00e7eri tek ba\u015f\u0131na bah\u00e7e duvar\u0131ndan girer. Bir korumay\u0131 devre d\u0131\u015f\u0131 yapar. Pencereden Fatih\u2019in odas\u0131na girer. Tabancas\u0131n\u0131 \u00e7eker, Fatih\u2019e seni almaya geldim. Y\u00fcr\u00fc gidiyoruz. O s\u0131rada \u00d6mer\u2019in ensesine Tayyar D\u00fcndar tabancas\u0131n\u0131 dayar.<\/p>\n<p><a href=\"http:\/\/balcilar-blog.com\/wp-content\/uploads\/2015\/05\/Ekran-Al\u0131nt\u0131s\u0131KPA46.14D.png\"><img loading=\"lazy\" decoding=\"async\" class=\"alignnone size-full wp-image-8870\" src=\"http:\/\/balcilar-blog.com\/wp-content\/uploads\/2015\/05\/Ekran-Al\u0131nt\u0131s\u0131KPA46.14D.png\" alt=\"Ekran Al\u0131nt\u0131s\u0131KPA46.14D\" width=\"756\" height=\"441\" srcset=\"https:\/\/balcilar-blog.com\/wp-content\/uploads\/2015\/05\/Ekran-Al\u0131nt\u0131s\u0131KPA46.14D.png 756w, https:\/\/balcilar-blog.com\/wp-content\/uploads\/2015\/05\/Ekran-Al\u0131nt\u0131s\u0131KPA46.14D-300x175.png 300w\" sizes=\"auto, (max-width: 756px) 100vw, 756px\" \/><\/a><\/p>\n<p>\u00d6mer bir arazide kaz\u0131lan mezar ba\u015f\u0131na getirilir. Tayyar, b unu sen istedin \u00d6mer Komiser. \u00d6mer, kurtulamayacaks\u0131n, bunun hesab\u0131n\u0131 vereceksin der. Tayyar, bunun rahmetli a\u011fabeyside b\u00f6yle artistti. Fatih\u2019e hadi \u00e7ek silah\u0131n\u0131 der. Fatih, sen bana Polis mi \u00f6ld\u00fcrteceksin.<\/p>\n<p><a href=\"http:\/\/balcilar-blog.com\/wp-content\/uploads\/2015\/05\/Ekran-Al\u0131nt\u0131s\u0131KPA46.15.png\"><img loading=\"lazy\" decoding=\"async\" class=\"alignnone size-full wp-image-8871\" src=\"http:\/\/balcilar-blog.com\/wp-content\/uploads\/2015\/05\/Ekran-Al\u0131nt\u0131s\u0131KPA46.15.png\" alt=\"Ekran Al\u0131nt\u0131s\u0131KPA46.15\" width=\"747\" height=\"432\" srcset=\"https:\/\/balcilar-blog.com\/wp-content\/uploads\/2015\/05\/Ekran-Al\u0131nt\u0131s\u0131KPA46.15.png 747w, https:\/\/balcilar-blog.com\/wp-content\/uploads\/2015\/05\/Ekran-Al\u0131nt\u0131s\u0131KPA46.15-300x173.png 300w\" sizes=\"auto, (max-width: 747px) 100vw, 747px\" \/><\/a><\/p>\n<p>Tayyar hadi g\u00f6ster bana, D\u00fcndar m\u0131s\u0131n, de\u011fimlisin. Fatih yaln\u0131z b\u0131rak\u0131n beni diyerek babas\u0131n\u0131n ve adamlar\u0131n oradan uzakla\u015fmas\u0131n\u0131 ister. Tayyar uzaktan arabas\u0131ndan hadi Fatih diyerek izler.<\/p>\n<p><a href=\"http:\/\/balcilar-blog.com\/wp-content\/uploads\/2015\/05\/CE8u8wEVAAAzIec.jpg\"><img loading=\"lazy\" decoding=\"async\" class=\"alignnone size-full wp-image-8877\" src=\"http:\/\/balcilar-blog.com\/wp-content\/uploads\/2015\/05\/CE8u8wEVAAAzIec.jpg\" alt=\"CE8u8wEVAAAzIec\" width=\"640\" height=\"360\" srcset=\"https:\/\/balcilar-blog.com\/wp-content\/uploads\/2015\/05\/CE8u8wEVAAAzIec.jpg 640w, https:\/\/balcilar-blog.com\/wp-content\/uploads\/2015\/05\/CE8u8wEVAAAzIec-300x169.jpg 300w\" sizes=\"auto, (max-width: 640px) 100vw, 640px\" \/><\/a><\/p>\n<p>Fatih tel el ate\u015fle \u00d6mer\u2019i ensesinden vurur, sonra da mezara iter. Ve 46.B\u00f6l\u00fcm burada biter.<\/p>\n<p><a href=\"http:\/\/balcilar-blog.com\/wp-content\/uploads\/2015\/05\/Ekran-Al\u0131nt\u0131s\u0131KPA46.SON_.png\"><img loading=\"lazy\" decoding=\"async\" class=\"alignnone size-full wp-image-8874\" src=\"http:\/\/balcilar-blog.com\/wp-content\/uploads\/2015\/05\/Ekran-Al\u0131nt\u0131s\u0131KPA46.SON_.png\" alt=\"Ekran Al\u0131nt\u0131s\u0131KPA46.SON\" width=\"801\" height=\"451\" srcset=\"https:\/\/balcilar-blog.com\/wp-content\/uploads\/2015\/05\/Ekran-Al\u0131nt\u0131s\u0131KPA46.SON_.png 801w, https:\/\/balcilar-blog.com\/wp-content\/uploads\/2015\/05\/Ekran-Al\u0131nt\u0131s\u0131KPA46.SON_-300x169.png 300w\" sizes=\"auto, (max-width: 801px) 100vw, 801px\" \/><\/a><\/p>\n<p>Fatih, babas\u0131n\u0131 uzakla\u015ft\u0131rd\u0131ktan sonra \u00d6mer ile anla\u015f\u0131r, tabancada kur\u015fun yoktur. \u00d6mer de vurulmu\u015f gibi kendini yere atm\u0131\u015ft\u0131r ve Tayyar D\u00fcndar\u2019a \u00f6ld\u00fcrd\u00fc\u011f\u00fcn\u00fc g\u00f6sterecektir.\u00a0 \u015eimdi ne olacak, H\u00fcseyin yurt d\u0131\u015f\u0131na \u00e7\u0131kar\u0131labilecek mi?\u00a0 Elif hapisten \u00e7\u0131kacak m\u0131? Nedret Halan\u0131n Tayyar D\u00fcndar ile ipli\u011fi ne zaman pazara \u00e7\u0131kacak? Tam \u00fc\u00e7 bilinmeyenli bir denklem oldu. Kara Para A\u015fk izleyicini \u015fa\u015f\u0131rtmaya devam ediyor. Fatih ile \u00d6mer ne gibi bir senaryonun i\u00e7inde? Fatih \u00d6mer&#8217;\u0131 att\u0131\u011f\u0131 \u00e7ukurdan nas\u0131l \u00e7\u0131kartacak? Haftaya bekleyip birlikte g\u00f6rece\u011fiz.<\/p>\n<p>Ba\u015f rollerini Tuba B\u00fcy\u00fck\u00fcst\u00fcn, Engin Aky\u00fcrek ve \u00d6yk\u00fc Karel&#8217;in oynad\u0131\u011f\u0131 Kara Para A\u015fk 17 Haziran ak\u015fam\u0131 final yapacak. \u00a0\u00dclkemiz d\u0131\u015f\u0131nda G\u00fcney Amerika&#8217;da \u015eili&#8217;de ilk b\u00f6l\u00fcm\u00fc yay\u0131nlanan Kara Para A\u015fk reyting rekorlar\u0131 k\u0131rd\u0131\u011f\u0131 s\u00f6yleniyor. Ay Yap\u0131m&#8217;dan kesin bir a\u00e7\u0131klama yok, 17 Haziran&#8217;da final mi, sezon finali mi yapacak bilemiyoruz. Bence bir sezon daha devam etmeli.<\/p>\n<div><\/div>\n<p>\u0130yi Seyirler.<\/p>\n<p>Sayg\u0131lar ve sevgiler.<\/p>\n<p>Abdurrahman Balc\u0131lar<\/p>\n<p>Twitter: abdurrahman balc\u0131lar@abbalcilar<\/p>\n<p>Mail : <a href=\"mailto:ab.balcilar@hotmail.com\">ab.balcilar@hotmail.com<\/a><\/p>\n<p>Blog:\u00a0<a href=\"http:\/\/t.co\/znqmIZgIqn\">blog.milliyet.com.tr\/cansever<\/a><\/p>\n<p>Blog:\u00a0<strong>balcilar<\/strong>&#8211;<strong>blog.com<\/strong><\/p>\n<p>&nbsp;<\/p>\n<p>Not: G\u00f6rseller taraf\u0131mdan diziden kopyalanarak al\u0131nm\u0131\u015ft\u0131r.<\/p>\n<p>&nbsp;<\/p>\n<p>&nbsp;<\/p>\n<p>&nbsp;<\/p>\n","protected":false},"excerpt":{"rendered":"<p>Ay Yap\u0131m\u2019\u0131n polisiye a\u015fk ve macera dizisi \u201cKara Para A\u015fk\u201d Atv&#8217;de izleyeni \u015fa\u015f\u0131rtmaya devam ediyor. Elif \u00d6mer\u2019in b\u00fct\u00fcn gayretlerine ra\u011fmen yurt d\u0131\u015f\u0131na ka\u00e7m\u0131yor, polise teslim oluyor, parmakl\u0131klar arkas\u0131na g\u00f6nderiliyor. \u00d6mer\u2019in Elif\u2019ini hapse g\u00f6nderilmesini engel olamaz, ayr\u0131l\u0131klar\u0131 y\u00fcrekleri da\u011flad\u0131, g\u00f6zlerimiz ya\u015fard\u0131. Dizinin d\u00fcn ak\u015famki b\u00f6l\u00fcm\u00fcnde Elif, Komiser H\u00fcseyin\u2019in katili olarak girdi\u011fi ceza evinde Tayyar\u2019\u0131n yeni planlar\u0131n\u0131 [&hellip;]<\/p>\n","protected":false},"author":3,"featured_media":0,"comment_status":"open","ping_status":"open","sticky":false,"template":"","format":"standard","meta":{"footnotes":""},"categories":[2],"tags":[48,26,304],"class_list":["post-8857","post","type-post","status-publish","format-standard","hentry","category-tv-programlari","tag-atv","tag-ay-yapim","tag-kara-para-ask"],"views":4646,"blog_post_layout_featured_media_urls":{"thumbnail":"","full":""},"categories_names":{"2":{"name":"TV Programlar\u0131","link":"https:\/\/balcilar-blog.com\/?cat=2"}},"tags_names":{"48":{"name":"ATV","link":"https:\/\/balcilar-blog.com\/?tag=atv"},"26":{"name":"Ay Yap\u0131m","link":"https:\/\/balcilar-blog.com\/?tag=ay-yapim"},"304":{"name":"Kara Para A\u015fk","link":"https:\/\/balcilar-blog.com\/?tag=kara-para-ask"}},"comments_number":"0","wpmagazine_modules_lite_featured_media_urls":{"thumbnail":"","cvmm-medium":"","cvmm-medium-plus":"","cvmm-portrait":"","cvmm-medium-square":"","cvmm-large":"","cvmm-small":"","full":""},"_links":{"self":[{"href":"https:\/\/balcilar-blog.com\/index.php?rest_route=\/wp\/v2\/posts\/8857","targetHints":{"allow":["GET"]}}],"collection":[{"href":"https:\/\/balcilar-blog.com\/index.php?rest_route=\/wp\/v2\/posts"}],"about":[{"href":"https:\/\/balcilar-blog.com\/index.php?rest_route=\/wp\/v2\/types\/post"}],"author":[{"embeddable":true,"href":"https:\/\/balcilar-blog.com\/index.php?rest_route=\/wp\/v2\/users\/3"}],"replies":[{"embeddable":true,"href":"https:\/\/balcilar-blog.com\/index.php?rest_route=%2Fwp%2Fv2%2Fcomments&post=8857"}],"version-history":[{"count":6,"href":"https:\/\/balcilar-blog.com\/index.php?rest_route=\/wp\/v2\/posts\/8857\/revisions"}],"predecessor-version":[{"id":8886,"href":"https:\/\/balcilar-blog.com\/index.php?rest_route=\/wp\/v2\/posts\/8857\/revisions\/8886"}],"wp:attachment":[{"href":"https:\/\/balcilar-blog.com\/index.php?rest_route=%2Fwp%2Fv2%2Fmedia&parent=8857"}],"wp:term":[{"taxonomy":"category","embeddable":true,"href":"https:\/\/balcilar-blog.com\/index.php?rest_route=%2Fwp%2Fv2%2Fcategories&post=8857"},{"taxonomy":"post_tag","embeddable":true,"href":"https:\/\/balcilar-blog.com\/index.php?rest_route=%2Fwp%2Fv2%2Ftags&post=8857"}],"curies":[{"name":"wp","href":"https:\/\/api.w.org\/{rel}","templated":true}]}}