{"id":8836,"date":"2015-05-12T23:28:35","date_gmt":"2015-05-12T20:28:35","guid":{"rendered":"http:\/\/balcilar-blog.com\/?p=8836"},"modified":"2015-05-13T11:07:46","modified_gmt":"2015-05-13T08:07:46","slug":"unlu-dizi-oyuncularinin-tatil-planlari-kim-nerede-tatil-yapacak","status":"publish","type":"post","link":"https:\/\/balcilar-blog.com\/?p=8836","title":{"rendered":"\u00dcnl\u00fc Dizi oyuncular\u0131n\u0131n tatil planlar\u0131, Kim nerede tatil yapacak?"},"content":{"rendered":"<p><a href=\"http:\/\/balcilar-blog.com\/wp-content\/uploads\/2015\/05\/cats-tatil.jpg\"><img loading=\"lazy\" decoding=\"async\" class=\"alignnone size-full wp-image-8853\" src=\"http:\/\/balcilar-blog.com\/wp-content\/uploads\/2015\/05\/cats-tatil.jpg\" alt=\"cats tatil\" width=\"636\" height=\"634\" srcset=\"https:\/\/balcilar-blog.com\/wp-content\/uploads\/2015\/05\/cats-tatil.jpg 636w, https:\/\/balcilar-blog.com\/wp-content\/uploads\/2015\/05\/cats-tatil-150x150.jpg 150w, https:\/\/balcilar-blog.com\/wp-content\/uploads\/2015\/05\/cats-tatil-300x300.jpg 300w\" sizes=\"auto, (max-width: 636px) 100vw, 636px\" \/><\/a><\/p>\n<p>Haziran ba\u015f\u0131ndan itibaren hemen hemen b\u00fct\u00fcn diziler sezon finali yapacak, baz\u0131lar\u0131 da kesin final yapacak ve 3 aya yak\u0131n bir s\u00fcre tatile \u00e7\u0131kacaklar. 2014 Eyl\u00fcl ay\u0131 ba\u015f\u0131nda ba\u015flay\u0131p, 2015 Haziran ay\u0131na dek s\u00fcren dizi sezonu nihayet sona eriyor. Dizi ba\u015frol oyuncular\u0131 ba\u015fta olmak \u00fczere, t\u00fcm dizi oyuncular\u0131 ve set \u00e7al\u0131\u015fanlar\u0131 \u00e7ok yoruldular. Dile kolay her hafta 6 g\u00fcn \u00e7al\u0131\u015farak iki saatlik dizi yeti\u015ftirmek \u00e7ok da kolay olmasa gerek. Dizi yay\u0131n saatlerinin uzunlu\u011fundan b\u00fct\u00fcn oyuncular \u015fikayet\u00e7i. Baz\u0131 ba\u015f rol oyuncular\u0131 yap\u0131mc\u0131lara tav\u0131r koyuyorlar. Ge\u00e7en y\u0131llarda Meryem Uzelli b\u00f6yle bir tav\u0131r koymu\u015ftu. Son olarak TV8&#8217;de ba\u015flayan Maral En G\u00fczel Hikayem dizisinde Hazal Kaya tavr\u0131n\u0131 ba\u015ftan koymu\u015f, s\u00f6zle\u015fmede yay\u0131n saatini 90 dakika ile s\u0131n\u0131rland\u0131rm\u0131\u015ft\u0131r.<\/p>\n<p>9-10 ay s\u00fcren bir dizi sezonu boyunca, 40 b\u00f6l\u00fcm \u00e7ekiliyor, olduk\u00e7a yorulan oyuncular \u00fc\u00e7 ayl\u0131k tatili fazlas\u0131yla hak ediyorlar. Haftan\u0131n \u00a06 g\u00fcn\u00fc, bazen de gecenin ge\u00e7 saatlerine kadar \u00e7al\u0131\u015fmak kolay olmasa gerek. Dizi oyuncu \u00fccretleri her ne kadar y\u00fcksek olsa da, hak etmek i\u00e7in bedensel ve beyinsel \u00e7al\u0131\u015fmak hi\u00e7 de kolay de\u011fil.<\/p>\n<p>Dizi oyuncular\u0131n\u0131n baz\u0131lar\u0131 sezon bitmeden tatil planlar\u0131n\u0131 yapt\u0131lar bile. Yapmayanlar da Haziran i\u00e7inde yapacaklard\u0131r. Tatil planlar\u0131n\u0131 yapan ba\u015frol oyuncular\u0131m\u0131zdan, takip edebildiklerimi alfabetik isim s\u0131ras\u0131na g\u00f6re, \u00fcnl\u00fc dizi oyunculardan kim nerede tatil yapacak a\u015fa\u011f\u0131da sizlerle payla\u015f\u0131yorum.<\/p>\n<p>&nbsp;<\/p>\n<p><a href=\"http:\/\/balcilar-blog.com\/wp-content\/uploads\/2015\/05\/10947231-\u00e7a\u011fatay-ulusoy.png\"><img loading=\"lazy\" decoding=\"async\" class=\"alignnone size-full wp-image-8848\" src=\"http:\/\/balcilar-blog.com\/wp-content\/uploads\/2015\/05\/10947231-\u00e7a\u011fatay-ulusoy.png\" alt=\"10947231 \u00e7a\u011fatay ulusoy\" width=\"482\" height=\"480\" srcset=\"https:\/\/balcilar-blog.com\/wp-content\/uploads\/2015\/05\/10947231-\u00e7a\u011fatay-ulusoy.png 482w, https:\/\/balcilar-blog.com\/wp-content\/uploads\/2015\/05\/10947231-\u00e7a\u011fatay-ulusoy-150x150.png 150w, https:\/\/balcilar-blog.com\/wp-content\/uploads\/2015\/05\/10947231-\u00e7a\u011fatay-ulusoy-300x300.png 300w\" sizes=\"auto, (max-width: 482px) 100vw, 482px\" \/><\/a><\/p>\n<p><strong>\u00c7a\u011fatay Ulusoy :<\/strong><\/p>\n<p>Medcezir dizisinin ba\u015far\u0131l\u0131 oyuncusu \u00c7a\u011fatay Ulusoy, dizinin bitiminden hemen sonra tatil yapmadan, bir y\u0131ld\u0131r haz\u0131rl\u0131klar\u0131 devam eden 2.sinema filmini \u00e7ekecek. Ay Yap\u0131m&#8217;\u0131n yap\u0131mc\u0131s\u0131 oldu\u011fu filmi Ali Bilgin \u00e7ekecek. \u00a0Filmin bitiminden sonra hem tatil, hem de e\u011fitim ama\u00e7l\u0131 Amerika yolculu\u011funa \u00e7\u0131kacak. New York&#8217;tan ba\u015flay\u0131p, ard\u0131ndan Los Angeles&#8217;a ge\u00e7ecek olan Ulusoy, bir oyunculuk akademisinde hem \u0130ngilizcesini ilerletecek, hem de oyunculuk e\u011fitimi alacakm\u0131\u015f. Amerika d\u00f6n\u00fc\u015f\u00fc \u015fayet zaman\u0131 kal\u0131rsa, her yaz oldu\u011fu gibi \u00c7e\u015fme ve Bodrum sahillerinde de k\u0131sa bir tatil yapacakt\u0131r.<\/p>\n<p>&#8212;&#8212;&#8212;&#8212;&#8212;&#8212;&#8212;&#8212;&#8212;&#8212;&#8212;&#8212;&#8212;&#8212;&#8212;&#8212;&#8212;&#8212;&#8212;&#8212;&#8212;&#8212;&#8212;&#8212;&#8212;&#8212;&#8212;&#8212;&#8212;&#8212;&#8212;&#8212;&#8212;&#8212;&#8212;&#8212;&#8212;&#8212;&#8212;&#8212;&#8212;&#8212;&#8212;&#8212;&#8212;-<\/p>\n<p>&nbsp;<\/p>\n<p><a href=\"http:\/\/balcilar-blog.com\/wp-content\/uploads\/2015\/05\/halitberguzar3_d.jpg\"><img loading=\"lazy\" decoding=\"async\" class=\"size-full wp-image-8844\" src=\"http:\/\/balcilar-blog.com\/wp-content\/uploads\/2015\/05\/halitberguzar3_d.jpg\" alt=\"JPEGmini\" width=\"640\" height=\"366\" srcset=\"https:\/\/balcilar-blog.com\/wp-content\/uploads\/2015\/05\/halitberguzar3_d.jpg 640w, https:\/\/balcilar-blog.com\/wp-content\/uploads\/2015\/05\/halitberguzar3_d-300x172.jpg 300w\" sizes=\"auto, (max-width: 640px) 100vw, 640px\" \/><\/a><\/p>\n<p><strong>Halit Ergen\u00e7 &#8211; Berg\u00fczar Korel \u00c7ifti :<\/strong><\/p>\n<p>Berg\u00fczar Korel &#8211; Hait Ergen\u00e7 \u00e7ifti bu y\u0131l tatile erken \u00e7\u0131kanlardan. Berg\u00fczar Korel&#8217;in annesi H\u00fclya Darcan\u0131n da e\u015flik etti\u011fi aile, \u00c7e\u015fme Ala\u00e7at\u0131 Beach Resort&#8217;te tatillerinin ilk g\u00fcn\u00fcnde ne\u015feli bir \u015fekilde ge\u00e7irmi\u015fler. \u00c7ift o\u011fullar\u0131 Ali ile solu\u011fu \u00c7e\u015fme&#8217;de alm\u0131\u015flar. Berg\u00fczar Korel&#8217;in Karaday\u0131 dizisi 8 Haziran pazartesi ak\u015fam\u0131 114.B\u00f6l\u00fcm final yapacak. \u00dcnl\u00fc \u00e7ift yaz boyunca uzunca bir tatil yapacaklar.<\/p>\n<p>&#8212;&#8212;&#8212;&#8212;&#8212;&#8212;&#8212;&#8212;&#8212;&#8212;&#8212;&#8212;&#8212;&#8212;&#8212;&#8212;&#8212;&#8212;&#8212;&#8212;&#8212;&#8212;&#8212;&#8212;&#8212;&#8212;&#8212;&#8212;&#8212;&#8212;&#8212;&#8212;&#8212;&#8212;&#8212;&#8212;&#8212;&#8212;&#8212;&#8212;&#8212;&#8212;&#8212;&#8212;&#8212;-<\/p>\n<div class=\"newsInfoBox\"><\/div>\n<p><a href=\"http:\/\/balcilar-blog.com\/wp-content\/uploads\/2015\/05\/hatice-\u015fendil.jpg\"><img loading=\"lazy\" decoding=\"async\" class=\"alignnone size-full wp-image-8839\" src=\"http:\/\/balcilar-blog.com\/wp-content\/uploads\/2015\/05\/hatice-\u015fendil.jpg\" alt=\"hatice-\u015fendil\" width=\"640\" height=\"363\" srcset=\"https:\/\/balcilar-blog.com\/wp-content\/uploads\/2015\/05\/hatice-\u015fendil.jpg 640w, https:\/\/balcilar-blog.com\/wp-content\/uploads\/2015\/05\/hatice-\u015fendil-300x170.jpg 300w\" sizes=\"auto, (max-width: 640px) 100vw, 640px\" \/><\/a><\/p>\n<p><strong>Hatice \u015eendil :<\/strong><\/p>\n<p>Kaderimin Yaz\u0131ld\u0131\u011f\u0131 G\u00fcn dizisinin g\u00fczel oyuncusu Hatice \u015eendil \u015fu g\u00fcnlerde evlilik haz\u0131rl\u0131\u011f\u0131nda. \u00a0Hatice \u015eendil, \u015fimdiye kadar rol ald\u0131\u011f\u0131 projelerde 15 defa gelinlik giymi\u015f. Son olarak Kaderimin Yaz\u0131ld\u0131\u011f\u0131 G\u00fcn dizisinde gelinlik giydi ve \u00d6zcan Deniz ile rol icab\u0131 evlendi. \u015eimdi ger\u00e7ek bir gelinlik giyecek.<\/p>\n<p><a href=\"http:\/\/balcilar-blog.com\/wp-content\/uploads\/2015\/05\/hatice-sendil-burak1.jpg\"><img loading=\"lazy\" decoding=\"async\" class=\"alignnone size-medium wp-image-8843\" src=\"http:\/\/balcilar-blog.com\/wp-content\/uploads\/2015\/05\/hatice-sendil-burak1-300x143.jpg\" alt=\"hatice-sendil-burak\" width=\"300\" height=\"143\" srcset=\"https:\/\/balcilar-blog.com\/wp-content\/uploads\/2015\/05\/hatice-sendil-burak1-300x143.jpg 300w, https:\/\/balcilar-blog.com\/wp-content\/uploads\/2015\/05\/hatice-sendil-burak1.jpg 640w\" sizes=\"auto, (max-width: 300px) 100vw, 300px\" \/><\/a><\/p>\n<p>29 May\u0131s&#8217;ta Burak Sa\u011fya\u015far ile evlenecek olan Hatice \u015eendil, evlilikten sonra dizilere bir film aras\u0131 verece\u011fini s\u00f6ylemi\u015ftir. \u015eendil, yo\u011funluktan dolay\u0131 daha balay\u0131 plan\u0131 yapamad\u0131klar\u0131n\u0131 s\u00f6ylemi\u015f, zaten b\u00fcy\u00fck ihtimalle de gidemeyece\u011fiz demi\u015ftir. Balay\u0131s\u0131z evlik olmaz Hatice Han\u0131m, k\u0131sa da olsa m\u00fcstakbel e\u015finiz Burak Sa\u011fya\u015far bir balay\u0131 tatili d\u00fc\u015f\u00fcnm\u00fc\u015ft\u00fcr herhalde.<\/p>\n<p>&#8212;&#8212;&#8212;&#8212;&#8212;&#8212;&#8212;&#8212;&#8212;&#8212;&#8212;&#8212;&#8212;&#8212;&#8212;&#8212;&#8212;&#8212;&#8212;&#8212;&#8212;&#8212;&#8212;&#8212;&#8212;&#8212;&#8212;&#8212;&#8212;&#8212;&#8212;&#8212;&#8212;&#8212;&#8212;&#8212;&#8212;&#8212;&#8212;&#8212;&#8212;&#8212;&#8212;&#8212;&#8212;-<\/p>\n<p>&nbsp;<\/p>\n<p><a href=\"http:\/\/balcilar-blog.com\/wp-content\/uploads\/2015\/05\/kenan-sinem-seo_640.jpg\"><img loading=\"lazy\" decoding=\"async\" class=\"alignnone size-full wp-image-8847\" src=\"http:\/\/balcilar-blog.com\/wp-content\/uploads\/2015\/05\/kenan-sinem-seo_640.jpg\" alt=\"kenan-sinem-seo_640\" width=\"640\" height=\"360\" srcset=\"https:\/\/balcilar-blog.com\/wp-content\/uploads\/2015\/05\/kenan-sinem-seo_640.jpg 640w, https:\/\/balcilar-blog.com\/wp-content\/uploads\/2015\/05\/kenan-sinem-seo_640-300x169.jpg 300w\" sizes=\"auto, (max-width: 640px) 100vw, 640px\" \/><\/a><\/p>\n<p><strong>Kenan \u0130mirzal\u0131o\u011flu &#8211; Sinem Kobal :<\/strong><\/p>\n<p>Ba\u015f rol\u00fcn\u00fc oynad\u0131\u011f\u0131 Karaday\u0131 dizisinin Haziran ay\u0131nda final yapmas\u0131yla, 3 y\u0131ll\u0131k ekran maceras\u0131 sona erecek olan Kenan \u0130mirzal\u0131o\u011flu&#8217;nun yurt d\u0131\u015f\u0131 tatil planlar\u0131 varm\u0131\u015f. Hafta sonu Mersin&#8217;de bir yak\u0131n\u0131n d\u00fc\u011f\u00fcn\u00fcne gitmi\u015f. Fanlar\u0131 taraf\u0131ndan ad\u0131m ad\u0131m takip edilen oyuncunun ailesiyle \u00e7ektirdi\u011fi foto\u011fraflar sosyal medyaya d\u00fc\u015fm\u00fc\u015f. Sinem Kobal ile yak\u0131nl\u0131klar\u0131 biliniyor. Sinem Kobal&#8217;\u0131n ise ba\u015f rol\u00fcn\u00fc oynad\u0131\u011f\u0131 &#8220;G\u00f6n\u00fcl \u0130\u015fleri&#8221; bu pazar final yapt\u0131. Yaz aylar\u0131nda yurt d\u0131\u015f\u0131nda ge\u00e7irme plan\u0131 oldu\u011funu a\u00e7\u0131klam\u0131\u015ft\u0131r. ikilinin yurt d\u0131\u015f\u0131 tatilinde evlenecekleri iddia ediliyor.<\/p>\n<p>&#8212;&#8212;&#8212;&#8212;&#8212;&#8212;&#8212;&#8212;&#8212;&#8212;&#8212;&#8212;&#8212;&#8212;&#8212;&#8212;&#8212;&#8212;&#8212;&#8212;&#8212;&#8212;&#8212;&#8212;&#8212;&#8212;&#8212;&#8212;&#8212;&#8212;&#8212;&#8212;&#8212;&#8212;&#8212;&#8212;&#8212;&#8212;&#8212;&#8212;&#8212;&#8212;&#8212;&#8212;&#8212;-<\/p>\n<p>&nbsp;<\/p>\n<p><a href=\"http:\/\/balcilar-blog.com\/wp-content\/uploads\/2015\/05\/K\u0131van\u00e7-Tatl\u0131tu\u011f.jpg\"><img loading=\"lazy\" decoding=\"async\" class=\"alignnone size-full wp-image-8837\" src=\"http:\/\/balcilar-blog.com\/wp-content\/uploads\/2015\/05\/K\u0131van\u00e7-Tatl\u0131tu\u011f.jpg\" alt=\"K\u0131van\u00e7-Tatl\u0131tu\u011f\" width=\"595\" height=\"480\" srcset=\"https:\/\/balcilar-blog.com\/wp-content\/uploads\/2015\/05\/K\u0131van\u00e7-Tatl\u0131tu\u011f.jpg 595w, https:\/\/balcilar-blog.com\/wp-content\/uploads\/2015\/05\/K\u0131van\u00e7-Tatl\u0131tu\u011f-300x242.jpg 300w\" sizes=\"auto, (max-width: 595px) 100vw, 595px\" \/><\/a><\/p>\n<p><strong>K\u0131van\u00e7 Tatl\u0131tu\u011f :\u00a0<\/strong><\/p>\n<p>Kurt Seyit ve \u015eura dizisinin zorunlu final yapmas\u0131ndan bu tarafa uzun zamand\u0131r zaten tatilde olan K\u0131van\u00e7 Tatl\u0131tu\u011f, sahip oldu\u011fu t\u00fcm l\u00fcks ara\u00e7lar\u0131 satm\u0131\u015f ve kendini da\u011fa bay\u0131ra vurma karar\u0131 alm\u0131\u015f. Yak\u0131\u015f\u0131kl\u0131 oyuncu, ald\u0131\u011f\u0131 arazi arac\u0131n\u0131 modifiye i\u00e7in servise vermi\u015f. \u00d6zg\u00fcrl\u00fc\u011f\u00fc do\u011fada arayan Tatl\u0131tu\u011f motosikletle dola\u015fmay\u0131 seviyordu. \u015eimdi oyuncu do\u011fa gezilerine \u00e7\u0131kmak i\u00e7in ikinci el bir Chevrolet Tahoe Sport marka bir cip alm\u0131\u015ft\u0131r. Bu do\u011fa tatilinden sonra Amerika\u2019ya gidecek ve Vikings (Vikingler) dizisinde konuk oyuncu olarak kamera kar\u015f\u0131s\u0131na ge\u00e7ecek.<\/p>\n<p>Oyunculuk e\u011fitimi almak ve \u0130ngilizcesini geli\u015ftirmek i\u00e7in Hollywood\u2019da olmak isteyen K\u0131van\u00e7 Tatl\u0131tu\u011f, bu dizideki karakterinin devaml\u0131l\u0131\u011f\u0131 i\u00e7in \u00e7al\u0131\u015f\u0131yormu\u015f. Amerika\u2019da ev ald\u0131\u011f\u0131 \u00f6\u011frenilen oyuncunun tatilinin kalan k\u0131s\u0131mlar\u0131n\u0131 da bu evde ge\u00e7irebilir.<\/p>\n<p>&#8212;&#8212;&#8212;&#8212;&#8212;&#8212;&#8212;&#8212;&#8212;&#8212;&#8212;&#8212;&#8212;&#8212;&#8212;&#8212;&#8212;&#8212;&#8212;&#8212;&#8212;&#8212;&#8212;&#8212;&#8212;&#8212;&#8212;&#8212;&#8212;&#8212;&#8212;&#8212;&#8212;&#8212;&#8212;&#8212;&#8212;&#8212;&#8212;&#8212;&#8212;&#8212;&#8212;&#8212;&#8212;-<\/p>\n<p>&nbsp;<\/p>\n<p><a href=\"http:\/\/balcilar-blog.com\/wp-content\/uploads\/2015\/05\/nurgul-yesilcay-yazin-ilk-bikinili.jpg\"><img loading=\"lazy\" decoding=\"async\" class=\"alignnone size-full wp-image-8842\" src=\"http:\/\/balcilar-blog.com\/wp-content\/uploads\/2015\/05\/nurgul-yesilcay-yazin-ilk-bikinili.jpg\" alt=\"nurgul-yesilcay-yazin-ilk-bikinili\" width=\"533\" height=\"480\" srcset=\"https:\/\/balcilar-blog.com\/wp-content\/uploads\/2015\/05\/nurgul-yesilcay-yazin-ilk-bikinili.jpg 533w, https:\/\/balcilar-blog.com\/wp-content\/uploads\/2015\/05\/nurgul-yesilcay-yazin-ilk-bikinili-300x270.jpg 300w\" sizes=\"auto, (max-width: 533px) 100vw, 533px\" \/><\/a><\/p>\n<p><strong>Nurg\u00fcl Ye\u015fil\u00e7ay :<\/strong><\/p>\n<p>Parampar\u00e7a dizisinin deneyimli oyuncusu Nurg\u00fcl Ye\u015fil\u00e7ay bu y\u0131l sezonu biraz erken a\u00e7m\u0131\u015f. G\u00fczel oyuncu o\u011flu Osman Nejat&#8217;la birlikte \u00e7\u0131kt\u0131\u011f\u0131 tatilde, denizin ve g\u00fcne\u015fin tad\u0131n\u0131 \u00e7\u0131karm\u0131\u015f. Ye\u015fil\u00e7ay, bu anlar\u0131 takip\u00e7ileriyle payla\u015fmay\u0131 ihmal etmemi\u015f. \u00dcnl\u00fc oyuncu, Instagram&#8217;da payla\u015ft\u0131\u011f\u0131 foto\u011fraf\u0131n alt\u0131na &#8220;Ay \u00e7ok afedersiniz, biz biraz g\u00fcne\u015flenip, denize girip geliyoruz. Cir o tarafa, bir bu tarafa d\u00f6n\u00fcyorum&#8221; notunu d\u00fc\u015fm\u00fc\u015f. Bu erken tatilin devam\u0131n\u0131 dizisi sezon finali yapt\u0131ktan sonra o\u011flu Osman Nejat ile devam edecektir.<\/p>\n<p>&#8212;&#8212;&#8212;&#8212;&#8212;&#8212;&#8212;&#8212;&#8212;&#8212;&#8212;&#8212;&#8212;&#8212;&#8212;&#8212;&#8212;&#8212;&#8212;&#8212;&#8212;&#8212;&#8212;&#8212;&#8212;&#8212;&#8212;&#8212;&#8212;&#8212;&#8212;&#8212;&#8212;&#8212;&#8212;&#8212;&#8212;&#8212;&#8212;&#8212;&#8212;&#8212;&#8212;&#8212;&#8212;-<\/p>\n<p>&nbsp;<\/p>\n<p><a href=\"http:\/\/balcilar-blog.com\/wp-content\/uploads\/2015\/05\/serenay.jpg\"><img loading=\"lazy\" decoding=\"async\" class=\"alignnone size-full wp-image-8841\" src=\"http:\/\/balcilar-blog.com\/wp-content\/uploads\/2015\/05\/serenay.jpg\" alt=\"serenay\" width=\"640\" height=\"387\" srcset=\"https:\/\/balcilar-blog.com\/wp-content\/uploads\/2015\/05\/serenay.jpg 640w, https:\/\/balcilar-blog.com\/wp-content\/uploads\/2015\/05\/serenay-300x181.jpg 300w\" sizes=\"auto, (max-width: 640px) 100vw, 640px\" \/><\/a><\/p>\n<p><strong>Serenay Sar\u0131kaya :<\/strong><\/p>\n<p>Her y\u0131l annesi ile tatile \u00e7\u0131kan Serenay Sar\u0131kaya, ge\u00e7en y\u0131llarda oldu\u011fu gibi gene Bodrum sahillerinde tatil yapaca\u011f\u0131 benziyor. Bodrum\u2019daki i\u015fletmeciler Beach\u2019lerinde tatil yapmas\u0131 ve g\u00fcne\u015flenmeleri i\u00e7in \u00fczerine para teklif ediyorlarm\u0131\u015f. Bu \u00fcnl\u00fc isimler aras\u0131nda Serenay Sar\u0131kaya da var. \u0130\u015fletmeciler Sar\u0131kaya\u2019n\u0131n pe\u015fine d\u00fc\u015fm\u00fc\u015fler, sadece bir ay belirli aral\u0131klarla mekanlar\u0131nda Serenay Sar\u0131kaya\u2019y\u0131 a\u011f\u0131rlay\u0131p reklam\u0131n\u0131 yapmak isteyen T\u00fcrkb\u00fck\u00fc\u2019ndeki mekan i\u015fletmecisi g\u00fczel oyuncuya 50 bin lira teklif etmi\u015f. Ancak Serenay Sar\u0131kaya, \u201cBen bu tarz i\u015flerde yer almak istemiyorum.\u201d Diyerek teklifi reddetmi\u015f.<\/p>\n<p>Medcezir dizisinde bu sezon olduk\u00e7a iyi bir performans sergileyen Serenay Sar\u0131kaya olduk\u00e7a da yoruldu. Bakal\u0131m bu yorgunlu\u011funu gene Bodrum&#8217;un serin mavi sular\u0131nda m\u0131 dindirecek.<\/p>\n<p>Tatile \u00e7\u0131kacak oyuncular\u0131m\u0131za \u015fimdiden iyi tatiller, g\u00f6n\u00fcllerince bir yaz..<\/p>\n<p>Eyl\u00fcl yeni sezonda b\u00fct\u00fcn oyuncular\u0131m\u0131za dizilerinde, dinlenmi\u015f bir y\u00fcz ve beden ile ba\u015far\u0131lar dileyelim.<\/p>\n<p>&nbsp;<\/p>\n<p>Sayg\u0131lar ve sevgiler.<\/p>\n<p>Abdurrahman Balc\u0131lar<\/p>\n<p>Twitter: abdurrahman balc\u0131lar@abbalcilar<\/p>\n<p>Mail : <a href=\"mailto:ab.balcilar@hotmail.com\">ab.balcilar@hotmail.com<\/a><\/p>\n<p>Blog:\u00a0<a href=\"http:\/\/t.co\/znqmIZgIqn\">blog.milliyet.com.tr\/cansever<\/a><\/p>\n<p>Blog:\u00a0<strong>balcilar<\/strong>&#8211;<strong>blog.com<\/strong><\/p>\n<p>&nbsp;<\/p>\n<p>Not: G\u00f6rseller internetten, haber kaynak; Sabah, Haberler.com, HTmagazin&#8217;den al\u0131nm\u0131\u015ft\u0131r.<\/p>\n<p>&nbsp;<\/p>\n<p>&nbsp;<\/p>\n<p>&nbsp;<\/p>\n","protected":false},"excerpt":{"rendered":"<p>Haziran ba\u015f\u0131ndan itibaren hemen hemen b\u00fct\u00fcn diziler sezon finali yapacak, baz\u0131lar\u0131 da kesin final yapacak ve 3 aya yak\u0131n bir s\u00fcre tatile \u00e7\u0131kacaklar. 2014 Eyl\u00fcl ay\u0131 ba\u015f\u0131nda ba\u015flay\u0131p, 2015 Haziran ay\u0131na dek s\u00fcren dizi sezonu nihayet sona eriyor. Dizi ba\u015frol oyuncular\u0131 ba\u015fta olmak \u00fczere, t\u00fcm dizi oyuncular\u0131 ve set \u00e7al\u0131\u015fanlar\u0131 \u00e7ok yoruldular. Dile kolay her [&hellip;]<\/p>\n","protected":false},"author":3,"featured_media":0,"comment_status":"open","ping_status":"open","sticky":false,"template":"","format":"standard","meta":{"footnotes":""},"categories":[7],"tags":[692,452,700,515,545,80,559,27],"class_list":["post-8836","post","type-post","status-publish","format-standard","hentry","category-magazin","tag-berguzar-korel","tag-cagatay-uluisoy","tag-halit-ergenc","tag-hatice-sendil","tag-kenan-imirzalioglu","tag-kivanc-tatlitug","tag-nurgul-yesilcay","tag-serenay-sarikaya"],"views":5935,"blog_post_layout_featured_media_urls":{"thumbnail":"","full":""},"categories_names":{"7":{"name":"Magazin","link":"https:\/\/balcilar-blog.com\/?cat=7"}},"tags_names":{"692":{"name":"Berg\u00fczar korel","link":"https:\/\/balcilar-blog.com\/?tag=berguzar-korel"},"452":{"name":"\u00e7a\u011fatay Ulu\u0131soy","link":"https:\/\/balcilar-blog.com\/?tag=cagatay-uluisoy"},"700":{"name":"Halit Ergen\u00e7","link":"https:\/\/balcilar-blog.com\/?tag=halit-ergenc"},"515":{"name":"Hatice \u015eendil","link":"https:\/\/balcilar-blog.com\/?tag=hatice-sendil"},"545":{"name":"Kenan \u0130mirzal\u0131o\u011flu","link":"https:\/\/balcilar-blog.com\/?tag=kenan-imirzalioglu"},"80":{"name":"K\u0131van\u00e7 Tatl\u0131tu\u011f","link":"https:\/\/balcilar-blog.com\/?tag=kivanc-tatlitug"},"559":{"name":"Nurg\u00fcl Ye\u015fil\u00e7ay","link":"https:\/\/balcilar-blog.com\/?tag=nurgul-yesilcay"},"27":{"name":"Serenay Sar\u0131kaya","link":"https:\/\/balcilar-blog.com\/?tag=serenay-sarikaya"}},"comments_number":"0","wpmagazine_modules_lite_featured_media_urls":{"thumbnail":"","cvmm-medium":"","cvmm-medium-plus":"","cvmm-portrait":"","cvmm-medium-square":"","cvmm-large":"","cvmm-small":"","full":""},"_links":{"self":[{"href":"https:\/\/balcilar-blog.com\/index.php?rest_route=\/wp\/v2\/posts\/8836","targetHints":{"allow":["GET"]}}],"collection":[{"href":"https:\/\/balcilar-blog.com\/index.php?rest_route=\/wp\/v2\/posts"}],"about":[{"href":"https:\/\/balcilar-blog.com\/index.php?rest_route=\/wp\/v2\/types\/post"}],"author":[{"embeddable":true,"href":"https:\/\/balcilar-blog.com\/index.php?rest_route=\/wp\/v2\/users\/3"}],"replies":[{"embeddable":true,"href":"https:\/\/balcilar-blog.com\/index.php?rest_route=%2Fwp%2Fv2%2Fcomments&post=8836"}],"version-history":[{"count":7,"href":"https:\/\/balcilar-blog.com\/index.php?rest_route=\/wp\/v2\/posts\/8836\/revisions"}],"predecessor-version":[{"id":8854,"href":"https:\/\/balcilar-blog.com\/index.php?rest_route=\/wp\/v2\/posts\/8836\/revisions\/8854"}],"wp:attachment":[{"href":"https:\/\/balcilar-blog.com\/index.php?rest_route=%2Fwp%2Fv2%2Fmedia&parent=8836"}],"wp:term":[{"taxonomy":"category","embeddable":true,"href":"https:\/\/balcilar-blog.com\/index.php?rest_route=%2Fwp%2Fv2%2Fcategories&post=8836"},{"taxonomy":"post_tag","embeddable":true,"href":"https:\/\/balcilar-blog.com\/index.php?rest_route=%2Fwp%2Fv2%2Ftags&post=8836"}],"curies":[{"name":"wp","href":"https:\/\/api.w.org\/{rel}","templated":true}]}}