{"id":881,"date":"2014-03-29T18:11:22","date_gmt":"2014-03-29T16:11:22","guid":{"rendered":"http:\/\/balcilar-blog.com\/?p=881"},"modified":"2014-03-29T22:09:37","modified_gmt":"2014-03-29T20:09:37","slug":"medcezir-ada-ortaligi-karistirdi-kriz-yasandi","status":"publish","type":"post","link":"https:\/\/balcilar-blog.com\/?p=881","title":{"rendered":"Medcezir \/ Ada ortal\u0131\u011f\u0131 kar\u0131\u015ft\u0131rd\u0131, kriz ya\u015fand\u0131!"},"content":{"rendered":"<p><strong>\u00a0Kategori<\/strong><\/p>\n<p><strong><a href=\"http:\/\/blog.milliyet.com.tr\/tv-programlari\/Kategori\/?KategoriNo=351\"><strong>TV Programlar\u0131<\/strong><\/a><\/strong><\/p>\n<p><a href=\"http:\/\/balcilar-blog.com\/wp-content\/uploads\/2014\/03\/4654_1264_26032014_51.jpg\"><img loading=\"lazy\" decoding=\"async\" class=\"alignnone size-medium wp-image-886\" alt=\"4654_1264_26032014_5[1]\" src=\"http:\/\/balcilar-blog.com\/wp-content\/uploads\/2014\/03\/4654_1264_26032014_51-300x199.jpg\" width=\"300\" height=\"199\" srcset=\"https:\/\/balcilar-blog.com\/wp-content\/uploads\/2014\/03\/4654_1264_26032014_51-300x199.jpg 300w, https:\/\/balcilar-blog.com\/wp-content\/uploads\/2014\/03\/4654_1264_26032014_51.jpg 500w\" sizes=\"auto, (max-width: 300px) 100vw, 300px\" \/><\/a><\/p>\n<div>\n<div>\n<div id=\"BlogDetail\">\n<p><a href=\"http:\/\/blog.milliyet.com.tr\/AramaBlog\/?search=Star%20Tv\" rel=\"external nofollow\">Star Tv<\/a>.in fenomen a\u015fk ve macera dizisi \u00a0<a href=\"http:\/\/blog.milliyet.com.tr\/AramaBlog\/?search=Medcezir\" rel=\"external nofollow\">Medcezir<\/a>\u00a0her b\u00f6l\u00fcm\u00fc ayr\u0131 bir olay oluyor. 28.ci b\u00f6l\u00fcmde\u00a0<a href=\"http:\/\/blog.milliyet.com.tr\/AramaBlog\/?search=Serenay%20Sar%C4%B1kaya\" rel=\"external nofollow\">Serenay Sar\u0131kaya<\/a>\u00a0g\u00fczel sesi ile Sezen Aksu\u2019nun \u201cMasum de\u011filiz\u201d \u015fark\u0131s\u0131n\u0131 seslendirdi. Mira\u2019y\u0131 sevgilisi Yaman, her zaman oldu\u011fu gibi gitar\u0131 ile e\u015flik etti. Bu b\u00f6l\u00fcmde Ada krizi ya\u015fand\u0131, varl\u0131\u011f\u0131 ortal\u0131\u011f\u0131 kar\u0131\u015ft\u0131rd\u0131. Reytinglerine g\u00f6z atarsak, bu hafta AB\u2019de a\u00e7\u0131k ara 1.s\u0131rada, Total\u2019de 2.s\u0131rada yer ald\u0131.<\/p>\n<p>Ge\u00e7en b\u00f6l\u00fcm sonunda, As\u0131m \u015eekip Kaya\u2019n\u0131n 3.c\u00fc k\u0131z\u0131 Ada a\u00e7\u0131l\u0131\u015f gecesine Orkun ile tesad\u00fcfen gelmi\u015f, geceye damgas\u0131n\u0131 vurmu\u015ftu. \u00d6nce iddia u\u011fruna kap\u0131da Yaman\u2019\u0131n dudaklar\u0131ndan bir g\u00fczel \u00f6pm\u00fc\u015f, Mira \u00e7ok huzursuz olmu\u015ftu. Sude Han\u0131m, Ada\u2019y\u0131 herkese Reyhan Arsen\u2019 in k\u0131z\u0131 olarak tan\u0131tm\u0131\u015ft\u0131. \u00a0As\u0131m Bey adan\u0131n uzatt\u0131\u011f\u0131 eli teredd\u00fctle s\u0131kar ve salonu terk eder.<\/p>\n<p><img decoding=\"async\" alt=\"Ekran Al\u0131nt\u0131s\u0131.PNG med.3\" src=\"http:\/\/balcilar-blog.com\/wp-content\/uploads\/2014\/03\/Ekran-Al%C4%B1nt%C4%B1s%C4%B1.PNG-med.3-300x166.png\" \/><\/p>\n<p>Sude Han\u0131m Orkun&#8217;a;\u00a0Bu k\u0131z\u0131 buraya bilerek getirdin, kendi ba\u015f\u0131na i\u015fler \u00e7eviriyorsun Orkun, der. Mert, bu Ada benim teyzem olur. Ada, Bay A\u015eK\u2019\u0131n y\u0131llard\u0131r bilinmeyen k\u0131z\u0131, diyerek a\u00e7\u0131klar. Hale, duyar nas\u0131l yani diye sorar, Bir cinlik d\u00fc\u015f\u00fcn\u00fcr.<\/p>\n<p>Ortam\u0131n gerginli\u011fini Ada\u2019n\u0131n rahat hareketleri ve Orkun ile dans etmesi rahatlat\u0131r. \u0130lgin\u00e7 dans\u0131 herkes seyreder. Orkun\u2019un garip dans fig\u00fcrleri herkesin ilgisini \u00e7eker.<\/p>\n<p>As\u0131m Bey, evine gider. Can\u0131 s\u0131kk\u0131nd\u0131r, Reyhan Han\u0131ma telefon eder, Ada\u2019n\u0131n benim k\u0131z\u0131m oldu\u011funu inanmam\u0131 istiyorsan DNA testi yapacaks\u0131n, der. \u0130\u00e7kisini yudumlar, konu\u015fmak i\u00e7in Sude\u2019yi \u00e7a\u011f\u0131r\u0131r. Sude, As\u0131m Beyi sakinle\u015ftirir, fazla i\u00e7ki almas\u0131n\u0131 da engeller. As\u0131m Bey, bu gece burada kal dese de, Sude hay\u0131r, benim iki k\u0131z\u0131m var. Kalmam i\u00e7in hi\u00e7bir s\u0131fat\u0131m yok.<\/p>\n<p><img decoding=\"async\" alt=\"Ekran Al\u0131nt\u0131s\u0131 med.18\" src=\"http:\/\/balcilar-blog.com\/wp-content\/uploads\/2014\/03\/Ekran-Al%C4%B1nt%C4%B1s%C4%B1-med.18-300x168.png\" \/><\/p>\n<p>Mira, sahile \u00e7\u0131kar, pe\u015finden Yaman gelir. O k\u0131zdan ho\u015flanmad\u0131m, b\u00f6yle aram\u0131za dam diye girmesi can\u0131m\u0131 s\u0131kt\u0131. Ender Han\u0131m\u0131n karde\u015fi, bir aya\u011f\u0131 onlarda olacak. Yaman; sen beni k\u0131skan\u0131yorsun. Mira, sana benden ba\u015fkas\u0131 yasak, bu duda\u011f\u0131 de\u011fecek duda\u011f\u0131 silerim v\u00fccuttan. Yaman; benim duda\u011f\u0131 m\u0131? Onun duda\u011f\u0131 m\u0131? Mira; onun duda\u011f\u0131n\u0131.<\/p>\n<p>Ada, k\u0131sa sohbetten sonra salondan ayr\u0131l\u0131r. \u00c7\u0131k\u0131\u015fta Ada, Mira\u2019n\u0131n ismini s\u00f6yledi\u011fini duyar yakla\u015f\u0131r. Mira, ilgiye al\u0131\u015f\u0131ks\u0131n\u0131z ama, \u00fczg\u00fcn\u00fcm burada kimsenin ilgi alan\u0131nda de\u011filsiniz. Ada, siz baya baya enteresan bir topluluksunuz ya\u2026 Kiminiz gere\u011finden fazla s\u0131cak, kiminiz gere\u011finden fazla mesafeli. Oradan uzakla\u015f\u0131rlar.\u00a0Orkun, Mira i\u00e7in eski k\u0131z arkada\u015f\u0131m deyince, senden k\u0131skand\u0131. Orkun Ada\u2019y\u0131 evine b\u0131rak\u0131r. Annesi Ada\u2019y\u0131 bir g\u00fczel paylar, yar\u0131n Londra\u2019ya d\u00f6n\u00fcyorsun.<\/p>\n<p>Di\u011fer taraftan Hale, Ada ile ilgili bir twit atar, \u201c\u00dcnl\u00fc i\u015f kad\u0131n\u0131 Reyhan Arsen\u2019in Bay A\u015eK ile aras\u0131ndaki 18 y\u0131ll\u0131k \u015fa\u015f\u0131rtan s\u0131r bu gece ortaya \u00e7\u0131kt\u0131\u201d Bu haber bas\u0131n\u0131 aya\u011fa kald\u0131r\u0131r, ortal\u0131k kar\u0131\u015f\u0131r. Mira da, internette g\u00f6r\u00fcr.<\/p>\n<p>Ender ile Selim Bey evde Ada\u2019y\u0131 konu\u015furlar. Konu k\u0131skan\u00e7l\u0131\u011fa gelir. Ender Han\u0131m kendisini hi\u00e7 aldat\u0131p, aldatmad\u0131\u011f\u0131 sorar. Gece Reyhan Han\u0131m arar, Selim Bey telefonlar\u0131n\u0131 a\u00e7maz.<\/p>\n<p><img decoding=\"async\" alt=\"Ekran Al\u0131nt\u0131s\u0131 med 20\" src=\"http:\/\/balcilar-blog.com\/wp-content\/uploads\/2014\/03\/Ekran-Al%C4%B1nt%C4%B1s%C4%B1-med-20-300x167.png\" \/>\u00a0\u00a0 <a href=\"http:\/\/balcilar-blog.com\/wp-content\/uploads\/2014\/03\/Ekran-Al\u0131nt\u0131s\u0131-28.1.png\"><img loading=\"lazy\" decoding=\"async\" alt=\"Ekran Al\u0131nt\u0131s\u0131 28.1\" src=\"http:\/\/balcilar-blog.com\/wp-content\/uploads\/2014\/03\/Ekran-Al\u0131nt\u0131s\u0131-28.1-300x171.png\" width=\"300\" height=\"171\" \/><\/a><\/p>\n<p>O gece, Mira tekrar sahne al\u0131r, Yaman gitar\u0131 ile e\u015flik eder. Sezen Aksu\u2019nun \u201cMasum de\u011filiz\u201d par\u00e7as\u0131n\u0131 \u00e7ok i\u00e7ten s\u00f6yler. Arkada\u015flar\u0131 zevkle seyreder, b\u00fcy\u00fck de alk\u0131\u015f al\u0131rlar. Faruk Bey, ara s\u0131ra \u00e7alars\u0131n\u0131z, siz bizim gizli silah\u0131m\u0131z olursunuz, \u00f6zel gecelerde \u00e7\u0131kars\u0131n\u0131z, der.<\/p>\n<p><img decoding=\"async\" alt=\"Ekran Al\u0131nt\u0131s\u0131 53.2\" src=\"http:\/\/balcilar-blog.com\/wp-content\/uploads\/2014\/03\/Ekran-Al%C4%B1nt%C4%B1s%C4%B1-53.2-300x167.png\" \/><\/p>\n<p>Daha sonra, herkes evine gider. Yaman ile Mira beraber y\u00fcr\u00fcyerek giderler. Yaman, masum de\u011filiz \u015fark\u0131 s\u00f6z\u00fcn\u00fc\u00a0tekrarlay\u0131nca, Mira sen masum de\u011filsin, bir gecede iki k\u0131z taraf\u0131ndan \u00f6p\u00fcld\u00fcn. Yaman, hay\u0131r bir k\u0131z. Mira, \u00f6p\u00fcc\u00fc\u011f\u00fc Yaman\u2019\u0131n dudaklar\u0131na m\u00fch\u00fcrler ve \u015fimdi iki der.<\/p>\n<p><img decoding=\"async\" alt=\"Ekran Al\u0131nt\u0131s\u0131.PNG med.5\" src=\"http:\/\/balcilar-blog.com\/wp-content\/uploads\/2014\/03\/Ekran-Al%C4%B1nt%C4%B1s%C4%B1.PNG-med.5-300x169.png\" \/><\/p>\n<p>Yaman, Mira\u2019y\u0131 kap\u0131dan u\u011furlar. Mira, Yaman\u2019\u0131 \u00f6per, o k\u0131z\u0131n \u00f6p\u00fcc\u00fc\u011f\u00fcn\u00fc unutturuyorum. Yaman, unutmu\u015ftum zaten, s\u00f6yledik\u00e7e hat\u0131rlat\u0131yorsun. O s\u0131rada gelen Sude onlar\u0131 kap\u0131da g\u00f6r\u00fcr. Yaman ve Mira h\u0131zla uzakla\u015f\u0131rlar. Mira, annesine uyudum ben, der.<\/p>\n<p>Sedef Han\u0131m, babas\u0131n\u0131n yan\u0131nda Sude oldu\u011funu anlay\u0131nca, Faruk Beyin evine gelir. Kap\u0131da bekliyordur, Ay\u015fe\u2019ye a\u00e7 kap\u0131y\u0131 uykum var, der. Faruk Bey de Sude\u2019nin As\u0131m Beyin evinden \u00e7\u0131kt\u0131\u011f\u0131n\u0131 g\u00f6r\u00fcr.<\/p>\n<p><img decoding=\"async\" alt=\"Ekran Al\u0131nt\u0131s\u0131 med 21\" src=\"http:\/\/balcilar-blog.com\/wp-content\/uploads\/2014\/03\/Ekran-Al%C4%B1nt%C4%B1s%C4%B1-med-21-300x168.png\" \/><\/p>\n<p>Mert, Eyl\u00fcl\u2019\u00fc motoru ile evine b\u0131rak\u0131r. Babandan istemeye gelece\u011fiz. Eyl\u00fcl, zaman\u0131 gelince der. Eyl\u00fcl Mert\u2019i tekrar tekrar \u00f6per. Mert Eyl\u00fcl i\u00e7eri girinceye kadar, d\u00fc\u011f\u00fcn mar\u015f\u0131n\u0131 m\u0131r\u0131ldan\u0131r.<\/p>\n<p>Eyl\u00fcl, babas\u0131 ile kar\u015f\u0131la\u015f\u0131r. \u0130lk defa birinden bu kadar ho\u015flan\u0131yorum, sen ona k\u00f6t\u00fc davran\u0131yorsun. Babas\u0131 ile tart\u0131\u015f\u0131rlar. \u00dcst kattan kar\u0131s\u0131 Gamze duyar. Bu defa kar\u0131 koca tart\u0131\u015fmas\u0131 ba\u015flar. Gamze Han\u0131m, Eyl\u00fcl hakk\u0131nda g\u00fczel laflar s\u00f6yler. Onun bir annesi var, sadece karde\u015finin bir annesi oldu\u011funu bilsin. Gamze, kocas\u0131 Bar\u0131\u015f\u2019a bir s\u00fcre annemde kalaca\u011f\u0131m, der ve ertesi g\u00fcn valizini al\u0131r gider.<\/p>\n<p><img decoding=\"async\" alt=\"Ekran Al\u0131nt\u0131s\u0131.PNG med.7\" src=\"http:\/\/balcilar-blog.com\/wp-content\/uploads\/2014\/03\/Ekran-Al%C4%B1nt%C4%B1s%C4%B1.PNG-med.7-300x167.png\" \/><\/p>\n<p>Ada, sabah valizini toparlar evden \u00e7\u0131karken, kap\u0131da bir dolu gazeteci ile kar\u015f\u0131la\u015f\u0131rlar. T\u00fcrl\u00fc sorular sorarlar. Ada ne oluyor anne deyince, Reyhan Han\u0131m her \u015feyi anlataca\u011f\u0131m.<\/p>\n<p>As\u0131m Bey b\u00fcrosunda toplant\u0131 yapar, toplant\u0131da Orkun\u2019u bir g\u00fczel paylar. Kavga sonunda Orkun b\u00fcroyu terk eder. Kap\u0131da elinde bina maketi olan Yaman ile kar\u015f\u0131la\u015f\u0131r. Maketi vurur, yer d\u00fc\u015f\u00fcr\u00fcr. Yaman ile g\u0131rtlak g\u0131rtla\u011fa gelirler. As\u0131m Bey, Yaman\u2019\u0131 su\u00e7lar, Orkun\u2019un bana d\u00fc\u015fmanl\u0131\u011f\u0131 sensin. Ben Tozludere projesini kabul etmedi\u011fim, s\u0131rf senin y\u00fcz\u00fcnden. Ben kabul etmeyince Reyhan Arsen ile birlikte oldu. O da bunu kulland\u0131. Senin y\u00fcz\u00fcnden. Yaman hi\u00e7 sesini \u00e7\u0131kartmaz. Ender Han\u0131m sen uzakla\u015f buradan.<\/p>\n<p>K\u0131zlar Mira, Eyl\u00fcl ve arkada\u015flar\u0131 \u00f6\u011fle yeme\u011finde Ada\u2019y\u0131 konu\u015furlar. Onun yerinde olmak istemezdim. Ada, evden \u00e7\u0131kar. Annesine b\u0131rak beni, nefret ediyorum senden, der ve yere iter. Evi terk eder.<\/p>\n<p><img decoding=\"async\" alt=\"Ekran Al\u0131nt\u0131s\u0131.PNG med.6\" src=\"http:\/\/balcilar-blog.com\/wp-content\/uploads\/2014\/03\/Ekran-Al%C4%B1nt%C4%B1s%C4%B1.PNG-med.6-300x167.png\" \/><\/p>\n<p>Reyhan Han\u0131m, Orkun\u2019u arar onu bulmas\u0131n\u0131 ister. Ada da Orkun\u2019u arar, yan\u0131na gelmek istiyorum.\u00a0 Orkun, Ada\u2019n\u0131n bulundu\u011fu yere gider.<\/p>\n<p>Ay\u015fe, Sude\u2019ye Faruk Bey ile Sedef\u2019in ayr\u0131 odalarda kald\u0131klar\u0131 bilgisini telefonla aktar\u0131r. Ayr\u0131ca, Kenan\u2019\u0131n eski ni\u015fanl\u0131s\u0131 oldu\u011funu pek tekin adam olmad\u0131\u011f\u0131n\u0131 s\u00f6yler. Suda, tatmam o i\u015f bende\u2026<\/p>\n<p>Selim Beye kar\u015f\u0131 taraf\u0131n avukat\u0131, girdikleri dava konusunda anla\u015fma teklif eder. Selim Bey kabul etmez. Restle\u015firler.<\/p>\n<p><img decoding=\"async\" alt=\"Ekran Al\u0131nt\u0131s\u0131.PNG med.8\" src=\"http:\/\/balcilar-blog.com\/wp-content\/uploads\/2014\/03\/Ekran-Al%C4%B1nt%C4%B1s%C4%B1.PNG-med.8-300x168.png\" \/><\/p>\n<p>Yaman a\u011fabeyi Kenan\u2019a gider, \u00e7al\u0131\u015fmas\u0131n\u0131 g\u00f6r\u00fcnce memnun olur. \u0130ki karde\u015f konu\u015furlar. Hale de oradad\u0131r, Yaman onu g\u00f6r\u00fcnce, sak\u0131n bu k\u0131za bula\u015fma en dengesiz insan, sak\u0131n ondan uzak dur.<\/p>\n<p><img decoding=\"async\" alt=\"Ekran Al\u0131nt\u0131s\u0131.PNG med.9\" src=\"http:\/\/balcilar-blog.com\/wp-content\/uploads\/2014\/03\/Ekran-Al%C4%B1nt%C4%B1s%C4%B1.PNG-med.9-300x169.png\" \/><\/p>\n<p>Ada ile Orkun bulu\u015furlar. Sen her \u015feyi biliyordun diyerek surat\u0131na bir tokat atar. Orkun bildi\u011fim her \u015feyi anlataca\u011f\u0131m, oturur anlat\u0131r.<\/p>\n<p><img decoding=\"async\" alt=\"Ekran Al\u0131nt\u0131s\u0131.PNG med.10\" src=\"http:\/\/balcilar-blog.com\/wp-content\/uploads\/2014\/03\/Ekran-Al%C4%B1nt%C4%B1s%C4%B1.PNG-med.10-300x164.png\" \/><\/p>\n<p>Yaman, Mira ile bulu\u015fmak \u00fczere giderken kap\u0131da postac\u0131y\u0131 g\u00f6r\u00fcr. Postac\u0131 annesinden gelen mektubu verir. Bir de Mira\u2019ya daha \u00f6nce gelen derginin ayn\u0131s\u0131n\u0131n\u00a0geldi\u011fini g\u00f6r\u00fcr. Sak\u0131n tutma, der. G\u00f6ndericinin parmak izleri tespit ettirmek amac\u0131ndad\u0131r. Mert, Mira ile oturup nereden postaya verildi\u011fini ara\u015ft\u0131r\u0131rlar.<\/p>\n<p><img decoding=\"async\" alt=\"Ekran Al\u0131nt\u0131s\u0131.PNG med.11\" src=\"http:\/\/balcilar-blog.com\/wp-content\/uploads\/2014\/03\/Ekran-Al%C4%B1nt%C4%B1s%C4%B1.PNG-med.11-300x166.png\" \/><\/p>\n<p>Tan, k\u00f6t\u00fc emellerine ula\u015fmak i\u00e7in kulland\u0131\u011f\u0131 \u00f6\u011frencisi Kadir\u2019e piyano derslerine hastanede devam ederler. Kadir\u2019e s\u0131rr\u0131n\u0131 saklamazsa bir daha ders yapamay\u0131z, der.<\/p>\n<p>Yaman, hastaneye gelir, i\u00e7eri giremez. Bah\u00e7e etraf\u0131nda d\u00f6ner, duvardan da atlayamaz. Hastaneden annesi ile \u00e7\u0131kan Kadir, Yaman\u2019\u0131 tan\u0131r. Tan, r\u00fcyalar\u0131nda Mira\u2019y\u0131 g\u00f6rd\u00fc\u011f\u00fcn\u00fc doktora s\u00f6ylemez, u\u00e7urtma u\u00e7urdu\u011funu s\u00f6yler.<\/p>\n<p>Faruk Bey, Kenan\u2019a kendine ba\u015fka bir i\u015f aramaya ba\u015flasan iyi olacak, varl\u0131\u011f\u0131n\u0131z baz\u0131 huzursuzluklara yol a\u00e7acak gibi, ben de taraf\u0131 olmak istemiyorum. Kenan, Ay\u015fe y\u00fcz\u00fcnden mi? Kenan, ben ba\u015f\u0131m\u0131n \u00e7aresine bakar\u0131m. B\u00f6ylece i\u015ften de at\u0131lm\u0131\u015ft\u0131r.<\/p>\n<p><img decoding=\"async\" alt=\"Ekran Al\u0131nt\u0131s\u0131.PNG med.12\" src=\"http:\/\/balcilar-blog.com\/wp-content\/uploads\/2014\/03\/Ekran-Al%C4%B1nt%C4%B1s%C4%B1.PNG-med.12-300x165.png\" \/><\/p>\n<p>Yaman, Kenan, Mert ve k\u0131zlar bah\u00e7ede mangal yaparlar. O s\u0131rada Ender Han\u0131m ile Ada eve gelirler. \u00dc\u00e7 k\u0131z karde\u015f konu\u015fur, dertle\u015firler. Bir taraftan yap\u0131lan \u0131zgara k\u00f6fteleri ekmek aras\u0131 yap\u0131p yerler. O s\u0131rada As\u0131m Bey eve gelir. Aralar\u0131nda konu\u015furlar, Ada DNA testi yapt\u0131rmayaca\u011f\u0131m. Babal\u0131k konusunda hi\u00e7bir \u015fey istemedi\u011fine dair imza verece\u011fini s\u00f6yler. Ada As\u0131m Beye, senin beni istemedi\u011finden \u00e7ok ben seni istemiyorum.<\/p>\n<p><img decoding=\"async\" alt=\"Ekran Al\u0131nt\u0131s\u0131.PNG med.14\" src=\"http:\/\/balcilar-blog.com\/wp-content\/uploads\/2014\/03\/Ekran-Al%C4%B1nt%C4%B1s%C4%B1.PNG-med.14-300x169.png\" \/><\/p>\n<p>Yaman, Mira ve Eyl\u00fcl d\u0131\u015far\u0131 \u00e7\u0131k\u0131p beklerler. Mira, \u00e7ok duygulan\u0131r. Koltu\u011fa Yaman\u2019\u0131n yan\u0131na oturur, Yaman\u2019a sevgi ile sar\u0131l\u0131r.<\/p>\n<p><img decoding=\"async\" alt=\"Ekran Al\u0131nt\u0131s\u0131.PNG med.15\" src=\"http:\/\/balcilar-blog.com\/wp-content\/uploads\/2014\/03\/Ekran-Al%C4%B1nt%C4%B1s%C4%B1.PNG-med.15-300x166.png\" \/><\/p>\n<p>Ada, sabah erkenden As\u0131m Beyin odas\u0131na girer, ne istersen imzalayaca\u011f\u0131m. Bo\u015f ka\u011f\u0131da atar imzas\u0131n\u0131. Ho\u015f\u00e7a kal\u0131n der ve gider. Sedef, Ada dur dese de dinlemez, Yaman\u2019a ko\u015f pe\u015finden, onu getir bana.<\/p>\n<p>Selim Bey ile Kenan imza i\u00e7in mahkemeye gitmi\u015flerdir. \u00c7\u0131k\u0131\u015fta garajda bir tak\u0131m ki\u015filerin sald\u0131r\u0131s\u0131na u\u011frarlar. Aralar\u0131nda yumrukla\u015fma, iti\u015fmeler olur. Birisi b\u0131\u00e7ak \u00e7eker, Kenan kolundan yaralan\u0131r. Arabalar\u0131na binip ka\u00e7arlar. Selim Bey arkadan plaka resmini \u00e7eker. Hasan ve Giray\u2019\u0131n tuttuklar\u0131 adamlard\u0131r bunlar. Selim Bey, kendisinin bir davas\u0131nda kar\u015f\u0131 avukatla tart\u0131\u015fm\u0131\u015ft\u0131, onun tuttu\u011fu adamlar zanneder.<\/p>\n<p><img decoding=\"async\" alt=\"Ekran Al\u0131nt\u0131s\u0131.PNG med.16\" src=\"http:\/\/balcilar-blog.com\/wp-content\/uploads\/2014\/03\/Ekran-Al%C4%B1nt%C4%B1s%C4%B1.PNG-med.16-300x167.png\" \/><\/p>\n<p>Yaman bina \u00e7\u0131k\u0131\u015f\u0131nda ko\u015far, Ada\u2019y\u0131 yakalar. Sakin ol, nereye gidiyorsun, yaln\u0131z ba\u015f\u0131na gidemezsin ben de seninle gelece\u011fim. Ada, son iki g\u00fcnde \u00f6\u011frendi\u011fim her \u015feyden nefret ediyorum. Beraber y\u00fcr\u00fcrler, yolda laflarlar. Eve gelirler. O s\u0131rada onlar\u0131 Mira kar\u015f\u0131lar. Ada, herhalde y\u00fcr\u00fcyerek bir \u0130stanbul turu atm\u0131\u015f\u0131zd\u0131r. Mira, g\u00fczel der ama, y\u00fcz\u00fc gergindir. Yaman\u2019a k\u0131rg\u0131nd\u0131r, sen de bir odana bak istersen, der.<\/p>\n<p><img decoding=\"async\" alt=\"Ekran Al\u0131nt\u0131s\u0131 med\" src=\"http:\/\/balcilar-blog.com\/wp-content\/uploads\/2014\/03\/Ekran-Al%C4%B1nt%C4%B1s%C4%B1-med-300x166.png\" \/><\/p>\n<p>O s\u0131rada Reyhan Han\u0131m gelir, Ada annesine ko\u015far. Sar\u0131l\u0131rlar.<\/p>\n<p>Yaman odaya girer, Kenan kolundan yaral\u0131 oldu\u011funu g\u00f6r\u00fcr. Kenan, yok bir \u015fey dese de endi\u015felenir. Mira, sen gezerken abin Selim Abiye korumak i\u00e7in yaralanm\u0131\u015f. Mira, oday\u0131 terk eder. Kenan, Yaman\u2019a gitsene pe\u015finden. Yaman ko\u015far, Mira diye seslenir, Mira arkas\u0131na bakmadan gider. Ve 28.b\u00f6l\u00fcm bu anda\u00a0sona erer.<\/p>\n<p><img decoding=\"async\" alt=\"Ekran Al\u0131nt\u0131s\u0131.PNG med.17\" src=\"http:\/\/balcilar-blog.com\/wp-content\/uploads\/2014\/03\/Ekran-Al%C4%B1nt%C4%B1s%C4%B1.PNG-med.17-300x167.png\" \/><\/p>\n<p><a href=\"http:\/\/blog.milliyet.com.tr\/AramaBlog\/?search=Ay%20Yap%C4%B1m\" rel=\"external nofollow\">Ay Yap\u0131m<\/a>\u2019\u0131n bu s\u00fcper dizisi hakikaten \u00e7ok s\u00fcr\u00fckleyici. Her hafta konu soluksuz devam ediyor. Bu da izleyicilerin diziye olan ilgisini devam ettiriyor. Twitter da ke\u015fke her g\u00fcn arkas\u0131 yar\u0131n gibi olsa da seyretsek diyenler \u00e7ok. Diziye ilgi ve sevilmesinin sebebi bu olsa gerek.<\/p>\n<p>Dizin t\u00fcm oyuncular\u0131 harika. Ba\u015frollerde\u00a0<a href=\"http:\/\/blog.milliyet.com.tr\/AramaBlog\/?search=%C3%87a%C4%9Fatay%20Ulusoy\" rel=\"external nofollow\">\u00c7a\u011fatay Ulusoy<\/a>\u00a0ve Serenay Sar\u0131kaya olsa da, b\u00fct\u00fcn oyuncular ba\u015frolde gibi. Bir Ada geldi, bu b\u00f6l\u00fcm onun \u00fcst\u00fcnde d\u00f6nd\u00fc. Orkun, Kenan gibi herkes, her biri, bir ba\u015frol oyuncusu gibi. Bu oyuncular \u00f6zenerek se\u00e7ilmi\u015f belli. Senaristimiz\u00a0<a href=\"http:\/\/blog.milliyet.com.tr\/AramaBlog\/?search=Ece%20Y%C3%B6ren%C3%A7\" rel=\"external nofollow\">Ece Y\u00f6ren\u00e7<\/a>\u00a0de her karaktere g\u00f6re \u00e7ok g\u00fczel elbise kesip, giydiriyor. Ne de olsa usta terzi.<\/p>\n<p>Mira, Yaman\u2019\u0131 baya\u011f\u0131 Ada\u2019dan k\u0131skan\u0131yor. Bu k\u0131rg\u0131nl\u0131k haftaya \u00e7\u00f6z\u00fcl\u00fcr.<\/p>\n<p>Keyifli seyirler.<\/p>\n<p>Sayg\u0131lar, sevgiler.<\/p>\n<p>Abdurrahman Balc\u0131lar<\/p>\n<p>Twitter: abdurrahman balc\u0131lar@abbalcilar<\/p>\n<p>Mail :\u00a0<a href=\"mailto:ab.balcilar@hotmail.com\" target=\"_blank\">ab.balcilar@hotmail.com<\/a><\/p>\n<div>\n<p>Blog: milliyet.com.tr\/cansever<\/p>\n<p>Blog: balcilar-blog.com<\/p>\n<p>Not: G\u00f6rseller diziden taraf\u0131mdan al\u0131nm\u0131\u015ft\u0131r.<\/p>\n<\/div>\n<\/div>\n<p>&nbsp;<\/p>\n<\/div>\n<\/div>\n","protected":false},"excerpt":{"rendered":"<p>\u00a0Kategori TV Programlar\u0131 Star Tv.in fenomen a\u015fk ve macera dizisi \u00a0Medcezir\u00a0her b\u00f6l\u00fcm\u00fc ayr\u0131 bir olay oluyor. 28.ci b\u00f6l\u00fcmde\u00a0Serenay Sar\u0131kaya\u00a0g\u00fczel sesi ile Sezen Aksu\u2019nun \u201cMasum de\u011filiz\u201d \u015fark\u0131s\u0131n\u0131 seslendirdi. Mira\u2019y\u0131 sevgilisi Yaman, her zaman oldu\u011fu gibi gitar\u0131 ile e\u015flik etti. Bu b\u00f6l\u00fcmde Ada krizi ya\u015fand\u0131, varl\u0131\u011f\u0131 ortal\u0131\u011f\u0131 kar\u0131\u015ft\u0131rd\u0131. Reytinglerine g\u00f6z atarsak, bu hafta AB\u2019de a\u00e7\u0131k ara 1.s\u0131rada, [&hellip;]<\/p>\n","protected":false},"author":3,"featured_media":0,"comment_status":"open","ping_status":"open","sticky":false,"template":"","format":"standard","meta":{"footnotes":""},"categories":[2],"tags":[26,15,29,16,27,25],"class_list":["post-881","post","type-post","status-publish","format-standard","hentry","category-tv-programlari","tag-ay-yapim","tag-cagatay-ulusoy","tag-ece-yorenc","tag-medcezir","tag-serenay-sarikaya","tag-star-tv"],"views":9128,"blog_post_layout_featured_media_urls":{"thumbnail":"","full":""},"categories_names":{"2":{"name":"TV Programlar\u0131","link":"https:\/\/balcilar-blog.com\/?cat=2"}},"tags_names":{"26":{"name":"Ay Yap\u0131m","link":"https:\/\/balcilar-blog.com\/?tag=ay-yapim"},"15":{"name":"\u00e7a\u011fatay ulusoy","link":"https:\/\/balcilar-blog.com\/?tag=cagatay-ulusoy"},"29":{"name":"Ece Y\u00f6ren\u00e7","link":"https:\/\/balcilar-blog.com\/?tag=ece-yorenc"},"16":{"name":"medcezir","link":"https:\/\/balcilar-blog.com\/?tag=medcezir"},"27":{"name":"Serenay Sar\u0131kaya","link":"https:\/\/balcilar-blog.com\/?tag=serenay-sarikaya"},"25":{"name":"Star Tv","link":"https:\/\/balcilar-blog.com\/?tag=star-tv"}},"comments_number":"0","wpmagazine_modules_lite_featured_media_urls":{"thumbnail":"","cvmm-medium":"","cvmm-medium-plus":"","cvmm-portrait":"","cvmm-medium-square":"","cvmm-large":"","cvmm-small":"","full":""},"_links":{"self":[{"href":"https:\/\/balcilar-blog.com\/index.php?rest_route=\/wp\/v2\/posts\/881","targetHints":{"allow":["GET"]}}],"collection":[{"href":"https:\/\/balcilar-blog.com\/index.php?rest_route=\/wp\/v2\/posts"}],"about":[{"href":"https:\/\/balcilar-blog.com\/index.php?rest_route=\/wp\/v2\/types\/post"}],"author":[{"embeddable":true,"href":"https:\/\/balcilar-blog.com\/index.php?rest_route=\/wp\/v2\/users\/3"}],"replies":[{"embeddable":true,"href":"https:\/\/balcilar-blog.com\/index.php?rest_route=%2Fwp%2Fv2%2Fcomments&post=881"}],"version-history":[{"count":6,"href":"https:\/\/balcilar-blog.com\/index.php?rest_route=\/wp\/v2\/posts\/881\/revisions"}],"predecessor-version":[{"id":888,"href":"https:\/\/balcilar-blog.com\/index.php?rest_route=\/wp\/v2\/posts\/881\/revisions\/888"}],"wp:attachment":[{"href":"https:\/\/balcilar-blog.com\/index.php?rest_route=%2Fwp%2Fv2%2Fmedia&parent=881"}],"wp:term":[{"taxonomy":"category","embeddable":true,"href":"https:\/\/balcilar-blog.com\/index.php?rest_route=%2Fwp%2Fv2%2Fcategories&post=881"},{"taxonomy":"post_tag","embeddable":true,"href":"https:\/\/balcilar-blog.com\/index.php?rest_route=%2Fwp%2Fv2%2Ftags&post=881"}],"curies":[{"name":"wp","href":"https:\/\/api.w.org\/{rel}","templated":true}]}}