{"id":8758,"date":"2015-05-10T18:15:13","date_gmt":"2015-05-10T15:15:13","guid":{"rendered":"http:\/\/balcilar-blog.com\/?p=8758"},"modified":"2015-05-12T11:08:39","modified_gmt":"2015-05-12T08:08:39","slug":"medcezir-mirayi-yaman-aski-hayata-tutundurdu","status":"publish","type":"post","link":"https:\/\/balcilar-blog.com\/?p=8758","title":{"rendered":"Medcezir \/ Mira\u2019y\u0131 Yaman a\u015fk\u0131 hayata tutundurdu, bu a\u015fk \u00f6lmez!"},"content":{"rendered":"<p><a href=\"http:\/\/balcilar-blog.com\/wp-content\/uploads\/2015\/05\/Ekran-Al\u0131nt\u0131s\u0131MD72.KP_.png\"><img loading=\"lazy\" decoding=\"async\" class=\"alignnone size-full wp-image-8776\" src=\"http:\/\/balcilar-blog.com\/wp-content\/uploads\/2015\/05\/Ekran-Al\u0131nt\u0131s\u0131MD72.KP_.png\" alt=\"Ekran Al\u0131nt\u0131s\u0131MD72.KP\" width=\"737\" height=\"413\" srcset=\"https:\/\/balcilar-blog.com\/wp-content\/uploads\/2015\/05\/Ekran-Al\u0131nt\u0131s\u0131MD72.KP_.png 737w, https:\/\/balcilar-blog.com\/wp-content\/uploads\/2015\/05\/Ekran-Al\u0131nt\u0131s\u0131MD72.KP_-300x168.png 300w\" sizes=\"auto, (max-width: 737px) 100vw, 737px\" \/><\/a><\/p>\n<p><span style=\"color: #ff0000;\">Star Tv\u2019<\/span>nin fenomen dizisi <span style=\"color: #ff0000;\">Medcezir<\/span>\u2019de g\u00f6rd\u00fck ki, Mira\u2019y\u0131 Yaman a\u015fk\u0131 hayata tutundurdu. \u00a0Ge\u00e7en b\u00f6l\u00fcm sonda Yaman\u2019\u0131n kollar\u0131nda bay\u0131lan Mira\u2019a resmen \u00f6b\u00fcr d\u00fcnyaya gitti, geldi.<\/p>\n<p><span style=\"color: #ff0000;\">Ay Yap\u0131m<\/span>\u2019\u0131n ba\u015frollerini <span style=\"color: #ff0000;\">\u00c7a\u011fatay Ulusoy<\/span>, <span style=\"color: #ff0000;\">Serenay Sar\u0131kaya<\/span>, <span style=\"color: #ff0000;\">Bar\u0131\u015f Falay<\/span>, <span style=\"color: #ff0000;\">Taner \u00d6lmez<\/span> ve <span style=\"color: #ff0000;\">Hazar Erg\u00fc\u00e7l\u00fc<\/span>\u2019n\u00fcn oynad\u0131\u011f\u0131 Medcezir t\u00fcm h\u0131z\u0131yla devam ediyor. Sezon finaline say\u0131l\u0131 b\u00f6l\u00fcmler kald\u0131, Bir de\u011fi\u015fiklik olmaz ise, 12 Haziran 77.b\u00f6l\u00fcmde sezon finali yapacak. Ay Yap\u0131m\u2019dan final diye bir a\u00e7\u0131klma gelmedi\u011fine g\u00f6re, \u00f6n\u00fcm\u00fczdeki Eyl\u00fcl\u2019de 3.sezon olcacak. Bu b\u00f6l\u00fcmde seneye bu g\u00fcnlerden bahsedildi ve g\u00fczel g\u00fcnlerin sinyalleri verildi. Zaten t\u00fcm izleyenlerin de iste\u011fi dizinin bir sezon daha devam etmesi y\u00f6n\u00fcnde.<\/p>\n<p>Mira\u2019ya 29 Haziranda ameliyat tarihi ve o tarihe kadar hastal\u0131\u011f\u0131n\u0131n tekrar n\u00fcks etmemesi i\u00e7in Mira\u2019n\u0131n \u00fcz\u00fclmemesi, hep mutlu g\u00fcnler ge\u00e7irmesi gerekiyor. Onu tek ayakta tutan Yaman. Bu nedenle de d\u00fc\u011f\u00fcn tarihi ameliyat \u00f6ncesine al\u0131nd\u0131.<\/p>\n<p>Sezon finalinde Mira ameliyat olcak, yaz aylar\u0131 boyunca uzun bir iyile\u015fme d\u00f6nemi gececek. Yeni sezonda b\u00fct\u00fcn hastal\u0131k ve \u00fcz\u00fcnt\u00fcleri geride b\u0131rakm\u0131\u015f Mira ile Yaman a\u015fk\u0131 dolu dizgin devam edecek.<\/p>\n<p>Ge\u00e7en b\u00f6l\u00fcm sonunda hastalanan Mira\u2019y\u0131 Yaman amb\u00fclans ile en yak\u0131n kasabaya g\u00f6t\u00fcr.\u00a0Mira\u2019n\u0131n ba\u015f\u0131nda Yaman da onunla \u00f6l\u00fcp, \u00f6l\u00fcp dirilir. Mira\u00a0 ne olur beni b\u0131rakma diyerek adeta yalvar\u0131r.<\/p>\n<p><a href=\"http:\/\/balcilar-blog.com\/wp-content\/uploads\/2015\/05\/Ekran-Al\u0131nt\u0131s\u0131md72.2.png\"><img loading=\"lazy\" decoding=\"async\" class=\"alignnone size-full wp-image-8762\" src=\"http:\/\/balcilar-blog.com\/wp-content\/uploads\/2015\/05\/Ekran-Al\u0131nt\u0131s\u0131md72.2.png\" alt=\"Ekran Al\u0131nt\u0131s\u0131md72.2\" width=\"640\" height=\"369\" srcset=\"https:\/\/balcilar-blog.com\/wp-content\/uploads\/2015\/05\/Ekran-Al\u0131nt\u0131s\u0131md72.2.png 640w, https:\/\/balcilar-blog.com\/wp-content\/uploads\/2015\/05\/Ekran-Al\u0131nt\u0131s\u0131md72.2-300x173.png 300w\" sizes=\"auto, (max-width: 640px) 100vw, 640px\" \/><\/a><\/p>\n<p>Mira da sanki \u00f6b\u00fcr d\u00fcnyaya gider gelir. Sapsar\u0131 k\u0131r \u00e7i\u00e7ekleri aras\u0131nda, Mira, \u00f6b\u00fcr d\u00fcnyaya do\u011fru ko\u015fan Mira\u2019n\u0131n pe\u015finden ko\u015far.<\/p>\n<p><a href=\"http:\/\/balcilar-blog.com\/wp-content\/uploads\/2015\/05\/Ekran-Al\u0131nt\u0131s\u0131md72.3.png\"><img loading=\"lazy\" decoding=\"async\" class=\"alignnone size-full wp-image-8763\" src=\"http:\/\/balcilar-blog.com\/wp-content\/uploads\/2015\/05\/Ekran-Al\u0131nt\u0131s\u0131md72.3.png\" alt=\"Ekran Al\u0131nt\u0131s\u0131md72.3\" width=\"640\" height=\"364\" srcset=\"https:\/\/balcilar-blog.com\/wp-content\/uploads\/2015\/05\/Ekran-Al\u0131nt\u0131s\u0131md72.3.png 640w, https:\/\/balcilar-blog.com\/wp-content\/uploads\/2015\/05\/Ekran-Al\u0131nt\u0131s\u0131md72.3-300x171.png 300w\" sizes=\"auto, (max-width: 640px) 100vw, 640px\" \/><\/a><\/p>\n<p>Orkun\u2019un evinden silah sesleri gelir. Hale eline ge\u00e7irdi\u011fi tabanca ile Orkun\u2019u taciz eder, babam senin y\u00fcz\u00fcmnden evi terk ediyor. Benim ailemi de da\u011f\u0131t\u0131n yeter art\u0131k. Mert, Eyl\u00fcl, Selim Bey ve Sude Han\u0131m silah sesine ko\u015farlar. Orkun tabancay\u0131 Hale\u2019nin elinden al\u0131r. Yalan yanl\u0131\u015f konu\u015ftum diyerek herkesten \u00f6z\u00fcr diler. Ama Hale\u2019nin babas\u0131n\u0131n surat\u0131na patlatt\u0131\u011f\u0131 tokattan kurtulamaz.<\/p>\n<p><a href=\"http:\/\/balcilar-blog.com\/wp-content\/uploads\/2015\/05\/Ekran-Al\u0131nt\u0131s\u0131md72.4d.png\"><img loading=\"lazy\" decoding=\"async\" class=\"alignnone size-full wp-image-8764\" src=\"http:\/\/balcilar-blog.com\/wp-content\/uploads\/2015\/05\/Ekran-Al\u0131nt\u0131s\u0131md72.4d.png\" alt=\"Ekran Al\u0131nt\u0131s\u0131md72.4d\" width=\"640\" height=\"365\" srcset=\"https:\/\/balcilar-blog.com\/wp-content\/uploads\/2015\/05\/Ekran-Al\u0131nt\u0131s\u0131md72.4d.png 640w, https:\/\/balcilar-blog.com\/wp-content\/uploads\/2015\/05\/Ekran-Al\u0131nt\u0131s\u0131md72.4d-300x171.png 300w\" sizes=\"auto, (max-width: 640px) 100vw, 640px\" \/><\/a><\/p>\n<p>Faruk Bey k\u0131z\u0131 Beren ile evdeki hayat \u015fartlar\u0131y\u00fcz\u00fcnden tart\u0131\u015f\u0131r. O s\u0131rada Yaman arar. Telefonu Mira\u2019ya verir. Mira hatenede olduklar\u0131n\u0131, k\u00fc\u00e7\u00fck bir atak ge\u00e7irdi\u011fini s\u00f6yler. Mira, primi \u00f6denmedi\u011fi i\u00e7in sa\u011fl\u0131k sigortas\u0131n\u0131n iptal edildi\u011fini s\u00f6yler. Faruk ben hemen geliyorum ve Yaman\u2019\u0131 ister. Bilgi al\u0131r, benim sigortamdan halledece\u011fim der.<\/p>\n<p><a href=\"http:\/\/balcilar-blog.com\/wp-content\/uploads\/2015\/05\/Ekran-Al\u0131nt\u0131s\u0131md72.5.png\"><img loading=\"lazy\" decoding=\"async\" class=\"alignnone size-full wp-image-8765\" src=\"http:\/\/balcilar-blog.com\/wp-content\/uploads\/2015\/05\/Ekran-Al\u0131nt\u0131s\u0131md72.5.png\" alt=\"Ekran Al\u0131nt\u0131s\u0131md72.5\" width=\"640\" height=\"371\" srcset=\"https:\/\/balcilar-blog.com\/wp-content\/uploads\/2015\/05\/Ekran-Al\u0131nt\u0131s\u0131md72.5.png 640w, https:\/\/balcilar-blog.com\/wp-content\/uploads\/2015\/05\/Ekran-Al\u0131nt\u0131s\u0131md72.5-300x174.png 300w\" sizes=\"auto, (max-width: 640px) 100vw, 640px\" \/><\/a><\/p>\n<p>Selim Bey, her ihtimale kar\u015f\u0131 kendi tabancas\u0131n\u0131 kasaya kilitler. As\u0131m Bey \u00e7ok sinirlidir, ailemizin i\u00e7ine kadar girdiler. O s\u0131rada Sude Han\u0131m gelir, Mira i\u00e7in helikopter gerekti\u011fini s\u00f6yler.<\/p>\n<p>Mira helikopterle hastaneye getirilir. Herkes hastane tepesindeki helikopter pistinde onlar\u0131 kar\u015f\u0131lar. Derhal tetkikler i\u00e7in\u00a0 hastaneye al\u0131n\u0131r.<\/p>\n<p><a href=\"http:\/\/balcilar-blog.com\/wp-content\/uploads\/2015\/05\/Ekran-Al\u0131nt\u0131s\u0131md72.6.png\"><img loading=\"lazy\" decoding=\"async\" class=\"alignnone size-full wp-image-8766\" src=\"http:\/\/balcilar-blog.com\/wp-content\/uploads\/2015\/05\/Ekran-Al\u0131nt\u0131s\u0131md72.6.png\" alt=\"Ekran Al\u0131nt\u0131s\u0131md72.6\" width=\"640\" height=\"368\" srcset=\"https:\/\/balcilar-blog.com\/wp-content\/uploads\/2015\/05\/Ekran-Al\u0131nt\u0131s\u0131md72.6.png 640w, https:\/\/balcilar-blog.com\/wp-content\/uploads\/2015\/05\/Ekran-Al\u0131nt\u0131s\u0131md72.6-300x173.png 300w\" sizes=\"auto, (max-width: 640px) 100vw, 640px\" \/><\/a><\/p>\n<p>Eyl\u00fcl de Uzay ile hastaneye gelir. Mira balland\u0131rara balland\u0131ra her \u015fey \u00e7ok g\u00fczeldi, r\u00fcya gibiydi diye anlat\u0131r. Mert, Eyl\u00fcl\u2019\u00fcn yan\u0131nda Uzay\u2019\u0131 g\u00f6r\u00fcnce \u00e7ok sinirlenir. Hastane bah\u00e7esine gider, Selim Bey de pe\u015finden gider, birlikte konu\u015furlar.<\/p>\n<p><a href=\"http:\/\/balcilar-blog.com\/wp-content\/uploads\/2015\/05\/Ekran-Al\u0131nt\u0131s\u0131md71.7d.png\"><img loading=\"lazy\" decoding=\"async\" class=\"alignnone size-full wp-image-8759\" src=\"http:\/\/balcilar-blog.com\/wp-content\/uploads\/2015\/05\/Ekran-Al\u0131nt\u0131s\u0131md71.7d.png\" alt=\"Ekran Al\u0131nt\u0131s\u0131md71.7d\" width=\"640\" height=\"381\" srcset=\"https:\/\/balcilar-blog.com\/wp-content\/uploads\/2015\/05\/Ekran-Al\u0131nt\u0131s\u0131md71.7d.png 640w, https:\/\/balcilar-blog.com\/wp-content\/uploads\/2015\/05\/Ekran-Al\u0131nt\u0131s\u0131md71.7d-300x179.png 300w\" sizes=\"auto, (max-width: 640px) 100vw, 640px\" \/><\/a><\/p>\n<p>Selim Bey, hak etti\u011fini, hatas\u0131 ile y\u00fczle\u015fmesini, bedel \u00f6demeyi bilmesi gerekti\u011fini s\u00f6yler. Mert, hep Eyl\u00fcl y\u00fcz\u00fcnden, Uzay kar\u0131n\u0131 oynamas\u0131yd\u0131, Olcay ile birlikte olmazd\u0131m. Selim Bey, a\u015fk \u00e7ocuk gibidir, d\u00fc\u015f\u00fcp kalkmadan \u00f6\u011frenilmez. Vazge\u00e7me, seni af ettirmenin yolunu bul.<\/p>\n<p>Doktor tavsiyelerde bulunur, yaln\u0131z kalmak yok, araba kullanmak yok. \u0130la\u00e7lar\u0131n\u0131 tam alacaks\u0131n. Seyahat etmek sana \u00e7ok iyi gelmi\u015f. Moralinini y\u00fcksek g\u00f6rd\u00fc\u011f\u00fcme de \u00e7ok sevindim.<\/p>\n<p><a href=\"http:\/\/balcilar-blog.com\/wp-content\/uploads\/2015\/05\/Ekran-Al\u0131nt\u0131s\u0131md72.8.png\"><img loading=\"lazy\" decoding=\"async\" class=\"alignnone size-full wp-image-8767\" src=\"http:\/\/balcilar-blog.com\/wp-content\/uploads\/2015\/05\/Ekran-Al\u0131nt\u0131s\u0131md72.8.png\" alt=\"Ekran Al\u0131nt\u0131s\u0131md72.8\" width=\"640\" height=\"367\" srcset=\"https:\/\/balcilar-blog.com\/wp-content\/uploads\/2015\/05\/Ekran-Al\u0131nt\u0131s\u0131md72.8.png 640w, https:\/\/balcilar-blog.com\/wp-content\/uploads\/2015\/05\/Ekran-Al\u0131nt\u0131s\u0131md72.8-300x172.png 300w\" sizes=\"auto, (max-width: 640px) 100vw, 640px\" \/><\/a><\/p>\n<p>Mira ameliyat\u0131n 13 Hazirandan sonra olmas\u0131n\u0131, do\u011fum g\u00fcn\u00fcn\u00fc uyuyarak ge\u00e7irmek istemedi\u011fini s\u00f6yler. Doktor 22 Haziran olarak ameliyat tarihini belirler. Mira Eyl\u00fcl\u2019le 22 Haziranda ameliyat olaca\u011f\u0131n\u0131 s\u00f6yler. Eyl\u00fcl Yaman\u2019a sen benim arkada\u015f\u0131m\u0131 ne yapt\u0131n, 2 g\u00fcnde polyanaya \u00e7evirmi\u015fsin. Yaman mira\u2019n\u0131n aln\u0131ndan \u00f6per ve sevdim sadece der. Selim Bey Yaman\u2019a g\u00fczel haber, abin d\u00f6nm\u00fc\u015f der.<\/p>\n<p><a href=\"http:\/\/balcilar-blog.com\/wp-content\/uploads\/2015\/05\/Ekran-Al\u0131nt\u0131s\u0131md72.9.png\"><img loading=\"lazy\" decoding=\"async\" class=\"alignnone size-full wp-image-8768\" src=\"http:\/\/balcilar-blog.com\/wp-content\/uploads\/2015\/05\/Ekran-Al\u0131nt\u0131s\u0131md72.9.png\" alt=\"Ekran Al\u0131nt\u0131s\u0131md72.9\" width=\"640\" height=\"369\" srcset=\"https:\/\/balcilar-blog.com\/wp-content\/uploads\/2015\/05\/Ekran-Al\u0131nt\u0131s\u0131md72.9.png 640w, https:\/\/balcilar-blog.com\/wp-content\/uploads\/2015\/05\/Ekran-Al\u0131nt\u0131s\u0131md72.9-300x173.png 300w\" sizes=\"auto, (max-width: 640px) 100vw, 640px\" \/><\/a><\/p>\n<p>Yaman abisi Kenan\u2019\u0131 arar. Konu\u015furlar, Kenan Mira\u2019y\u0131 sorar. Sonrada y\u00fcz y\u00fcze konu\u015fmak \u00fczere telefonu kapar. Yaman\u2019\u0131n annesi Nevin,gelecek mi diye sorar.Kenan, y\u00fcz\u00fcn\u00fc asma Nevin Han\u0131m, etme bulma d\u00fcnyas\u0131\u2026 Sen uzakla\u015ft\u0131rd\u0131n, tek ad\u0131m atmad\u0131n, \u00a0dinlemedin \u00e7ocu\u011fu\u2026 Se\u00e7im yapmak zorunda b\u0131rakt\u0131n. Sana s\u00f6yliyeyim, Mira bu haldeyken hayatta ayr\u0131lmaz yan\u0131ndan, ayr\u0131lmas\u0131n da zaten. Sevdi\u011fine kavu\u015fmu\u015f sonunda, elini b\u0131rakmaz. Hepimizin nefesi say\u0131l\u0131\u2026<\/p>\n<p>Uzay yay\u0131nevine i\u015fi b\u0131rakmaya gidiyorum. Mert de d\u00fcn ben de i\u015fi b\u0131rakt\u0131m. Ayn\u0131 anda hem Mert\u2019e, hem de Uzay\u2019a s\u00f6zle\u015fme h\u00fck\u00fcmlerini yerine getirmedi\u011finiz gerek\u00e7esiyle, hakk\u0131n\u0131zda yasal i\u015flem ba\u015flat\u0131lmadan \u00f6nce, konu\u015fma i\u00e7in yay\u0131n evine \u00e7a\u011fr\u0131lma mesaj\u0131 gelir.<\/p>\n<p><a href=\"http:\/\/balcilar-blog.com\/wp-content\/uploads\/2015\/05\/Ekran-Al\u0131nt\u0131s\u0131md72.10.png\"><img loading=\"lazy\" decoding=\"async\" class=\"alignnone size-full wp-image-8769\" src=\"http:\/\/balcilar-blog.com\/wp-content\/uploads\/2015\/05\/Ekran-Al\u0131nt\u0131s\u0131md72.10.png\" alt=\"Ekran Al\u0131nt\u0131s\u0131md72.10\" width=\"640\" height=\"371\" srcset=\"https:\/\/balcilar-blog.com\/wp-content\/uploads\/2015\/05\/Ekran-Al\u0131nt\u0131s\u0131md72.10.png 640w, https:\/\/balcilar-blog.com\/wp-content\/uploads\/2015\/05\/Ekran-Al\u0131nt\u0131s\u0131md72.10-300x174.png 300w\" sizes=\"auto, (max-width: 640px) 100vw, 640px\" \/><\/a><\/p>\n<p>Hastane d\u00f6n\u00fc\u015f\u00fc, Eyl\u00fcl, Yaman, Mira, Beren ve Faruk Bey ayn\u0131 araba ile d\u00f6ner. Mira Eyl\u00fcl\u2019e Mert ile aralar\u0131n\u0131 sorar. Seviyorsunuz birbirnizi, sen \u00fcz\u00fcl\u00fcyorsun uzatmay\u0131n bu kadar. Eyl\u00fcl kapatal\u0131m bu konu diyerek ge\u00e7i\u015ftirir.<\/p>\n<p><a href=\"http:\/\/balcilar-blog.com\/wp-content\/uploads\/2015\/05\/Ekran-Al\u0131nt\u0131s\u0131md71.11.png\"><img loading=\"lazy\" decoding=\"async\" class=\"alignnone size-full wp-image-8760\" src=\"http:\/\/balcilar-blog.com\/wp-content\/uploads\/2015\/05\/Ekran-Al\u0131nt\u0131s\u0131md71.11.png\" alt=\"Ekran Al\u0131nt\u0131s\u0131md71.11\" width=\"640\" height=\"379\" srcset=\"https:\/\/balcilar-blog.com\/wp-content\/uploads\/2015\/05\/Ekran-Al\u0131nt\u0131s\u0131md71.11.png 640w, https:\/\/balcilar-blog.com\/wp-content\/uploads\/2015\/05\/Ekran-Al\u0131nt\u0131s\u0131md71.11-300x178.png 300w\" sizes=\"auto, (max-width: 640px) 100vw, 640px\" \/><\/a><\/p>\n<p>Sude As\u0131m Beye helikopter i\u00e7in te\u015fekk\u00fcr mesaj\u0131 atar. As\u0131m, y\u0131lan diye dillendirir.<\/p>\n<p><a href=\"http:\/\/balcilar-blog.com\/wp-content\/uploads\/2015\/05\/Ekran-Al\u0131nt\u0131s\u0131md72.12.png\"><img loading=\"lazy\" decoding=\"async\" class=\"alignnone size-full wp-image-8770\" src=\"http:\/\/balcilar-blog.com\/wp-content\/uploads\/2015\/05\/Ekran-Al\u0131nt\u0131s\u0131md72.12.png\" alt=\"Ekran Al\u0131nt\u0131s\u0131md72.12\" width=\"640\" height=\"365\" srcset=\"https:\/\/balcilar-blog.com\/wp-content\/uploads\/2015\/05\/Ekran-Al\u0131nt\u0131s\u0131md72.12.png 640w, https:\/\/balcilar-blog.com\/wp-content\/uploads\/2015\/05\/Ekran-Al\u0131nt\u0131s\u0131md72.12-300x171.png 300w\" sizes=\"auto, (max-width: 640px) 100vw, 640px\" \/><\/a><\/p>\n<p>Faruk Yaman\u2019a y\u00f6nlendirerek at\u00f6lyenin \u00f6n\u00fcne getirir. \u201cMiraya\u201d ad\u0131 konan diki\u015f at\u00f6lyesine gelirler. Mira\u2019y bu \u00e7ok g\u00fczel bir s\u00fcrpriz olur. Yaman babanla konu\u015furken yerimizin ismini s\u00f6ylemi\u015ftim. Mira tek tek \u00e7al\u0131\u015fanlar\u0131 tan\u0131\u015f\u0131r. Hayallerimi ger\u00e7ek yapt\u0131n\u0131z diye te\u015fekk\u00fcr eder.<\/p>\n<p><a href=\"http:\/\/balcilar-blog.com\/wp-content\/uploads\/2015\/05\/Ekran-Al\u0131nt\u0131s\u0131md72.13.png\"><img loading=\"lazy\" decoding=\"async\" class=\"alignnone size-full wp-image-8771\" src=\"http:\/\/balcilar-blog.com\/wp-content\/uploads\/2015\/05\/Ekran-Al\u0131nt\u0131s\u0131md72.13.png\" alt=\"Ekran Al\u0131nt\u0131s\u0131md72.13\" width=\"640\" height=\"361\" srcset=\"https:\/\/balcilar-blog.com\/wp-content\/uploads\/2015\/05\/Ekran-Al\u0131nt\u0131s\u0131md72.13.png 640w, https:\/\/balcilar-blog.com\/wp-content\/uploads\/2015\/05\/Ekran-Al\u0131nt\u0131s\u0131md72.13-300x169.png 300w\" sizes=\"auto, (max-width: 640px) 100vw, 640px\" \/><\/a><\/p>\n<p>Olcay Han\u0131m\u0131n toplant\u0131s\u0131na, Mert, Uzay ve Selim Bey birlikte kat\u0131l\u0131rlar. Olcay, s\u00f6zle\u015fmenin \u015fartlar\u0131n\u0131n yerine getirilmesini ister. Selim Uzay ve Mert ile yaln\u0131z konu\u015fur. Onlar\u0131n profesyonelce davranmas\u0131n\u0131, s\u00f6zlerini tutmas\u0131n\u0131 s\u00f6yler. Yapt\u0131\u011f\u0131 ikna etkili olur, i\u015fe devam karar\u0131 al\u0131rlar. Bu herkesi mutlu eder.<\/p>\n<p>Mira bombay\u0131 patlat\u0131r. Sipari\u015fler yeti\u015ftikten sonra da ilk i\u015f olarak benim gelinli\u011fimi haz\u0131rlar\u0131z.\u00a0 Eyl\u00fcl, inanm\u0131yorum, ya\u015fas\u0131n diye alk\u0131\u015flar. Mira, bu yaz evlenelim diye d\u00fc\u015f\u00fcnd\u00fcm. Yaman devreye girer, Faruk Beye tabii siz izin verirseniz diyerej terbiyeli bir damat oldu\u011funu belirtir. Faruk Bey, \u00f6nce ameliyat olacaks\u0131n ama de\u011fil mi? Mira, madem vaktimiz k\u0131s\u0131tl\u0131, o zaman daha \u00f6nce evleniriz diyorum. Ben ameliyat masas\u0131na Mira Beylice Koper olarak yatmak istiyorum.<\/p>\n<p><a href=\"http:\/\/balcilar-blog.com\/wp-content\/uploads\/2015\/05\/Ekran-Al\u0131nt\u0131s\u0131md72.14.png\"><img loading=\"lazy\" decoding=\"async\" class=\"alignnone size-full wp-image-8772\" src=\"http:\/\/balcilar-blog.com\/wp-content\/uploads\/2015\/05\/Ekran-Al\u0131nt\u0131s\u0131md72.14.png\" alt=\"Ekran Al\u0131nt\u0131s\u0131md72.14\" width=\"640\" height=\"371\" srcset=\"https:\/\/balcilar-blog.com\/wp-content\/uploads\/2015\/05\/Ekran-Al\u0131nt\u0131s\u0131md72.14.png 640w, https:\/\/balcilar-blog.com\/wp-content\/uploads\/2015\/05\/Ekran-Al\u0131nt\u0131s\u0131md72.14-300x174.png 300w\" sizes=\"auto, (max-width: 640px) 100vw, 640px\" \/><\/a><\/p>\n<p>Faruk Bey yine de acaleye getirmenize gerek yok \u00e7ocuklar. Mira, ben Yaman\u2019\u0131n yan\u0131nda oldu\u011fum zaman kendimi mutlu hissediyorum. Kendimi huzurlu hissediyorum. Ne ya\u015fayacaksak onunla birlikte g\u00f6\u011f\u00fcs germek istiyorum. Faruk Bey k\u0131z\u0131n\u0131 \u00f6per, Eyl\u00fcl de \u00e7ok duygulan\u0131r her ikisine sar\u0131l\u0131r.<\/p>\n<p><a href=\"http:\/\/balcilar-blog.com\/wp-content\/uploads\/2015\/05\/Ekran-Al\u0131nt\u0131s\u0131md72.15.png\"><img loading=\"lazy\" decoding=\"async\" class=\"alignnone size-full wp-image-8773\" src=\"http:\/\/balcilar-blog.com\/wp-content\/uploads\/2015\/05\/Ekran-Al\u0131nt\u0131s\u0131md72.15.png\" alt=\"Ekran Al\u0131nt\u0131s\u0131md72.15\" width=\"640\" height=\"368\" srcset=\"https:\/\/balcilar-blog.com\/wp-content\/uploads\/2015\/05\/Ekran-Al\u0131nt\u0131s\u0131md72.15.png 640w, https:\/\/balcilar-blog.com\/wp-content\/uploads\/2015\/05\/Ekran-Al\u0131nt\u0131s\u0131md72.15-300x173.png 300w\" sizes=\"auto, (max-width: 640px) 100vw, 640px\" \/><\/a><\/p>\n<p>S\u00fcreyya Han\u0131m da bir yast\u0131kta kocay\u0131n in\u015fallah der. Eyl\u00fcl, d\u00fc\u011f\u00fcn haz\u0131rl\u0131klar\u0131 ba\u015fl\u0131yor o zaman.<\/p>\n<p>Kenan Almanya\u2019daki k\u0131z arkada\u015f\u0131 ile \u00e7at pat almanca konu\u015fur. Ay\u015fe nevin Han\u0131ma, Almanyadan san gelin geliyor diye tak\u0131l\u0131r. O s\u0131rada Kenan\u2019a As\u0131m \u015fekp Kaya arar, seninle ba\u015f ba\u015fa g\u00f6r\u00fc\u015fme zaman\u0131 geldi diyrek, g\u00f6r\u00fc\u015fmek ister.<\/p>\n<p>Sedef, Kaan Mavideniz\u2019in g\u00f6nderdi\u011fi araba ile araziye gelir. Kaan bey at\u0131\u015f talimindedir. Sedef, silah, i\u00e7ki diyerek Kaan Mavideniz\u2019e tak\u0131l\u0131r.<\/p>\n<p><a href=\"http:\/\/balcilar-blog.com\/wp-content\/uploads\/2015\/05\/Ekran-Al\u0131nt\u0131s\u0131md72.16.png\"><img loading=\"lazy\" decoding=\"async\" class=\"alignnone size-full wp-image-8774\" src=\"http:\/\/balcilar-blog.com\/wp-content\/uploads\/2015\/05\/Ekran-Al\u0131nt\u0131s\u0131md72.16.png\" alt=\"Ekran Al\u0131nt\u0131s\u0131md72.16\" width=\"640\" height=\"365\" srcset=\"https:\/\/balcilar-blog.com\/wp-content\/uploads\/2015\/05\/Ekran-Al\u0131nt\u0131s\u0131md72.16.png 640w, https:\/\/balcilar-blog.com\/wp-content\/uploads\/2015\/05\/Ekran-Al\u0131nt\u0131s\u0131md72.16-300x171.png 300w\" sizes=\"auto, (max-width: 640px) 100vw, 640px\" \/><\/a><\/p>\n<p>Kaan Bey kendini Sedef Han\u0131ma anlat\u0131r. Buras\u0131 benim oyun alan\u0131m. Ben ye\u015fili severim. Ben bir y\u00f6neticiyim. \u015eimdi hisseleriniz yerlerde, banka de\u011feriniz s\u0131f\u0131rlan\u0131yor. G\u00fcmb\u00fcr g\u00fcmb\u00fcr bat\u0131yorsunuz. Bu imparatorlu\u011fun \u00e7\u00f6k\u00fc\u015f\u00fcne birlikte engel olabiliriz. Sedef bu konu\u015fmalar sonunda ikna olur, Kaan ile kadeh toku\u015fturur.<\/p>\n<p><a href=\"http:\/\/balcilar-blog.com\/wp-content\/uploads\/2015\/05\/Ekran-Al\u0131nt\u0131s\u0131MD71.171.png\"><img loading=\"lazy\" decoding=\"async\" class=\"alignnone size-full wp-image-8778\" src=\"http:\/\/balcilar-blog.com\/wp-content\/uploads\/2015\/05\/Ekran-Al\u0131nt\u0131s\u0131MD71.171.png\" alt=\"Ekran Al\u0131nt\u0131s\u0131MD71.17\" width=\"726\" height=\"408\" srcset=\"https:\/\/balcilar-blog.com\/wp-content\/uploads\/2015\/05\/Ekran-Al\u0131nt\u0131s\u0131MD71.171.png 726w, https:\/\/balcilar-blog.com\/wp-content\/uploads\/2015\/05\/Ekran-Al\u0131nt\u0131s\u0131MD71.171-300x169.png 300w\" sizes=\"auto, (max-width: 726px) 100vw, 726px\" \/><\/a><\/p>\n<p>Mert&#8217;in kafas\u0131 Eyl\u00fcl&#8217;e tak\u0131k olmas\u0131 nedeniyle Olcay Han\u0131m ile konu\u015fur. Bir \u00e7\u00f6z\u00fcm bulurlar, bir Mert&#8217;in evinde, bir g\u00fcn Uzay&#8217;\u0131n evinde \u00e7al\u0131\u015fma form\u00fcl\u00fc bulunur.<\/p>\n<p>Yaman Eyl\u00fcl ile Alt\u0131nkoy&#8217;a gitmek i\u00e7in Mira ile vedala\u015f\u0131r, nikah i\u015flemleri de Pazartesi ba\u015flamaya karar verirler. Arabada Eyl\u00fcl onlar\u0131n \u00e7ok mutlu olduklar\u0131n\u0131 g\u00f6r\u00fcp duyunca, kendi mutsuzlu\u011funa g\u00f6z ya\u015f\u0131 d\u00f6ker.<\/p>\n<p><a href=\"http:\/\/balcilar-blog.com\/wp-content\/uploads\/2015\/05\/Ekran-Al\u0131nt\u0131s\u0131MD72.18.png\"><img loading=\"lazy\" decoding=\"async\" class=\"alignnone size-full wp-image-8779\" src=\"http:\/\/balcilar-blog.com\/wp-content\/uploads\/2015\/05\/Ekran-Al\u0131nt\u0131s\u0131MD72.18.png\" alt=\"Ekran Al\u0131nt\u0131s\u0131MD72.18\" width=\"716\" height=\"411\" srcset=\"https:\/\/balcilar-blog.com\/wp-content\/uploads\/2015\/05\/Ekran-Al\u0131nt\u0131s\u0131MD72.18.png 716w, https:\/\/balcilar-blog.com\/wp-content\/uploads\/2015\/05\/Ekran-Al\u0131nt\u0131s\u0131MD72.18-300x172.png 300w\" sizes=\"auto, (max-width: 716px) 100vw, 716px\" \/><\/a><\/p>\n<p>Yaman ile Eyl\u00fcl Alt\u0131nkoy&#8217;a birlikte giderler. Yolda Yaman Eyl\u00fcl ile Mert hakk\u0131nda konu\u015furlar. Eyl\u00fcl, \u00e7ok can\u0131 yand\u0131\u011f\u0131n\u0131 s\u00f6yler, bu kadar kolay m\u0131yd\u0131, bunu bana nas\u0131l yapar der ve a\u011flama krizine girer. Araban\u0131n direksiyona Yaman ge\u00e7er. Daha sonra da, birlikte bir kenarda oturup konu\u015furlar. Eyl\u00fcl ke\u015fke her \u015fey r\u00fcya olsa. Yaman, ya\u015fananlar\u0131n \u00f6n\u00fcne ge\u00e7emezsin ama, af etmekte senin elinde&#8230; Yaman, a\u015fkta siyah beyaz olmaz, siz k\u00fc\u00e7\u00fck bir k\u0131v\u0131lc\u0131m\u0131 yang\u0131na \u00e7evirdiniz, s\u00f6nd\u00fcrmekte sizin elinizde. O s\u0131rada Mert gelir. Eyl\u00fcl, a\u015fk ac\u0131s\u0131 o kadar zormu\u015f ki, Mert ben de ayn\u0131 \u015feyleri hissediyorum. Mert ile Eyl\u00fcl aralar\u0131nda konu\u015furlar, Yaman kenara \u00e7ekilir.<\/p>\n<p><a href=\"http:\/\/balcilar-blog.com\/wp-content\/uploads\/2015\/05\/Ekran-Al\u0131nt\u0131s\u0131MD72.20D.png\"><img loading=\"lazy\" decoding=\"async\" class=\"alignnone size-full wp-image-8781\" src=\"http:\/\/balcilar-blog.com\/wp-content\/uploads\/2015\/05\/Ekran-Al\u0131nt\u0131s\u0131MD72.20D.png\" alt=\"Ekran Al\u0131nt\u0131s\u0131MD72.20D\" width=\"725\" height=\"415\" srcset=\"https:\/\/balcilar-blog.com\/wp-content\/uploads\/2015\/05\/Ekran-Al\u0131nt\u0131s\u0131MD72.20D.png 725w, https:\/\/balcilar-blog.com\/wp-content\/uploads\/2015\/05\/Ekran-Al\u0131nt\u0131s\u0131MD72.20D-300x172.png 300w\" sizes=\"auto, (max-width: 725px) 100vw, 725px\" \/><\/a><\/p>\n<p>Kenan As\u0131m Beyin \u015firketine konu\u015fmak i\u00e7in gelir. As\u0131m Bey konuya girer, \u00e7ocu\u011fun senden oldu\u011funu biliyorum. Sude&#8217;yi bo\u015fay\u0131nca be\u015f paras\u0131z kalacak, sen de ondan yararlanamayacaks\u0131n. Bo\u015fanma davas\u0131nda kendi lehine tan\u0131kl\u0131k yapmas\u0131n\u0131 ister, tek celsede bo\u015fan\u0131r, sen al\u0131r paran\u0131 gidersin. Bu teklif kar\u015f\u0131s\u0131nda kendini sat\u0131lm\u0131\u015f hisseden Kenan, bastonunu kapt\u0131\u011f\u0131 gibi As\u0131m \u015eekip Kaya&#8217;n\u0131n g\u0131rtla\u011f\u0131na basar.<\/p>\n<p><a href=\"http:\/\/balcilar-blog.com\/wp-content\/uploads\/2015\/05\/Ekran-Al\u0131nt\u0131s\u0131MD72.19.png\"><img loading=\"lazy\" decoding=\"async\" class=\"alignnone size-full wp-image-8780\" src=\"http:\/\/balcilar-blog.com\/wp-content\/uploads\/2015\/05\/Ekran-Al\u0131nt\u0131s\u0131MD72.19.png\" alt=\"Ekran Al\u0131nt\u0131s\u0131MD72.19\" width=\"725\" height=\"417\" srcset=\"https:\/\/balcilar-blog.com\/wp-content\/uploads\/2015\/05\/Ekran-Al\u0131nt\u0131s\u0131MD72.19.png 725w, https:\/\/balcilar-blog.com\/wp-content\/uploads\/2015\/05\/Ekran-Al\u0131nt\u0131s\u0131MD72.19-300x173.png 300w\" sizes=\"auto, (max-width: 725px) 100vw, 725px\" \/><\/a><\/p>\n<p>Beni her \u015feyi yapt\u0131ramazs\u0131n. Senin zaaf\u0131n kibir, bu sefer o kadar ucuza gitmem. As\u0131m Bey, ne kadar?<\/p>\n<p>Evde Mira uyurken, Beren ablas\u0131n\u0131n cep telefonundaki resimleri bir bir bakar. Yaman ile Mira&#8217;n\u0131n tatildeki g\u00fczel g\u00fcnlerinin resimlerini bakar. O s\u0131rada bir video kayd\u0131 g\u00f6r\u00fcr.<\/p>\n<p><a href=\"http:\/\/balcilar-blog.com\/wp-content\/uploads\/2015\/05\/Ekran-Al\u0131nt\u0131s\u0131MD72.21.png\"><img loading=\"lazy\" decoding=\"async\" class=\"alignnone size-full wp-image-8782\" src=\"http:\/\/balcilar-blog.com\/wp-content\/uploads\/2015\/05\/Ekran-Al\u0131nt\u0131s\u0131MD72.21.png\" alt=\"Ekran Al\u0131nt\u0131s\u0131MD72.21\" width=\"730\" height=\"416\" srcset=\"https:\/\/balcilar-blog.com\/wp-content\/uploads\/2015\/05\/Ekran-Al\u0131nt\u0131s\u0131MD72.21.png 730w, https:\/\/balcilar-blog.com\/wp-content\/uploads\/2015\/05\/Ekran-Al\u0131nt\u0131s\u0131MD72.21-300x171.png 300w\" sizes=\"auto, (max-width: 730px) 100vw, 730px\" \/><\/a><\/p>\n<p>Telefonu bilgisayara ba\u011flar ve kayd\u0131 seyreder. Yan odaya ge\u00e7er babas\u0131na g\u00f6sterir. Bu Mira&#8217;n\u0131n hastal\u0131k halinde doldurdu\u011fu hayata veda konu\u015fmas\u0131 gibi bir kay\u0131tt\u0131r. T\u00fcm k\u00fcnyesini sayar, ba\u015f\u0131ma ne gelecek bilmiyorum. Beren g\u00f6zya\u015flar\u0131 i\u00e7inde seyreder.<\/p>\n<p><a href=\"http:\/\/balcilar-blog.com\/wp-content\/uploads\/2015\/05\/Ekran-Al\u0131nt\u0131s\u0131MD72.22.png\"><img loading=\"lazy\" decoding=\"async\" class=\"alignnone size-full wp-image-8783\" src=\"http:\/\/balcilar-blog.com\/wp-content\/uploads\/2015\/05\/Ekran-Al\u0131nt\u0131s\u0131MD72.22.png\" alt=\"Ekran Al\u0131nt\u0131s\u0131MD72.22\" width=\"729\" height=\"410\" srcset=\"https:\/\/balcilar-blog.com\/wp-content\/uploads\/2015\/05\/Ekran-Al\u0131nt\u0131s\u0131MD72.22.png 729w, https:\/\/balcilar-blog.com\/wp-content\/uploads\/2015\/05\/Ekran-Al\u0131nt\u0131s\u0131MD72.22-300x169.png 300w\" sizes=\"auto, (max-width: 729px) 100vw, 729px\" \/><\/a><\/p>\n<p>&nbsp;<\/p>\n<p>Yaman&#8217;n\u0131n gelmesiyle kay\u0131t yar\u0131m kalm\u0131\u015ft\u0131r. Beren, ablam belli etmek istemiyor ama, daha fazlas\u0131 var.<\/p>\n<p><a href=\"http:\/\/balcilar-blog.com\/wp-content\/uploads\/2015\/05\/Ekran-Al\u0131nt\u0131s\u0131MD72.23.png\"><img loading=\"lazy\" decoding=\"async\" class=\"alignnone size-full wp-image-8784\" src=\"http:\/\/balcilar-blog.com\/wp-content\/uploads\/2015\/05\/Ekran-Al\u0131nt\u0131s\u0131MD72.23.png\" alt=\"Ekran Al\u0131nt\u0131s\u0131MD72.23\" width=\"739\" height=\"417\" srcset=\"https:\/\/balcilar-blog.com\/wp-content\/uploads\/2015\/05\/Ekran-Al\u0131nt\u0131s\u0131MD72.23.png 739w, https:\/\/balcilar-blog.com\/wp-content\/uploads\/2015\/05\/Ekran-Al\u0131nt\u0131s\u0131MD72.23-300x169.png 300w\" sizes=\"auto, (max-width: 739px) 100vw, 739px\" \/><\/a><\/p>\n<p>Evde Mert, Yaman ve Selim Bey ak\u015fam yeme\u011finde kafa \u00e7ekerler. Mert, Orhan Gencebay\u2019\u0131n \u201cBats\u0131n bu d\u00fcnya\u201d \u00e7alan par\u00e7as\u0131na e\u015flik eder. Mert, kelebe\u011fin \u00f6mr\u00fc bu kadarm\u0131\u015f diyerek bir taraftan dert yanar. Yaman da ona \u015fark\u0131ya e\u015flik eder. Selim Bey in\u015fallah sonu havuzda bitmesin, der.<\/p>\n<p><a href=\"http:\/\/balcilar-blog.com\/wp-content\/uploads\/2015\/05\/Ekran-Al\u0131nt\u0131s\u0131MD72.24.png\"><img loading=\"lazy\" decoding=\"async\" class=\"alignnone size-full wp-image-8785\" src=\"http:\/\/balcilar-blog.com\/wp-content\/uploads\/2015\/05\/Ekran-Al\u0131nt\u0131s\u0131MD72.24.png\" alt=\"Ekran Al\u0131nt\u0131s\u0131MD72.24\" width=\"726\" height=\"415\" srcset=\"https:\/\/balcilar-blog.com\/wp-content\/uploads\/2015\/05\/Ekran-Al\u0131nt\u0131s\u0131MD72.24.png 726w, https:\/\/balcilar-blog.com\/wp-content\/uploads\/2015\/05\/Ekran-Al\u0131nt\u0131s\u0131MD72.24-300x171.png 300w\" sizes=\"auto, (max-width: 726px) 100vw, 726px\" \/><\/a><\/p>\n<p>Gelen Sedef Han\u0131ma Selim Mira hakk\u0131nda bilgi verir. Yaman helekiper i\u00e7in te\u015fekk\u00fcr eder, Sedef benimle ilgisi yok, baban kendi g\u00f6nderdi. Selim Kaan Mavideniz ile toplat\u0131n\u0131n, Sedef\u2019in g\u00f6nl\u00fcn\u00fc de ald\u0131\u011f\u0131n\u0131 fark eder. Yaman yuvadan u\u00e7uyor, Sedef yuvadan u\u00e7uyor. Mert ben buraday\u0131m diye laf\u0131n\u0131 keser.<\/p>\n<p>Sahilde Eyl\u00fcl, Gaye ve Tu\u011f\u00e7e aralar\u0131nda konbu\u015furken i\u015f kavgaya d\u00f6n\u00fc\u015f\u00fcr. Tu\u011f\u00e7e bir daha ne mert, ne de seninle ilgili hi\u00e7bir \u015fey duymak istemiyorum der ve oray\u0131 terk eder. Eyl\u00fcl yaln\u0131z kal\u0131r.<\/p>\n<p>Yaman bah\u00e7ede gitar\u0131n\u0131 eline al\u0131r, Mert bir istekte bulunur. Birlikte, \u201cTanr\u0131dan diledim bu kadar dilek aman, aman\u201d avazlar\u0131 \u00e7\u0131kt\u0131\u011f\u0131 kadar y\u00fcksek sesle s\u00f6ylerler. Selim Bey balkondan m\u00fcdahale eder.<\/p>\n<p><a href=\"http:\/\/balcilar-blog.com\/wp-content\/uploads\/2015\/05\/Ekran-Al\u0131nt\u0131s\u0131MD72.25.png\"><img loading=\"lazy\" decoding=\"async\" class=\"alignnone size-full wp-image-8786\" src=\"http:\/\/balcilar-blog.com\/wp-content\/uploads\/2015\/05\/Ekran-Al\u0131nt\u0131s\u0131MD72.25.png\" alt=\"Ekran Al\u0131nt\u0131s\u0131MD72.25\" width=\"732\" height=\"411\" srcset=\"https:\/\/balcilar-blog.com\/wp-content\/uploads\/2015\/05\/Ekran-Al\u0131nt\u0131s\u0131MD72.25.png 732w, https:\/\/balcilar-blog.com\/wp-content\/uploads\/2015\/05\/Ekran-Al\u0131nt\u0131s\u0131MD72.25-300x168.png 300w\" sizes=\"auto, (max-width: 732px) 100vw, 732px\" \/><\/a><\/p>\n<p>Beyler, hala ge\u00e7 olmad\u0131m\u0131 diyerek susturur. Yaman, tamam abi pardon der ve yatarlar.<\/p>\n<p>Kaan mavideniz gece yar\u0131s\u0131 Sedef\u2019e benim i\u00e7in g\u00fczel bir g\u00fcnd\u00fc diye mesaj atar. Bu mesaj Sedef\u2019in yeni mavi deniz sular\u0131nda yelken a\u00e7aca\u011f\u0131n\u0131 g\u00f6steriyor.<\/p>\n<p>Hale, Orkun\u2019a gider, merak etme bu defa silahs\u0131z\u0131m diyerek konu\u015fmak ister. Burda hi\u00e7 birimiz masum de\u011filiz, k\u00f6t\u00fcl\u00fcklerimize ba\u015fkalar\u0131n\u0131 k\u0131l\u0131f ediyoruz. Ger\u00e7ekleri yalanlarla sakl\u0131yoruz. Silahla, zorla ya\u015fanlar\u0131 de\u011fi\u015ftirmeye \u00e7al\u0131\u015f\u0131yoruz. Asl\u0131nda hi\u00e7bir \u015feyin d\u00fczeldi\u011fi yok.<\/p>\n<p><a href=\"http:\/\/balcilar-blog.com\/wp-content\/uploads\/2015\/05\/Ekran-Al\u0131nt\u0131s\u0131MD72.26.png\"><img loading=\"lazy\" decoding=\"async\" class=\"alignnone size-full wp-image-8787\" src=\"http:\/\/balcilar-blog.com\/wp-content\/uploads\/2015\/05\/Ekran-Al\u0131nt\u0131s\u0131MD72.26.png\" alt=\"Ekran Al\u0131nt\u0131s\u0131MD72.26\" width=\"726\" height=\"413\" srcset=\"https:\/\/balcilar-blog.com\/wp-content\/uploads\/2015\/05\/Ekran-Al\u0131nt\u0131s\u0131MD72.26.png 726w, https:\/\/balcilar-blog.com\/wp-content\/uploads\/2015\/05\/Ekran-Al\u0131nt\u0131s\u0131MD72.26-300x171.png 300w\" sizes=\"auto, (max-width: 726px) 100vw, 726px\" \/><\/a><\/p>\n<p>Orkun\u2019dan \u00f6z\u00fcr diler, seni su\u00e7lamak daha kolayd\u0131 der ve sar\u0131l\u0131r. Alt\u0131nkoy\u2019un iki k\u00f6t\u00fc kalbi dertle\u015firler ve bar\u0131\u015f\u0131rlar.<\/p>\n<p>Yaman, uyudun mu prenses diyerek Mira\u2019y\u0131 arar. Mira sen yan\u0131mda yoksun diye uyuyam\u0131yorum. O kadar al\u0131\u015fm\u0131\u015f\u0131m ki, sa\u00e7\u0131nda elimi \u00a0dola\u015ft\u0131rarak, hissederek uyumaya\u2026<\/p>\n<p><a href=\"http:\/\/balcilar-blog.com\/wp-content\/uploads\/2015\/05\/Ekran-Al\u0131nt\u0131s\u0131MD72.27B.png\"><img loading=\"lazy\" decoding=\"async\" class=\"alignnone size-medium wp-image-8789\" src=\"http:\/\/balcilar-blog.com\/wp-content\/uploads\/2015\/05\/Ekran-Al\u0131nt\u0131s\u0131MD72.27B-300x183.png\" alt=\"Ekran Al\u0131nt\u0131s\u0131MD72.27B\" width=\"300\" height=\"183\" srcset=\"https:\/\/balcilar-blog.com\/wp-content\/uploads\/2015\/05\/Ekran-Al\u0131nt\u0131s\u0131MD72.27B-300x183.png 300w, https:\/\/balcilar-blog.com\/wp-content\/uploads\/2015\/05\/Ekran-Al\u0131nt\u0131s\u0131MD72.27B.png 671w\" sizes=\"auto, (max-width: 300px) 100vw, 300px\" \/><\/a>\u00a0<a href=\"http:\/\/balcilar-blog.com\/wp-content\/uploads\/2015\/05\/Ekran-Al\u0131nt\u0131s\u0131MD72.27A.png\"><img loading=\"lazy\" decoding=\"async\" class=\"alignnone size-medium wp-image-8788\" src=\"http:\/\/balcilar-blog.com\/wp-content\/uploads\/2015\/05\/Ekran-Al\u0131nt\u0131s\u0131MD72.27A-300x190.png\" alt=\"Ekran Al\u0131nt\u0131s\u0131MD72.27A\" width=\"300\" height=\"190\" srcset=\"https:\/\/balcilar-blog.com\/wp-content\/uploads\/2015\/05\/Ekran-Al\u0131nt\u0131s\u0131MD72.27A-300x190.png 300w, https:\/\/balcilar-blog.com\/wp-content\/uploads\/2015\/05\/Ekran-Al\u0131nt\u0131s\u0131MD72.27A.png 649w\" sizes=\"auto, (max-width: 300px) 100vw, 300px\" \/><\/a><\/p>\n<p>Yaman, tamam o zaman, tekrar hisset kapat g\u00f6zlerini, seneye bu g\u00fcn hayat\u0131m\u0131zda \u00e7ok \u015fey de\u011fi\u015fmi\u015f olacak. Biz evlenmi\u015f olaca\u011f\u0131z. Sen \u00e7ok ba\u015far\u0131l\u0131 bir i\u015f kad\u0131n\u0131 olacaks\u0131n. Ben besteler yapaca\u011f\u0131m.<\/p>\n<p><a href=\"http:\/\/balcilar-blog.com\/wp-content\/uploads\/2015\/05\/Ekran-Al\u0131nt\u0131s\u0131MD72.28.png\"><img loading=\"lazy\" decoding=\"async\" class=\"alignnone size-full wp-image-8790\" src=\"http:\/\/balcilar-blog.com\/wp-content\/uploads\/2015\/05\/Ekran-Al\u0131nt\u0131s\u0131MD72.28.png\" alt=\"Ekran Al\u0131nt\u0131s\u0131MD72.28\" width=\"729\" height=\"418\" srcset=\"https:\/\/balcilar-blog.com\/wp-content\/uploads\/2015\/05\/Ekran-Al\u0131nt\u0131s\u0131MD72.28.png 729w, https:\/\/balcilar-blog.com\/wp-content\/uploads\/2015\/05\/Ekran-Al\u0131nt\u0131s\u0131MD72.28-300x172.png 300w\" sizes=\"auto, (max-width: 729px) 100vw, 729px\" \/><\/a><\/p>\n<p>Bir sene sonra hayat\u0131m\u0131z\u0131n rengi de\u011fi\u015fecek. Sadece biraz sab\u0131rl\u0131 ol. Bu deneyimli senaristimiz Ece Y\u00f6ren\u00e7\u2019in dizinin seneye 3.sezon da devam edece\u011fi sinyalleriydi. Ve Mira Yaman\u2019\u0131n bu g\u00fczel gelecek r\u00fcyalar\u0131 ile uyuya kal\u0131r.<\/p>\n<p>Mira at\u00f6lyede \u00e7al\u0131\u015f\u0131r, seneye bu s\u0131ralar ba\u015flar\u0131z ya\u015famaya\u2026 Biraz sab\u0131r. Yaman bah\u00e7ede bu beste \u00fczerinde \u00e7al\u0131\u015f\u0131r. Bir sen dursun, beklesin bizi\u2026 Bir sene dursun hayat, beklesin\u2026 Biraz sab\u0131r\u2026 Biraz sab\u0131r.<\/p>\n<p><a href=\"http:\/\/balcilar-blog.com\/wp-content\/uploads\/2015\/05\/Ekran-Al\u0131nt\u0131s\u0131MD72.29.png\"><img loading=\"lazy\" decoding=\"async\" class=\"alignnone size-medium wp-image-8791\" src=\"http:\/\/balcilar-blog.com\/wp-content\/uploads\/2015\/05\/Ekran-Al\u0131nt\u0131s\u0131MD72.29-300x170.png\" alt=\"Ekran Al\u0131nt\u0131s\u0131MD72.29\" width=\"300\" height=\"170\" srcset=\"https:\/\/balcilar-blog.com\/wp-content\/uploads\/2015\/05\/Ekran-Al\u0131nt\u0131s\u0131MD72.29-300x170.png 300w, https:\/\/balcilar-blog.com\/wp-content\/uploads\/2015\/05\/Ekran-Al\u0131nt\u0131s\u0131MD72.29.png 729w\" sizes=\"auto, (max-width: 300px) 100vw, 300px\" \/><\/a>\u00a0<a href=\"http:\/\/balcilar-blog.com\/wp-content\/uploads\/2015\/05\/Ekran-Al\u0131nt\u0131s\u0131MD72.29BB.png\"><img loading=\"lazy\" decoding=\"async\" class=\"alignnone size-medium wp-image-8792\" src=\"http:\/\/balcilar-blog.com\/wp-content\/uploads\/2015\/05\/Ekran-Al\u0131nt\u0131s\u0131MD72.29BB-300x166.png\" alt=\"Ekran Al\u0131nt\u0131s\u0131MD72.29BB\" width=\"300\" height=\"166\" srcset=\"https:\/\/balcilar-blog.com\/wp-content\/uploads\/2015\/05\/Ekran-Al\u0131nt\u0131s\u0131MD72.29BB-300x166.png 300w, https:\/\/balcilar-blog.com\/wp-content\/uploads\/2015\/05\/Ekran-Al\u0131nt\u0131s\u0131MD72.29BB.png 724w\" sizes=\"auto, (max-width: 300px) 100vw, 300px\" \/><\/a><\/p>\n<p>Yaman ile Mira dans ederek,<span style=\"color: #ff0000;\"> Halil Sezai\u00a0<\/span> ile <span style=\"color: #ff0000;\">\u00c7i\u011fdem Erken<\/span>\u2019i \u00a0bir gece kul\u00fcb\u00fcnde dinlerler.<\/p>\n<p><a href=\"http:\/\/balcilar-blog.com\/wp-content\/uploads\/2015\/05\/Ekran-Al\u0131nt\u0131s\u0131MD72.30A.png\"><img loading=\"lazy\" decoding=\"async\" class=\"alignnone size-full wp-image-8793\" src=\"http:\/\/balcilar-blog.com\/wp-content\/uploads\/2015\/05\/Ekran-Al\u0131nt\u0131s\u0131MD72.30A.png\" alt=\"Ekran Al\u0131nt\u0131s\u0131MD72.30A\" width=\"562\" height=\"412\" srcset=\"https:\/\/balcilar-blog.com\/wp-content\/uploads\/2015\/05\/Ekran-Al\u0131nt\u0131s\u0131MD72.30A.png 562w, https:\/\/balcilar-blog.com\/wp-content\/uploads\/2015\/05\/Ekran-Al\u0131nt\u0131s\u0131MD72.30A-300x220.png 300w, https:\/\/balcilar-blog.com\/wp-content\/uploads\/2015\/05\/Ekran-Al\u0131nt\u0131s\u0131MD72.30A-210x155.png 210w\" sizes=\"auto, (max-width: 562px) 100vw, 562px\" \/><\/a><\/p>\n<p>Bu g\u00fczel par\u00e7ay\u0131 \u00e7ok g\u00fczel s\u00f6ylerler. Bir sene nedir ki, a\u00e7\u0131lm\u0131\u015f kap\u0131 ard\u0131na kadar bu s\u0131ralar\u2026<\/p>\n<p><a href=\"http:\/\/balcilar-blog.com\/wp-content\/uploads\/2015\/05\/Ekran-Al\u0131nt\u0131s\u0131MD72.32D.png\"><img loading=\"lazy\" decoding=\"async\" class=\"alignnone size-full wp-image-8796\" src=\"http:\/\/balcilar-blog.com\/wp-content\/uploads\/2015\/05\/Ekran-Al\u0131nt\u0131s\u0131MD72.32D.png\" alt=\"Ekran Al\u0131nt\u0131s\u0131MD72.32D\" width=\"733\" height=\"415\" srcset=\"https:\/\/balcilar-blog.com\/wp-content\/uploads\/2015\/05\/Ekran-Al\u0131nt\u0131s\u0131MD72.32D.png 733w, https:\/\/balcilar-blog.com\/wp-content\/uploads\/2015\/05\/Ekran-Al\u0131nt\u0131s\u0131MD72.32D-300x170.png 300w\" sizes=\"auto, (max-width: 733px) 100vw, 733px\" \/><\/a><\/p>\n<p>\u015eark\u0131 bitiminde izleyiciden b\u00fcy\u00fck alk\u0131\u015f al\u0131r. \u00c7i\u011fdem Erken bestecisi Yaman Koper diye Yaman\u2019\u0131 i\u015faret eder, Yaman da b\u00fcy\u00fck alk\u0131\u015f al\u0131r.<\/p>\n<p><a href=\"http:\/\/balcilar-blog.com\/wp-content\/uploads\/2015\/05\/Ekran-Al\u0131nt\u0131s\u0131MD72.30D.png\"><img loading=\"lazy\" decoding=\"async\" class=\"alignnone size-full wp-image-8794\" src=\"http:\/\/balcilar-blog.com\/wp-content\/uploads\/2015\/05\/Ekran-Al\u0131nt\u0131s\u0131MD72.30D.png\" alt=\"Ekran Al\u0131nt\u0131s\u0131MD72.30D\" width=\"649\" height=\"412\" srcset=\"https:\/\/balcilar-blog.com\/wp-content\/uploads\/2015\/05\/Ekran-Al\u0131nt\u0131s\u0131MD72.30D.png 649w, https:\/\/balcilar-blog.com\/wp-content\/uploads\/2015\/05\/Ekran-Al\u0131nt\u0131s\u0131MD72.30D-300x190.png 300w\" sizes=\"auto, (max-width: 649px) 100vw, 649px\" \/><\/a><\/p>\n<p>Yaman Mira\u2019y\u0131 evine b\u0131rak\u0131r, Yaman yar\u0131n Mert ile mezarl\u0131\u011fa gidece\u011fiz. Mira, ordan da Tozludere\u2019ye gidersin git l\u00fctfen, der. Annen ne s\u00f6ylemi\u015f olursa olsun, sen yapman gerekeni yap. Mira, seneye bu zamanlar neredeyse bir y\u0131ll\u0131k evli olaca\u011f\u0131z diye yineler. B\u00fct\u00fcn k\u00fcsl\u00fckler bitecek demi\u015ftin. Yar\u0131n ger\u00e7ekten bunun i\u00e7in g\u00fczel bir g\u00fcn. Sen de annenin yan\u0131nda ol, olur mu? Bizim i\u00e7in, huzurumuz i\u00e7in. Yaman ba\u015f\u0131yla tasdik eder.<\/p>\n<p><a href=\"http:\/\/balcilar-blog.com\/wp-content\/uploads\/2015\/05\/Ekran-Al\u0131nt\u0131s\u0131MD72.31.png\"><img loading=\"lazy\" decoding=\"async\" class=\"alignnone size-full wp-image-8795\" src=\"http:\/\/balcilar-blog.com\/wp-content\/uploads\/2015\/05\/Ekran-Al\u0131nt\u0131s\u0131MD72.31.png\" alt=\"Ekran Al\u0131nt\u0131s\u0131MD72.31\" width=\"669\" height=\"410\" srcset=\"https:\/\/balcilar-blog.com\/wp-content\/uploads\/2015\/05\/Ekran-Al\u0131nt\u0131s\u0131MD72.31.png 669w, https:\/\/balcilar-blog.com\/wp-content\/uploads\/2015\/05\/Ekran-Al\u0131nt\u0131s\u0131MD72.31-300x184.png 300w\" sizes=\"auto, (max-width: 669px) 100vw, 669px\" \/><\/a><\/p>\n<p>Yaman o gece basket sahas\u0131na gider, potaya ard\u0131 ard\u0131na basketlerini atar. Annesi ile olan eski konu\u015fmalar\u0131n\u0131 hat\u0131rlar. O k\u0131z\u0131n elini tutarsan s\u00fct\u00fcm\u00fc helal etmem sana\u2026 O s\u0131rada Orkun gelir. O da basket sahas\u0131na girer. Merhaba ka\u00e7ak diye seslenir.<\/p>\n<p><a href=\"http:\/\/balcilar-blog.com\/wp-content\/uploads\/2015\/05\/Ekran-Al\u0131nt\u0131s\u0131MD72.33.png\"><img loading=\"lazy\" decoding=\"async\" class=\"alignnone size-full wp-image-8797\" src=\"http:\/\/balcilar-blog.com\/wp-content\/uploads\/2015\/05\/Ekran-Al\u0131nt\u0131s\u0131MD72.33.png\" alt=\"Ekran Al\u0131nt\u0131s\u0131MD72.33\" width=\"728\" height=\"411\" srcset=\"https:\/\/balcilar-blog.com\/wp-content\/uploads\/2015\/05\/Ekran-Al\u0131nt\u0131s\u0131MD72.33.png 728w, https:\/\/balcilar-blog.com\/wp-content\/uploads\/2015\/05\/Ekran-Al\u0131nt\u0131s\u0131MD72.33-300x169.png 300w\" sizes=\"auto, (max-width: 728px) 100vw, 728px\" \/><\/a><\/p>\n<p>Orkun, \u0130stanbul il s\u0131n\u0131rlar\u0131ndan \u00e7\u0131kabildiniz mi bari, yoksa bo\u011fazda bir tur at\u0131p geri mi geldini\u015fz? Yaman, seni ka\u015f\u0131maya hi\u00e7 niyetim yok. Orkun, ge\u00e7en sene sana s\u00f6ylediklerimi mi d\u00fc\u015f\u00fcn\u00fcyorsun yoksa.\u00a0 Orkun, istedi\u011fin kadar y\u0131rt\u0131n, benim olmayan senin de olmaz.<\/p>\n<p><a href=\"http:\/\/balcilar-blog.com\/wp-content\/uploads\/2015\/05\/Ekran-Al\u0131nt\u0131s\u0131MD72.34.png\"><img loading=\"lazy\" decoding=\"async\" class=\"alignnone size-medium wp-image-8798\" src=\"http:\/\/balcilar-blog.com\/wp-content\/uploads\/2015\/05\/Ekran-Al\u0131nt\u0131s\u0131MD72.34-300x166.png\" alt=\"Ekran Al\u0131nt\u0131s\u0131MD72.34\" width=\"300\" height=\"166\" srcset=\"https:\/\/balcilar-blog.com\/wp-content\/uploads\/2015\/05\/Ekran-Al\u0131nt\u0131s\u0131MD72.34-300x166.png 300w, https:\/\/balcilar-blog.com\/wp-content\/uploads\/2015\/05\/Ekran-Al\u0131nt\u0131s\u0131MD72.34.png 734w\" sizes=\"auto, (max-width: 300px) 100vw, 300px\" \/><\/a>\u00a0<a href=\"http:\/\/balcilar-blog.com\/wp-content\/uploads\/2015\/05\/Ekran-Al\u0131nt\u0131s\u0131MD72.34D.png\"><img loading=\"lazy\" decoding=\"async\" class=\"alignnone size-medium wp-image-8799\" src=\"http:\/\/balcilar-blog.com\/wp-content\/uploads\/2015\/05\/Ekran-Al\u0131nt\u0131s\u0131MD72.34D-300x172.png\" alt=\"Ekran Al\u0131nt\u0131s\u0131MD72.34D\" width=\"300\" height=\"172\" srcset=\"https:\/\/balcilar-blog.com\/wp-content\/uploads\/2015\/05\/Ekran-Al\u0131nt\u0131s\u0131MD72.34D-300x172.png 300w, https:\/\/balcilar-blog.com\/wp-content\/uploads\/2015\/05\/Ekran-Al\u0131nt\u0131s\u0131MD72.34D.png 731w\" sizes=\"auto, (max-width: 300px) 100vw, 300px\" \/><\/a><\/p>\n<p>Yaman, biz Mira ile g\u00fcn ald\u0131k, 20 May\u0131s\u2019da evleniyoruz der ve s\u0131rt\u0131n\u0131 d\u00f6ner gider. Giderken bir g\u00fczel de asker selam\u0131 verir. Yaman\u2019\u0131n o alayc\u0131, keyifli g\u00fcl\u00fcmseme hali \u00e7ok tatl\u0131yd\u0131.<\/p>\n<p><a href=\"http:\/\/balcilar-blog.com\/wp-content\/uploads\/2015\/05\/Ekran-Al\u0131nt\u0131s\u0131MD72.35.png\"><img loading=\"lazy\" decoding=\"async\" class=\"alignnone size-full wp-image-8800\" src=\"http:\/\/balcilar-blog.com\/wp-content\/uploads\/2015\/05\/Ekran-Al\u0131nt\u0131s\u0131MD72.35.png\" alt=\"Ekran Al\u0131nt\u0131s\u0131MD72.35\" width=\"729\" height=\"412\" srcset=\"https:\/\/balcilar-blog.com\/wp-content\/uploads\/2015\/05\/Ekran-Al\u0131nt\u0131s\u0131MD72.35.png 729w, https:\/\/balcilar-blog.com\/wp-content\/uploads\/2015\/05\/Ekran-Al\u0131nt\u0131s\u0131MD72.35-300x170.png 300w\" sizes=\"auto, (max-width: 729px) 100vw, 729px\" \/><\/a><\/p>\n<p>Mert annesi Ender Serez\u2019in mezar\u0131 ba\u015f\u0131nda duygulu anlar ya\u015far. Bu sensiz ilk anneler g\u00fcn\u00fc diyerek g\u00f6z ya\u015f\u0131 d\u00f6ker. Yaman, Selim ve Sedef de oradad\u0131r. Mert ba\u015f\u0131n\u0131, kalbini g\u00f6sterek sen burdas\u0131n. Anneler g\u00fcn\u00fcn kutlu olsun, annem. Seni \u00e7ok seviyorum.<\/p>\n<p><a href=\"http:\/\/balcilar-blog.com\/wp-content\/uploads\/2015\/05\/Ekran-Al\u0131nt\u0131s\u0131MD72.36.png\"><img loading=\"lazy\" decoding=\"async\" class=\"alignnone size-full wp-image-8801\" src=\"http:\/\/balcilar-blog.com\/wp-content\/uploads\/2015\/05\/Ekran-Al\u0131nt\u0131s\u0131MD72.36.png\" alt=\"Ekran Al\u0131nt\u0131s\u0131MD72.36\" width=\"724\" height=\"414\" srcset=\"https:\/\/balcilar-blog.com\/wp-content\/uploads\/2015\/05\/Ekran-Al\u0131nt\u0131s\u0131MD72.36.png 724w, https:\/\/balcilar-blog.com\/wp-content\/uploads\/2015\/05\/Ekran-Al\u0131nt\u0131s\u0131MD72.36-300x172.png 300w\" sizes=\"auto, (max-width: 724px) 100vw, 724px\" \/><\/a><\/p>\n<p>Sonra bir demet \u00e7i\u00e7ek ile Eyl\u00fcl\u2019\u00fcn annesinin mezar\u0131na do\u011fru gider. Eyl\u00fcl ve Uzay oradad\u0131r. Onlar\u0131 g\u00f6r\u00fcnce geri d\u00f6ner, Uzay onu g\u00f6r\u00fcr\u00fcr. Uzay, Mert geldi, der.<\/p>\n<p>Mira ile Beren birer demet \u00e7i\u00e7ek ile anneleri Sude\u2019ye giderler. Anneler g\u00fcn\u00fcn kutlarlar. Sude \u00f6n\u00fcm\u00fczdeki sene daha geni\u015f aile olaca\u011f\u0131z. Ayaklar\u0131m\u0131z\u0131 yere daha sa\u011flam basal\u0131m. Mira, \u00f6n\u00fcm\u00fczdeki sene biz Yaman ile Amerika\u2019da olaca\u011f\u0131z. Bir okul ile yaz\u0131\u015f\u0131yoruz, ikimizi de kabul ederlerse, hayat\u0131m\u0131z\u0131 orada devam ettirece\u011fiz.<\/p>\n<p>Kabristan d\u00f6n\u00fc\u015f\u00fc Mira\u2019y\u0131 telefon eder, Eyl\u00fcl k\u00fc\u00e7\u00fck bir i\u015fim var sonra g\u00f6r\u00fc\u015felim. Uzay \u2018\u0131n kahvalt\u0131 teklifini kabul etmez. Uzay yaln\u0131z ba\u015f\u0131na gider. O s\u0131rada Deniz Han\u0131m ile Giray\u2019y\u0131 g\u00f6r\u00fcr. Onlar\u0131n resimlerini \u00e7eker.<\/p>\n<p><a href=\"http:\/\/balcilar-blog.com\/wp-content\/uploads\/2015\/05\/Ekran-Al\u0131nt\u0131s\u0131MD72.37.png\"><img loading=\"lazy\" decoding=\"async\" class=\"alignnone size-full wp-image-8802\" src=\"http:\/\/balcilar-blog.com\/wp-content\/uploads\/2015\/05\/Ekran-Al\u0131nt\u0131s\u0131MD72.37.png\" alt=\"Ekran Al\u0131nt\u0131s\u0131MD72.37\" width=\"724\" height=\"417\" srcset=\"https:\/\/balcilar-blog.com\/wp-content\/uploads\/2015\/05\/Ekran-Al\u0131nt\u0131s\u0131MD72.37.png 724w, https:\/\/balcilar-blog.com\/wp-content\/uploads\/2015\/05\/Ekran-Al\u0131nt\u0131s\u0131MD72.37-300x173.png 300w\" sizes=\"auto, (max-width: 724px) 100vw, 724px\" \/><\/a><\/p>\n<p>Deniz bir i\u015fler \u00e7eviriyordur. Sen Sude Kaya\u2019n\u0131n bebe\u011finin Kenan\u2019dan oldu\u011funun \u015fahidim olacaks\u0131n. Giray biz yeni Kenan\u2019la yeni bir i\u015fe girdik, o kadar da yat\u0131r\u0131m yapt\u0131k. Deniz, bu i\u015fi kar\u015f\u0131l\u0131ks\u0131z yapmayacaks\u0131n, sen de paran\u0131 alacaks\u0131n.<\/p>\n<p>Sedef de at\u0131c\u0131l\u0131\u011fa ba\u015flar. As\u0131m Bey de Kaan Mavideniz\u2019in at\u0131\u015f alan\u0131ndad\u0131r. Yeni pazarl\u0131k pe\u015findedirler.<\/p>\n<p>Eyl\u00fcl Olcay Han\u0131m\u0131n b\u00fcrosuna gider. Anneler g\u00fcn\u00fc i\u00e7in dikenli yumru bir \u00e7i\u00e7ek hediye eder. Senin y\u00fcz\u00fcnden Mert ile aram a\u00e7\u0131ld\u0131 diyerek s\u00f6ylenir. Olcay Han\u0131m bas\u0131lan karikat\u00fcr kitab\u0131n\u0131n prova bask\u0131s\u0131n\u0131 g\u00f6sterir. Eyl\u00fcl kitab\u0131 inceler. Olcay, Mert\u2019in hayat\u0131nda hi\u00e7bir zaman olmad\u0131m ben. Onunkalbi tek kelebek i\u00e7in at\u0131yor. Kan\u0131t\u0131 der ve kitab\u0131 g\u00f6sterir.<\/p>\n<p><a href=\"http:\/\/balcilar-blog.com\/wp-content\/uploads\/2015\/05\/Ekran-Al\u0131nt\u0131s\u0131MD72.38.png\"><img loading=\"lazy\" decoding=\"async\" class=\"alignnone size-full wp-image-8803\" src=\"http:\/\/balcilar-blog.com\/wp-content\/uploads\/2015\/05\/Ekran-Al\u0131nt\u0131s\u0131MD72.38.png\" alt=\"Ekran Al\u0131nt\u0131s\u0131MD72.38\" width=\"732\" height=\"410\" srcset=\"https:\/\/balcilar-blog.com\/wp-content\/uploads\/2015\/05\/Ekran-Al\u0131nt\u0131s\u0131MD72.38.png 732w, https:\/\/balcilar-blog.com\/wp-content\/uploads\/2015\/05\/Ekran-Al\u0131nt\u0131s\u0131MD72.38-300x168.png 300w\" sizes=\"auto, (max-width: 732px) 100vw, 732px\" \/><\/a><\/p>\n<p>Uzay Mert\u2019in evine gelir. Mert Mira ile konu\u015fuyordur. Mert Eyl\u00fcl\u2019e verilmekl \u00fczere bir video \u00e7eker. Mira ver \u00f6nce ben izleyeyim. Mert \u00f6nce Eyl\u00fcl\u2019\u00fcn i\u015fzlemesi laz\u0131m. Sonra da imha edece\u011fim der.<\/p>\n<p><a href=\"http:\/\/balcilar-blog.com\/wp-content\/uploads\/2015\/05\/Ekran-Al\u0131nt\u0131s\u0131MD72.39.png\"><img loading=\"lazy\" decoding=\"async\" class=\"alignnone size-full wp-image-8804\" src=\"http:\/\/balcilar-blog.com\/wp-content\/uploads\/2015\/05\/Ekran-Al\u0131nt\u0131s\u0131MD72.39.png\" alt=\"Ekran Al\u0131nt\u0131s\u0131MD72.39\" width=\"716\" height=\"409\" srcset=\"https:\/\/balcilar-blog.com\/wp-content\/uploads\/2015\/05\/Ekran-Al\u0131nt\u0131s\u0131MD72.39.png 716w, https:\/\/balcilar-blog.com\/wp-content\/uploads\/2015\/05\/Ekran-Al\u0131nt\u0131s\u0131MD72.39-300x171.png 300w\" sizes=\"auto, (max-width: 716px) 100vw, 716px\" \/><\/a><\/p>\n<p>Mert, Uzay\u0131n geldi\u011fini g\u00f6r\u00fcr, iti an sopay\u0131 haz\u0131rla der. Mert, eline bir sopa al\u0131r. Uzay, Yaman yok mu diye sorar. Ona bir \u015fey g\u00f6sterecektim. Ne diye sorar. Ortak\u00f6y\u2019de Deniz ile Giray\u2019\u0131 g\u00f6rd\u00fc\u011f\u00fcn\u00fc s\u00f6yler. Mert, Eyl\u00fcl\u2019\u00fc elimden ald\u0131\u011f\u0131n yetmiyormu\u015f gibi \u015fimdi de karde\u015fimi elim den almaya m\u0131 \u00e7al\u0131\u015f\u0131yorsun.<\/p>\n<p>Mert, sopay\u0131 yere vurarak Uzay\u2019\u0131n \u00fcst\u00fcne y\u00fcr\u00fcr. Uzay benim Jopan d\u00f6v\u00fc\u015f sanatlar\u0131 \u00fcst\u00fcne lisans\u0131m var. Arlar\u0131nda tam bir uzak do\u011fu sapolarla d\u00f6v\u00fc\u015f ba\u015flar. Beren de sese gelir.<\/p>\n<p><a href=\"http:\/\/balcilar-blog.com\/wp-content\/uploads\/2015\/05\/Ekran-Al\u0131nt\u0131s\u0131MD72.40.png\"><img loading=\"lazy\" decoding=\"async\" class=\"alignnone size-full wp-image-8805\" src=\"http:\/\/balcilar-blog.com\/wp-content\/uploads\/2015\/05\/Ekran-Al\u0131nt\u0131s\u0131MD72.40.png\" alt=\"Ekran Al\u0131nt\u0131s\u0131MD72.40\" width=\"718\" height=\"408\" srcset=\"https:\/\/balcilar-blog.com\/wp-content\/uploads\/2015\/05\/Ekran-Al\u0131nt\u0131s\u0131MD72.40.png 718w, https:\/\/balcilar-blog.com\/wp-content\/uploads\/2015\/05\/Ekran-Al\u0131nt\u0131s\u0131MD72.40-300x170.png 300w\" sizes=\"auto, (max-width: 718px) 100vw, 718px\" \/><\/a><\/p>\n<p>Uzay resmen akrobasi g\u00f6sterileri yapar. Keyifli bir g\u00f6steri olur. G\u00fcr\u00fclt\u00fcy\u00fc duyan Selim Bey balkona \u00e7\u0131kar.\u00a0 \u00c7ovuklar hey diye ba\u011f\u0131r\u0131r. Dikkatleri da\u011f\u0131lan Uzay ve Mert havuza d\u00fc\u015ferler.<\/p>\n<p><a href=\"http:\/\/balcilar-blog.com\/wp-content\/uploads\/2015\/05\/Ekran-MD72.41.png\"><img loading=\"lazy\" decoding=\"async\" class=\"alignnone size-full wp-image-8812\" src=\"http:\/\/balcilar-blog.com\/wp-content\/uploads\/2015\/05\/Ekran-MD72.41.png\" alt=\"Ekran MD72.41\" width=\"724\" height=\"421\" srcset=\"https:\/\/balcilar-blog.com\/wp-content\/uploads\/2015\/05\/Ekran-MD72.41.png 724w, https:\/\/balcilar-blog.com\/wp-content\/uploads\/2015\/05\/Ekran-MD72.41-300x174.png 300w\" sizes=\"auto, (max-width: 724px) 100vw, 724px\" \/><\/a><\/p>\n<p>Suzan Han\u0131m hemen her ikisine havlu getirir. O s\u0131rada Yaman\u2019\u0131n annesi Nevin Han\u0131m gelir. Beren, l\u00fctfen ablam\u0131 k\u0131racak bir \u015fey s\u00f6ytlemeyin, yoksa g\u00fcvenli\u011fi \u00e7a\u011f\u0131rmak zorunda kal\u0131r\u0131m. Nevin, ben \u00f6z\u00fcr dilemeyue geldim buraya.\u00a0 O s\u0131rada Yaman annesini arar. Anne nerdesin? Nevin, sizin evdeyim, Mira da kar\u015f\u0131mda. Sa\u0131n Mira\u2019ya k\u00f6t\u00fc bir \u015fey s\u00f6yleme. Nevin, ben hatam\u0131 d\u00fczeltmeye, s\u00f6zlerimle yak\u0131p k\u0131kt\u0131\u011f\u0131m\u0131 d\u00fczletmeye geldim. Siz hakl\u0131yd\u0131n\u0131z o\u011flum. Ba\u015fkalar\u0131n\u0131n vebali sizin boynunuza kald\u0131.<\/p>\n<p><a href=\"http:\/\/balcilar-blog.com\/wp-content\/uploads\/2015\/05\/Ekran-Al\u0131nt\u0131s\u0131MD72.41A.png\"><img loading=\"lazy\" decoding=\"async\" class=\"alignnone size-medium wp-image-8806\" src=\"http:\/\/balcilar-blog.com\/wp-content\/uploads\/2015\/05\/Ekran-Al\u0131nt\u0131s\u0131MD72.41A-300x207.png\" alt=\"Ekran Al\u0131nt\u0131s\u0131MD72.41A\" width=\"300\" height=\"207\" srcset=\"https:\/\/balcilar-blog.com\/wp-content\/uploads\/2015\/05\/Ekran-Al\u0131nt\u0131s\u0131MD72.41A-300x207.png 300w, https:\/\/balcilar-blog.com\/wp-content\/uploads\/2015\/05\/Ekran-Al\u0131nt\u0131s\u0131MD72.41A.png 603w\" sizes=\"auto, (max-width: 300px) 100vw, 300px\" \/><\/a>\u00a0<a href=\"http:\/\/balcilar-blog.com\/wp-content\/uploads\/2015\/05\/Ekran-Al\u0131nt\u0131s\u0131MD72.41B.png\"><img loading=\"lazy\" decoding=\"async\" class=\"alignnone size-medium wp-image-8807\" src=\"http:\/\/balcilar-blog.com\/wp-content\/uploads\/2015\/05\/Ekran-Al\u0131nt\u0131s\u0131MD72.41B-300x208.png\" alt=\"Ekran Al\u0131nt\u0131s\u0131MD72.41B\" width=\"300\" height=\"208\" srcset=\"https:\/\/balcilar-blog.com\/wp-content\/uploads\/2015\/05\/Ekran-Al\u0131nt\u0131s\u0131MD72.41B-300x208.png 300w, https:\/\/balcilar-blog.com\/wp-content\/uploads\/2015\/05\/Ekran-Al\u0131nt\u0131s\u0131MD72.41B.png 597w\" sizes=\"auto, (max-width: 300px) 100vw, 300px\" \/><\/a><\/p>\n<p>Benim s\u00fct\u00fcn helel sana o\u011flum. Hem de her damlas\u0131. E\u011fer senin hakk\u0131n varsa, sen helal et. Yaman, o nas\u0131l laf ya\u2026 Helal olsun. Nevin Han\u0131m; S\u00f6ylediklerim, ya\u015fatt\u0131klar\u0131m i\u00e7in \u00e7ok \u00f6z\u00fcr dilerim. Senin kabul\u015fun, benim kabul\u00fcm. Nevin b\u00f6ylce t\u00fck\u00fcrd\u00fc\u011f\u00fcn\u00fc yalam\u0131\u015f, Mira\u2019y\u0131 gelini olarak kabul etmi\u015ftir. Sude Han\u0131m da onlar\u0131 kenardan seyreder.<\/p>\n<p><a href=\"http:\/\/balcilar-blog.com\/wp-content\/uploads\/2015\/05\/Ekran-Al\u0131nt\u0131s\u0131MD72.42.png\"><img loading=\"lazy\" decoding=\"async\" class=\"alignnone size-full wp-image-8808\" src=\"http:\/\/balcilar-blog.com\/wp-content\/uploads\/2015\/05\/Ekran-Al\u0131nt\u0131s\u0131MD72.42.png\" alt=\"Ekran Al\u0131nt\u0131s\u0131MD72.42\" width=\"725\" height=\"414\" srcset=\"https:\/\/balcilar-blog.com\/wp-content\/uploads\/2015\/05\/Ekran-Al\u0131nt\u0131s\u0131MD72.42.png 725w, https:\/\/balcilar-blog.com\/wp-content\/uploads\/2015\/05\/Ekran-Al\u0131nt\u0131s\u0131MD72.42-300x171.png 300w\" sizes=\"auto, (max-width: 725px) 100vw, 725px\" \/><\/a><\/p>\n<p>Mira belki hastal\u0131\u011f\u0131m\u0131 duydunuz, te\u015fekk\u00fcr ederim. Nevin, o\u011flumu \u00f6zledim, der. O an Eyl\u00fcl de ko\u015farak Mert diyerek bah\u00e7eye gelir. Selim Bey, Suzan diye ba\u011f\u0131rarak, silah\u0131 kim ald\u0131 kasadan diye sorar.<\/p>\n<p><a href=\"http:\/\/balcilar-blog.com\/wp-content\/uploads\/2015\/05\/Ekran-Al\u0131nt\u0131s\u0131MD72.43.png\"><img loading=\"lazy\" decoding=\"async\" class=\"alignnone size-full wp-image-8809\" src=\"http:\/\/balcilar-blog.com\/wp-content\/uploads\/2015\/05\/Ekran-Al\u0131nt\u0131s\u0131MD72.43.png\" alt=\"Ekran Al\u0131nt\u0131s\u0131MD72.43\" width=\"726\" height=\"413\" srcset=\"https:\/\/balcilar-blog.com\/wp-content\/uploads\/2015\/05\/Ekran-Al\u0131nt\u0131s\u0131MD72.43.png 726w, https:\/\/balcilar-blog.com\/wp-content\/uploads\/2015\/05\/Ekran-Al\u0131nt\u0131s\u0131MD72.43-300x171.png 300w\" sizes=\"auto, (max-width: 726px) 100vw, 726px\" \/><\/a><\/p>\n<p>Suzan ben bilmiyorum Selim Bey, bug\u00fcn kasaya hi\u00e7 dokunmad\u0131m. Mert, benim de hi\u00e7 haberim yok. Yaman da telefondan ne oluyor diye sorar. Sabah kabristana giderken oaradayd\u0131, nerde bu silah? Herkes \u015fa\u015fk\u0131n vaziyettedir.<\/p>\n<p><a href=\"http:\/\/balcilar-blog.com\/wp-content\/uploads\/2015\/05\/Ekran-Al\u0131nt\u0131s\u0131MD72.44D.png\"><img loading=\"lazy\" decoding=\"async\" class=\"alignnone size-full wp-image-8810\" src=\"http:\/\/balcilar-blog.com\/wp-content\/uploads\/2015\/05\/Ekran-Al\u0131nt\u0131s\u0131MD72.44D.png\" alt=\"Ekran Al\u0131nt\u0131s\u0131MD72.44D\" width=\"711\" height=\"415\" srcset=\"https:\/\/balcilar-blog.com\/wp-content\/uploads\/2015\/05\/Ekran-Al\u0131nt\u0131s\u0131MD72.44D.png 711w, https:\/\/balcilar-blog.com\/wp-content\/uploads\/2015\/05\/Ekran-Al\u0131nt\u0131s\u0131MD72.44D-300x175.png 300w\" sizes=\"auto, (max-width: 711px) 100vw, 711px\" \/><\/a><\/p>\n<p>Di\u011fer tarafta Orkun elinde silah d\u00fcz\u015f\u00fcnceli haldedir. Ne yapaca\u011f\u0131 belirsiz yata\u011f\u0131n\u0131n ucunda otuyordur. Ya intihar edecek, ya da bu silah ile \u00a0Yaman\u2019\u0131 \u00f6ld\u00fcrmeyi planlar\u0131 yap\u0131yordur. Yaman\u2019\u0131n 29 May\u0131s\u2019da Mira ile evlenece\u011fini duydu ya, onu hala hazmedememi\u015ftir. Ve 72.b\u00f6l\u00fcm burada sona erer.<\/p>\n<p><a href=\"http:\/\/balcilar-blog.com\/wp-content\/uploads\/2015\/05\/Ekran-Al\u0131nt\u0131s\u0131MD72.SON_.png\"><img loading=\"lazy\" decoding=\"async\" class=\"alignnone size-full wp-image-8811\" src=\"http:\/\/balcilar-blog.com\/wp-content\/uploads\/2015\/05\/Ekran-Al\u0131nt\u0131s\u0131MD72.SON_.png\" alt=\"Ekran Al\u0131nt\u0131s\u0131MD72.SON\" width=\"715\" height=\"411\" srcset=\"https:\/\/balcilar-blog.com\/wp-content\/uploads\/2015\/05\/Ekran-Al\u0131nt\u0131s\u0131MD72.SON_.png 715w, https:\/\/balcilar-blog.com\/wp-content\/uploads\/2015\/05\/Ekran-Al\u0131nt\u0131s\u0131MD72.SON_-300x172.png 300w\" sizes=\"auto, (max-width: 715px) 100vw, 715px\" \/><\/a><\/p>\n<p>Haftaya Orkun&#8217;un elindeki tabanca kime patlayacak, kendisine mi? Yaman&#8217;a m\u0131? \u00a0Bekleyip hep birlikte g\u00f6rece\u011fiz.<\/p>\n<p>Mira bu b\u00f6l\u00fcmde g\u00f6sterdi ki, Yaman&#8217;a tutkulu bir a\u015fk ile seviyor. Mira&#8217;y\u0131 hayata tutunduran Yaman a\u015fk\u0131 olacak. Mira direnecek, \u00f6lmiyecek. Hastal\u0131\u011f\u0131n\u0131n derman\u0131 de Yaman olacak. Bu nedenle de bu a\u015fk \u00f6lmez. 29 May\u0131s&#8217;da nikahlar\u0131 ve g\u00fczel bir k\u0131r d\u00fc\u011f\u00fcn\u00fc izleyece\u011fiz hep birlikte&#8230;<\/p>\n<p>Keyifli seyirler.<\/p>\n<p>Sayg\u0131lar ve sevgiler.<\/p>\n<p>Abdurrahman Balc\u0131lar<\/p>\n<p>Twitter: abdurrahman balc\u0131lar@abbalcilar<\/p>\n<p>Mail : <a href=\"mailto:ab.balcilar@hotmail.com\">ab.balcilar@hotmail.com<\/a><\/p>\n<p>Blog:\u00a0<a href=\"http:\/\/t.co\/znqmIZgIqn\">blog.milliyet.com.tr\/cansever<\/a><\/p>\n<p>Blog:\u00a0<strong>balcilar<\/strong>&#8211;<strong>blog.com<\/strong><\/p>\n<p><strong>\u00a0<\/strong><\/p>\n<p>Not: G\u00f6rseller diziden taraf\u0131mdan kopyalanarak al\u0131nm\u0131\u015ft\u0131r.<\/p>\n<p>&nbsp;<\/p>\n<p>&nbsp;<\/p>\n<p>&nbsp;<\/p>\n<p>&nbsp;<\/p>\n<p>&nbsp;<\/p>\n<p>&nbsp;<\/p>\n","protected":false},"excerpt":{"rendered":"<p>Star Tv\u2019nin fenomen dizisi Medcezir\u2019de g\u00f6rd\u00fck ki, Mira\u2019y\u0131 Yaman a\u015fk\u0131 hayata tutundurdu. \u00a0Ge\u00e7en b\u00f6l\u00fcm sonda Yaman\u2019\u0131n kollar\u0131nda bay\u0131lan Mira\u2019a resmen \u00f6b\u00fcr d\u00fcnyaya gitti, geldi. Ay Yap\u0131m\u2019\u0131n ba\u015frollerini \u00c7a\u011fatay Ulusoy, Serenay Sar\u0131kaya, Bar\u0131\u015f Falay, Taner \u00d6lmez ve Hazar Erg\u00fc\u00e7l\u00fc\u2019n\u00fcn oynad\u0131\u011f\u0131 Medcezir t\u00fcm h\u0131z\u0131yla devam ediyor. Sezon finaline say\u0131l\u0131 b\u00f6l\u00fcmler kald\u0131, Bir de\u011fi\u015fiklik olmaz ise, 12 Haziran [&hellip;]<\/p>\n","protected":false},"author":3,"featured_media":0,"comment_status":"open","ping_status":"open","sticky":false,"template":"","format":"standard","meta":{"footnotes":""},"categories":[2],"tags":[26,15,29,16,27,25],"class_list":["post-8758","post","type-post","status-publish","format-standard","hentry","category-tv-programlari","tag-ay-yapim","tag-cagatay-ulusoy","tag-ece-yorenc","tag-medcezir","tag-serenay-sarikaya","tag-star-tv"],"views":5337,"blog_post_layout_featured_media_urls":{"thumbnail":"","full":""},"categories_names":{"2":{"name":"TV Programlar\u0131","link":"https:\/\/balcilar-blog.com\/?cat=2"}},"tags_names":{"26":{"name":"Ay Yap\u0131m","link":"https:\/\/balcilar-blog.com\/?tag=ay-yapim"},"15":{"name":"\u00e7a\u011fatay ulusoy","link":"https:\/\/balcilar-blog.com\/?tag=cagatay-ulusoy"},"29":{"name":"Ece Y\u00f6ren\u00e7","link":"https:\/\/balcilar-blog.com\/?tag=ece-yorenc"},"16":{"name":"medcezir","link":"https:\/\/balcilar-blog.com\/?tag=medcezir"},"27":{"name":"Serenay Sar\u0131kaya","link":"https:\/\/balcilar-blog.com\/?tag=serenay-sarikaya"},"25":{"name":"Star Tv","link":"https:\/\/balcilar-blog.com\/?tag=star-tv"}},"comments_number":"1","wpmagazine_modules_lite_featured_media_urls":{"thumbnail":"","cvmm-medium":"","cvmm-medium-plus":"","cvmm-portrait":"","cvmm-medium-square":"","cvmm-large":"","cvmm-small":"","full":""},"_links":{"self":[{"href":"https:\/\/balcilar-blog.com\/index.php?rest_route=\/wp\/v2\/posts\/8758","targetHints":{"allow":["GET"]}}],"collection":[{"href":"https:\/\/balcilar-blog.com\/index.php?rest_route=\/wp\/v2\/posts"}],"about":[{"href":"https:\/\/balcilar-blog.com\/index.php?rest_route=\/wp\/v2\/types\/post"}],"author":[{"embeddable":true,"href":"https:\/\/balcilar-blog.com\/index.php?rest_route=\/wp\/v2\/users\/3"}],"replies":[{"embeddable":true,"href":"https:\/\/balcilar-blog.com\/index.php?rest_route=%2Fwp%2Fv2%2Fcomments&post=8758"}],"version-history":[{"count":6,"href":"https:\/\/balcilar-blog.com\/index.php?rest_route=\/wp\/v2\/posts\/8758\/revisions"}],"predecessor-version":[{"id":8831,"href":"https:\/\/balcilar-blog.com\/index.php?rest_route=\/wp\/v2\/posts\/8758\/revisions\/8831"}],"wp:attachment":[{"href":"https:\/\/balcilar-blog.com\/index.php?rest_route=%2Fwp%2Fv2%2Fmedia&parent=8758"}],"wp:term":[{"taxonomy":"category","embeddable":true,"href":"https:\/\/balcilar-blog.com\/index.php?rest_route=%2Fwp%2Fv2%2Fcategories&post=8758"},{"taxonomy":"post_tag","embeddable":true,"href":"https:\/\/balcilar-blog.com\/index.php?rest_route=%2Fwp%2Fv2%2Ftags&post=8758"}],"curies":[{"name":"wp","href":"https:\/\/api.w.org\/{rel}","templated":true}]}}