{"id":8746,"date":"2015-05-09T08:59:26","date_gmt":"2015-05-09T05:59:26","guid":{"rendered":"http:\/\/balcilar-blog.com\/?p=8746"},"modified":"2015-05-09T14:19:07","modified_gmt":"2015-05-09T11:19:07","slug":"cagatay-ulusoy-yeni-sinema-filminden-sonra-ver-elini-amerika-diyor","status":"publish","type":"post","link":"https:\/\/balcilar-blog.com\/?p=8746","title":{"rendered":"\u00c7a\u011fatay Ulusoy, yeni sinema filminden sonra ver elini Amerika diyor!"},"content":{"rendered":"<p><a href=\"http:\/\/balcilar-blog.com\/wp-content\/uploads\/2015\/05\/cagatay-ulusoy.jpg\"><img loading=\"lazy\" decoding=\"async\" class=\"alignnone size-full wp-image-8747\" src=\"http:\/\/balcilar-blog.com\/wp-content\/uploads\/2015\/05\/cagatay-ulusoy.jpg\" alt=\"cagatay-ulusoy\" width=\"480\" height=\"600\" srcset=\"https:\/\/balcilar-blog.com\/wp-content\/uploads\/2015\/05\/cagatay-ulusoy.jpg 480w, https:\/\/balcilar-blog.com\/wp-content\/uploads\/2015\/05\/cagatay-ulusoy-240x300.jpg 240w\" sizes=\"auto, (max-width: 480px) 100vw, 480px\" \/><\/a><\/p>\n<p>Medcezir\u2019in art\u0131k sezon finali yapmas\u0131na say\u0131l\u0131 b\u00f6l\u00fcmler kald\u0131. Muhtemelen 77.B\u00f6l\u00fcm 12 Haziran da sezon finali yapacak ve \u00fc\u00e7 ayl\u0131k bir yaz tatiline girecek.<\/p>\n<p>\u00c7a\u011fatay Ulusoy da son bir y\u0131ld\u0131r haz\u0131rland\u0131\u011f\u0131 2.sinema filmini \u00e7evirecek. Ay Yap\u0131m\u2019\u0131n yap\u0131mc\u0131s\u0131 oldu\u011fu filmin y\u00f6netmeni gene Ay Yap\u0131m\u2019dan Ali Bigin.<\/p>\n<p>Sabah G\u00fcnayd\u0131n\u2019d\u0131n yazarlar\u0131ndan Mert Vidinli\u2019nin haberine g\u00f6re, bu sinema filmi \u0130stanbul ve Burgazada&#8217;da \u00e7ekilecekmi\u015f.<\/p>\n<p>Yaz aylar\u0131nda ilk \u00f6nce i\u015f, sonra da hem tatil, hem de e\u011fitim diyecek \u00c7a\u011fatay. Evet, \u00c7a\u011fatay Amerika yolcusu&#8230; \u0130lk olarak New York&#8217;ta ba\u015flay\u0131p ard\u0131ndan Los Angeles&#8217;ta devam edece\u011fi bir oyunculuk akademisine ba\u015fl\u0131yor. Hem \u0130ngilizce&#8217;sini ilerletecek, hem de kafas\u0131n\u0131 bo\u015faltacak, \u00e7ok da iyi gelecek ona. Ke\u015fke herkesin es verip ka\u00e7abilme \u00f6zg\u00fcrl\u00fc\u011f\u00fc olsa; \u015fansl\u0131s\u0131n \u00c7a\u011fatay. Yani bu yaz \u00c7a\u011fatay&#8217;\u0131n ne Bodrum, ne de \u00c7e\u015fme&#8217;de tatil haberlerini okuyabileceksiniz canlar\u0131m. Unutmadan; \u00c7a\u011fatay Amerika&#8217;da bir sinema projesinde yer alabilir, benden s\u00f6ylemesi&#8230; Bu sat\u0131rlar\u0131 yazd\u0131\u011f\u0131m i\u00e7in kula\u011f\u0131m\u0131 \u00e7ekecek ama yapacak bir \u015fey yok! K\u0131zma \u00c7a\u011fatayc\u0131\u011f\u0131m&#8230; Bu arada uyan\u0131k fan&#8217;lar fark\u0131na varm\u0131\u015f; \u00c7a\u011fatay&#8217;\u0131n Menajeri Engin Aykanat uzun s\u00fcredir Amerika&#8217;da bir i\u015fler kar\u0131\u015ft\u0131r\u0131yor ama ne yap\u0131yor? Takibe al\u0131n, olay\u0131 \u00e7\u00f6z\u00fcn.<\/p>\n<p>Evet, Mert Vidinli b\u00f6yle s\u00f6yl\u00fcyor. Ba\u015far\u0131l\u0131 oyuncu \u00c7a\u011fatay Ulusoy Medcezir\u2019in 2.sezonunda \u00e7ok yoruldu. A\u015fk dedikodular\u0131 y\u00fcz\u00fcnden de epeyce y\u0131prand\u0131. Bu Amerika e\u011fitim a\u011f\u0131rl\u0131kl\u0131 tatil ve arkas\u0131ndan bir haftal\u0131k Bordum tatili ona iyi gelecek.<\/p>\n<p>Sinema filminde ba\u015frol oynayaca\u011f\u0131 bayan partneri hen\u00fcz a\u00e7\u0131klanmad\u0131. Rol belli, uzun zamand\u0131r bateri derleri ald\u0131\u011f\u0131na g\u00f6re, bu filmde \u00e7\u0131lg\u0131n bir bateristi \u00e7anland\u0131racak.<\/p>\n<p>Bu sinema filmini sevenleri sab\u0131rs\u0131zl\u0131kla bekliyor. \u00d6n\u00fcm\u00fczdeki Ekim sonlar\u0131nda vizyona girebilir.<\/p>\n<p><a href=\"http:\/\/balcilar-blog.com\/wp-content\/uploads\/2015\/05\/HJE7tk7e.jpg\"><img loading=\"lazy\" decoding=\"async\" class=\"alignnone size-full wp-image-8749\" src=\"http:\/\/balcilar-blog.com\/wp-content\/uploads\/2015\/05\/HJE7tk7e.jpg\" alt=\"HJE7tk7e\" width=\"526\" height=\"480\" srcset=\"https:\/\/balcilar-blog.com\/wp-content\/uploads\/2015\/05\/HJE7tk7e.jpg 526w, https:\/\/balcilar-blog.com\/wp-content\/uploads\/2015\/05\/HJE7tk7e-300x274.jpg 300w\" sizes=\"auto, (max-width: 526px) 100vw, 526px\" \/><\/a><\/p>\n<p>Medcezir\u2019in 3. Sezonu devam edecek. Aksine bir a\u00e7\u0131klama yok. Anl\u0131yaca\u011f\u0131n\u0131z \u00c7a\u011fatay Ulusoy\u2019ya bu yaz dur-durak yok. Yeni sezonda Medcezir\u2019de pek de dinlenmemi\u015f \u00c7a\u011fatay g\u00f6rece\u011fiz, ama son derece keyifli olaca\u011f\u0131n\u0131 s\u00f6yleyeblirim.<\/p>\n<p>\u00c7a\u011fatay Ulusoy\u2019a yeni sinema filminde ba\u015far\u0131lar ve iyi tatiller diyelim.<\/p>\n<p>Sayg\u0131lar, sevgiler.<\/p>\n<p>Abdurrahman Balc\u0131lar<\/p>\n<p>Twitter: abdurrahman balc\u0131lar@abbalcilar<\/p>\n<p>Mail : <a href=\"mailto:ab.balcilar@hotmail.com\">ab.balcilar@hotmail.com<\/a><\/p>\n<p>Blog:\u00a0<a href=\"http:\/\/t.co\/znqmIZgIqn\">blog.milliyet.com.tr\/cansever<\/a><\/p>\n<p>Blog:\u00a0<strong>balcilar<\/strong>&#8211;<strong>blog.com<\/strong><\/p>\n<p><strong>\u00a0<\/strong><\/p>\n<p><strong>\u00a0<\/strong><\/p>\n<p>Not: Haber G\u00fcnayd\u0131n Mert Vidinli haberi, G\u00f6rseller intrernetten,<\/p>\n<p>&nbsp;<\/p>\n<p>&nbsp;<\/p>\n<p>&nbsp;<\/p>\n<p>&nbsp;<\/p>\n","protected":false},"excerpt":{"rendered":"<p>Medcezir\u2019in art\u0131k sezon finali yapmas\u0131na say\u0131l\u0131 b\u00f6l\u00fcmler kald\u0131. Muhtemelen 77.B\u00f6l\u00fcm 12 Haziran da sezon finali yapacak ve \u00fc\u00e7 ayl\u0131k bir yaz tatiline girecek. \u00c7a\u011fatay Ulusoy da son bir y\u0131ld\u0131r haz\u0131rland\u0131\u011f\u0131 2.sinema filmini \u00e7evirecek. Ay Yap\u0131m\u2019\u0131n yap\u0131mc\u0131s\u0131 oldu\u011fu filmin y\u00f6netmeni gene Ay Yap\u0131m\u2019dan Ali Bigin. Sabah G\u00fcnayd\u0131n\u2019d\u0131n yazarlar\u0131ndan Mert Vidinli\u2019nin haberine g\u00f6re, bu sinema filmi \u0130stanbul [&hellip;]<\/p>\n","protected":false},"author":3,"featured_media":0,"comment_status":"open","ping_status":"open","sticky":false,"template":"","format":"standard","meta":{"footnotes":""},"categories":[10],"tags":[31,26,15,405],"class_list":["post-8746","post","type-post","status-publish","format-standard","hentry","category-sinema","tag-ali-bilgin","tag-ay-yapim","tag-cagatay-ulusoy","tag-sinema-filmi"],"views":4019,"blog_post_layout_featured_media_urls":{"thumbnail":"","full":""},"categories_names":{"10":{"name":"Sinema","link":"https:\/\/balcilar-blog.com\/?cat=10"}},"tags_names":{"31":{"name":"Ali Bilgin","link":"https:\/\/balcilar-blog.com\/?tag=ali-bilgin"},"26":{"name":"Ay Yap\u0131m","link":"https:\/\/balcilar-blog.com\/?tag=ay-yapim"},"15":{"name":"\u00e7a\u011fatay ulusoy","link":"https:\/\/balcilar-blog.com\/?tag=cagatay-ulusoy"},"405":{"name":"Sinema Filmi","link":"https:\/\/balcilar-blog.com\/?tag=sinema-filmi"}},"comments_number":"0","wpmagazine_modules_lite_featured_media_urls":{"thumbnail":"","cvmm-medium":"","cvmm-medium-plus":"","cvmm-portrait":"","cvmm-medium-square":"","cvmm-large":"","cvmm-small":"","full":""},"_links":{"self":[{"href":"https:\/\/balcilar-blog.com\/index.php?rest_route=\/wp\/v2\/posts\/8746","targetHints":{"allow":["GET"]}}],"collection":[{"href":"https:\/\/balcilar-blog.com\/index.php?rest_route=\/wp\/v2\/posts"}],"about":[{"href":"https:\/\/balcilar-blog.com\/index.php?rest_route=\/wp\/v2\/types\/post"}],"author":[{"embeddable":true,"href":"https:\/\/balcilar-blog.com\/index.php?rest_route=\/wp\/v2\/users\/3"}],"replies":[{"embeddable":true,"href":"https:\/\/balcilar-blog.com\/index.php?rest_route=%2Fwp%2Fv2%2Fcomments&post=8746"}],"version-history":[{"count":7,"href":"https:\/\/balcilar-blog.com\/index.php?rest_route=\/wp\/v2\/posts\/8746\/revisions"}],"predecessor-version":[{"id":8755,"href":"https:\/\/balcilar-blog.com\/index.php?rest_route=\/wp\/v2\/posts\/8746\/revisions\/8755"}],"wp:attachment":[{"href":"https:\/\/balcilar-blog.com\/index.php?rest_route=%2Fwp%2Fv2%2Fmedia&parent=8746"}],"wp:term":[{"taxonomy":"category","embeddable":true,"href":"https:\/\/balcilar-blog.com\/index.php?rest_route=%2Fwp%2Fv2%2Fcategories&post=8746"},{"taxonomy":"post_tag","embeddable":true,"href":"https:\/\/balcilar-blog.com\/index.php?rest_route=%2Fwp%2Fv2%2Ftags&post=8746"}],"curies":[{"name":"wp","href":"https:\/\/api.w.org\/{rel}","templated":true}]}}