{"id":858,"date":"2014-03-28T09:56:17","date_gmt":"2014-03-28T07:56:17","guid":{"rendered":"http:\/\/balcilar-blog.com\/?p=858"},"modified":"2014-03-28T09:56:17","modified_gmt":"2014-03-28T07:56:17","slug":"serenay-sarikaya-medcezir-28-bolumde-yine-sarki-soyluyor","status":"publish","type":"post","link":"https:\/\/balcilar-blog.com\/?p=858","title":{"rendered":"Serenay Sar\u0131kaya, Medcezir 28. b\u00f6l\u00fcmde yine \u015fark\u0131 s\u00f6yl\u00fcyor!"},"content":{"rendered":"<div>\n<div>\n<h4>28 Mart &#8217;14<\/h4>\n<\/div>\n<\/div>\n<div>\n<dl>\n<dt>Kategori<\/dt>\n<dd><strong><a href=\"http:\/\/blog.milliyet.com.tr\/tv-programlari\/Kategori\/?KategoriNo=351\">TV Programlar\u0131<\/a><\/strong><\/dd>\n<\/dl>\n<div>\n<div><img loading=\"lazy\" decoding=\"async\" alt=\"Serenay Sar\u0131kaya, Medcezir 28. b\u00f6l\u00fcmde yine \u015fark\u0131 s\u00f6yl\u00fcyor!\" src=\"http:\/\/iblog.milliyet.com.tr\/imgroot\/blogv7\/Blog333\/2014\/03\/28\/50\/454764-3-4-7fa34.jpg\" width=\"333\" height=\"240\" \/><\/div>\n<div id=\"BlogDetail\">\n<p><a href=\"http:\/\/blog.milliyet.com.tr\/AramaBlog\/?search=Star%20Tv\" rel=\"external nofollow\">Star Tv<\/a>&#8216;nin s\u00fcper dizisi \u201c<a href=\"http:\/\/blog.milliyet.com.tr\/AramaBlog\/?search=Medcezir\" rel=\"external nofollow\">Medcezir<\/a>\u201d de m\u00fczik \u015f\u00f6leni devam ediyor. <a href=\"http:\/\/blog.milliyet.com.tr\/AramaBlog\/?search=Serenay%20Sar%C4%B1kaya\" rel=\"external nofollow\">Serenay Sar\u0131kaya<\/a> (Mira) yine mikrofon elinde g\u00fczel bir \u015fark\u0131 s\u00f6yl\u00fcyor. Bu \u015fark\u0131y\u0131 Sezen Aksu, Meral Okay ile birlikte s\u00f6zleri yaz\u0131yorlar ve besteliyor. Meral Okay\u2019\u0131n \u00e7ok sevdi\u011fi e\u015fi Yaman Okay\u2019\u0131n \u00f6l\u00fcm\u00fcn\u00fcn ard\u0131ndan birlikte yazd\u0131klar\u0131, ac\u0131s\u0131n\u0131 payla\u015ft\u0131\u011f\u0131 bir \u015fark\u0131 bu \u201c<a href=\"http:\/\/blog.milliyet.com.tr\/AramaBlog\/?search=Masum%20de%C4%9Filiz\" rel=\"external nofollow\">Masum de\u011filiz<\/a>\u201d.<\/p>\n<p>Bu defa ayn\u0131 \u015fark\u0131y\u0131 Mira s\u00f6yl\u00fcyor, \u00e7ok sevdi\u011fi Yaman\u2019\u0131 i\u00e7in. Yaman da gitar\u0131 ile e\u015flik ediyor.<\/p>\n<p>\u015eark\u0131n\u0131n s\u00f6zlerinin tamam\u0131 \u015f\u00f6yle; (Mira, koyu yaz\u0131lan k\u0131sm\u0131n\u0131 s\u00f6yl\u00fcyor).<\/p>\n<p>Kan ter i\u00e7inde uyan\u0131yorsan e\u011fer<\/p>\n<p>Her gece<\/p>\n<p>Yaln\u0131z sevgili gibi boyunca uzan\u0131yorsa<\/p>\n<p>Koynuna<\/p>\n<p>Olur olmaz yere \u0131slan\u0131yorsa kirpiklerin art\u0131k<\/p>\n<p>Her \u015feye<\/p>\n<p>Anneni daha s\u0131k an\u0131ms\u0131yorsan hatta anl\u0131yorsan<\/p>\n<p><strong>Kalbini bir mektup gibi buru\u015fturup f\u0131rlatm\u0131\u015f<\/strong><\/p>\n<p><strong>Kendini kimsesiz ve erken unutulmu\u015f hissediyorsan<\/strong><\/p>\n<p>&nbsp;<\/p>\n<p><strong>\u0130\u00e7indeki \u00e7ocu\u011fa sar\u0131l, sana insan\u0131 anlat\u0131r<\/strong><\/p>\n<p><strong>Eller g\u00fcnahkar<\/strong><\/p>\n<p><strong>Diller g\u00fcnahkar<\/strong><\/p>\n<p><strong>Bir \u00e7a\u011f yang\u0131n\u0131 bu b\u00fct\u00fcn<\/strong><\/p>\n<p><strong>D\u00fcnya g\u00fcnahkar<\/strong><\/p>\n<p><strong>Masum de\u011filiz hi\u00e7 birimiz.<\/strong><\/p>\n<p>&nbsp;<\/p>\n<p>Medcezir\u2019de Yaman (<a href=\"http:\/\/blog.milliyet.com.tr\/AramaBlog\/?search=%C3%87a%C4%9Fatay%20Ulusoy\" rel=\"external nofollow\">\u00c7a\u011fatay Ulusoy<\/a>) \u00a0\u2013 Mira (Serenay Sar\u0131kaya) a\u015fk\u0131n\u0131 art\u0131k hi\u00e7 kimse engel olamaz. Ne Orkun, ne Sude Han\u0131m, ne de bir ba\u015fkas\u0131\u2026 Bu a\u015fk doludizgin gidiyor.<\/p>\n<p><img decoding=\"async\" alt=\"Ekran Al\u0131nt\u0131s\u0131 mira 3\" src=\"http:\/\/balcilar-blog.com\/wp-content\/uploads\/2014\/03\/Ekran-Al%C4%B1nt%C4%B1s%C4%B1-mira-3-300x168.png\" \/><\/p>\n<p>Yaman, sevgilisi Mira&#8217;y\u0131 gene gitar\u0131 ile e\u015flik ediyor.<\/p>\n<p><img decoding=\"async\" alt=\"Ekran Al\u0131nt\u0131s\u0131 mira 2\" src=\"http:\/\/balcilar-blog.com\/wp-content\/uploads\/2014\/03\/Ekran-Al%C4%B1nt%C4%B1s%C4%B1-mira-2-300x166.png\" \/><\/p>\n<p>Bu ak\u015fam 28.b\u00f6l\u00fcm gene \u00e7ok keyifli ge\u00e7ece\u011fe benziyor. Hep birlikte seyredip g\u00f6rece\u011fiz.<\/p>\n<p>Keyifli seyirler.<\/p>\n<p>Sayg\u0131lar, sevgiler.<\/p>\n<p>Abdurrahman Balc\u0131lar<\/p>\n<p>Twitter: abdurrahman balc\u0131lar@abbalcilar<\/p>\n<p>Mail : <a href=\"mailto:ab.balcilar@hotmail.com\" target=\"_blank\">ab.balcilar@hotmail.com<\/a><\/p>\n<div>\n<p>Blog: milliyet.com.tr\/cansever<\/p>\n<p>Blog: balcilar-blog.com<\/p>\n<\/div>\n<p>Not: G\u00f6rseller internetten al\u0131nm\u0131\u015ft\u0131r.<\/p>\n<\/div>\n<\/div>\n<\/div>\n","protected":false},"excerpt":{"rendered":"<p>28 Mart &#8217;14 Kategori TV Programlar\u0131 Star Tv&#8216;nin s\u00fcper dizisi \u201cMedcezir\u201d de m\u00fczik \u015f\u00f6leni devam ediyor. Serenay Sar\u0131kaya (Mira) yine mikrofon elinde g\u00fczel bir \u015fark\u0131 s\u00f6yl\u00fcyor. Bu \u015fark\u0131y\u0131 Sezen Aksu, Meral Okay ile birlikte s\u00f6zleri yaz\u0131yorlar ve besteliyor. Meral Okay\u2019\u0131n \u00e7ok sevdi\u011fi e\u015fi Yaman Okay\u2019\u0131n \u00f6l\u00fcm\u00fcn\u00fcn ard\u0131ndan birlikte yazd\u0131klar\u0131, ac\u0131s\u0131n\u0131 payla\u015ft\u0131\u011f\u0131 bir \u015fark\u0131 bu \u201cMasum [&hellip;]<\/p>\n","protected":false},"author":3,"featured_media":0,"comment_status":"open","ping_status":"open","sticky":false,"template":"","format":"standard","meta":{"footnotes":""},"categories":[2],"tags":[26,15,16,27,25],"class_list":["post-858","post","type-post","status-publish","format-standard","hentry","category-tv-programlari","tag-ay-yapim","tag-cagatay-ulusoy","tag-medcezir","tag-serenay-sarikaya","tag-star-tv"],"views":4933,"blog_post_layout_featured_media_urls":{"thumbnail":"","full":""},"categories_names":{"2":{"name":"TV Programlar\u0131","link":"https:\/\/balcilar-blog.com\/?cat=2"}},"tags_names":{"26":{"name":"Ay Yap\u0131m","link":"https:\/\/balcilar-blog.com\/?tag=ay-yapim"},"15":{"name":"\u00e7a\u011fatay ulusoy","link":"https:\/\/balcilar-blog.com\/?tag=cagatay-ulusoy"},"16":{"name":"medcezir","link":"https:\/\/balcilar-blog.com\/?tag=medcezir"},"27":{"name":"Serenay Sar\u0131kaya","link":"https:\/\/balcilar-blog.com\/?tag=serenay-sarikaya"},"25":{"name":"Star Tv","link":"https:\/\/balcilar-blog.com\/?tag=star-tv"}},"comments_number":"0","wpmagazine_modules_lite_featured_media_urls":{"thumbnail":"","cvmm-medium":"","cvmm-medium-plus":"","cvmm-portrait":"","cvmm-medium-square":"","cvmm-large":"","cvmm-small":"","full":""},"_links":{"self":[{"href":"https:\/\/balcilar-blog.com\/index.php?rest_route=\/wp\/v2\/posts\/858","targetHints":{"allow":["GET"]}}],"collection":[{"href":"https:\/\/balcilar-blog.com\/index.php?rest_route=\/wp\/v2\/posts"}],"about":[{"href":"https:\/\/balcilar-blog.com\/index.php?rest_route=\/wp\/v2\/types\/post"}],"author":[{"embeddable":true,"href":"https:\/\/balcilar-blog.com\/index.php?rest_route=\/wp\/v2\/users\/3"}],"replies":[{"embeddable":true,"href":"https:\/\/balcilar-blog.com\/index.php?rest_route=%2Fwp%2Fv2%2Fcomments&post=858"}],"version-history":[{"count":1,"href":"https:\/\/balcilar-blog.com\/index.php?rest_route=\/wp\/v2\/posts\/858\/revisions"}],"predecessor-version":[{"id":859,"href":"https:\/\/balcilar-blog.com\/index.php?rest_route=\/wp\/v2\/posts\/858\/revisions\/859"}],"wp:attachment":[{"href":"https:\/\/balcilar-blog.com\/index.php?rest_route=%2Fwp%2Fv2%2Fmedia&parent=858"}],"wp:term":[{"taxonomy":"category","embeddable":true,"href":"https:\/\/balcilar-blog.com\/index.php?rest_route=%2Fwp%2Fv2%2Fcategories&post=858"},{"taxonomy":"post_tag","embeddable":true,"href":"https:\/\/balcilar-blog.com\/index.php?rest_route=%2Fwp%2Fv2%2Ftags&post=858"}],"curies":[{"name":"wp","href":"https:\/\/api.w.org\/{rel}","templated":true}]}}