{"id":8576,"date":"2015-05-02T18:21:16","date_gmt":"2015-05-02T15:21:16","guid":{"rendered":"http:\/\/balcilar-blog.com\/?p=8576"},"modified":"2015-05-06T20:55:22","modified_gmt":"2015-05-06T17:55:22","slug":"medcezir-mira-yaman-aski-arasina-hastalik-girdi-gozyaslari-sel-olacak","status":"publish","type":"post","link":"https:\/\/balcilar-blog.com\/?p=8576","title":{"rendered":"Medcezir \/ Mira &#038; Yaman a\u015fk\u0131 aras\u0131na hastal\u0131k girdi, G\u00f6zya\u015flar\u0131 sel olacak!"},"content":{"rendered":"<p><a href=\"http:\/\/balcilar-blog.com\/wp-content\/uploads\/2015\/05\/Ekran-Al\u0131nt\u0131s\u0131MD71.KP_.png\"><img loading=\"lazy\" decoding=\"async\" class=\"alignnone size-full wp-image-8626\" src=\"http:\/\/balcilar-blog.com\/wp-content\/uploads\/2015\/05\/Ekran-Al\u0131nt\u0131s\u0131MD71.KP_.png\" alt=\"Ekran Al\u0131nt\u0131s\u0131MD71.KP\" width=\"640\" height=\"359\" srcset=\"https:\/\/balcilar-blog.com\/wp-content\/uploads\/2015\/05\/Ekran-Al\u0131nt\u0131s\u0131MD71.KP_.png 640w, https:\/\/balcilar-blog.com\/wp-content\/uploads\/2015\/05\/Ekran-Al\u0131nt\u0131s\u0131MD71.KP_-300x168.png 300w\" sizes=\"auto, (max-width: 640px) 100vw, 640px\" \/><\/a><\/p>\n<p>Ay Yap\u0131m&#8217;\u0131n Star Tv&#8217;de oynayan fenomen dizi Medcezir&#8217;de Mira &amp; Yaman a\u015fk\u0131 aras\u0131na Mira&#8217;n\u0131n hastal\u0131\u011f\u0131 girdi. A\u015fk yolunda ilerleyen \u00e7ift, Mira&#8217;n\u0131n hastal\u0131\u011f\u0131n\u0131n n\u00fcksetmesi ve aniden bay\u0131lmas\u0131 Yaman&#8217;\u0131 \u00e7aresiz b\u0131rakt\u0131, g\u00f6z ya\u015flar\u0131na bo\u011fdu. Mira&#8217;n\u0131n bay\u0131lmas\u0131 t\u00fcm izleyenleri derin bir \u00fcz\u00fcnt\u00fcye gark etti.<\/p>\n<p>Yaman ile Mira usul\u00fcne uygun olarak istenmi\u015f ve resmen ni\u015fanlanm\u0131\u015flard\u0131. Alt\u0131nkoy&#8217;un koku\u015fmu\u015flu\u011fundan uzakla\u015f\u0131p karavan ile bat\u0131 Karadeniz turuna \u00e7\u0131karlar. Mutluluklar\u0131n\u0131n doru\u011funda bu defa Mira&#8217;n\u0131n hastal\u0131\u011f\u0131 onlar\u0131n pe\u015fini b\u0131rakmaz. Mira, hastal\u0131\u011f\u0131n\u0131 bir tarafa b\u0131rak\u0131p \u00e7ocuk sahibi olmak isterken hastal\u0131\u011f\u0131n\u0131n yakas\u0131n\u0131 b\u0131rakmad\u0131\u011f\u0131 g\u00f6rd\u00fck. Bundan sonra neler olacak? Sosyal Medyada bu hastal\u0131k nedeniyle Mira \u00f6lecek dedikodular\u0131 dola\u015fmaya ba\u015flad\u0131. Bunlar tamamen uydurma&#8230; \u00c7a\u011fatay Ulusoy&#8217;un ilk dizisinde &#8216;Feriha&#8217; \u00f6ld\u00fcr\u00fclm\u00fc\u015ft\u00fc. Bu dizide ayn\u0131 kaderi ya\u015fat\u0131lmamal\u0131. O &#8216;Ad\u0131n\u0131 Feriha Koydum&#8217; dizisinde Emir&#8217;in kaderiydi. Medcezir&#8217;de Yaman&#8217;\u0131n kaderi \u00f6yle olmamal\u0131. Senaryoyu Ece Y\u00f6ren\u00e7 yaz\u0131yor ama ben kendi varsay\u0131mlar\u0131m\u0131 s\u00f6yleyeyim. \u015eayet dizi 3.sezona devam edecekse, ki devam edecek. Haziran&#8217;da sezon finaline kadar Mira ameliyat olacak, uzun bir iyile\u015fme d\u00f6neminden sonra Eyl\u00fcl&#8217;de yeni 3.sezonda Medcezir tekrar bomba gibi ba\u015flayacak. Faruk Beyin Yaman&#8217;a s\u00f6yledi\u011fi &#8220;Mira&#8217;n\u0131n ameliyat\u0131n\u0131n g\u00fczel g\u00fcnlere a\u00e7\u0131lacak kap\u0131 olarak g\u00f6r&#8221; dedi\u011fi gibi, Mira iyile\u015fmi\u015f olarak hayata tekrar d\u00f6necek, \u00f6nce Yaman &#8211; Mira Serez&#8217;lerin k\u00f6\u015fk\u00fcn\u00fcn bah\u00e7esinde Prens ve Prensesler gibi bir d\u00fc\u011f\u00fcn ile evlenecekler. Sonra g\u00fczel k\u0131zlar\u0131 Ender d\u00fcnyaya gelecek&#8230; Ve bu hikaye mutlu bir \u015fekilde 2015 &#8211; 2016 sezonunda da devam edecektir.<\/p>\n<p>Medcezir reytinglerinde de bir d\u00fczelme var. AB&#8217;de 4,40 ile 2.s\u0131rada, Total&#8217;de 4,04 ile 3.s\u0131rada yer alm\u0131\u015ft\u0131r.<\/p>\n<p><a href=\"http:\/\/balcilar-blog.com\/wp-content\/uploads\/2015\/05\/CD-9k2yUsAAr6kn.png-large.png\"><img loading=\"lazy\" decoding=\"async\" class=\"alignnone size-full wp-image-8579\" src=\"http:\/\/balcilar-blog.com\/wp-content\/uploads\/2015\/05\/CD-9k2yUsAAr6kn.png-large.png\" alt=\"CD-9k2yUsAAr6kn.png large\" width=\"620\" height=\"432\" srcset=\"https:\/\/balcilar-blog.com\/wp-content\/uploads\/2015\/05\/CD-9k2yUsAAr6kn.png-large.png 620w, https:\/\/balcilar-blog.com\/wp-content\/uploads\/2015\/05\/CD-9k2yUsAAr6kn.png-large-300x209.png 300w\" sizes=\"auto, (max-width: 620px) 100vw, 620px\" \/><\/a><\/p>\n<p>Ayr\u0131ca sosyal medyada da Medcezir, % 30,89 reyting ile en \u00e7ok konu\u015fulan &#8220;a\u015fk\u0131nyolu&#8221; olmu\u015ftur.<\/p>\n<p>Biz gelelim 71.b\u00f6l\u00fcmde olanlara:<\/p>\n<p>Hem\u015fire&#8217;yi As\u0131m \u015eekip Kaya&#8217;n\u0131n \u00e7arpt\u0131\u011f\u0131n\u0131 Yaman, Selim ve Mert Sherlock Holmes gibi \u00e7al\u0131\u015farak ortaya \u00e7\u0131kart\u0131rlar. As\u0131m Bey n\u00f6bet\u00e7i mahkemeye \u00e7\u0131kart\u0131l\u0131r, Sude Han\u0131m da su\u00e7lamalardan kurtulur, serbest kal\u0131r. Selim Bey, herkes i\u015fledi\u011fi su\u00e7un bedelini \u00f6deyecek dese de, Sedef bu \u00e7ok bozulur.<\/p>\n<p>Mira valizini haz\u0131rlar, babas\u0131na da bir mektup b\u0131rak\u0131r. Ayn\u0131 \u015fekilde Yaman da manevi babas\u0131 Selim Beye de bir mektup b\u0131rakarak, valizini haz\u0131rlar. Yaman, Mira&#8217;ya telefon ederek, Prenses haz\u0131r m\u0131s\u0131n, birazdan hayallerimize do\u011fru yola \u00e7\u0131kaca\u011f\u0131z.<\/p>\n<p><a href=\"http:\/\/balcilar-blog.com\/wp-content\/uploads\/2015\/05\/CD-3byIUkAAfViY.jpg\"><img loading=\"lazy\" decoding=\"async\" class=\"alignnone size-full wp-image-8578\" src=\"http:\/\/balcilar-blog.com\/wp-content\/uploads\/2015\/05\/CD-3byIUkAAfViY.jpg\" alt=\"CD-3byIUkAAfViY\" width=\"600\" height=\"600\" srcset=\"https:\/\/balcilar-blog.com\/wp-content\/uploads\/2015\/05\/CD-3byIUkAAfViY.jpg 600w, https:\/\/balcilar-blog.com\/wp-content\/uploads\/2015\/05\/CD-3byIUkAAfViY-150x150.jpg 150w, https:\/\/balcilar-blog.com\/wp-content\/uploads\/2015\/05\/CD-3byIUkAAfViY-300x300.jpg 300w\" sizes=\"auto, (max-width: 600px) 100vw, 600px\" \/><\/a><\/p>\n<p>Mert ni\u015fan hediyesi olarak onlara bir karavan kiralar. Mert d\u0131\u015f\u0131nda kimseye bu seyahati s\u00f6ylemezler. Mert Faruk amcaya s\u00f6ylemeyecek misin? diye sorar. Oysa Yaman onunla konu\u015fmu\u015ftur. Faruk Bey, onun bu hayattaki en b\u00fcy\u00fck \u00f6zlemi sensin Yaman. Onun elini s\u0131k\u0131 s\u0131k\u0131 tut, hastal\u0131\u011f\u0131n\u0131 unuttur, bu ameliyat\u0131 g\u00fczel g\u00fcnlere a\u00e7\u0131lacak kap\u0131 olarak g\u00f6r. L\u00fctfen k\u0131z\u0131m\u0131 dikkat et Yaman diyerek ricalar\u0131n\u0131 iletmi\u015ftir. Giderken de telefon eder, beni habersiz b\u0131rakma Mira sana emanet.<\/p>\n<p><a href=\"http:\/\/balcilar-blog.com\/wp-content\/uploads\/2015\/05\/Ekran-Al\u0131nt\u0131s\u0131MD71.2.png\"><img loading=\"lazy\" decoding=\"async\" class=\"alignnone size-full wp-image-8586\" src=\"http:\/\/balcilar-blog.com\/wp-content\/uploads\/2015\/05\/Ekran-Al\u0131nt\u0131s\u0131MD71.2.png\" alt=\"Ekran Al\u0131nt\u0131s\u0131MD71.2\" width=\"640\" height=\"371\" srcset=\"https:\/\/balcilar-blog.com\/wp-content\/uploads\/2015\/05\/Ekran-Al\u0131nt\u0131s\u0131MD71.2.png 640w, https:\/\/balcilar-blog.com\/wp-content\/uploads\/2015\/05\/Ekran-Al\u0131nt\u0131s\u0131MD71.2-300x174.png 300w\" sizes=\"auto, (max-width: 640px) 100vw, 640px\" \/><\/a><\/p>\n<p>Yaman Mert&#8217;ten \u00f6z\u00fcr diler, Eyl\u00fcl ile durum b\u00f6yle iken seni yaln\u0131z b\u0131rak\u0131p gidiyoruz. Karde\u015fi Mert&#8217;e tavsiyelerde bulunuz, kendini af ettirmek i\u00e7in hatalar\u0131nla y\u00fczle\u015fmesini ister.<\/p>\n<p><a href=\"http:\/\/balcilar-blog.com\/wp-content\/uploads\/2015\/05\/Ekran-Al\u0131nt\u0131s\u0131MD71.3.png\"><img loading=\"lazy\" decoding=\"async\" class=\"alignnone size-full wp-image-8587\" src=\"http:\/\/balcilar-blog.com\/wp-content\/uploads\/2015\/05\/Ekran-Al\u0131nt\u0131s\u0131MD71.3.png\" alt=\"Ekran Al\u0131nt\u0131s\u0131MD71.3\" width=\"640\" height=\"380\" srcset=\"https:\/\/balcilar-blog.com\/wp-content\/uploads\/2015\/05\/Ekran-Al\u0131nt\u0131s\u0131MD71.3.png 640w, https:\/\/balcilar-blog.com\/wp-content\/uploads\/2015\/05\/Ekran-Al\u0131nt\u0131s\u0131MD71.3-300x178.png 300w\" sizes=\"auto, (max-width: 640px) 100vw, 640px\" \/><\/a><\/p>\n<p>Eyl\u00fcl \u00fcz\u00fcnt\u00fcden yata\u011fa d\u00fc\u015fm\u00fc\u015ft\u00fcr, Uzay&#8217;a d\u00f6n dedi\u011fi i\u00e7in pi\u015fmand\u0131r. O Mert&#8217;i seviyordur. Mert, o sabah keyifle du\u015funu al\u0131r, Kelebe\u011fe ko\u015fsana diye bir t\u00fcrk\u00fc tutturur, eline ald\u0131\u011f\u0131 bir adet k\u0131rm\u0131z\u0131 g\u00fcl ile Eyl\u00fcl&#8217;e gider. Oturur konu\u015furlar, Uzay y\u00fcz\u00fcnden kavga ile biter. Mert, cebindeki y\u00fcz\u00fck ve kolyeyi b\u0131rak\u0131r; &#8220;Mert ile Eyl\u00fcl&#8217;\u00fcn hikayesi bitti.&#8221; diyerek terk eder.<\/p>\n<p><a href=\"http:\/\/balcilar-blog.com\/wp-content\/uploads\/2015\/05\/Ekran-Al\u0131nt\u0131s\u0131MD71.4.png\"><img loading=\"lazy\" decoding=\"async\" class=\"alignnone size-medium wp-image-8588\" src=\"http:\/\/balcilar-blog.com\/wp-content\/uploads\/2015\/05\/Ekran-Al\u0131nt\u0131s\u0131MD71.4-300x173.png\" alt=\"Ekran Al\u0131nt\u0131s\u0131MD71.4\" width=\"300\" height=\"173\" srcset=\"https:\/\/balcilar-blog.com\/wp-content\/uploads\/2015\/05\/Ekran-Al\u0131nt\u0131s\u0131MD71.4-300x173.png 300w, https:\/\/balcilar-blog.com\/wp-content\/uploads\/2015\/05\/Ekran-Al\u0131nt\u0131s\u0131MD71.4.png 640w\" sizes=\"auto, (max-width: 300px) 100vw, 300px\" \/><\/a>\u00a0<a href=\"http:\/\/balcilar-blog.com\/wp-content\/uploads\/2015\/05\/Ekran-Al\u0131nt\u0131s\u0131MD71.4B.png\"><img loading=\"lazy\" decoding=\"async\" class=\"alignnone size-medium wp-image-8589\" src=\"http:\/\/balcilar-blog.com\/wp-content\/uploads\/2015\/05\/Ekran-Al\u0131nt\u0131s\u0131MD71.4B-300x182.png\" alt=\"Ekran Al\u0131nt\u0131s\u0131MD71.4B\" width=\"300\" height=\"182\" srcset=\"https:\/\/balcilar-blog.com\/wp-content\/uploads\/2015\/05\/Ekran-Al\u0131nt\u0131s\u0131MD71.4B-300x182.png 300w, https:\/\/balcilar-blog.com\/wp-content\/uploads\/2015\/05\/Ekran-Al\u0131nt\u0131s\u0131MD71.4B.png 603w\" sizes=\"auto, (max-width: 300px) 100vw, 300px\" \/><\/a><\/p>\n<p>Mira yola \u00e7\u0131km\u0131\u015f elinde valizi ile Yaman&#8217;\u0131 bekler. Yaman kocaman karavanla \u00e7\u0131kagelir. Yaman bu ne diyen Mira&#8217;ya, Yaman, evimiz diye cevap verir. Mira, Yaman sence biz delilik mi yap\u0131yoruz. Yaman, Evet&#8230;<\/p>\n<p><a href=\"http:\/\/balcilar-blog.com\/wp-content\/uploads\/2015\/05\/Ekran-Al\u0131nt\u0131s\u0131MD71.5.png\"><img loading=\"lazy\" decoding=\"async\" class=\"alignnone size-full wp-image-8590\" src=\"http:\/\/balcilar-blog.com\/wp-content\/uploads\/2015\/05\/Ekran-Al\u0131nt\u0131s\u0131MD71.5.png\" alt=\"Ekran Al\u0131nt\u0131s\u0131MD71.5\" width=\"640\" height=\"378\" srcset=\"https:\/\/balcilar-blog.com\/wp-content\/uploads\/2015\/05\/Ekran-Al\u0131nt\u0131s\u0131MD71.5.png 640w, https:\/\/balcilar-blog.com\/wp-content\/uploads\/2015\/05\/Ekran-Al\u0131nt\u0131s\u0131MD71.5-300x177.png 300w\" sizes=\"auto, (max-width: 640px) 100vw, 640px\" \/><\/a><\/p>\n<p>Birlikte a\u015fk yolunda \u00e7ok g\u00fczel bir yolculu\u011fa \u00e7\u0131karlar. Nereye gideceklerini kad\u0131n \u015fark\u0131c\u0131 tayin eder ve Asya y\u00f6n\u00fcne Bat\u0131 Karadeniz sahillerine giderler. \u00c7alan \u015fark\u0131da, &#8220;Yol nereye biz oraya&#8221; \u015fark\u0131s\u0131n\u0131 keyifle s\u00f6yleyerek yollar\u0131na devam ederler.<\/p>\n<p><a href=\"http:\/\/balcilar-blog.com\/wp-content\/uploads\/2015\/05\/Ekran-Al\u0131nt\u0131s\u0131MD71.7.png\"><img loading=\"lazy\" decoding=\"async\" class=\"alignnone size-medium wp-image-8592\" src=\"http:\/\/balcilar-blog.com\/wp-content\/uploads\/2015\/05\/Ekran-Al\u0131nt\u0131s\u0131MD71.7-300x177.png\" alt=\"Ekran Al\u0131nt\u0131s\u0131MD71.7\" width=\"300\" height=\"177\" srcset=\"https:\/\/balcilar-blog.com\/wp-content\/uploads\/2015\/05\/Ekran-Al\u0131nt\u0131s\u0131MD71.7-300x177.png 300w, https:\/\/balcilar-blog.com\/wp-content\/uploads\/2015\/05\/Ekran-Al\u0131nt\u0131s\u0131MD71.7.png 628w\" sizes=\"auto, (max-width: 300px) 100vw, 300px\" \/><\/a>\u00a0<a href=\"http:\/\/balcilar-blog.com\/wp-content\/uploads\/2015\/05\/Ekran-Al\u0131nt\u0131s\u0131MD71.7BB.png\"><img loading=\"lazy\" decoding=\"async\" class=\"alignnone size-medium wp-image-8593\" src=\"http:\/\/balcilar-blog.com\/wp-content\/uploads\/2015\/05\/Ekran-Al\u0131nt\u0131s\u0131MD71.7BB-300x183.png\" alt=\"Ekran Al\u0131nt\u0131s\u0131MD71.7BB\" width=\"300\" height=\"183\" srcset=\"https:\/\/balcilar-blog.com\/wp-content\/uploads\/2015\/05\/Ekran-Al\u0131nt\u0131s\u0131MD71.7BB-300x183.png 300w, https:\/\/balcilar-blog.com\/wp-content\/uploads\/2015\/05\/Ekran-Al\u0131nt\u0131s\u0131MD71.7BB.png 604w\" sizes=\"auto, (max-width: 300px) 100vw, 300px\" \/><\/a><\/p>\n<p>As\u0131m \u015eekip Kaya serbest kal\u0131r. Deniz Han\u0131m , As\u0131m Bey bana bir r\u00f6portaj borcunuz var deyince Sedef, kimseye bir borcumuz yok. As\u0131m Bey Selim&#8217;e uzun bir s\u00fcre senin ad\u0131n\u0131 bile duymak istemiyorum diyerek serzeni\u015fte bulunur. Sude son derece keyiflidir. Faruk Selim Beye, Orkun da As\u0131m Beye yard\u0131m etmi\u015f. \u015eu Mira&#8217;n\u0131n da Web sitesi \u00fczerindeki tedbiri kald\u0131rmas\u0131n\u0131 ister. As\u0131m Bey, \u015firket hisselerinin yerle bir olmas\u0131n\u0131 \u00e7ok \u00fcz\u00fcl\u00fcr.<\/p>\n<p><a href=\"http:\/\/balcilar-blog.com\/wp-content\/uploads\/2015\/05\/Ekran-Al\u0131nt\u0131s\u0131MD71.6.png\"><img loading=\"lazy\" decoding=\"async\" class=\"alignnone size-full wp-image-8591\" src=\"http:\/\/balcilar-blog.com\/wp-content\/uploads\/2015\/05\/Ekran-Al\u0131nt\u0131s\u0131MD71.6.png\" alt=\"Ekran Al\u0131nt\u0131s\u0131MD71.6\" width=\"635\" height=\"372\" srcset=\"https:\/\/balcilar-blog.com\/wp-content\/uploads\/2015\/05\/Ekran-Al\u0131nt\u0131s\u0131MD71.6.png 635w, https:\/\/balcilar-blog.com\/wp-content\/uploads\/2015\/05\/Ekran-Al\u0131nt\u0131s\u0131MD71.6-300x176.png 300w\" sizes=\"auto, (max-width: 635px) 100vw, 635px\" \/><\/a><\/p>\n<p>Mahkeme d\u00f6n\u00fc\u015f\u00fc eve gelen Orkun&#8217;u sevgilisi Ceren terk eder, al\u0131r valizini gider. Batan gemiyi ilk terk eden Ceren olur.<\/p>\n<p><a href=\"http:\/\/balcilar-blog.com\/wp-content\/uploads\/2015\/05\/Ekran-Al\u0131nt\u0131s\u0131MD71.8A.png\"><img loading=\"lazy\" decoding=\"async\" class=\"alignnone size-full wp-image-8595\" src=\"http:\/\/balcilar-blog.com\/wp-content\/uploads\/2015\/05\/Ekran-Al\u0131nt\u0131s\u0131MD71.8A.png\" alt=\"Ekran Al\u0131nt\u0131s\u0131MD71.8A\" width=\"642\" height=\"372\" srcset=\"https:\/\/balcilar-blog.com\/wp-content\/uploads\/2015\/05\/Ekran-Al\u0131nt\u0131s\u0131MD71.8A.png 642w, https:\/\/balcilar-blog.com\/wp-content\/uploads\/2015\/05\/Ekran-Al\u0131nt\u0131s\u0131MD71.8A-300x174.png 300w\" sizes=\"auto, (max-width: 642px) 100vw, 642px\" \/><\/a><\/p>\n<p>Faruk Beye Mira&#8217;n\u0131n yazd\u0131\u011f\u0131 mektubu Beren verir. &#8220;Babac\u0131\u011f\u0131m, biliyorum bana \u00e7ok k\u0131zacaks\u0131n, sa\u011fl\u0131\u011f\u0131m\u0131 \u00f6nemsemedi\u011fimi, gelece\u011fimi tehlikeye att\u0131\u011f\u0131m\u0131 d\u00fc\u015f\u00fcneceksin. Ama \u00f6yle de\u011fil, bu \u00f6yle de\u011fil. Bu tahmin etti\u011fin t\u00fcrden bir ka\u00e7\u0131\u015f de\u011fil. Ben daha iyi hissetmek i\u00e7in gidiyorum. Beni bekleyen ka\u00e7 takvim daha var bilmiyorum. Ka\u00e7 gecenin sabah\u0131n sonras\u0131n\u0131 d\u00fc\u015f\u00fcnmeden ya\u015fayaca\u011f\u0131m\u0131 bilmiyorum. Sevdi\u011fim adamla sonras\u0131n\u0131 d\u00fc\u015f\u00fcnmek istemedi\u011fim bir yola \u00e7\u0131k\u0131yorum. Art\u0131k yalans\u0131z, tuzaks\u0131z bir hayat kurmak istiyorum baba. belki bir ad\u0131m sonras\u0131n\u0131 d\u00fc\u015f\u00fcnmedi\u011fim bir d\u00fcnyay\u0131 aray\u0131p buluruz, topra\u011fa umut ekmek istiyorum, filiz verdi\u011finde bana geri d\u00f6necek olsun. \u00c7ok ko\u015ftum, \u00e7ok yoruldum. Sevdi\u011fim bir adamla sakin bir liman bulmak istiyorum. Ben Yaman&#8217;\u0131n yan\u0131nda kendimi unutuyorum. Ben hayat\u0131m\u0131 yeniden \u00e7iziyorum. Sonunda her \u015fey \u00e7ok g\u00fczel olacak. B\u00fct\u00fcn kalbimle bunu inansam, kim bilir ger\u00e7ek olur baba. Ben bekleyen kaderi de\u011fi\u015ftirebilirim.&#8221;<\/p>\n<p><a href=\"http:\/\/balcilar-blog.com\/wp-content\/uploads\/2015\/05\/Ekran-Al\u0131nt\u0131s\u0131MD71.9.png\"><img loading=\"lazy\" decoding=\"async\" class=\"alignnone size-full wp-image-8596\" src=\"http:\/\/balcilar-blog.com\/wp-content\/uploads\/2015\/05\/Ekran-Al\u0131nt\u0131s\u0131MD71.9.png\" alt=\"Ekran Al\u0131nt\u0131s\u0131MD71.9\" width=\"640\" height=\"373\" srcset=\"https:\/\/balcilar-blog.com\/wp-content\/uploads\/2015\/05\/Ekran-Al\u0131nt\u0131s\u0131MD71.9.png 640w, https:\/\/balcilar-blog.com\/wp-content\/uploads\/2015\/05\/Ekran-Al\u0131nt\u0131s\u0131MD71.9-300x175.png 300w\" sizes=\"auto, (max-width: 640px) 100vw, 640px\" \/><\/a><\/p>\n<p>Yaman da, ayn\u0131 t\u00fcrden Selim Beye bir mektup b\u0131rakm\u0131\u015ft\u0131r.\u00a0 &#8220;Yine hayat\u0131n\u0131 feda ediyorsun, kendimi d\u00fc\u015f\u00fcnm\u00fcyorsun diyeceksin. Bu g\u00fcne kadar bo\u015fa konu\u015fmad\u0131n, her nasihat\u0131n\u0131 akl\u0131ma kaz\u0131d\u0131m. \u015eimdi beni bi sen anl\u0131yabilirsin, \u00e7\u00fcnk\u00fc sen de \u00e7ok sevdin. Mira benim avu\u00e7lar\u0131ma b\u0131rak\u0131lm\u0131\u015f bir \u015fans, elimden kay\u0131p gitmesini izin vermiyece\u011fim, s\u0131ms\u0131k\u0131 tutaca\u011f\u0131m. Babas\u0131n\u0131n elini b\u0131rakmayan bir \u00e7ocuk gibi. Ben de Mira&#8217;ya mecburum. Ona nefes olucam, ka\u00e7mak istedi\u011fi s\u0131\u011f\u0131nak olucam. Yol bizi nereye g\u00f6t\u00fcrecek bilmiyorum. Ama Mira&#8217;n\u0131n gidece\u011fi yolu bulaca\u011f\u0131m. Onu benden almak isteyen hayat\u0131n kar\u015f\u0131s\u0131na \u00f6yle durucam ki, beni kimse y\u0131k\u0131p ge\u00e7emiyecek.<\/p>\n<p><a href=\"http:\/\/balcilar-blog.com\/wp-content\/uploads\/2015\/05\/Ekran-Al\u0131nt\u0131s\u0131MD71.8.png\"><img loading=\"lazy\" decoding=\"async\" class=\"alignnone size-full wp-image-8594\" src=\"http:\/\/balcilar-blog.com\/wp-content\/uploads\/2015\/05\/Ekran-Al\u0131nt\u0131s\u0131MD71.8.png\" alt=\"Ekran Al\u0131nt\u0131s\u0131MD71.8\" width=\"651\" height=\"373\" srcset=\"https:\/\/balcilar-blog.com\/wp-content\/uploads\/2015\/05\/Ekran-Al\u0131nt\u0131s\u0131MD71.8.png 651w, https:\/\/balcilar-blog.com\/wp-content\/uploads\/2015\/05\/Ekran-Al\u0131nt\u0131s\u0131MD71.8-300x172.png 300w\" sizes=\"auto, (max-width: 651px) 100vw, 651px\" \/><\/a><\/p>\n<p>Bana baba oldu\u011funda anlars\u0131n demi\u015ftin. Bir g\u00fcn baba olabilmek i\u00e7in Mira ile hayat\u0131 t\u0131rnaklar\u0131m\u0131z\u0131 ge\u00e7irece\u011fim. Beni ancak sen anlars\u0131n abi&#8230; Sevdi\u011fim kad\u0131n\u0131 kaybetmemek i\u00e7in sen de her \u015feyi yapard\u0131n.&#8221; Selim Bey Yaman&#8217;\u0131n mektubunu okuduktan sonra \u00e7ok duygulan\u0131r. G\u00f6zleri bu\u011fulan\u0131r. Yaman&#8217;a telefon a\u00e7ar, cevap alamaz mesaj b\u0131rak\u0131r. &#8220;Yaman, o\u011flum ben sana \u015fimdi ne diyeyim. S\u00f6yliyecek bir \u015fey b\u0131rakmam\u0131\u015fs\u0131n bana&#8230; Bazen hayat\u0131n sesini duymak i\u00e7in, seni saran kabuklar\u0131 k\u0131rmak gerekir. Ka\u00e7mak, kavu\u015fmakt\u0131r bazen. Arad\u0131\u011f\u0131n\u0131z\u0131 bulana kadar gidin. Sonra d\u00f6n\u00fcn. Buras\u0131 sizin eviniz. Ne zaman nas\u0131l d\u00f6nerseniz d\u00f6n\u00fcn, bu kap\u0131 size hep a\u00e7\u0131k olacak. Aray\u0131n, arada bir ses \u00e7\u0131kar\u0131n, iyi oldu\u011funuzu bilelim.Kendinize dikkat edin, yolunuz a\u00e7\u0131k olsun O\u011flum&#8230;&#8221;<\/p>\n<p><a href=\"http:\/\/balcilar-blog.com\/wp-content\/uploads\/2015\/05\/Ekran-Al\u0131nt\u0131s\u0131MD71.11.png\"><img loading=\"lazy\" decoding=\"async\" class=\"alignnone size-full wp-image-8598\" src=\"http:\/\/balcilar-blog.com\/wp-content\/uploads\/2015\/05\/Ekran-Al\u0131nt\u0131s\u0131MD71.11.png\" alt=\"Ekran Al\u0131nt\u0131s\u0131MD71.11\" width=\"642\" height=\"369\" srcset=\"https:\/\/balcilar-blog.com\/wp-content\/uploads\/2015\/05\/Ekran-Al\u0131nt\u0131s\u0131MD71.11.png 642w, https:\/\/balcilar-blog.com\/wp-content\/uploads\/2015\/05\/Ekran-Al\u0131nt\u0131s\u0131MD71.11-300x172.png 300w\" sizes=\"auto, (max-width: 642px) 100vw, 642px\" \/><\/a><\/p>\n<p>Mert&#8217;i aray\u0131p bulamayan Olcay Han\u0131m\u0131 Doruk eve gelir. Selim Bey tan\u0131\u015f\u0131rlar. Eda ile Konu\u015fan Doruk, Olcay Han\u0131m&#8217;\u0131n Mert&#8217;e gitti\u011fini Eyl\u00fcl de \u00f6\u011frenir.<\/p>\n<p><a href=\"http:\/\/balcilar-blog.com\/wp-content\/uploads\/2015\/05\/Ekran-Al\u0131nt\u0131s\u0131MD71.14.png\"><img loading=\"lazy\" decoding=\"async\" class=\"alignnone size-full wp-image-8601\" src=\"http:\/\/balcilar-blog.com\/wp-content\/uploads\/2015\/05\/Ekran-Al\u0131nt\u0131s\u0131MD71.14.png\" alt=\"Ekran Al\u0131nt\u0131s\u0131MD71.14\" width=\"634\" height=\"370\" srcset=\"https:\/\/balcilar-blog.com\/wp-content\/uploads\/2015\/05\/Ekran-Al\u0131nt\u0131s\u0131MD71.14.png 634w, https:\/\/balcilar-blog.com\/wp-content\/uploads\/2015\/05\/Ekran-Al\u0131nt\u0131s\u0131MD71.14-300x175.png 300w\" sizes=\"auto, (max-width: 634px) 100vw, 634px\" \/><\/a><\/p>\n<p>Olcay Han\u0131m Mert&#8217;i ikna etmek i\u00e7in epeyce u\u011fra\u015f\u0131r. Eyl\u00fcl&#8217;den konu\u015furlar. Eyl\u00fcl, Eda ve Gaye Mert&#8217;in evinin yan\u0131na gelirler. O s\u0131rada Sude Han\u0131m&#8217;\u0131n telefon konu\u015fmalar\u0131n\u0131 duyarlar. Bebe\u011fin de Kenan&#8217;dan oldu\u011funu \u00f6\u011frenmi\u015f olurlar. Bah\u00e7eden onlar\u0131 seyrederler. Mert odas\u0131nda oyuncaklar\u0131n\u0131 Olcay Han\u0131m\u0131 g\u00f6sterir. Olcay, ilham perini kaybettin ama, \u00e7al\u0131\u015fmalar\u0131na devam etmelisin. Ak\u015fam yediye kadar zaman verir. Mert \u00e7izimlere tekrar ba\u015flar. \u00c7\u0131k\u0131\u015fta da Olcay Han\u0131m ve Mert Eyl\u00fcl ve arkada\u015flar\u0131n\u0131 g\u00f6r\u00fcrler. Aralar\u0131nda limoni konu\u015fmalar ge\u00e7er.<\/p>\n<p><a href=\"http:\/\/balcilar-blog.com\/wp-content\/uploads\/2015\/05\/Ekran-Al\u0131nt\u0131s\u0131MD71.15.png\"><img loading=\"lazy\" decoding=\"async\" class=\"alignnone size-full wp-image-8602\" src=\"http:\/\/balcilar-blog.com\/wp-content\/uploads\/2015\/05\/Ekran-Al\u0131nt\u0131s\u0131MD71.15.png\" alt=\"Ekran Al\u0131nt\u0131s\u0131MD71.15\" width=\"648\" height=\"378\" srcset=\"https:\/\/balcilar-blog.com\/wp-content\/uploads\/2015\/05\/Ekran-Al\u0131nt\u0131s\u0131MD71.15.png 648w, https:\/\/balcilar-blog.com\/wp-content\/uploads\/2015\/05\/Ekran-Al\u0131nt\u0131s\u0131MD71.15-300x175.png 300w\" sizes=\"auto, (max-width: 648px) 100vw, 648px\" \/><\/a><\/p>\n<p>Yaman, \u00e7ok g\u00fczel do\u011fal manzaral\u0131 nehir k\u0131y\u0131s\u0131nda bir yere park eder karavan\u0131.<\/p>\n<p><a href=\"http:\/\/balcilar-blog.com\/wp-content\/uploads\/2015\/05\/Ekran-Al\u0131nt\u0131s\u0131MD71.12A.png\"><img loading=\"lazy\" decoding=\"async\" class=\"alignnone size-full wp-image-8599\" src=\"http:\/\/balcilar-blog.com\/wp-content\/uploads\/2015\/05\/Ekran-Al\u0131nt\u0131s\u0131MD71.12A.png\" alt=\"Ekran Al\u0131nt\u0131s\u0131MD71.12A\" width=\"647\" height=\"368\" srcset=\"https:\/\/balcilar-blog.com\/wp-content\/uploads\/2015\/05\/Ekran-Al\u0131nt\u0131s\u0131MD71.12A.png 647w, https:\/\/balcilar-blog.com\/wp-content\/uploads\/2015\/05\/Ekran-Al\u0131nt\u0131s\u0131MD71.12A-300x171.png 300w\" sizes=\"auto, (max-width: 647px) 100vw, 647px\" \/><\/a><\/p>\n<p>Mira karavan\u0131n i\u00e7ini kontrol eder, her \u015fey vard\u0131r. Mert her \u015feyi d\u00fc\u015f\u00fcnm\u00fc\u015ft\u00fcr. Karavanda yok yoktur.<\/p>\n<p><a href=\"http:\/\/balcilar-blog.com\/wp-content\/uploads\/2015\/05\/Ekran-Al\u0131nt\u0131s\u0131MD71.10.png\"><img loading=\"lazy\" decoding=\"async\" class=\"alignnone size-full wp-image-8597\" src=\"http:\/\/balcilar-blog.com\/wp-content\/uploads\/2015\/05\/Ekran-Al\u0131nt\u0131s\u0131MD71.10.png\" alt=\"Ekran Al\u0131nt\u0131s\u0131MD71.10\" width=\"645\" height=\"374\" srcset=\"https:\/\/balcilar-blog.com\/wp-content\/uploads\/2015\/05\/Ekran-Al\u0131nt\u0131s\u0131MD71.10.png 645w, https:\/\/balcilar-blog.com\/wp-content\/uploads\/2015\/05\/Ekran-Al\u0131nt\u0131s\u0131MD71.10-300x174.png 300w\" sizes=\"auto, (max-width: 645px) 100vw, 645px\" \/><\/a><\/p>\n<p>Mira \u00e7ok mutlu olur, Yaman sar\u0131l\u0131r \u00f6per Mira&#8217;s\u0131n\u0131&#8230;<\/p>\n<p><a href=\"http:\/\/balcilar-blog.com\/wp-content\/uploads\/2015\/05\/Ekran-Al\u0131nt\u0131s\u0131MD71.13.png\"><img loading=\"lazy\" decoding=\"async\" class=\"alignnone size-full wp-image-8600\" src=\"http:\/\/balcilar-blog.com\/wp-content\/uploads\/2015\/05\/Ekran-Al\u0131nt\u0131s\u0131MD71.13.png\" alt=\"Ekran Al\u0131nt\u0131s\u0131MD71.13\" width=\"648\" height=\"377\" srcset=\"https:\/\/balcilar-blog.com\/wp-content\/uploads\/2015\/05\/Ekran-Al\u0131nt\u0131s\u0131MD71.13.png 648w, https:\/\/balcilar-blog.com\/wp-content\/uploads\/2015\/05\/Ekran-Al\u0131nt\u0131s\u0131MD71.13-300x175.png 300w\" sizes=\"auto, (max-width: 648px) 100vw, 648px\" \/><\/a><\/p>\n<p>Karavanda her \u015fey vard\u0131r. Bu g\u00fczel yere isim aralar, sonunda &#8216;Miraya&#8217; koyarlar. Ufak tefek eksikleri almak i\u00e7in yak\u0131ndaki bir k\u00f6ye giderler. \u00c7ilek ve yemek i\u00e7in sebze al\u0131rlar. Yaman tencere tava al\u0131rken, Mira da sebze al\u0131r, sat\u0131c\u0131 kad\u0131n da nas\u0131l etli kabak dolma yapaca\u011f\u0131n\u0131 anlat\u0131r.<\/p>\n<p><a href=\"http:\/\/balcilar-blog.com\/wp-content\/uploads\/2015\/05\/Ekran-Al\u0131nt\u0131s\u0131MD71.16.png\"><img loading=\"lazy\" decoding=\"async\" class=\"alignnone size-full wp-image-8603\" src=\"http:\/\/balcilar-blog.com\/wp-content\/uploads\/2015\/05\/Ekran-Al\u0131nt\u0131s\u0131MD71.16.png\" alt=\"Ekran Al\u0131nt\u0131s\u0131MD71.16\" width=\"631\" height=\"375\" srcset=\"https:\/\/balcilar-blog.com\/wp-content\/uploads\/2015\/05\/Ekran-Al\u0131nt\u0131s\u0131MD71.16.png 631w, https:\/\/balcilar-blog.com\/wp-content\/uploads\/2015\/05\/Ekran-Al\u0131nt\u0131s\u0131MD71.16-300x178.png 300w\" sizes=\"auto, (max-width: 631px) 100vw, 631px\" \/><\/a><\/p>\n<p>Sat\u0131c\u0131 kad\u0131n Yaman&#8217;\u0131 g\u00f6r\u00fcnce kocan m\u0131 diye sorar? \u00c7ok yak\u0131\u015f\u0131kl\u0131ym\u0131\u015f, \u00e7ok yak\u0131\u015fm\u0131\u015fs\u0131n\u0131z birbirinize, Allah nazarlardan saklas\u0131n diye dua eder. Mira k\u00f6y\u00fcn pazar ortam\u0131n\u0131 \u00e7ok be\u011fenir.<\/p>\n<p><a href=\"http:\/\/balcilar-blog.com\/wp-content\/uploads\/2015\/05\/Ekran-Al\u0131nt\u0131s\u0131MD71.17.png\"><img loading=\"lazy\" decoding=\"async\" class=\"alignnone size-full wp-image-8604\" src=\"http:\/\/balcilar-blog.com\/wp-content\/uploads\/2015\/05\/Ekran-Al\u0131nt\u0131s\u0131MD71.17.png\" alt=\"Ekran Al\u0131nt\u0131s\u0131MD71.17\" width=\"636\" height=\"376\" srcset=\"https:\/\/balcilar-blog.com\/wp-content\/uploads\/2015\/05\/Ekran-Al\u0131nt\u0131s\u0131MD71.17.png 636w, https:\/\/balcilar-blog.com\/wp-content\/uploads\/2015\/05\/Ekran-Al\u0131nt\u0131s\u0131MD71.17-300x177.png 300w\" sizes=\"auto, (max-width: 636px) 100vw, 636px\" \/><\/a><\/p>\n<p>Kenan Almanya&#8217;da iyile\u015fmeye ba\u015flam\u0131\u015ft\u0131r. Televizyonda kazada \u00f6len hem\u015firenin haberini g\u00f6r\u00fcr. As\u0131m \u015eekp Kaya&#8217;n\u0131n \u00f6ld\u00fcrd\u00fc\u011f\u00fcn\u00fc \u00f6\u011frenir. Nevin Han\u0131m, Hasan ve Ay\u015fe kiralad\u0131klar\u0131 d\u00fckkan temizlindedirler. Giray gelerek Ay\u015fe&#8217;ye bo\u015fanacaklar\u0131n\u0131 s\u00f6yler. Aralar\u0131nda kavga \u00e7\u0131kar, o s\u0131rada Kenan annesini arar. Kendisinden kan alan hem\u015fireyi sorar. Annesi net bir cevap vermeyince, ben anlayaca\u011f\u00fc\u0131m\u0131 anlad\u0131m der ve telefonu kapat\u0131r.<\/p>\n<p><a href=\"http:\/\/balcilar-blog.com\/wp-content\/uploads\/2015\/05\/Ekran-Al\u0131nt\u0131s\u0131MD71.20A.png\"><img loading=\"lazy\" decoding=\"async\" class=\"alignnone size-full wp-image-8606\" src=\"http:\/\/balcilar-blog.com\/wp-content\/uploads\/2015\/05\/Ekran-Al\u0131nt\u0131s\u0131MD71.20A.png\" alt=\"Ekran Al\u0131nt\u0131s\u0131MD71.20A\" width=\"640\" height=\"367\" srcset=\"https:\/\/balcilar-blog.com\/wp-content\/uploads\/2015\/05\/Ekran-Al\u0131nt\u0131s\u0131MD71.20A.png 640w, https:\/\/balcilar-blog.com\/wp-content\/uploads\/2015\/05\/Ekran-Al\u0131nt\u0131s\u0131MD71.20A-300x172.png 300w\" sizes=\"auto, (max-width: 640px) 100vw, 640px\" \/><\/a><\/p>\n<p>Yaman o g\u00fcn ak\u015fam i\u00e7in mangalda \u0131zgara k\u00f6fte yapar. Mira da pilav pi\u015firir, Yaman karavan\u0131n i\u00e7inden Mira&#8217;n\u0131n ila\u00e7 i\u00e7ti\u011fini g\u00f6r\u00fcr. \u00c7ok g\u00fczel bir ak\u015fam yeme\u011fi yerler. Aralar\u0131nda kelime oyunu oynarlar. Bebek denince Mira, ya olmazsa, ya imkans\u0131zsa yine de benimle evlenmeyi ister miydin? Yaman, seninle evlenme iste\u011fimi hi\u00e7 kimse engelleyemez. Biz birlikte ne olursa olsun birlikte b\u00fct\u00fcn engelleri a\u015fabiliriz. Mira, ben senin \u00e7oluk \u00e7ocuk sahibi olmak istedi\u011fini biliyorum. Yaman, ben sadece seninle bir \u00f6m\u00fcr seninle birlikte olmak istiyorum. Ama tedavi sonunda belki de bir \u00f6m\u00fcr boyunca \u00e7ocuk sahibi olamayaca\u011f\u0131m. Ben bu y\u00fczden hamile kalmak istedim. Belki de hala bir \u015fans\u0131m\u0131z varken.<\/p>\n<p><a href=\"http:\/\/balcilar-blog.com\/wp-content\/uploads\/2015\/05\/Ekran-Al\u0131nt\u0131s\u0131md71.20bc.png\"><img loading=\"lazy\" decoding=\"async\" class=\"alignnone size-full wp-image-8629\" src=\"http:\/\/balcilar-blog.com\/wp-content\/uploads\/2015\/05\/Ekran-Al\u0131nt\u0131s\u0131md71.20bc.png\" alt=\"Ekran Al\u0131nt\u0131s\u0131md71.20bc\" width=\"631\" height=\"357\" srcset=\"https:\/\/balcilar-blog.com\/wp-content\/uploads\/2015\/05\/Ekran-Al\u0131nt\u0131s\u0131md71.20bc.png 631w, https:\/\/balcilar-blog.com\/wp-content\/uploads\/2015\/05\/Ekran-Al\u0131nt\u0131s\u0131md71.20bc-300x170.png 300w\" sizes=\"auto, (max-width: 631px) 100vw, 631px\" \/><\/a><\/p>\n<p>Yaman y\u00fcz\u00fc d\u00fc\u015fen Mira&#8217;y\u0131 teselli eder. Biz birbirimizi buldu\u011fumuz i\u00e7in zaten \u015fansl\u0131y\u0131z. Birlikte mutluyuz, huzurluyuz. Yar\u0131n \u00f6b\u00fcr g\u00fcn evlenece\u011fiz, zaman\u0131 geldi\u011fi zaman \u00e7ocuk da yapaca\u011f\u0131z. Onu sevgimizle b\u00fcy\u00fctece\u011fiz.<\/p>\n<p><a href=\"http:\/\/balcilar-blog.com\/wp-content\/uploads\/2015\/05\/Ekran-Al\u0131nt\u0131s\u0131MD71.21.png\"><img loading=\"lazy\" decoding=\"async\" class=\"alignnone size-full wp-image-8607\" src=\"http:\/\/balcilar-blog.com\/wp-content\/uploads\/2015\/05\/Ekran-Al\u0131nt\u0131s\u0131MD71.21.png\" alt=\"Ekran Al\u0131nt\u0131s\u0131MD71.21\" width=\"644\" height=\"369\" srcset=\"https:\/\/balcilar-blog.com\/wp-content\/uploads\/2015\/05\/Ekran-Al\u0131nt\u0131s\u0131MD71.21.png 644w, https:\/\/balcilar-blog.com\/wp-content\/uploads\/2015\/05\/Ekran-Al\u0131nt\u0131s\u0131MD71.21-300x172.png 300w\" sizes=\"auto, (max-width: 644px) 100vw, 644px\" \/><\/a><\/p>\n<p>Yaman, \u00e7ocu\u011fumuz olmasa da olur. Bak bana, Selim abi bana \u00f6z evlad\u0131 gibi g\u00f6r\u00fcyor. Ben de onu babam olarak g\u00f6r\u00fcyorum, hatta daha da fazlas\u0131&#8230; Biz de bir \u00e7ocu\u011fu kendi \u00e7ocu\u011fumuz gibi yeti\u015ftirebiliriz. Yaman, \u00e7ok g\u00fczel laflar eder. Mira&#8217;y\u0131 \u00f6per.<\/p>\n<p><a href=\"http:\/\/balcilar-blog.com\/wp-content\/uploads\/2015\/05\/Ekran-Al\u0131nt\u0131s\u0131MD71.22.png\"><img loading=\"lazy\" decoding=\"async\" class=\"alignnone size-full wp-image-8608\" src=\"http:\/\/balcilar-blog.com\/wp-content\/uploads\/2015\/05\/Ekran-Al\u0131nt\u0131s\u0131MD71.22.png\" alt=\"Ekran Al\u0131nt\u0131s\u0131MD71.22\" width=\"644\" height=\"373\" srcset=\"https:\/\/balcilar-blog.com\/wp-content\/uploads\/2015\/05\/Ekran-Al\u0131nt\u0131s\u0131MD71.22.png 644w, https:\/\/balcilar-blog.com\/wp-content\/uploads\/2015\/05\/Ekran-Al\u0131nt\u0131s\u0131MD71.22-300x174.png 300w\" sizes=\"auto, (max-width: 644px) 100vw, 644px\" \/><\/a><\/p>\n<p>Orkun elinde i\u00e7ki \u015fi\u015feleri ile Burak&#8217;lara gelir. Burak ile Doruk&#8217;dan y\u00fcz bulamaz aralar\u0131nda kavga \u00e7\u0131kar. \u0130\u015fki \u015fi\u015felerini yere \u00e7arpar. Burak, cinayeti \u00f6rt bast ediyorsun, insanlar\u0131n hayatlar\u0131 ile oynuyorsun diyerek Orkun&#8217;u su\u00e7lar. Burak ile Doruk arabaya binip giderler, Orkun yapayaln\u0131z kal\u0131r, k\u00fcf\u00fcrler savurur.<\/p>\n<p><a href=\"http:\/\/balcilar-blog.com\/wp-content\/uploads\/2015\/05\/Ekran-Al\u0131nt\u0131s\u0131MD71.19.png\"><img loading=\"lazy\" decoding=\"async\" class=\"alignnone size-full wp-image-8605\" src=\"http:\/\/balcilar-blog.com\/wp-content\/uploads\/2015\/05\/Ekran-Al\u0131nt\u0131s\u0131MD71.19.png\" alt=\"Ekran Al\u0131nt\u0131s\u0131MD71.19\" width=\"646\" height=\"369\" srcset=\"https:\/\/balcilar-blog.com\/wp-content\/uploads\/2015\/05\/Ekran-Al\u0131nt\u0131s\u0131MD71.19.png 646w, https:\/\/balcilar-blog.com\/wp-content\/uploads\/2015\/05\/Ekran-Al\u0131nt\u0131s\u0131MD71.19-300x171.png 300w\" sizes=\"auto, (max-width: 646px) 100vw, 646px\" \/><\/a><\/p>\n<p>Alt\u0131nkoy&#8217;da \u00f6zel bir davet gecesinde, herkes oradad\u0131r.\u00a0 Eyl\u00fcl b\u00fct\u00fcn gece Mert gelecek mi diye bakar. Selim Bey ile Sedef gelir, Mert&#8217;i g\u00f6remez. Kaan Mavideniz Selim Bey ve Sedef ile tan\u0131\u015f\u0131r. Kaan Bey, As\u0131m \u015eekip Kaya&#8217;n\u0131n karga\u015fada d\u00fc\u015fen \u015firket hisseleri ile ilgilenmektedir. Nihat Alt\u0131nkaya, &#8220;Kaan Mavideniz&#8221; karakteri olarak diziye yeni girenlerdendir.<\/p>\n<p><a href=\"http:\/\/balcilar-blog.com\/wp-content\/uploads\/2015\/05\/Ekran-Al\u0131nt\u0131s\u0131MD71.23.png\"><img loading=\"lazy\" decoding=\"async\" class=\"alignnone size-full wp-image-8609\" src=\"http:\/\/balcilar-blog.com\/wp-content\/uploads\/2015\/05\/Ekran-Al\u0131nt\u0131s\u0131MD71.23.png\" alt=\"Ekran Al\u0131nt\u0131s\u0131MD71.23\" width=\"630\" height=\"369\" srcset=\"https:\/\/balcilar-blog.com\/wp-content\/uploads\/2015\/05\/Ekran-Al\u0131nt\u0131s\u0131MD71.23.png 630w, https:\/\/balcilar-blog.com\/wp-content\/uploads\/2015\/05\/Ekran-Al\u0131nt\u0131s\u0131MD71.23-300x176.png 300w\" sizes=\"auto, (max-width: 630px) 100vw, 630px\" \/><\/a><\/p>\n<p>Faruk Bey de geceye kat\u0131l\u0131r, \u00e7ocuklardan haber sorar. Selim Beye, Sude&#8217;nin Mira&#8217;n\u0131n gidi\u015finden haberi yok, olmas\u0131n diye tembihler. O s\u0131rada Orkun da geceye kat\u0131lmak ister. Zil zurna sarho\u015f oldu\u011fu i\u00e7in kap\u0131dan al\u0131nmaz. Orkun sesini y\u00fckseltir, gecenin i\u00e7ine t\u00fcy diker. Sude&#8217;ye laf atar, bebe\u011finizin babas\u0131n\u0131 karar verebildiniz mi? Ben en son Kenan Koper diye hat\u0131rl\u0131yorum. Katiller, yuva y\u0131kan kad\u0131nlar hep buraya davetli. Selim Bey, yeter diyerek \u00fcst\u00fcne \u00e7ullan\u0131r. Orkun, herkesin kirli \u00e7ama\u015f\u0131rlar\u0131n\u0131 ortaya d\u00f6ker. Selim nasihatlarda bulunur, Orkun sen bunlar\u0131 evlatl\u0131\u011f\u0131na sakla der ve \u00e7eker gider.<\/p>\n<p><a href=\"http:\/\/balcilar-blog.com\/wp-content\/uploads\/2015\/05\/Ekran-Al\u0131nt\u0131s\u0131MD71.24.png\"><img loading=\"lazy\" decoding=\"async\" class=\"alignnone size-full wp-image-8610\" src=\"http:\/\/balcilar-blog.com\/wp-content\/uploads\/2015\/05\/Ekran-Al\u0131nt\u0131s\u0131MD71.24.png\" alt=\"Ekran Al\u0131nt\u0131s\u0131MD71.24\" width=\"649\" height=\"373\" srcset=\"https:\/\/balcilar-blog.com\/wp-content\/uploads\/2015\/05\/Ekran-Al\u0131nt\u0131s\u0131MD71.24.png 649w, https:\/\/balcilar-blog.com\/wp-content\/uploads\/2015\/05\/Ekran-Al\u0131nt\u0131s\u0131MD71.24-300x172.png 300w\" sizes=\"auto, (max-width: 649px) 100vw, 649px\" \/><\/a><\/p>\n<p>Yaman ile Mira yemek sonras\u0131 meydan ate\u015fini yakarlar. Yaman eline gitar\u0131n\u0131 al\u0131r, t\u0131ng\u0131rdat\u0131r.<\/p>\n<p><a href=\"http:\/\/balcilar-blog.com\/wp-content\/uploads\/2015\/05\/Ekran-Al\u0131nt\u0131s\u0131MD71.25.png\"><img loading=\"lazy\" decoding=\"async\" class=\"alignnone size-full wp-image-8611\" src=\"http:\/\/balcilar-blog.com\/wp-content\/uploads\/2015\/05\/Ekran-Al\u0131nt\u0131s\u0131MD71.25.png\" alt=\"Ekran Al\u0131nt\u0131s\u0131MD71.25\" width=\"644\" height=\"368\" srcset=\"https:\/\/balcilar-blog.com\/wp-content\/uploads\/2015\/05\/Ekran-Al\u0131nt\u0131s\u0131MD71.25.png 644w, https:\/\/balcilar-blog.com\/wp-content\/uploads\/2015\/05\/Ekran-Al\u0131nt\u0131s\u0131MD71.25-300x171.png 300w\" sizes=\"auto, (max-width: 644px) 100vw, 644px\" \/><\/a><\/p>\n<p>Levent Y\u00fcksel&#8217;in &#8216;Medcezir&#8217; par\u00e7as\u0131 fonda \u00e7alar. &#8220;F\u0131rt\u0131nam, felaketim hasretim, yetmiyor sevi\u015fmeler yetmiyor. \u015eiddetin ne ho\u015f, ne g\u00fczel \u015fevkatin, sevdik\u00e7e sevesim geliyor. \u00d6lene kadar pe\u015findeyim b\u0131rakmam. Bu medcezirler, f\u0131rt\u0131nam, felaketim hasretim, yetmiyor, sevi\u015fmeler yetmiyor.&#8221;<\/p>\n<p><a href=\"http:\/\/balcilar-blog.com\/wp-content\/uploads\/2015\/05\/Ekran-Al\u0131nt\u0131s\u0131MD71.26.png\"><img loading=\"lazy\" decoding=\"async\" class=\"alignnone size-medium wp-image-8612\" src=\"http:\/\/balcilar-blog.com\/wp-content\/uploads\/2015\/05\/Ekran-Al\u0131nt\u0131s\u0131MD71.26-300x178.png\" alt=\"Ekran Al\u0131nt\u0131s\u0131MD71.26\" width=\"300\" height=\"178\" srcset=\"https:\/\/balcilar-blog.com\/wp-content\/uploads\/2015\/05\/Ekran-Al\u0131nt\u0131s\u0131MD71.26-300x178.png 300w, https:\/\/balcilar-blog.com\/wp-content\/uploads\/2015\/05\/Ekran-Al\u0131nt\u0131s\u0131MD71.26.png 632w\" sizes=\"auto, (max-width: 300px) 100vw, 300px\" \/><\/a>\u00a0<a href=\"http:\/\/balcilar-blog.com\/wp-content\/uploads\/2015\/05\/Ekran-Al\u0131nt\u0131s\u0131MD71.26B.png\"><img loading=\"lazy\" decoding=\"async\" class=\"alignnone size-medium wp-image-8613\" src=\"http:\/\/balcilar-blog.com\/wp-content\/uploads\/2015\/05\/Ekran-Al\u0131nt\u0131s\u0131MD71.26B-300x185.png\" alt=\"Ekran Al\u0131nt\u0131s\u0131MD71.26B\" width=\"300\" height=\"185\" srcset=\"https:\/\/balcilar-blog.com\/wp-content\/uploads\/2015\/05\/Ekran-Al\u0131nt\u0131s\u0131MD71.26B-300x185.png 300w, https:\/\/balcilar-blog.com\/wp-content\/uploads\/2015\/05\/Ekran-Al\u0131nt\u0131s\u0131MD71.26B.png 602w\" sizes=\"auto, (max-width: 300px) 100vw, 300px\" \/><\/a><\/p>\n<p>Yaman \u015felale k\u0131y\u0131s\u0131ndan kopard\u0131\u011f\u0131 beyaz k\u0131r \u00e7i\u00e7eklerini Mira&#8217;n\u0131n sa\u00e7\u0131na takar. Sonra da onu \u00f6per. Do\u011fal ortamda \u00e7ekilmi\u015f \u00e7ok g\u00fczel sahnelerdir bunlar. \u0130nsan\u0131n ruhunun derinliklerine kadar i\u015fliyor.<\/p>\n<p><a href=\"http:\/\/balcilar-blog.com\/wp-content\/uploads\/2015\/05\/Ekran-Al\u0131nt\u0131s\u0131MD71.27B.png\"><img loading=\"lazy\" decoding=\"async\" class=\"alignnone size-medium wp-image-8615\" src=\"http:\/\/balcilar-blog.com\/wp-content\/uploads\/2015\/05\/Ekran-Al\u0131nt\u0131s\u0131MD71.27B-300x177.png\" alt=\"Ekran Al\u0131nt\u0131s\u0131MD71.27B\" width=\"300\" height=\"177\" srcset=\"https:\/\/balcilar-blog.com\/wp-content\/uploads\/2015\/05\/Ekran-Al\u0131nt\u0131s\u0131MD71.27B-300x177.png 300w, https:\/\/balcilar-blog.com\/wp-content\/uploads\/2015\/05\/Ekran-Al\u0131nt\u0131s\u0131MD71.27B.png 627w\" sizes=\"auto, (max-width: 300px) 100vw, 300px\" \/><\/a>\u00a0<a href=\"http:\/\/balcilar-blog.com\/wp-content\/uploads\/2015\/05\/Ekran-Al\u0131nt\u0131s\u0131MD71.27.png\"><img loading=\"lazy\" decoding=\"async\" class=\"alignnone size-medium wp-image-8614\" src=\"http:\/\/balcilar-blog.com\/wp-content\/uploads\/2015\/05\/Ekran-Al\u0131nt\u0131s\u0131MD71.27-300x176.png\" alt=\"Ekran Al\u0131nt\u0131s\u0131MD71.27\" width=\"300\" height=\"176\" srcset=\"https:\/\/balcilar-blog.com\/wp-content\/uploads\/2015\/05\/Ekran-Al\u0131nt\u0131s\u0131MD71.27-300x176.png 300w, https:\/\/balcilar-blog.com\/wp-content\/uploads\/2015\/05\/Ekran-Al\u0131nt\u0131s\u0131MD71.27.png 642w\" sizes=\"auto, (max-width: 300px) 100vw, 300px\" \/><\/a><\/p>\n<p>Yatt\u0131klar\u0131 yerden g\u00f6ky\u00fcz\u00fcndeki y\u0131ld\u0131zlar\u0131 seyrederler. Mira Yaman&#8217;a benim y\u0131ld\u0131z\u0131m \u00a0hangisi peki, nerde diye sorar?<\/p>\n<p><a href=\"http:\/\/balcilar-blog.com\/wp-content\/uploads\/2015\/05\/Ekran-Al\u0131nt\u0131s\u0131md71.y\u0131l.png\"><img loading=\"lazy\" decoding=\"async\" class=\"alignnone size-medium wp-image-8721\" src=\"http:\/\/balcilar-blog.com\/wp-content\/uploads\/2015\/05\/Ekran-Al\u0131nt\u0131s\u0131md71.y\u0131l-300x179.png\" alt=\"Ekran Al\u0131nt\u0131s\u0131md71.y\u0131l\" width=\"300\" height=\"179\" srcset=\"https:\/\/balcilar-blog.com\/wp-content\/uploads\/2015\/05\/Ekran-Al\u0131nt\u0131s\u0131md71.y\u0131l-300x179.png 300w, https:\/\/balcilar-blog.com\/wp-content\/uploads\/2015\/05\/Ekran-Al\u0131nt\u0131s\u0131md71.y\u0131l.png 640w\" sizes=\"auto, (max-width: 300px) 100vw, 300px\" \/><\/a>\u00a0<a href=\"http:\/\/balcilar-blog.com\/wp-content\/uploads\/2015\/05\/Ekran-Al\u0131nt\u0131s\u0131md71.y\u0131l1.png\"><img loading=\"lazy\" decoding=\"async\" class=\"alignnone size-medium wp-image-8720\" src=\"http:\/\/balcilar-blog.com\/wp-content\/uploads\/2015\/05\/Ekran-Al\u0131nt\u0131s\u0131md71.y\u0131l1-300x178.png\" alt=\"Ekran Al\u0131nt\u0131s\u0131md71.y\u0131l1\" width=\"300\" height=\"178\" srcset=\"https:\/\/balcilar-blog.com\/wp-content\/uploads\/2015\/05\/Ekran-Al\u0131nt\u0131s\u0131md71.y\u0131l1-300x178.png 300w, https:\/\/balcilar-blog.com\/wp-content\/uploads\/2015\/05\/Ekran-Al\u0131nt\u0131s\u0131md71.y\u0131l1.png 640w\" sizes=\"auto, (max-width: 300px) 100vw, 300px\" \/><\/a><\/p>\n<p>Yaman, burda i\u015fte yan\u0131mda&#8230; Mira, \u00e7ok mutluyum, \u00e7ok huzurluyum, r\u00fcya gibi&#8230; \u00a0Yaman, g\u00f6ky\u00fcz\u00fcn\u00fc i\u015faret ederek, ben seni ordan ald\u0131m, kalbini g\u00f6stererek buraya saklad\u0131m der. Bu a\u015fk ve sevgi s\u00f6zc\u00fckleri kar\u015f\u0131l\u0131kl\u0131 s\u00f6ylenir.<\/p>\n<p>Ertesi sabah Yaman, &#8220;Sabah, s\u0131cak ekmek almaya gittim.&#8221; diye bir not ile k\u0131r \u00e7i\u00e7eklerinden bir demet b\u0131rak\u0131r.\u00a0Yaman, ekmek f\u0131r\u0131n\u0131ndan Faruk Beyi arayarak iyi olduklar\u0131n\u0131 ve haklar\u0131nda bilgi verir. Faruk, Mira&#8217;n\u0131n Web sitesinin a\u00e7\u0131ld\u0131\u011f\u0131n\u0131 m\u00fcjdeler.<\/p>\n<p>Mira o s\u0131rada korkun\u00e7 \u015fekilde hal\u00fcsinasyon g\u00f6r\u00fcr. \u0130ki ki\u015fi a\u011fz\u0131n\u0131 kapat\u0131r, b\u0131\u00e7akla tehdit eder. Mira \u00e7\u0131\u011fl\u0131k \u00e7\u0131\u011fl\u0131\u011fa ekmek b\u0131\u00e7a\u011f\u0131 ile onlara sald\u0131r\u0131r, Yaman diye de avaz\u0131 \u00e7\u0131kt\u0131\u011f\u0131 kadar ba\u011f\u0131r\u0131r.<\/p>\n<p><a href=\"http:\/\/balcilar-blog.com\/wp-content\/uploads\/2015\/05\/Ekran-Al\u0131nt\u0131s\u0131MD71.28.png\"><img loading=\"lazy\" decoding=\"async\" class=\"alignnone size-full wp-image-8616\" src=\"http:\/\/balcilar-blog.com\/wp-content\/uploads\/2015\/05\/Ekran-Al\u0131nt\u0131s\u0131MD71.28.png\" alt=\"Ekran Al\u0131nt\u0131s\u0131MD71.28\" width=\"649\" height=\"363\" srcset=\"https:\/\/balcilar-blog.com\/wp-content\/uploads\/2015\/05\/Ekran-Al\u0131nt\u0131s\u0131MD71.28.png 649w, https:\/\/balcilar-blog.com\/wp-content\/uploads\/2015\/05\/Ekran-Al\u0131nt\u0131s\u0131MD71.28-300x168.png 300w\" sizes=\"auto, (max-width: 649px) 100vw, 649px\" \/><\/a><\/p>\n<p>Yaman \u00e7\u0131\u011fl\u0131klar\u0131 duyunca do\u011fruca karavana ko\u015far. Mira&#8217;y\u0131 eli b\u0131\u00e7akl\u0131 g\u00f6r\u00fcnce \u00e7ok \u015fa\u015f\u0131r\u0131r. Ben kimseyi g\u00f6rmedim der ve her \u015feyi anlar. Sakin olmas\u0131n\u0131, hastal\u0131\u011f\u0131ndan dolay\u0131 b\u00f6yle \u015feyler g\u00f6rd\u00fc\u011f\u00fcn\u00fc anlar. Onu g\u00f6\u011fs\u00fcne bast\u0131r\u0131r, ge\u00e7ti diye sakinle\u015ftirmeye \u00e7al\u0131\u015f\u0131r. Yaman \u00e7ok endi\u015felenir, olduk\u00e7a da \u00fcz\u00fcl\u00fcr.<\/p>\n<p><a href=\"http:\/\/balcilar-blog.com\/wp-content\/uploads\/2015\/05\/Ekran-Al\u0131nt\u0131s\u0131MD71.30.png\"><img loading=\"lazy\" decoding=\"async\" class=\"alignnone size-full wp-image-8619\" src=\"http:\/\/balcilar-blog.com\/wp-content\/uploads\/2015\/05\/Ekran-Al\u0131nt\u0131s\u0131MD71.30.png\" alt=\"Ekran Al\u0131nt\u0131s\u0131MD71.30\" width=\"644\" height=\"370\" srcset=\"https:\/\/balcilar-blog.com\/wp-content\/uploads\/2015\/05\/Ekran-Al\u0131nt\u0131s\u0131MD71.30.png 644w, https:\/\/balcilar-blog.com\/wp-content\/uploads\/2015\/05\/Ekran-Al\u0131nt\u0131s\u0131MD71.30-300x172.png 300w\" sizes=\"auto, (max-width: 644px) 100vw, 644px\" \/><\/a><\/p>\n<p>Yaman ile Mira derenin \u00fcst\u00fcndeki sal k\u00f6pr\u00fc \u00fcst\u00fcne yan yana otururlar. Yaman, d\u00f6nelim prenses doktora g\u00f6r\u00fcnmenin vakti geldi. Mira, &#8220;Ben buraya ilk solukta d\u00f6nmek i\u00e7in gelmedim.&#8221; diye itiraz eder. Hay\u0131r d\u00f6nmeyece\u011fim, sadece yaln\u0131z kald\u0131\u011f\u0131m i\u00e7in korktu\u011funu s\u00f6yler. Pes etmeyelim der ve Yaman&#8217;a ikna eder.<\/p>\n<p><a href=\"http:\/\/balcilar-blog.com\/wp-content\/uploads\/2015\/05\/Ekran-Al\u0131nt\u0131s\u0131MD71.29B.png\"><img loading=\"lazy\" decoding=\"async\" class=\"alignnone size-medium wp-image-8618\" src=\"http:\/\/balcilar-blog.com\/wp-content\/uploads\/2015\/05\/Ekran-Al\u0131nt\u0131s\u0131MD71.29B-300x186.png\" alt=\"Ekran Al\u0131nt\u0131s\u0131MD71.29B\" width=\"300\" height=\"186\" srcset=\"https:\/\/balcilar-blog.com\/wp-content\/uploads\/2015\/05\/Ekran-Al\u0131nt\u0131s\u0131MD71.29B-300x186.png 300w, https:\/\/balcilar-blog.com\/wp-content\/uploads\/2015\/05\/Ekran-Al\u0131nt\u0131s\u0131MD71.29B.png 600w\" sizes=\"auto, (max-width: 300px) 100vw, 300px\" \/><\/a>\u00a0<a href=\"http:\/\/balcilar-blog.com\/wp-content\/uploads\/2015\/05\/Ekran-Al\u0131nt\u0131s\u0131MD71.29A.png\"><img loading=\"lazy\" decoding=\"async\" class=\"alignnone size-medium wp-image-8617\" src=\"http:\/\/balcilar-blog.com\/wp-content\/uploads\/2015\/05\/Ekran-Al\u0131nt\u0131s\u0131MD71.29A-300x177.png\" alt=\"Ekran Al\u0131nt\u0131s\u0131MD71.29A\" width=\"300\" height=\"177\" srcset=\"https:\/\/balcilar-blog.com\/wp-content\/uploads\/2015\/05\/Ekran-Al\u0131nt\u0131s\u0131MD71.29A-300x177.png 300w, https:\/\/balcilar-blog.com\/wp-content\/uploads\/2015\/05\/Ekran-Al\u0131nt\u0131s\u0131MD71.29A.png 630w\" sizes=\"auto, (max-width: 300px) 100vw, 300px\" \/><\/a><\/p>\n<p>Di\u011fer tarafta Eyl\u00fcl Burak&#8217;lar\u0131n kap\u0131s\u0131n\u0131 \u00e7alar. Kap\u0131y\u0131 Uzay a\u00e7ar. Ho\u015f geldin der. Uzay, Mert ile tamamen bitti\u011fine sevindim. Hala kafan kar\u0131\u015f\u0131k, sana s\u0131k bo\u011faz etmeyece\u011fim. Uzay hediyesini verir. Uzay Eyl\u00fcl&#8217;e Japonya&#8217;y\u0131 anlat\u0131r. Eyl\u00fcl, ben yapamayaca\u011f\u0131m, \u00f6z\u00fcr dilerim, ben Mert&#8217;i \u00e7ok seviyorum. Uzay, \u00fcz\u00fclme, Mert&#8217;in de seni \u00fczecek bir \u015fey yapt\u0131\u011f\u0131n\u0131 zannetmiyorum. Sen sakin sakin konu\u015f onunla.<\/p>\n<p><a href=\"http:\/\/balcilar-blog.com\/wp-content\/uploads\/2015\/05\/Ekran-Al\u0131nt\u0131s\u0131MD71.31A.png\"><img loading=\"lazy\" decoding=\"async\" class=\"alignnone size-full wp-image-8620\" src=\"http:\/\/balcilar-blog.com\/wp-content\/uploads\/2015\/05\/Ekran-Al\u0131nt\u0131s\u0131MD71.31A.png\" alt=\"Ekran Al\u0131nt\u0131s\u0131MD71.31A\" width=\"638\" height=\"379\" srcset=\"https:\/\/balcilar-blog.com\/wp-content\/uploads\/2015\/05\/Ekran-Al\u0131nt\u0131s\u0131MD71.31A.png 638w, https:\/\/balcilar-blog.com\/wp-content\/uploads\/2015\/05\/Ekran-Al\u0131nt\u0131s\u0131MD71.31A-300x178.png 300w\" sizes=\"auto, (max-width: 638px) 100vw, 638px\" \/><\/a><\/p>\n<p>Kaan Mavideniz, As\u0131m Beye \u015firket i\u00e7in teklifini verir, As\u0131m \u015eekip Kaya \u00e7ok sinirlenir, teklif dosyas\u0131n\u0131 atar. Kaan Bey, &#8220;Bir hafta sonra hisselerin de\u011feri daha da d\u00fc\u015ft\u00fc\u011f\u00fcnde, bu paray\u0131 da alamazs\u0131n\u0131z.&#8221; As\u0131m Bey, Kaan Beyin teklifini reddeder, aileme sak\u0131n bir daha yakla\u015fma diyerek kovalar.<\/p>\n<p><a href=\"http:\/\/balcilar-blog.com\/wp-content\/uploads\/2015\/05\/Ekran-Al\u0131nt\u0131s\u0131MD71.32.png\"><img loading=\"lazy\" decoding=\"async\" class=\"alignnone size-full wp-image-8621\" src=\"http:\/\/balcilar-blog.com\/wp-content\/uploads\/2015\/05\/Ekran-Al\u0131nt\u0131s\u0131MD71.32.png\" alt=\"Ekran Al\u0131nt\u0131s\u0131MD71.32\" width=\"648\" height=\"371\" srcset=\"https:\/\/balcilar-blog.com\/wp-content\/uploads\/2015\/05\/Ekran-Al\u0131nt\u0131s\u0131MD71.32.png 648w, https:\/\/balcilar-blog.com\/wp-content\/uploads\/2015\/05\/Ekran-Al\u0131nt\u0131s\u0131MD71.32-300x172.png 300w\" sizes=\"auto, (max-width: 648px) 100vw, 648px\" \/><\/a><\/p>\n<p>Mert, bah\u00e7edeki havuzu temizlerken Eyl\u00fcl gelir. Mert, ben konu\u015fmak istemiyorum dese de Eyl\u00fcl, hay\u0131r konu\u015faca\u011f\u0131z. Beni dinleyeceksin. Eyl\u00fcl, yapam\u0131yorum. \u0130\u00e7ime nas\u0131l kaz\u0131nd\u0131ysa kurtulam\u0131yorum, seni \u00e7ok seviyorum. Yok \u00f6yle beni hayat\u0131ndan \u00e7\u0131kartmak. Ba\u015fta nas\u0131l sevdiysen, beni yine \u00f6yle seveceksin. Daha az\u0131 ile yetinemem. Mert, &#8220;Eyl\u00fcl ben Olcay&#8217;la beraber oldum, \u00e7ok \u00fczg\u00fcn\u00fcm.&#8221; Eyl\u00fcl, g\u00f6z ya\u015flar\u0131n\u0131 tutamaz.<\/p>\n<p><a href=\"http:\/\/balcilar-blog.com\/wp-content\/uploads\/2015\/05\/Ekran-Al\u0131nt\u0131s\u0131MD7133.png\"><img loading=\"lazy\" decoding=\"async\" class=\"alignnone size-full wp-image-8583\" src=\"http:\/\/balcilar-blog.com\/wp-content\/uploads\/2015\/05\/Ekran-Al\u0131nt\u0131s\u0131MD7133.png\" alt=\"Ekran Al\u0131nt\u0131s\u0131MD71,33\" width=\"653\" height=\"379\" srcset=\"https:\/\/balcilar-blog.com\/wp-content\/uploads\/2015\/05\/Ekran-Al\u0131nt\u0131s\u0131MD7133.png 653w, https:\/\/balcilar-blog.com\/wp-content\/uploads\/2015\/05\/Ekran-Al\u0131nt\u0131s\u0131MD7133-300x174.png 300w\" sizes=\"auto, (max-width: 653px) 100vw, 653px\" \/><\/a><\/p>\n<p>Sude Han\u0131m evine girer, i\u00e7eride Kenan&#8217;\u0131 kar\u015f\u0131nda g\u00f6r\u00fcnce \u00e7ok korkar. Kenan, korkma sana zarar vermeyece\u011fim. Sude, hemen def ol buradan, polis \u00e7a\u011f\u0131raca\u011f\u0131m. Kenan, sadece konu\u015faca\u011f\u0131z. Konu\u015fmay\u0131 yapman\u0131n zaman\u0131 \u00e7oktan geldi diyerek ona yakla\u015f\u0131r.<\/p>\n<p><a href=\"http:\/\/balcilar-blog.com\/wp-content\/uploads\/2015\/05\/Ekran-Al\u0131nt\u0131s\u0131MD71.34.png\"><img loading=\"lazy\" decoding=\"async\" class=\"alignnone size-full wp-image-8622\" src=\"http:\/\/balcilar-blog.com\/wp-content\/uploads\/2015\/05\/Ekran-Al\u0131nt\u0131s\u0131MD71.34.png\" alt=\"Ekran Al\u0131nt\u0131s\u0131MD71.34\" width=\"631\" height=\"374\" srcset=\"https:\/\/balcilar-blog.com\/wp-content\/uploads\/2015\/05\/Ekran-Al\u0131nt\u0131s\u0131MD71.34.png 631w, https:\/\/balcilar-blog.com\/wp-content\/uploads\/2015\/05\/Ekran-Al\u0131nt\u0131s\u0131MD71.34-300x178.png 300w\" sizes=\"auto, (max-width: 631px) 100vw, 631px\" \/><\/a><\/p>\n<p>Yaman, Mira&#8217;n\u0131n doktoru ile konu\u015fur. Olanlar\u0131 anlat\u0131r. Doktor bir sonraki evreye ge\u00e7mi\u015f, l\u00fctfen onu buraya getir. Mira da kenardan bu konu\u015fmalar\u0131 duyar. Yaman, bir ka\u00e7 g\u00fcn i\u00e7inde getirece\u011fini s\u00f6yler. Yaman \u00e7ok peri\u015fand\u0131r. Mira kinaye olarak, ben burdan \u00e7ok s\u0131k\u0131ld\u0131m, daha uzak bir yere gidelim. Gidebildi\u011fimiz kadar G\u00fcneye gideriz. Yaman, yalan s\u00f6yler. Asl\u0131nda benim bu hafta finaller i\u00e7in d\u00f6nmem laz\u0131m. Mira telefonla ile aray\u0131p haber mi verdiler.<\/p>\n<p><a href=\"http:\/\/balcilar-blog.com\/wp-content\/uploads\/2015\/05\/Ekran-Al\u0131nt\u0131s\u0131MD71.35.png\"><img loading=\"lazy\" decoding=\"async\" class=\"alignnone size-full wp-image-8623\" src=\"http:\/\/balcilar-blog.com\/wp-content\/uploads\/2015\/05\/Ekran-Al\u0131nt\u0131s\u0131MD71.35.png\" alt=\"Ekran Al\u0131nt\u0131s\u0131MD71.35\" width=\"638\" height=\"383\" srcset=\"https:\/\/balcilar-blog.com\/wp-content\/uploads\/2015\/05\/Ekran-Al\u0131nt\u0131s\u0131MD71.35.png 638w, https:\/\/balcilar-blog.com\/wp-content\/uploads\/2015\/05\/Ekran-Al\u0131nt\u0131s\u0131MD71.35-300x180.png 300w\" sizes=\"auto, (max-width: 638px) 100vw, 638px\" \/><\/a><\/p>\n<p>Mira, niye benden saklad\u0131n Yaman. Babam da biliyor mu? Yaman, ba\u015fka t\u00fcrl\u00fcs\u00fc olmazd\u0131. Her g\u00fcn rapor veriyormu\u015fsun, beni kand\u0131rd\u0131n. Mira, kar\u015f\u0131s\u0131nda duran Yaman&#8217;\u0131 ara ara bulan\u0131k g\u00f6r\u00fcr, g\u00f6zleri karar\u0131r.<\/p>\n<p><a href=\"http:\/\/balcilar-blog.com\/wp-content\/uploads\/2015\/05\/Ekran-Al\u0131nt\u0131s\u0131MD71.36.png\"><img loading=\"lazy\" decoding=\"async\" class=\"alignnone size-full wp-image-8624\" src=\"http:\/\/balcilar-blog.com\/wp-content\/uploads\/2015\/05\/Ekran-Al\u0131nt\u0131s\u0131MD71.36.png\" alt=\"Ekran Al\u0131nt\u0131s\u0131MD71.36\" width=\"648\" height=\"371\" srcset=\"https:\/\/balcilar-blog.com\/wp-content\/uploads\/2015\/05\/Ekran-Al\u0131nt\u0131s\u0131MD71.36.png 648w, https:\/\/balcilar-blog.com\/wp-content\/uploads\/2015\/05\/Ekran-Al\u0131nt\u0131s\u0131MD71.36-300x172.png 300w\" sizes=\"auto, (max-width: 648px) 100vw, 648px\" \/><\/a><\/p>\n<p>Mira, benim ger\u00e7e\u011fim bu r\u00fcya bitti art\u0131k. Uyanamayaca\u011f\u0131mdan korktu\u011fum i\u00e7in ameliyat olmak istemiyorum. \u00d6l\u00fcme daha \u00e7ok yakla\u015ft\u0131\u011f\u0131m\u0131 biliyorum. Yaman, \u00e7aresiz de\u011filiz biz. Hemen \u0130stanbul&#8217;a gidelim, d\u00f6nelim Prenses. Bizim i\u00e7in tedavine ba\u015fla. Hastal\u0131\u011f\u0131ndan de\u011fil, ge\u00e7 kalmaktan korkuyorum. Biz bu sava\u015f\u0131 kaybetmeyece\u011fiz Mira&#8230; Ben Azrail&#8217;e duvar olurum. Yaman, akan \u00a0g\u00f6z ya\u015flar\u0131n\u0131 avucunun i\u00e7i ile siler.<\/p>\n<p><a href=\"http:\/\/balcilar-blog.com\/wp-content\/uploads\/2015\/05\/Ekran-Al\u0131nt\u0131s\u0131MD71.37.png\"><img loading=\"lazy\" decoding=\"async\" class=\"alignnone size-full wp-image-8625\" src=\"http:\/\/balcilar-blog.com\/wp-content\/uploads\/2015\/05\/Ekran-Al\u0131nt\u0131s\u0131MD71.37.png\" alt=\"Ekran Al\u0131nt\u0131s\u0131MD71.37\" width=\"639\" height=\"374\" srcset=\"https:\/\/balcilar-blog.com\/wp-content\/uploads\/2015\/05\/Ekran-Al\u0131nt\u0131s\u0131MD71.37.png 639w, https:\/\/balcilar-blog.com\/wp-content\/uploads\/2015\/05\/Ekran-Al\u0131nt\u0131s\u0131MD71.37-300x176.png 300w\" sizes=\"auto, (max-width: 639px) 100vw, 639px\" \/><\/a><\/p>\n<p>Mira&#8217;n\u0131n bay\u0131ld\u0131\u011f\u0131n\u0131 g\u00f6ren Yaman, onu kuca\u011f\u0131na al\u0131r. \u00a0\u00d6yle hareketsiz yat\u0131yordur.<\/p>\n<p><a href=\"http:\/\/balcilar-blog.com\/wp-content\/uploads\/2015\/05\/CD-zgh6UMAAPwbK.jpg\"><img loading=\"lazy\" decoding=\"async\" class=\"alignnone size-full wp-image-8631\" src=\"http:\/\/balcilar-blog.com\/wp-content\/uploads\/2015\/05\/CD-zgh6UMAAPwbK.jpg\" alt=\"CD-zgh6UMAAPwbK\" width=\"517\" height=\"480\" srcset=\"https:\/\/balcilar-blog.com\/wp-content\/uploads\/2015\/05\/CD-zgh6UMAAPwbK.jpg 517w, https:\/\/balcilar-blog.com\/wp-content\/uploads\/2015\/05\/CD-zgh6UMAAPwbK-300x279.jpg 300w\" sizes=\"auto, (max-width: 517px) 100vw, 517px\" \/><\/a><\/p>\n<p>Yaman Mira a\u00e7 g\u00f6z\u00fcn\u00fc dese de cevap alamaz. Yaman hemen cep telefonuna sar\u0131l\u0131r. Ve 71.B\u00f6l\u00fcm burada sona erer.<\/p>\n<p><a href=\"http:\/\/balcilar-blog.com\/wp-content\/uploads\/2015\/05\/Ekran-Al\u0131nt\u0131s\u0131MD71.SON_.png\"><img loading=\"lazy\" decoding=\"async\" class=\"alignnone size-full wp-image-8627\" src=\"http:\/\/balcilar-blog.com\/wp-content\/uploads\/2015\/05\/Ekran-Al\u0131nt\u0131s\u0131MD71.SON_.png\" alt=\"Ekran Al\u0131nt\u0131s\u0131MD71.SON\" width=\"645\" height=\"370\" srcset=\"https:\/\/balcilar-blog.com\/wp-content\/uploads\/2015\/05\/Ekran-Al\u0131nt\u0131s\u0131MD71.SON_.png 645w, https:\/\/balcilar-blog.com\/wp-content\/uploads\/2015\/05\/Ekran-Al\u0131nt\u0131s\u0131MD71.SON_-300x172.png 300w\" sizes=\"auto, (max-width: 645px) 100vw, 645px\" \/><\/a><\/p>\n<p>\u015eimdi Mira acilen hastaneye kald\u0131r\u0131lacak, belki de ameliyata al\u0131nacak. Olduk\u00e7a duygulu, g\u00f6zya\u015flar\u0131n\u0131n sel olaca\u011f\u0131 b\u00f6l\u00fcmler bekliyor Medcezir izleyicilerine&#8230;<\/p>\n<p>Ben ac\u0131 bir sezon finali beklemiyorum, ba\u015fta da s\u00f6yledi\u011fim gibi, ba\u015far\u0131l\u0131 bir ameliyat ge\u00e7irmi\u015f Mira ile Yaman a\u015fk\u0131 yeni sezonda Eyl\u00fcl ay\u0131nda dolu dizgin devam edecektir.<\/p>\n<p>\u00c7a\u011fatay Ulusoy ve Serenay Sar\u0131kaya uyumu s\u00fcper gidiyor. Oyunculuklar\u0131 da ola\u011fan\u00fcst\u00fc, rollerini ya\u015fayarak, ya\u015fatarak veriyorlar. Medcezir ile hem oyuncular\u0131, hem de dizleri 2015 y\u0131l\u0131nda da \u00f6d\u00fcl toplamaya devam edeceklerdir.<\/p>\n<p>Keyifli seyirler.<\/p>\n<p>&nbsp;<\/p>\n<p>Sayg\u0131lar ve sevgiler.<\/p>\n<p>Abdurrahman Balc\u0131lar<\/p>\n<p>Twitter: abdurrahman balc\u0131lar@abbalcilar<\/p>\n<p>Mail : <a href=\"mailto:ab.balcilar@hotmail.com\">ab.balcilar@hotmail.com<\/a><\/p>\n<p>Blog:\u00a0<a href=\"http:\/\/t.co\/znqmIZgIqn\">blog.milliyet.com.tr\/cansever<\/a><\/p>\n<p>Blog:\u00a0<strong>balcilar<\/strong>&#8211;<strong>blog.com<\/strong><\/p>\n<p>&nbsp;<\/p>\n<p>Not: G\u00f6rseller taraf\u0131mdan diziden kopyalanm\u0131\u015f, baz\u0131 resimler de Medcezir resmi Twitter sayfas\u0131ndan al\u0131nm\u0131\u015ft\u0131r.<\/p>\n<p>&nbsp;<\/p>\n<p>&nbsp;<\/p>\n<p>&nbsp;<\/p>\n<p>&nbsp;<\/p>\n<p>&nbsp;<\/p>\n<p>&nbsp;<\/p>\n<p>&nbsp;<\/p>\n<p>&nbsp;<\/p>\n<p>&nbsp;<\/p>\n<p>&nbsp;<\/p>\n<p>&nbsp;<\/p>\n<p>&nbsp;<\/p>\n<p>&nbsp;<\/p>\n<p>&nbsp;<\/p>\n<p>&nbsp;<\/p>\n<p>&nbsp;<\/p>\n<p>&nbsp;<\/p>\n","protected":false},"excerpt":{"rendered":"<p>Ay Yap\u0131m&#8217;\u0131n Star Tv&#8217;de oynayan fenomen dizi Medcezir&#8217;de Mira &amp; Yaman a\u015fk\u0131 aras\u0131na Mira&#8217;n\u0131n hastal\u0131\u011f\u0131 girdi. A\u015fk yolunda ilerleyen \u00e7ift, Mira&#8217;n\u0131n hastal\u0131\u011f\u0131n\u0131n n\u00fcksetmesi ve aniden bay\u0131lmas\u0131 Yaman&#8217;\u0131 \u00e7aresiz b\u0131rakt\u0131, g\u00f6z ya\u015flar\u0131na bo\u011fdu. Mira&#8217;n\u0131n bay\u0131lmas\u0131 t\u00fcm izleyenleri derin bir \u00fcz\u00fcnt\u00fcye gark etti. Yaman ile Mira usul\u00fcne uygun olarak istenmi\u015f ve resmen ni\u015fanlanm\u0131\u015flard\u0131. Alt\u0131nkoy&#8217;un koku\u015fmu\u015flu\u011fundan uzakla\u015f\u0131p karavan [&hellip;]<\/p>\n","protected":false},"author":3,"featured_media":0,"comment_status":"open","ping_status":"open","sticky":false,"template":"","format":"standard","meta":{"footnotes":""},"categories":[2],"tags":[26,15,29,16,27,25],"class_list":["post-8576","post","type-post","status-publish","format-standard","hentry","category-tv-programlari","tag-ay-yapim","tag-cagatay-ulusoy","tag-ece-yorenc","tag-medcezir","tag-serenay-sarikaya","tag-star-tv"],"views":10495,"blog_post_layout_featured_media_urls":{"thumbnail":"","full":""},"categories_names":{"2":{"name":"TV Programlar\u0131","link":"https:\/\/balcilar-blog.com\/?cat=2"}},"tags_names":{"26":{"name":"Ay Yap\u0131m","link":"https:\/\/balcilar-blog.com\/?tag=ay-yapim"},"15":{"name":"\u00e7a\u011fatay ulusoy","link":"https:\/\/balcilar-blog.com\/?tag=cagatay-ulusoy"},"29":{"name":"Ece Y\u00f6ren\u00e7","link":"https:\/\/balcilar-blog.com\/?tag=ece-yorenc"},"16":{"name":"medcezir","link":"https:\/\/balcilar-blog.com\/?tag=medcezir"},"27":{"name":"Serenay Sar\u0131kaya","link":"https:\/\/balcilar-blog.com\/?tag=serenay-sarikaya"},"25":{"name":"Star Tv","link":"https:\/\/balcilar-blog.com\/?tag=star-tv"}},"comments_number":"0","wpmagazine_modules_lite_featured_media_urls":{"thumbnail":"","cvmm-medium":"","cvmm-medium-plus":"","cvmm-portrait":"","cvmm-medium-square":"","cvmm-large":"","cvmm-small":"","full":""},"_links":{"self":[{"href":"https:\/\/balcilar-blog.com\/index.php?rest_route=\/wp\/v2\/posts\/8576","targetHints":{"allow":["GET"]}}],"collection":[{"href":"https:\/\/balcilar-blog.com\/index.php?rest_route=\/wp\/v2\/posts"}],"about":[{"href":"https:\/\/balcilar-blog.com\/index.php?rest_route=\/wp\/v2\/types\/post"}],"author":[{"embeddable":true,"href":"https:\/\/balcilar-blog.com\/index.php?rest_route=\/wp\/v2\/users\/3"}],"replies":[{"embeddable":true,"href":"https:\/\/balcilar-blog.com\/index.php?rest_route=%2Fwp%2Fv2%2Fcomments&post=8576"}],"version-history":[{"count":11,"href":"https:\/\/balcilar-blog.com\/index.php?rest_route=\/wp\/v2\/posts\/8576\/revisions"}],"predecessor-version":[{"id":8722,"href":"https:\/\/balcilar-blog.com\/index.php?rest_route=\/wp\/v2\/posts\/8576\/revisions\/8722"}],"wp:attachment":[{"href":"https:\/\/balcilar-blog.com\/index.php?rest_route=%2Fwp%2Fv2%2Fmedia&parent=8576"}],"wp:term":[{"taxonomy":"category","embeddable":true,"href":"https:\/\/balcilar-blog.com\/index.php?rest_route=%2Fwp%2Fv2%2Fcategories&post=8576"},{"taxonomy":"post_tag","embeddable":true,"href":"https:\/\/balcilar-blog.com\/index.php?rest_route=%2Fwp%2Fv2%2Ftags&post=8576"}],"curies":[{"name":"wp","href":"https:\/\/api.w.org\/{rel}","templated":true}]}}