{"id":8520,"date":"2015-04-28T11:45:24","date_gmt":"2015-04-28T08:45:24","guid":{"rendered":"http:\/\/balcilar-blog.com\/?p=8520"},"modified":"2015-04-28T11:56:52","modified_gmt":"2015-04-28T08:56:52","slug":"serenay-sarikaya-kerem-bursin-aski-tamamen-reklammis","status":"publish","type":"post","link":"https:\/\/balcilar-blog.com\/?p=8520","title":{"rendered":"Serenay Sar\u0131kaya &#8211; Kerem Bursin a\u015fk\u0131 tamamen reklamm\u0131\u015f!"},"content":{"rendered":"<p><a href=\"http:\/\/balcilar-blog.com\/wp-content\/uploads\/2015\/04\/serenay-sarikaya-kerem-bursin-cok-mu-cok-maviyiz.jpg\"><img loading=\"lazy\" decoding=\"async\" class=\"size-full wp-image-8521\" src=\"http:\/\/balcilar-blog.com\/wp-content\/uploads\/2015\/04\/serenay-sarikaya-kerem-bursin-cok-mu-cok-maviyiz.jpg\" alt=\"CREATOR: gd-jpeg v1.0 (using IJG JPEG v80), quality = 88\" width=\"640\" height=\"382\" srcset=\"https:\/\/balcilar-blog.com\/wp-content\/uploads\/2015\/04\/serenay-sarikaya-kerem-bursin-cok-mu-cok-maviyiz.jpg 640w, https:\/\/balcilar-blog.com\/wp-content\/uploads\/2015\/04\/serenay-sarikaya-kerem-bursin-cok-mu-cok-maviyiz-300x179.jpg 300w\" sizes=\"auto, (max-width: 640px) 100vw, 640px\" \/><\/a><\/p>\n<p>Bundan bir s\u00fcre \u00f6nce Serenay Sar\u0131kaya ile Kerem Bursin Mavi Jeans reklam\u0131 i\u00e7in bir araya geldiler. Reklam filminde \u015fark\u0131 s\u00f6ylediler ve ayn\u0131 sahnede g\u00f6r\u00fcnt\u00fclendiler.<\/p>\n<p>\u00c7a\u011fatay Ulusoy ile Serenay Sar\u0131kaya Medcezir dizisinde, dizi a\u015fk\u0131 ya\u015famalar\u0131 ve bir ara bu a\u015fk\u0131 \u00f6zel hayatlar\u0131na ta\u015f\u0131malar\u0131 nedeniyle, \u00c7a\u011fatay Ulusoy&#8217;un Seranay&#8217;\u0131 Kerem Bursin&#8217;den k\u0131skand\u0131\u011f\u0131 ortaya at\u0131lm\u0131\u015ft\u0131. \u00c7a\u011fatay&#8217;\u0131n k\u0131skan\u00e7l\u0131k krizi ge\u00e7irdi\u011fi, kendisini y\u0131rtt\u0131\u011f\u0131 gibi haberler \u00fcretilmi\u015fti.<\/p>\n<p>\u015eimdi \u00e7\u0131kan bir habere g\u00f6re Kerem Bursin&#8217;in \u00a0zaten bir sevgilisi oldu\u011fu, Serenay Sar\u0131kaya ile aralar\u0131ndaki ili\u015fkinin bir reklam oldu\u011fu s\u00f6yleniyor. Bursin, daha \u00f6nceleri birlikte &#8220;G\u00fcne\u015fi Beklerken&#8221; dizisinde birlikte oynad\u0131klar\u0131, Hande Do\u011fandemir ile arkada\u015f olduklar\u0131 \u00f6ne s\u00fcr\u00fcld\u00fc.<\/p>\n<p>U\u00e7anku\u015f&#8217;un haberine g\u00f6re, Kerem Bursin ile Hande Do\u011fandemir&#8217;in bir kafede yemek yerken resimleri yay\u0131nlanm\u0131\u015ft\u0131r. Zaten Kerem Bursin&#8217;\u0131n fanlar\u0131 da Serenay Sar\u0131kaya ile birlikte dedikodusunu tepki g\u00f6stermi\u015flerdir.<\/p>\n<p><a href=\"http:\/\/balcilar-blog.com\/wp-content\/uploads\/2015\/04\/cafe-k.b..jpg\"><img loading=\"lazy\" decoding=\"async\" class=\"alignnone size-full wp-image-8522\" src=\"http:\/\/balcilar-blog.com\/wp-content\/uploads\/2015\/04\/cafe-k.b..jpg\" alt=\"cafe k.b.\" width=\"640\" height=\"378\" srcset=\"https:\/\/balcilar-blog.com\/wp-content\/uploads\/2015\/04\/cafe-k.b..jpg 640w, https:\/\/balcilar-blog.com\/wp-content\/uploads\/2015\/04\/cafe-k.b.-300x177.jpg 300w\" sizes=\"auto, (max-width: 640px) 100vw, 640px\" \/><\/a><\/p>\n<p>Ayr\u0131ca Ayakl\u0131gazete.com&#8217;un haberine g\u00f6re de, Serenay Sar\u0131kaya ile aralar\u0131nda \u00e7\u0131kan a\u015fk iddialar\u0131 hakk\u0131nda ilk kez konu\u015fan Kerem Bursin; &#8220;Reklamda ba\u015fka birisiyle oynasayd\u0131m yine ayn\u0131 dedikodular \u00e7\u0131kard\u0131. Bunlar\u0131 inanmamak gerek.&#8221; diyerek son noktay\u0131 koymu\u015ftur.<\/p>\n<p>\u00c7a\u011fatay Ulusoy da kendisi hakk\u0131nda \u00e7\u0131kan Serenay Sar\u0131kaya&#8217;y\u0131 k\u0131skand\u0131\u011f\u0131 y\u00f6n\u00fcndeki \u00e7\u0131kan dedikodulardan kurtulmu\u015f oldu. &#8220;\u00d6zel hayat\u0131m hakk\u0131nda hi\u00e7 bir zaman konu\u015fmuyorum.&#8221; diyen Ulusoy, hep s\u00f6yledi\u011fi gibi &#8216;Ben yapt\u0131\u011f\u0131m i\u015flerle an\u0131lmak istiyorum&#8217; demektedir.<\/p>\n<p>\u00c7a\u011fatay Ulusoy ve Serenay Sar\u0131kaya Medcezir&#8217;deki performanslar\u0131ndan dolay\u0131 ald\u0131klar\u0131 bir \u00f6d\u00fcl t\u00f6reninde.<\/p>\n<p><a href=\"http:\/\/balcilar-blog.com\/wp-content\/uploads\/2015\/04\/1-ss.-cu.jpg\"><img loading=\"lazy\" decoding=\"async\" class=\"alignnone size-full wp-image-8523\" src=\"http:\/\/balcilar-blog.com\/wp-content\/uploads\/2015\/04\/1-ss.-cu.jpg\" alt=\"1 ss. cu\" width=\"640\" height=\"361\" srcset=\"https:\/\/balcilar-blog.com\/wp-content\/uploads\/2015\/04\/1-ss.-cu.jpg 640w, https:\/\/balcilar-blog.com\/wp-content\/uploads\/2015\/04\/1-ss.-cu-300x169.jpg 300w\" sizes=\"auto, (max-width: 640px) 100vw, 640px\" \/><\/a><\/p>\n<p>Medcezir&#8217;in yak\u0131\u015f\u0131kl\u0131 oyuncusu \u00c7a\u011fatay Ulusoy, Serenay Sar\u0131kaya ile Kerem Bursin a\u015fk dedikodusundan ve kendisine sorulan sorulardan b\u0131km\u0131\u015ft\u0131. Bu haber en \u00e7ok onu sevindirmi\u015f olmal\u0131.<\/p>\n<p>Sayg\u0131lar ve sevgiler.<\/p>\n<p>Abdurrahman Balc\u0131lar<\/p>\n<p>Twitter: abdurrahman balc\u0131lar@abbalcilar<\/p>\n<p>Mail : <a href=\"mailto:ab.balcilar@hotmail.com\">ab.balcilar@hotmail.com<\/a><\/p>\n<p>Blog:\u00a0<a href=\"http:\/\/t.co\/znqmIZgIqn\">blog.milliyet.com.tr\/cansever<\/a><\/p>\n<p>Blog:\u00a0<strong>balcilar<\/strong>&#8211;<strong>blog.com<\/strong><\/p>\n<p>&nbsp;<\/p>\n<p>Not: Haber (U\u00e7an Ku\u015f, Ayakl\u0131 Gazete.con, HT Magazin) ve g\u00f6rseller internetten al\u0131nm\u0131\u015ft\u0131r.<\/p>\n","protected":false},"excerpt":{"rendered":"<p>Bundan bir s\u00fcre \u00f6nce Serenay Sar\u0131kaya ile Kerem Bursin Mavi Jeans reklam\u0131 i\u00e7in bir araya geldiler. Reklam filminde \u015fark\u0131 s\u00f6ylediler ve ayn\u0131 sahnede g\u00f6r\u00fcnt\u00fclendiler. \u00c7a\u011fatay Ulusoy ile Serenay Sar\u0131kaya Medcezir dizisinde, dizi a\u015fk\u0131 ya\u015famalar\u0131 ve bir ara bu a\u015fk\u0131 \u00f6zel hayatlar\u0131na ta\u015f\u0131malar\u0131 nedeniyle, \u00c7a\u011fatay Ulusoy&#8217;un Seranay&#8217;\u0131 Kerem Bursin&#8217;den k\u0131skand\u0131\u011f\u0131 ortaya at\u0131lm\u0131\u015ft\u0131. \u00c7a\u011fatay&#8217;\u0131n k\u0131skan\u00e7l\u0131k krizi ge\u00e7irdi\u011fi, [&hellip;]<\/p>\n","protected":false},"author":3,"featured_media":0,"comment_status":"open","ping_status":"open","sticky":false,"template":"","format":"standard","meta":{"footnotes":""},"categories":[7],"tags":[15,673,16,27],"class_list":["post-8520","post","type-post","status-publish","format-standard","hentry","category-magazin","tag-cagatay-ulusoy","tag-kerem-bursin","tag-medcezir","tag-serenay-sarikaya"],"views":4817,"blog_post_layout_featured_media_urls":{"thumbnail":"","full":""},"categories_names":{"7":{"name":"Magazin","link":"https:\/\/balcilar-blog.com\/?cat=7"}},"tags_names":{"15":{"name":"\u00e7a\u011fatay ulusoy","link":"https:\/\/balcilar-blog.com\/?tag=cagatay-ulusoy"},"673":{"name":"Kerem Bursin","link":"https:\/\/balcilar-blog.com\/?tag=kerem-bursin"},"16":{"name":"medcezir","link":"https:\/\/balcilar-blog.com\/?tag=medcezir"},"27":{"name":"Serenay Sar\u0131kaya","link":"https:\/\/balcilar-blog.com\/?tag=serenay-sarikaya"}},"comments_number":"0","wpmagazine_modules_lite_featured_media_urls":{"thumbnail":"","cvmm-medium":"","cvmm-medium-plus":"","cvmm-portrait":"","cvmm-medium-square":"","cvmm-large":"","cvmm-small":"","full":""},"_links":{"self":[{"href":"https:\/\/balcilar-blog.com\/index.php?rest_route=\/wp\/v2\/posts\/8520","targetHints":{"allow":["GET"]}}],"collection":[{"href":"https:\/\/balcilar-blog.com\/index.php?rest_route=\/wp\/v2\/posts"}],"about":[{"href":"https:\/\/balcilar-blog.com\/index.php?rest_route=\/wp\/v2\/types\/post"}],"author":[{"embeddable":true,"href":"https:\/\/balcilar-blog.com\/index.php?rest_route=\/wp\/v2\/users\/3"}],"replies":[{"embeddable":true,"href":"https:\/\/balcilar-blog.com\/index.php?rest_route=%2Fwp%2Fv2%2Fcomments&post=8520"}],"version-history":[{"count":4,"href":"https:\/\/balcilar-blog.com\/index.php?rest_route=\/wp\/v2\/posts\/8520\/revisions"}],"predecessor-version":[{"id":8527,"href":"https:\/\/balcilar-blog.com\/index.php?rest_route=\/wp\/v2\/posts\/8520\/revisions\/8527"}],"wp:attachment":[{"href":"https:\/\/balcilar-blog.com\/index.php?rest_route=%2Fwp%2Fv2%2Fmedia&parent=8520"}],"wp:term":[{"taxonomy":"category","embeddable":true,"href":"https:\/\/balcilar-blog.com\/index.php?rest_route=%2Fwp%2Fv2%2Fcategories&post=8520"},{"taxonomy":"post_tag","embeddable":true,"href":"https:\/\/balcilar-blog.com\/index.php?rest_route=%2Fwp%2Fv2%2Ftags&post=8520"}],"curies":[{"name":"wp","href":"https:\/\/api.w.org\/{rel}","templated":true}]}}