{"id":8508,"date":"2015-04-27T19:25:44","date_gmt":"2015-04-27T16:25:44","guid":{"rendered":"http:\/\/balcilar-blog.com\/?p=8508"},"modified":"2015-04-27T19:38:07","modified_gmt":"2015-04-27T16:38:07","slug":"kaderimin-yazildigi-gun-dizisinin-elifi-hatice-sendil-burak-sagyasar-ile-nikah-masasina","status":"publish","type":"post","link":"https:\/\/balcilar-blog.com\/?p=8508","title":{"rendered":"Kaderimin Yaz\u0131ld\u0131\u011f\u0131 G\u00fcn dizisinin Elif&#8217;i Hatice \u015eendil, Burak Sa\u011fya\u015far ile nikah masas\u0131na oturuyor!"},"content":{"rendered":"<p><a href=\"http:\/\/balcilar-blog.com\/wp-content\/uploads\/2015\/04\/images-hatice-\u015fendil.jpg\"><img loading=\"lazy\" decoding=\"async\" class=\"alignnone size-full wp-image-8509\" src=\"http:\/\/balcilar-blog.com\/wp-content\/uploads\/2015\/04\/images-hatice-\u015fendil.jpg\" alt=\"images hatice \u015fendil\" width=\"640\" height=\"410\" srcset=\"https:\/\/balcilar-blog.com\/wp-content\/uploads\/2015\/04\/images-hatice-\u015fendil.jpg 640w, https:\/\/balcilar-blog.com\/wp-content\/uploads\/2015\/04\/images-hatice-\u015fendil-300x192.jpg 300w\" sizes=\"auto, (max-width: 640px) 100vw, 640px\" \/><\/a><\/p>\n<p>Star Tv&#8217;de oynayan &#8220;Kaderimin Yaz\u0131ld\u0131\u011f\u0131 G\u00fcn&#8221; dizisinin ba\u015far\u0131l\u0131 oyuncusu Hatice \u015eendil, Burak Sa\u011fya\u015far ile 29 May\u0131s&#8217;ta nikah masas\u0131na oturuyor. \u015eu g\u00fcnlerde nikah davetiyelerini da\u011f\u0131tmaya ba\u015flam\u0131\u015flar.<\/p>\n<p>Hatice \u015eendil ile Burak Sa\u011fya\u015far uzun s\u00fcredir devam eden birlikteliklerine nikah defterine imza koyarak noktalayacaklar.<\/p>\n<p>Sade bir davetiye haz\u0131rlayan \u00e7ift, bu g\u00fczel g\u00fcn i\u00e7in yo\u011fun bir ko\u015fu\u015fturma i\u00e7erisine girmi\u015fler ve bu mutlu g\u00fcne e\u015f, dost ve sanat d\u00fcnyas\u0131ndan arkada\u015flar\u0131na d\u00fc\u011f\u00fcn davetiyelerini da\u011f\u0131tmaya ba\u015flam\u0131\u015flar.<\/p>\n<p>En son oynad\u0131\u011f\u0131 &#8220;Kaderimin Yaz\u0131ld\u0131\u011f\u0131 G\u00fcn&#8221; dizisinde Elif karakteri olarak gelinlik giymi\u015f ve Kahraman ile nikah masas\u0131na oturmu\u015ftu. \u015eimdi bir rol de\u011fil, ger\u00e7ek bir gelinlik giyecek ve bir yast\u0131\u011fa ba\u015f koymak \u00fczere birlikteliklerini resmiyete d\u00f6kecekler.<\/p>\n<p>Hatice \u015eendil ile Burak Sa\u011fya\u015far birlikte ge\u00e7en 2011 y\u0131l\u0131nda Karada\u011flar dizisinde birlikte oynam\u0131\u015flard\u0131. Hatice \u015eendil &#8220;G\u00fclhayat&#8221; karakteri ile bir \u00e7engiyi canland\u0131r\u0131rken, Burak Sa\u011fya\u015far &#8220;Avukat Selahattin&#8221; karakterini canland\u0131rm\u0131\u015ft\u0131. 2011 y\u0131l\u0131nda, o g\u00fcnlerde aralar\u0131nda bir elektriklenme olmu\u015f ve a\u015fk ya\u015famaya ba\u015flam\u0131\u015flard\u0131r.<\/p>\n<p>Hatice \u015eendil, 02 A\u011fustos 1983, \u0130stanbul do\u011fumlu olup, Eyl\u00fcl, Fesupanallah, Geni\u015f Aile, Yaban G\u00fcl\u00fc, Kurtlar Vadisi Pusu, Karada\u011flar, Dila Han\u0131m, Yeni Hayat ve Kaderimin Yaz\u0131ld\u0131\u011f\u0131 G\u00fcn gibi dizilerde oyunculuk yapm\u0131\u015ft\u0131r. 2001&#8217;de Miss T\u00fcrkey yar\u0131\u015fmas\u0131nda ve Miss Europe yar\u0131\u015fmas\u0131nda \u00fc\u00e7\u00fcnc\u00fc olmu\u015ftur.<\/p>\n<p><a href=\"http:\/\/balcilar-blog.com\/wp-content\/uploads\/2015\/04\/hatice-sendil-ve-burak.jpg\"><img loading=\"lazy\" decoding=\"async\" class=\"alignnone size-full wp-image-8511\" src=\"http:\/\/balcilar-blog.com\/wp-content\/uploads\/2015\/04\/hatice-sendil-ve-burak.jpg\" alt=\"hatice-sendil-ve-burak\" width=\"640\" height=\"352\" srcset=\"https:\/\/balcilar-blog.com\/wp-content\/uploads\/2015\/04\/hatice-sendil-ve-burak.jpg 640w, https:\/\/balcilar-blog.com\/wp-content\/uploads\/2015\/04\/hatice-sendil-ve-burak-300x165.jpg 300w\" sizes=\"auto, (max-width: 640px) 100vw, 640px\" \/><\/a><\/p>\n<p>Burak Sa\u011fya\u015far, 29 Ekim 1987, Adana do\u011fumlu olup, Yalanc\u0131 Yarim, Yemin, K\u00fc\u00e7\u00fck Kad\u0131nlar, Karada\u011flar, Sudan B\u0131km\u0131\u015f Bal\u0131klar ve Muhte\u015fem Y\u00fczy\u0131l gibi dizilerde rol alm\u0131\u015ft\u0131r. Lise y\u0131llar\u0131 boyunca tiyatroculuk yapan Sa\u011fya\u015far, yapt\u0131\u011f\u0131 \u00e7al\u0131\u015fmalar sonucunda &#8220;Liseleraras\u0131 En \u0130yi Erkek Oyuncu&#8221; \u00f6d\u00fcl\u00fcn\u00fc kazanm\u0131\u015ft\u0131r.<\/p>\n<p><a href=\"http:\/\/balcilar-blog.com\/wp-content\/uploads\/2015\/04\/hatice-sendil-ve-burak-2.jpg\"><img loading=\"lazy\" decoding=\"async\" class=\"alignnone size-full wp-image-8510\" src=\"http:\/\/balcilar-blog.com\/wp-content\/uploads\/2015\/04\/hatice-sendil-ve-burak-2.jpg\" alt=\"hatice-sendil-ve-burak (2)\" width=\"640\" height=\"333\" srcset=\"https:\/\/balcilar-blog.com\/wp-content\/uploads\/2015\/04\/hatice-sendil-ve-burak-2.jpg 640w, https:\/\/balcilar-blog.com\/wp-content\/uploads\/2015\/04\/hatice-sendil-ve-burak-2-300x156.jpg 300w\" sizes=\"auto, (max-width: 640px) 100vw, 640px\" \/><\/a><\/p>\n<p>\u0130ki meslekta\u015f, ba\u015far\u0131l\u0131 oyuncumuzu bu g\u00fczel birlikteliklerinde bir \u00f6m\u00fcr boyu mutluluklar dileyelim.<\/p>\n<p>&nbsp;<\/p>\n<p>Sayg\u0131lar ve sevgiler.<\/p>\n<p>Abdurrahman Balc\u0131lar<\/p>\n<p>Twitter: abdurrahman balc\u0131lar@abbalcilar<\/p>\n<p>Mail : <a href=\"mailto:ab.balcilar@hotmail.com\">ab.balcilar@hotmail.com<\/a><\/p>\n<p>Blog:\u00a0<a href=\"http:\/\/t.co\/znqmIZgIqn\">blog.milliyet.com.tr\/cansever<\/a><\/p>\n<p>Blog:\u00a0<strong>balcilar<\/strong>&#8211;<strong>blog.com<\/strong><\/p>\n<p>&nbsp;<\/p>\n<p>Not: G\u00f6rseller internetten, haber Hatice \u015eendil Twitter sayfas\u0131ndan al\u0131nm\u0131\u015ft\u0131r,<\/p>\n<p>&nbsp;<\/p>\n<p>&nbsp;<\/p>\n<p>&nbsp;<\/p>\n<div class=\"Banner 640x90 yaziortaya\"><\/div>\n<div class=\"HaberDetay\">\n<div class=\"HaberDetayBanner Banner 300x250 fl \"><img loading=\"lazy\" decoding=\"async\" src=\"http:\/\/medyafaresi.com\/a\/www\/delivery\/lg.php?bannerid=11&amp;campaignid=1&amp;zoneid=15&amp;loc=1&amp;referer=http%3A%2F%2Fwww.medyafaresi.com%2Fhaber%2FHatice-Sendilin-dugun-tarihi-belli-oldu_476727.html&amp;cb=3d2c225693\" alt=\"\" width=\"0\" height=\"0\" \/><\/div>\n<p>&nbsp;<\/p>\n<\/div>\n","protected":false},"excerpt":{"rendered":"<p>Star Tv&#8217;de oynayan &#8220;Kaderimin Yaz\u0131ld\u0131\u011f\u0131 G\u00fcn&#8221; dizisinin ba\u015far\u0131l\u0131 oyuncusu Hatice \u015eendil, Burak Sa\u011fya\u015far ile 29 May\u0131s&#8217;ta nikah masas\u0131na oturuyor. \u015eu g\u00fcnlerde nikah davetiyelerini da\u011f\u0131tmaya ba\u015flam\u0131\u015flar. Hatice \u015eendil ile Burak Sa\u011fya\u015far uzun s\u00fcredir devam eden birlikteliklerine nikah defterine imza koyarak noktalayacaklar. Sade bir davetiye haz\u0131rlayan \u00e7ift, bu g\u00fczel g\u00fcn i\u00e7in yo\u011fun bir ko\u015fu\u015fturma i\u00e7erisine girmi\u015fler ve [&hellip;]<\/p>\n","protected":false},"author":3,"featured_media":0,"comment_status":"open","ping_status":"open","sticky":false,"template":"","format":"standard","meta":{"footnotes":""},"categories":[7],"tags":[286,515,516,686],"class_list":["post-8508","post","type-post","status-publish","format-standard","hentry","category-magazin","tag-burak-sagyasar","tag-hatice-sendil","tag-kaderimin-yazildigi-gun","tag-karadaglar"],"views":5288,"blog_post_layout_featured_media_urls":{"thumbnail":"","full":""},"categories_names":{"7":{"name":"Magazin","link":"https:\/\/balcilar-blog.com\/?cat=7"}},"tags_names":{"286":{"name":"Burak Sa\u011fya\u015far","link":"https:\/\/balcilar-blog.com\/?tag=burak-sagyasar"},"515":{"name":"Hatice \u015eendil","link":"https:\/\/balcilar-blog.com\/?tag=hatice-sendil"},"516":{"name":"Kaderimin Yaz\u0131ld\u0131\u011f\u0131 G\u00fcn","link":"https:\/\/balcilar-blog.com\/?tag=kaderimin-yazildigi-gun"},"686":{"name":"Karada\u011flar","link":"https:\/\/balcilar-blog.com\/?tag=karadaglar"}},"comments_number":"0","wpmagazine_modules_lite_featured_media_urls":{"thumbnail":"","cvmm-medium":"","cvmm-medium-plus":"","cvmm-portrait":"","cvmm-medium-square":"","cvmm-large":"","cvmm-small":"","full":""},"_links":{"self":[{"href":"https:\/\/balcilar-blog.com\/index.php?rest_route=\/wp\/v2\/posts\/8508","targetHints":{"allow":["GET"]}}],"collection":[{"href":"https:\/\/balcilar-blog.com\/index.php?rest_route=\/wp\/v2\/posts"}],"about":[{"href":"https:\/\/balcilar-blog.com\/index.php?rest_route=\/wp\/v2\/types\/post"}],"author":[{"embeddable":true,"href":"https:\/\/balcilar-blog.com\/index.php?rest_route=\/wp\/v2\/users\/3"}],"replies":[{"embeddable":true,"href":"https:\/\/balcilar-blog.com\/index.php?rest_route=%2Fwp%2Fv2%2Fcomments&post=8508"}],"version-history":[{"count":4,"href":"https:\/\/balcilar-blog.com\/index.php?rest_route=\/wp\/v2\/posts\/8508\/revisions"}],"predecessor-version":[{"id":8515,"href":"https:\/\/balcilar-blog.com\/index.php?rest_route=\/wp\/v2\/posts\/8508\/revisions\/8515"}],"wp:attachment":[{"href":"https:\/\/balcilar-blog.com\/index.php?rest_route=%2Fwp%2Fv2%2Fmedia&parent=8508"}],"wp:term":[{"taxonomy":"category","embeddable":true,"href":"https:\/\/balcilar-blog.com\/index.php?rest_route=%2Fwp%2Fv2%2Fcategories&post=8508"},{"taxonomy":"post_tag","embeddable":true,"href":"https:\/\/balcilar-blog.com\/index.php?rest_route=%2Fwp%2Fv2%2Ftags&post=8508"}],"curies":[{"name":"wp","href":"https:\/\/api.w.org\/{rel}","templated":true}]}}