{"id":829,"date":"2014-03-27T22:14:03","date_gmt":"2014-03-27T20:14:03","guid":{"rendered":"http:\/\/balcilar-blog.com\/?p=829"},"modified":"2014-03-27T22:30:47","modified_gmt":"2014-03-27T20:30:47","slug":"kara-para-ask-tuba-buyukustun-engin-akyurek-uyumu","status":"publish","type":"post","link":"https:\/\/balcilar-blog.com\/?p=829","title":{"rendered":"Kara Para A\u015fk \/ Tuba B\u00fcy\u00fck\u00fcst\u00fcn &#038; Engin Aky\u00fcrek uyumu!"},"content":{"rendered":"<p><img decoding=\"async\" alt=\"\" src=\"http:\/\/www2.dizifilm.com\/newpics\/fotogaleri\/act\/4642_9695_24032014_3.jpg\" \/><\/p>\n<p>Kanal D.in yeni dizisi Kara para A\u015fk, d\u00fcn ak\u015fam her iki kategoride iddial\u0131 oldu\u011fu ispatlad\u0131. Muhte\u015fem Y\u00fczy\u0131l\u2019\u0131n ard\u0131ndan 2. S\u0131rada yer ald\u0131. Ge\u00e7en blog yaz\u0131mda belirtmi\u015ftim. Muhte\u015fem Y\u00fczy\u0131l\u2019\u0131n May\u0131s sonunda 138.b\u00f6l\u00fcmde final yapmas\u0131ndan sonra, \u00c7ar\u015fambalar\u0131n rakipsiz olarak 1.si olacakt\u0131r demi\u015ftim. Reytinglerde hem AB\u2019de, hem de Total\u2019de 2.s\u0131rada yer ald\u0131.<\/p>\n<p>Tuba B\u00fcy\u00fck\u00fcst\u00fcn, \u00e7ok g\u00fczel, g\u00fczelli\u011fi kadar da oyunculu\u011fu tart\u0131\u015f\u0131lmaz. Engin Aky\u00fcrek, jest ve mimikleri harika, oyuculukta Tuba\u2019dan geri kalmaz. \u00c7ok da birbirlerine yak\u0131\u015ft\u0131lar. Onlar\u0131n g\u00f6zlerinde k\u0131zg\u0131nl\u0131k kadar, bak\u0131\u015flar\u0131nda a\u015fk var. \u0130lerleyen b\u00f6l\u00fcmlerde \u00e7ok ihtirasl\u0131 bir a\u015fk ya\u015fayacaklar\u0131n\u0131n sinyallerini veriyorlar. Kara Para A\u015fk, s\u00fcp\u00fcr bir dizi olma yolunda, tahminlerimde pek de yan\u0131lmad\u0131\u011f\u0131m\u0131 g\u00f6receksiniz.<\/p>\n<p>\u015eimdi gelelim 3.b\u00f6l\u00fcmde ya\u015fanan olaylara.<\/p>\n<p>Elif, Roma\u2019ya karde\u015fini kurtarmak amac\u0131yla bir valiz dolusu para ile u\u00e7uyor. Yan\u0131ndaki koltukta da, \u00e7am sak\u0131z\u0131 gibi yap\u0131\u015fan komiser \u00d6mer var. Roma da Elif\u2019in pe\u015fini pek b\u0131rakacak gibi durmuyor.<\/p>\n<p><a href=\"http:\/\/balcilar-blog.com\/wp-content\/uploads\/2014\/03\/Ekran-Al\u0131nt\u0131s\u0131.PNG-3.png\"><img loading=\"lazy\" decoding=\"async\" class=\"alignnone size-medium wp-image-833\" alt=\"Ekran Al\u0131nt\u0131s\u0131.PNG 3\" src=\"http:\/\/balcilar-blog.com\/wp-content\/uploads\/2014\/03\/Ekran-Al\u0131nt\u0131s\u0131.PNG-3-300x166.png\" width=\"300\" height=\"166\" srcset=\"https:\/\/balcilar-blog.com\/wp-content\/uploads\/2014\/03\/Ekran-Al\u0131nt\u0131s\u0131.PNG-3-300x166.png 300w, https:\/\/balcilar-blog.com\/wp-content\/uploads\/2014\/03\/Ekran-Al\u0131nt\u0131s\u0131.PNG-3.png 638w\" sizes=\"auto, (max-width: 300px) 100vw, 300px\" \/><\/a><\/p>\n<p>Metin de Roma\u2019da, Elif\u2019i hava alan\u0131nda kar\u015f\u0131lar. Elif, u\u00e7aktan iner inmez, tuvalette valizi a\u00e7ar, paralar\u0131 g\u00f6r\u00fcnce a\u011fz\u0131 a\u00e7\u0131k kal\u0131r. Metin, 3 No.lu \u00e7\u0131k\u0131\u015ftan ge\u00e7mesini ister. Kontrol edilmeden \u00e7\u0131kar, ama arkadan gelen g\u00f6revlinin sinyora sesiyle irkilir, tam yakaland\u0131 derken, unuttu\u011fu pasaportunu verir. \u0130kinci \u015fok, arkadan ko\u015fup gelen \u0130talyan polisleri olur. Ba\u015fka bir ka\u00e7an\u0131 koval\u0131yorlarm\u0131\u015f. Elif\u2019in bir daha y\u00fcre\u011fi a\u011fz\u0131na gelir.<\/p>\n<p><a href=\"http:\/\/balcilar-blog.com\/wp-content\/uploads\/2014\/03\/Ekran-Al\u0131nt\u0131s\u0131.PNG-4.png\"><img loading=\"lazy\" decoding=\"async\" class=\"alignnone size-medium wp-image-834\" alt=\"Ekran Al\u0131nt\u0131s\u0131.PNG 4\" src=\"http:\/\/balcilar-blog.com\/wp-content\/uploads\/2014\/03\/Ekran-Al\u0131nt\u0131s\u0131.PNG-4-300x168.png\" width=\"300\" height=\"168\" srcset=\"https:\/\/balcilar-blog.com\/wp-content\/uploads\/2014\/03\/Ekran-Al\u0131nt\u0131s\u0131.PNG-4-300x168.png 300w, https:\/\/balcilar-blog.com\/wp-content\/uploads\/2014\/03\/Ekran-Al\u0131nt\u0131s\u0131.PNG-4.png 635w\" sizes=\"auto, (max-width: 300px) 100vw, 300px\" \/><\/a><\/p>\n<p>Metin, Elif\u2019i bir \u00f6zel arabaya al\u0131r, konu\u015furlar. Metin, mallar\u0131n evrak\u0131n\u0131 imzalat\u0131r. Yar\u0131n sabah ara\u00e7 Elif\u2019i al\u0131p, paralar\u0131 bankadan hesaba yat\u0131racakt\u0131r.<\/p>\n<p>Elif, Roma\u2019daki evine gider. \u00d6mer, \u0130stanbul\u2019dan Elif\u2019in kald\u0131\u011f\u0131 ev adresini bulur. Elif pek memnun olmasa da yard\u0131m\u0131na ihtiya\u00e7 duyar. \u00d6mer, Elif\u2019in babas\u0131 Ahmet Beyin kald\u0131\u011f\u0131 otel odas\u0131na gitmeyi, elmaslar\u0131 orada aramay\u0131 teklif eder.<\/p>\n<p>Zerin Han\u0131m, \u00f6len Selin \u00f6\u011fretmenin annesinin evine tan\u0131\u015fmak, ba\u015fsa\u011fl\u0131\u011f\u0131 dilemek i\u00e7in gider.<\/p>\n<p>Oteldeki Resepsiyonist k\u0131z babas\u0131 Ahmet Beyi tan\u0131yor, annesi T\u00fcrk oldu\u011fundan T\u00fcrk\u00e7ede biliyordur. Kural gere\u011fi odan\u0131n anahtar\u0131n\u0131 vermez. \u00d6mer, asans\u00f6r ile temizlik\u00e7i bayandan, oda kart\u0131n\u0131 polislik maharetini kullanarak al\u0131r, odaya girerler. \u0130\u00e7eri ararken temizleyici kad\u0131n fark eder, h\u0131rs\u0131z var, polis \u00e7a\u011f\u0131raca\u011f\u0131m, der ve h\u0131zla ka\u00e7arlar.<\/p>\n<p>\u00d6mer, odadan bir not defteri al\u0131r, Elif o bana sormadan alamazs\u0131n, defteri ister. \u00a0\u00d6mer; birlikte hareket edeceksek olur. Yoksa havaalan\u0131nda, \u015firkette kayboldu\u011fum gibi bir kaybolurum bir daha beni bulamazs\u0131n. Birbirimize g\u00fcvenmek durumunday\u0131z, ben deneyece\u011fim, sen de dene. Elif, tamam, ileride bir yerde otururuz, beraber bakar\u0131z.<\/p>\n<p><a href=\"http:\/\/balcilar-blog.com\/wp-content\/uploads\/2014\/03\/Ekran-Al\u0131nt\u0131s\u0131-91.png\"><img loading=\"lazy\" decoding=\"async\" class=\"alignnone size-medium wp-image-837\" alt=\"Ekran Al\u0131nt\u0131s\u0131 9\" src=\"http:\/\/balcilar-blog.com\/wp-content\/uploads\/2014\/03\/Ekran-Al\u0131nt\u0131s\u0131-91-300x166.png\" width=\"300\" height=\"166\" srcset=\"https:\/\/balcilar-blog.com\/wp-content\/uploads\/2014\/03\/Ekran-Al\u0131nt\u0131s\u0131-91-300x166.png 300w, https:\/\/balcilar-blog.com\/wp-content\/uploads\/2014\/03\/Ekran-Al\u0131nt\u0131s\u0131-91.png 637w\" sizes=\"auto, (max-width: 300px) 100vw, 300px\" \/><\/a>\u00a0 <a href=\"http:\/\/balcilar-blog.com\/wp-content\/uploads\/2014\/03\/Ekran-Al\u0131nt\u0131s\u0131.PNG-12.png\"><img loading=\"lazy\" decoding=\"async\" class=\"alignnone size-medium wp-image-841\" alt=\"Ekran Al\u0131nt\u0131s\u0131.PNG 12\" src=\"http:\/\/balcilar-blog.com\/wp-content\/uploads\/2014\/03\/Ekran-Al\u0131nt\u0131s\u0131.PNG-12-300x167.png\" width=\"300\" height=\"167\" srcset=\"https:\/\/balcilar-blog.com\/wp-content\/uploads\/2014\/03\/Ekran-Al\u0131nt\u0131s\u0131.PNG-12-300x167.png 300w, https:\/\/balcilar-blog.com\/wp-content\/uploads\/2014\/03\/Ekran-Al\u0131nt\u0131s\u0131.PNG-12.png 635w\" sizes=\"auto, (max-width: 300px) 100vw, 300px\" \/><\/a><\/p>\n<p>\u0130talya, Roma d\u0131\u015f mek\u00e2n sahneleri, g\u00f6rsel olarak \u00e7ok ba\u015far\u0131l\u0131! \u0130zleyenleri turistik bir seyahat yapt\u0131rm\u0131\u015f oluyor. Collesium\u2019a kar\u015f\u0131 bir yede otururlar, bir \u015feyler i\u00e7erler.<\/p>\n<p>Tayyar Bey, o\u011flu Fatih\u2019e ula\u015famaz. Mert, New York\u2019tad\u0131r. \u015eirket\u2019ten Su Han\u0131m\u0131 arar, Nil\u00fcfer\u2019in adresini ister. Nil\u00fcfer\u2019i Amerika\u2019da oldu\u011funu zanneder, babas\u0131n\u0131n cep telefonlar\u0131n\u0131n cevap vermez.<\/p>\n<p>Roma\u2019da not defterinden babas\u0131n\u0131n depo adresini bulurlar. Kapal\u0131d\u0131r, \u00d6mer arkadan k\u0131r\u0131k camdan girer, kap\u0131y\u0131 i\u00e7ten a\u00e7ar. \u0130\u00e7eride elmaslar\u0131, ararlar. \u00d6mer, bir resim \u00e7er\u00e7eve arkas\u0131ndaki gizli kasay\u0131 bulur. Elif, kasay\u0131 a\u00e7mak i\u00e7in akl\u0131na gelen her t\u00fcrl\u00fc \u015fifreyi dener. Ve a\u00e7ar, i\u00e7eriden o \u015fifreli kutulardan biri \u00e7\u0131kar. \u0130\u00e7inden \u00e7\u0131kan olarca elmas sahtedir. Elif, \u00e7ok sinirlenir. Bir an \u00f6nce bulmam laz\u0131m. \u00d6mer, niye diye sorar, her seferinde bana g\u00fcvenmen laz\u0131m dese de, Elif o s\u0131rr\u0131n\u0131 bir t\u00fcrl\u00fc s\u00f6ylemez.\u00a0 Aniden, depo bek\u00e7isi gelir. Elif, babas\u0131n\u0131n her ay\u0131n 17\u2019sinde geldi\u011fini \u00f6\u011frenir. Elif, babas\u0131 hakk\u0131nda bir tak\u0131m s\u0131rlar\u0131 \u00f6\u011frendik\u00e7e \u015fa\u015fk\u0131nl\u0131\u011f\u0131 artar. \u00d6mer, polislik bilgisiyle yava\u015f, yava\u015f b\u00fct\u00fcn s\u0131rlar\u0131 \u00e7\u00f6zmeye ba\u015flar.<\/p>\n<p><a href=\"http:\/\/balcilar-blog.com\/wp-content\/uploads\/2014\/03\/Ekran-Al\u0131nt\u0131s\u0131.PNG-11.png\"><img loading=\"lazy\" decoding=\"async\" class=\"alignnone size-medium wp-image-840\" alt=\"Ekran Al\u0131nt\u0131s\u0131.PNG 11\" src=\"http:\/\/balcilar-blog.com\/wp-content\/uploads\/2014\/03\/Ekran-Al\u0131nt\u0131s\u0131.PNG-11-300x168.png\" width=\"300\" height=\"168\" srcset=\"https:\/\/balcilar-blog.com\/wp-content\/uploads\/2014\/03\/Ekran-Al\u0131nt\u0131s\u0131.PNG-11-300x168.png 300w, https:\/\/balcilar-blog.com\/wp-content\/uploads\/2014\/03\/Ekran-Al\u0131nt\u0131s\u0131.PNG-11.png 632w\" sizes=\"auto, (max-width: 300px) 100vw, 300px\" \/><\/a><\/p>\n<p>Tayyar Bey, Zerin Han\u0131ma yeme\u011fe gelir. Tayyar Beyin metresi P\u0131nar Han\u0131m da gelir. Taner Beyin sevgilisi de oradad\u0131r. Tayyar Bey, Elif\u2019i sorar.<\/p>\n<p><a href=\"http:\/\/balcilar-blog.com\/wp-content\/uploads\/2014\/03\/Ekran-Al\u0131nt\u0131s\u0131.PNG-22.png\"><img loading=\"lazy\" decoding=\"async\" class=\"alignnone size-medium wp-image-850\" alt=\"Ekran Al\u0131nt\u0131s\u0131.PNG 2\" src=\"http:\/\/balcilar-blog.com\/wp-content\/uploads\/2014\/03\/Ekran-Al\u0131nt\u0131s\u0131.PNG-22-300x169.png\" width=\"300\" height=\"169\" srcset=\"https:\/\/balcilar-blog.com\/wp-content\/uploads\/2014\/03\/Ekran-Al\u0131nt\u0131s\u0131.PNG-22-300x169.png 300w, https:\/\/balcilar-blog.com\/wp-content\/uploads\/2014\/03\/Ekran-Al\u0131nt\u0131s\u0131.PNG-22.png 634w\" sizes=\"auto, (max-width: 300px) 100vw, 300px\" \/><\/a><\/p>\n<p>Elif evine girer, \u00d6mer kap\u0131da kal\u0131r. Elif dayanamaz i\u00e7eri al\u0131r, yukar\u0131da bir kanepe var, burada \u00fc\u015f\u00fcrs\u00fcn. Oturur konu\u015furlar. \u00d6mer, tespitlerini Elif\u2019e anlat\u0131r. Baban kara para akl\u0131yormu\u015f, o depodaki g\u00f6rd\u00fc\u011f\u00fcn mallar\u0131 da senin \u015firketin \u00fczerinden ge\u00e7irip, parlar\u0131 yat\u0131yormu\u015f. Elif, babas\u0131n\u0131 g\u00fcvendi\u011fi i\u00e7in bakmadan imza atm\u0131\u015f. Bu senin i\u015fin, bu kara para aklamak \u00e7ok b\u00fcy\u00fck su\u00e7. Bir polis olarak t\u00fcm bildiklerini anlat\u0131r, tek tek izah eder. Organize su\u00e7 oldu\u011funu s\u00f6yler. Sen de su\u00e7lusun. \u0130yi bir avukat, sen bilmeden kar\u0131\u015ft\u0131\u011f\u0131n i\u00e7in kurtar\u0131r. Elif, \u00e7ok \u00fcz\u00fcl\u00fcr, du\u015fun alt\u0131na girer a\u011flar.<\/p>\n<p><img decoding=\"async\" alt=\"\" src=\"http:\/\/www2.dizifilm.com\/newpics\/fotogaleri\/act\/4642_9695_24032014_1.jpg\" \/><\/p>\n<p>Metin telefon a\u00e7ar, yar\u0131n sabah orada ol. Elif, Nil\u00fcfer orada olacak di mi? diye sorar. \u00d6mer, telefon konu\u015fmas\u0131n\u0131 duyar. Olay\u0131 yava\u015f yava\u015f \u00e7\u00f6zm\u00fc\u015ft\u00fcr.<\/p>\n<p><a href=\"http:\/\/balcilar-blog.com\/wp-content\/uploads\/2014\/03\/Ekran-Al\u0131nt\u0131s\u0131.PNG-13.png\"><img loading=\"lazy\" decoding=\"async\" class=\"alignnone size-medium wp-image-842\" alt=\"Ekran Al\u0131nt\u0131s\u0131.PNG 13\" src=\"http:\/\/balcilar-blog.com\/wp-content\/uploads\/2014\/03\/Ekran-Al\u0131nt\u0131s\u0131.PNG-13-300x167.png\" width=\"300\" height=\"167\" srcset=\"https:\/\/balcilar-blog.com\/wp-content\/uploads\/2014\/03\/Ekran-Al\u0131nt\u0131s\u0131.PNG-13-300x167.png 300w, https:\/\/balcilar-blog.com\/wp-content\/uploads\/2014\/03\/Ekran-Al\u0131nt\u0131s\u0131.PNG-13.png 635w\" sizes=\"auto, (max-width: 300px) 100vw, 300px\" \/><\/a><\/p>\n<p>Elif gece kabus g\u00f6r\u00fcr, a\u011flayarak uyan\u0131r. \u00d6mer, ko\u015far gelir. Elif\u2019i sakinle\u015ftirmeye \u00e7al\u0131\u015f\u0131r. Elif uyur, \u00fcst\u00fcn\u00fc \u00f6rter.<\/p>\n<p>Elif, sabah erkenden sessizce evden \u00e7\u0131kar. \u00d6mer\u2019e not b\u0131rak\u0131r, \u00a0\u201cDeste\u011fin i\u00e7in saol, iyi yolculuklar. Kap\u0131y\u0131 \u00e7ekip gitmen yeterli, Elif\u201d Metin ile bulu\u015fur, paralar\u0131 bankaya teslim eder, uzat\u0131lan evraklar\u0131 imzalar. Metin, kameradan onu izler ve kayda al\u0131r. Para aklama i\u015fi tamamd\u0131r.<\/p>\n<p>\u00d6mer, polis arkada\u015f\u0131 Arda\u2019y\u0131 arar. Elif\u2019in karde\u015fi Nil\u00fcfer diye biri var m\u0131 ara\u015ft\u0131rmas\u0131n\u0131 ister. Arda, Nil\u00fcfer\u2019in New York\u2019ta okuyan bir k\u0131z karde\u015fi oldu\u011funu bildirir. Nerede oldu\u011funu ara\u015ft\u0131rmas\u0131n\u0131 ister.<\/p>\n<p><a href=\"http:\/\/balcilar-blog.com\/wp-content\/uploads\/2014\/03\/Ekran-Al\u0131nt\u0131s\u0131.PNG-15.png\"><img loading=\"lazy\" decoding=\"async\" class=\"alignnone size-medium wp-image-843\" alt=\"Ekran Al\u0131nt\u0131s\u0131.PNG 15\" src=\"http:\/\/balcilar-blog.com\/wp-content\/uploads\/2014\/03\/Ekran-Al\u0131nt\u0131s\u0131.PNG-15-300x165.png\" width=\"300\" height=\"165\" srcset=\"https:\/\/balcilar-blog.com\/wp-content\/uploads\/2014\/03\/Ekran-Al\u0131nt\u0131s\u0131.PNG-15-300x165.png 300w, https:\/\/balcilar-blog.com\/wp-content\/uploads\/2014\/03\/Ekran-Al\u0131nt\u0131s\u0131.PNG-15.png 635w\" sizes=\"auto, (max-width: 300px) 100vw, 300px\" \/><\/a><\/p>\n<p>Metin, abrada Elif ile konu\u015fur, te\u015fekk\u00fcr eder. Metin\u2019den haval\u0131nda Nil\u00fcfer\u2019in beklemesini ister. Metin, merak etme\u2026 Arabadan iner annesi ile konu\u015fur. Resmen yalan s\u00f6yler, Nil\u00fcfer\u2019in Roma\u2019da yan\u0131nda oldu\u011funu s\u00f6yler, ak\u015fama g\u00f6r\u00fc\u015f\u00fcr\u00fcz. Kar\u015f\u0131na \u00d6mer \u00e7\u0131kar. Her \u015feyi duyar gene. Ne yapt\u0131\u011f\u0131n\u0131 sorar, Elif cevap vermez.<\/p>\n<p><a href=\"http:\/\/balcilar-blog.com\/wp-content\/uploads\/2014\/03\/Ekran-Al\u0131nt\u0131s\u0131.PNG-16.png\"><img loading=\"lazy\" decoding=\"async\" class=\"alignnone size-medium wp-image-844\" alt=\"Ekran Al\u0131nt\u0131s\u0131.PNG 16\" src=\"http:\/\/balcilar-blog.com\/wp-content\/uploads\/2014\/03\/Ekran-Al\u0131nt\u0131s\u0131.PNG-16-300x165.png\" width=\"300\" height=\"165\" srcset=\"https:\/\/balcilar-blog.com\/wp-content\/uploads\/2014\/03\/Ekran-Al\u0131nt\u0131s\u0131.PNG-16-300x165.png 300w, https:\/\/balcilar-blog.com\/wp-content\/uploads\/2014\/03\/Ekran-Al\u0131nt\u0131s\u0131.PNG-16.png 641w\" sizes=\"auto, (max-width: 300px) 100vw, 300px\" \/><\/a><\/p>\n<p>Elif, yolar\u0131m\u0131z ayr\u0131lsa iyi olur. \u015eirketi devredece\u011fim. Ni\u015fanl\u0131n ile ilgili bir bilgiye ula\u015f\u0131rsam, bildirim. El s\u0131k\u0131\u015f\u0131p vedala\u015f\u0131rlar.<\/p>\n<p><a href=\"http:\/\/balcilar-blog.com\/wp-content\/uploads\/2014\/03\/Ekran-Al\u0131nt\u0131s\u0131.PNG-17.png\"><img loading=\"lazy\" decoding=\"async\" class=\"alignnone size-medium wp-image-845\" alt=\"Ekran Al\u0131nt\u0131s\u0131.PNG 17\" src=\"http:\/\/balcilar-blog.com\/wp-content\/uploads\/2014\/03\/Ekran-Al\u0131nt\u0131s\u0131.PNG-17-300x165.png\" width=\"300\" height=\"165\" srcset=\"https:\/\/balcilar-blog.com\/wp-content\/uploads\/2014\/03\/Ekran-Al\u0131nt\u0131s\u0131.PNG-17-300x165.png 300w, https:\/\/balcilar-blog.com\/wp-content\/uploads\/2014\/03\/Ekran-Al\u0131nt\u0131s\u0131.PNG-17.png 643w\" sizes=\"auto, (max-width: 300px) 100vw, 300px\" \/><\/a><\/p>\n<p>Elif, Roma hava alan\u0131ndan \u0130stanbul\u2019a gidecektir. Kar\u015f\u0131s\u0131na gene \u00d6mer \u00e7\u0131kar.\u00a0 Ayn\u0131 u\u00e7akta yan yana \u0130stanbul\u2019a u\u00e7arlar.<\/p>\n<p><a href=\"http:\/\/balcilar-blog.com\/wp-content\/uploads\/2014\/03\/Ekran-Al\u0131nt\u0131s\u0131.PNG-181.png\"><img loading=\"lazy\" decoding=\"async\" alt=\"Ekran Al\u0131nt\u0131s\u0131.PNG 18\" src=\"http:\/\/balcilar-blog.com\/wp-content\/uploads\/2014\/03\/Ekran-Al\u0131nt\u0131s\u0131.PNG-181-300x167.png\" width=\"300\" height=\"167\" \/><\/a><\/p>\n<p>Fatih, New York\u2019da Nil\u00fcfer\u2019in kap\u0131s\u0131n\u0131 yumruklar. Nil\u00fcfer\u2019in arkada\u015f\u0131 a\u00e7ar kap\u0131y\u0131. Yok, ailesi de burada zannediyor. Fatih, nerde bu k\u0131z o zaman.<\/p>\n<p>Atat\u00fcrk Havaalan\u0131na inerler, tekrar vedala\u015f\u0131rlar. Arda, Nil\u00fcfer hakk\u0131nda bilgileri \u00d6mer\u2019e aktar\u0131r. Babas\u0131n\u0131n \u00f6l\u00fcm\u00fcnden sonra hi\u00e7 New York\u2019a gitmemi\u015f. \u00a0Elif, bak\u0131n\u0131r karde\u015fini g\u00f6remez, \u00e7\u0131lg\u0131na d\u00f6ner. Telefonu \u00e7alar, Nil\u00fcfer\u2019i sorar? Metin, bizden k\u0131z almak kolay de\u011fildir. Bir iki imza att\u0131n diye verilir mi? Eve git dinlen biraz.<\/p>\n<p><a href=\"http:\/\/balcilar-blog.com\/wp-content\/uploads\/2014\/03\/Ekran-Al\u0131nt\u0131s\u0131-102.png\"><img loading=\"lazy\" decoding=\"async\" class=\"alignnone size-medium wp-image-838\" alt=\"Ekran Al\u0131nt\u0131s\u0131 10\" src=\"http:\/\/balcilar-blog.com\/wp-content\/uploads\/2014\/03\/Ekran-Al\u0131nt\u0131s\u0131-102-300x166.png\" width=\"300\" height=\"166\" srcset=\"https:\/\/balcilar-blog.com\/wp-content\/uploads\/2014\/03\/Ekran-Al\u0131nt\u0131s\u0131-102-300x166.png 300w, https:\/\/balcilar-blog.com\/wp-content\/uploads\/2014\/03\/Ekran-Al\u0131nt\u0131s\u0131-102.png 635w\" sizes=\"auto, (max-width: 300px) 100vw, 300px\" \/><\/a><\/p>\n<p>O s\u0131rada \u00d6mer seslenir, a\u011flamaktad\u0131r. \u00d6mer\u2019in g\u00f6\u011fs\u00fcne kapan\u0131r, a\u011flar, a\u011flar.<\/p>\n<p>Tayyar, Metin\u2019in para teslimindeki \u00e7ekimlerini izler. Sen de art\u0131k o batakl\u0131\u011f\u0131n mal\u0131 say\u0131l\u0131rs\u0131n, der. Metin\u2019e ar\u015five koy bunlar\u0131. G\u00fcn gelir laz\u0131m olur.<\/p>\n<p><a href=\"http:\/\/balcilar-blog.com\/wp-content\/uploads\/2014\/03\/Ekran-Al\u0131nt\u0131s\u0131-81.png\"><img loading=\"lazy\" decoding=\"async\" alt=\"Ekran Al\u0131nt\u0131s\u0131 8\" src=\"http:\/\/balcilar-blog.com\/wp-content\/uploads\/2014\/03\/Ekran-Al\u0131nt\u0131s\u0131-81-300x167.png\" width=\"300\" height=\"167\" \/><\/a><\/p>\n<p>\u00d6mer, takside Elif\u2019e karde\u015fini ka\u00e7\u0131rd\u0131klar\u0131n\u0131, elmaslar\u0131 onu geri almak i\u00e7in ar\u0131yorsun. Yalan m\u0131, g\u00f6zlerimin i\u00e7ine bak. \u00d6mer, taksiyi karakolun \u00f6n\u00fcnde durdurur, sen her \u015feyi anlatacaks\u0131n, sonra karde\u015fini kurtaraca\u011f\u0131z, der. Bu adamlar katil, onlar\u0131 korumakla karde\u015fini kurtaramazs\u0131n. Elif, gelmiyorum deyince, \u00d6mer, ben o zaman karakola gidece\u011fim, kafam\u0131n i\u00e7indeki paranoyalar\u0131 anlataca\u011f\u0131m, karde\u015fin Amerika da m\u0131, ka\u00e7\u0131r\u0131ld\u0131 m\u0131 \u00f6\u011frenece\u011fiz? \u00d6mer, geri bakar, Elif \u00f6yle kal\u0131r. Ve 3.b\u00f6l\u00fcm burada biter.<\/p>\n<p><a href=\"http:\/\/balcilar-blog.com\/wp-content\/uploads\/2014\/03\/Ekran-Al\u0131nt\u0131s\u0131-111.png\"><img loading=\"lazy\" decoding=\"async\" class=\"alignnone size-medium wp-image-839\" alt=\"Ekran Al\u0131nt\u0131s\u0131 11\" src=\"http:\/\/balcilar-blog.com\/wp-content\/uploads\/2014\/03\/Ekran-Al\u0131nt\u0131s\u0131-111-300x168.png\" width=\"300\" height=\"168\" srcset=\"https:\/\/balcilar-blog.com\/wp-content\/uploads\/2014\/03\/Ekran-Al\u0131nt\u0131s\u0131-111-300x168.png 300w, https:\/\/balcilar-blog.com\/wp-content\/uploads\/2014\/03\/Ekran-Al\u0131nt\u0131s\u0131-111.png 633w\" sizes=\"auto, (max-width: 300px) 100vw, 300px\" \/><\/a><\/p>\n<p>Ay Yap\u0131m\u2019\u0131n bu g\u00fczel dizisi, polisiye olmas\u0131na ra\u011fmen benim \u00e7ok ho\u015fuma gitti. Engin Aky\u00fcrek ve Tuba B\u00fcy\u00fck\u00fcst\u00fcn iyi bir uyum yakalad\u0131klar\u0131n\u0131 parlayan g\u00f6zlerinden anlad\u0131m. Art\u0131k Kara Para A\u015fk\u2019\u0131n s\u0131k\u0131 bir takip\u00e7isi oldum diyebilirim. Sizleri bilmem, ama reytingler \u00e7ok takip\u00e7isi olaca\u011f\u0131n\u0131 s\u00f6yl\u00fcyor.<\/p>\n<p>Keyifli Seyirler.<\/p>\n<p>Sayg\u0131lar, sevgiler.<\/p>\n<p>Abdurrahman Balc\u0131lar<\/p>\n<p>Twitter: abdurrahman balc\u0131lar@abbalcilar<\/p>\n<p>Mail : <a href=\"mailto:ab.balcilar@hotmail.com\">ab.balcilar@hotmail.com<\/a><\/p>\n<div>\n<p>Blog: milliyet.com.tr\/cansever<\/p>\n<p>Blog: balcilar-blog.com<\/p>\n<p>Not: G\u00f6rseller dizifilm.com ve taraf\u0131mdan diziden kopyalanarak\u00a0al\u0131nm\u0131\u015ft\u0131r.<\/p>\n<\/div>\n","protected":false},"excerpt":{"rendered":"<p>Kanal D.in yeni dizisi Kara para A\u015fk, d\u00fcn ak\u015fam her iki kategoride iddial\u0131 oldu\u011fu ispatlad\u0131. Muhte\u015fem Y\u00fczy\u0131l\u2019\u0131n ard\u0131ndan 2. S\u0131rada yer ald\u0131. Ge\u00e7en blog yaz\u0131mda belirtmi\u015ftim. Muhte\u015fem Y\u00fczy\u0131l\u2019\u0131n May\u0131s sonunda 138.b\u00f6l\u00fcmde final yapmas\u0131ndan sonra, \u00c7ar\u015fambalar\u0131n rakipsiz olarak 1.si olacakt\u0131r demi\u015ftim. Reytinglerde hem AB\u2019de, hem de Total\u2019de 2.s\u0131rada yer ald\u0131. Tuba B\u00fcy\u00fck\u00fcst\u00fcn, \u00e7ok g\u00fczel, g\u00fczelli\u011fi kadar [&hellip;]<\/p>\n","protected":false},"author":3,"featured_media":0,"comment_status":"open","ping_status":"open","sticky":false,"template":"","format":"standard","meta":{"footnotes":""},"categories":[2],"tags":[26,82,91,304,305],"class_list":["post-829","post","type-post","status-publish","format-standard","hentry","category-tv-programlari","tag-ay-yapim","tag-engin-akyurek","tag-kanal-d","tag-kara-para-ask","tag-tuba-buyukustun"],"views":5530,"blog_post_layout_featured_media_urls":{"thumbnail":"","full":""},"categories_names":{"2":{"name":"TV Programlar\u0131","link":"https:\/\/balcilar-blog.com\/?cat=2"}},"tags_names":{"26":{"name":"Ay Yap\u0131m","link":"https:\/\/balcilar-blog.com\/?tag=ay-yapim"},"82":{"name":"Engin Aky\u00fcrek","link":"https:\/\/balcilar-blog.com\/?tag=engin-akyurek"},"91":{"name":"Kanal D","link":"https:\/\/balcilar-blog.com\/?tag=kanal-d"},"304":{"name":"Kara Para A\u015fk","link":"https:\/\/balcilar-blog.com\/?tag=kara-para-ask"},"305":{"name":"Tuba B\u00fcy\u00fck\u00fcst\u00fcn","link":"https:\/\/balcilar-blog.com\/?tag=tuba-buyukustun"}},"comments_number":"0","wpmagazine_modules_lite_featured_media_urls":{"thumbnail":"","cvmm-medium":"","cvmm-medium-plus":"","cvmm-portrait":"","cvmm-medium-square":"","cvmm-large":"","cvmm-small":"","full":""},"_links":{"self":[{"href":"https:\/\/balcilar-blog.com\/index.php?rest_route=\/wp\/v2\/posts\/829","targetHints":{"allow":["GET"]}}],"collection":[{"href":"https:\/\/balcilar-blog.com\/index.php?rest_route=\/wp\/v2\/posts"}],"about":[{"href":"https:\/\/balcilar-blog.com\/index.php?rest_route=\/wp\/v2\/types\/post"}],"author":[{"embeddable":true,"href":"https:\/\/balcilar-blog.com\/index.php?rest_route=\/wp\/v2\/users\/3"}],"replies":[{"embeddable":true,"href":"https:\/\/balcilar-blog.com\/index.php?rest_route=%2Fwp%2Fv2%2Fcomments&post=829"}],"version-history":[{"count":6,"href":"https:\/\/balcilar-blog.com\/index.php?rest_route=\/wp\/v2\/posts\/829\/revisions"}],"predecessor-version":[{"id":852,"href":"https:\/\/balcilar-blog.com\/index.php?rest_route=\/wp\/v2\/posts\/829\/revisions\/852"}],"wp:attachment":[{"href":"https:\/\/balcilar-blog.com\/index.php?rest_route=%2Fwp%2Fv2%2Fmedia&parent=829"}],"wp:term":[{"taxonomy":"category","embeddable":true,"href":"https:\/\/balcilar-blog.com\/index.php?rest_route=%2Fwp%2Fv2%2Fcategories&post=829"},{"taxonomy":"post_tag","embeddable":true,"href":"https:\/\/balcilar-blog.com\/index.php?rest_route=%2Fwp%2Fv2%2Ftags&post=829"}],"curies":[{"name":"wp","href":"https:\/\/api.w.org\/{rel}","templated":true}]}}