{"id":8283,"date":"2015-04-18T19:07:14","date_gmt":"2015-04-18T16:07:14","guid":{"rendered":"http:\/\/balcilar-blog.com\/?p=8283"},"modified":"2015-04-21T09:46:11","modified_gmt":"2015-04-21T06:46:11","slug":"medcezirde-cagatay-ulusoydan-bir-ilk-dizi-icinde-canli-yayin-soylesi","status":"publish","type":"post","link":"https:\/\/balcilar-blog.com\/?p=8283","title":{"rendered":"Medcezir&#8217;de \u00c7a\u011fatay Ulusoy&#8217;dan bir ilk, dizi i\u00e7inde canl\u0131 yay\u0131n s\u00f6yle\u015fi!"},"content":{"rendered":"<p><a href=\"http:\/\/balcilar-blog.com\/wp-content\/uploads\/2015\/04\/CC0jqSYUEAAVRH7.jpg\"><img loading=\"lazy\" decoding=\"async\" class=\"alignnone size-full wp-image-8285\" src=\"http:\/\/balcilar-blog.com\/wp-content\/uploads\/2015\/04\/CC0jqSYUEAAVRH7.jpg\" alt=\"CC0jqSYUEAAVRH7\" width=\"600\" height=\"600\" srcset=\"https:\/\/balcilar-blog.com\/wp-content\/uploads\/2015\/04\/CC0jqSYUEAAVRH7.jpg 600w, https:\/\/balcilar-blog.com\/wp-content\/uploads\/2015\/04\/CC0jqSYUEAAVRH7-150x150.jpg 150w, https:\/\/balcilar-blog.com\/wp-content\/uploads\/2015\/04\/CC0jqSYUEAAVRH7-300x300.jpg 300w\" sizes=\"auto, (max-width: 600px) 100vw, 600px\" \/><\/a><\/p>\n<p>Medcezir dizisinde bir ilk ger\u00e7ekle\u015fti. \u00c7a\u011fatay Ulusoy ile \u00fcnl\u00fc rockc\u0131 Koray Candemir dizi yay\u0131n\u0131 i\u00e7inde canl\u0131 olarak bir araya geldi. Dizinin Yaman&#8217;\u0131 olarak st\u00fcdyoya giren \u00c7a\u011fatay Ulusoy, Candemir ile &#8220;Kuyruklu Y\u0131ld\u0131z&#8221; adl\u0131 \u015fark\u0131y\u0131 birlikte seslendirdi.<\/p>\n<p>Birlikte bir saat izleyenlerin twitter&#8217;dan sordu\u011fu sorular\u0131 an\u0131nda canl\u0131 olarak cevapland\u0131rd\u0131lar. &#8220;Yamans\u00fcrpriz&#8221; etiketi ile seszizvitrinde yer ald\u0131.<\/p>\n<p>Ayr\u0131ca Axe reklam\u0131nda da bir ilk ger\u00e7ekle\u015fti. Yaman dizi i\u00e7inde bulu\u015fma i\u00e7in haz\u0131rland\u0131, \u00a0Axe deodorant s\u0131kt\u0131. Sonra da #sessizvitrin adl\u0131 mekana gitti. Mekana girdi ve canl\u0131 yay\u0131na ge\u00e7ildi. \u00c7ok enteresand\u0131 g\u00fcnler \u00f6ncesi \u00e7ekilen b\u00f6l\u00fcme canl\u0131 yay\u0131n ile devam edildi. 3-5 dakika sonra dizi tekrar devam etti. Ama \u00c7a\u011fatay ve Koray canl\u0131 yay\u0131nlar\u0131n\u0131 YouTube \u00fczerinden devam ettiler. Binlerce izleyiciden gelen sorulardan cevap verebildikleri karar\u0131n\u0131, cevapland\u0131rd\u0131lar. K\u0131sa s\u00fcre i\u00e7inde Twitter&#8217;da TT (Trend Topic) oldular.<\/p>\n<p><a href=\"http:\/\/balcilar-blog.com\/wp-content\/uploads\/2015\/04\/Ekran-Al\u0131nt\u0131s\u0131MD69.AKS5_1.png\"><img loading=\"lazy\" decoding=\"async\" class=\"alignnone size-full wp-image-8299\" src=\"http:\/\/balcilar-blog.com\/wp-content\/uploads\/2015\/04\/Ekran-Al\u0131nt\u0131s\u0131MD69.AKS5_1.png\" alt=\"Ekran Al\u0131nt\u0131s\u0131MD69.AKS5\" width=\"640\" height=\"398\" srcset=\"https:\/\/balcilar-blog.com\/wp-content\/uploads\/2015\/04\/Ekran-Al\u0131nt\u0131s\u0131MD69.AKS5_1.png 640w, https:\/\/balcilar-blog.com\/wp-content\/uploads\/2015\/04\/Ekran-Al\u0131nt\u0131s\u0131MD69.AKS5_1-300x187.png 300w\" sizes=\"auto, (max-width: 640px) 100vw, 640px\" \/><\/a><\/p>\n<p>Enteresan olan, Medcezir ba\u015frol oyuncusu \u00c7a\u011fatay Ulusoy olarak de\u011fil, dizinin Yaman&#8217;\u0131 olarak kat\u0131ld\u0131 s\u00f6yle\u015fiye&#8230; Canland\u0131rd\u0131\u011f\u0131 Yaman karakterine sorular y\u00f6neltildi. Bir bir, d\u00fc\u015f\u00fcnerek ak\u0131ll\u0131ca cevaplar verdi. G\u00f6rd\u00fck ki, dizinin Yaman&#8217;\u0131 ile \u00c7a\u011fatay Ulusoy bire bir \u00f6rt\u00fc\u015f\u00fcyor. Huyu, suyu, sakinli\u011fi, bilgeli\u011fi, ku\u011ful bir \u00c7a\u011fatay Ulusoy (Yaman) izledik. Senarist Ece Y\u00f6ren\u00e7 Yaman&#8217;\u0131n rol\u00fcn\u00fc yazarken, \u00c7a\u011fatay&#8217;\u0131 \u00e7ok g\u00fczel analiz etmi\u015f.<\/p>\n<p><a href=\"http:\/\/balcilar-blog.com\/wp-content\/uploads\/2015\/04\/Ekran-Al\u0131nt\u0131s\u0131MD.AKS_.2.png\"><img loading=\"lazy\" decoding=\"async\" class=\"alignnone size-full wp-image-8288\" src=\"http:\/\/balcilar-blog.com\/wp-content\/uploads\/2015\/04\/Ekran-Al\u0131nt\u0131s\u0131MD.AKS_.2.png\" alt=\"Ekran Al\u0131nt\u0131s\u0131MD.AKS.2\" width=\"640\" height=\"372\" srcset=\"https:\/\/balcilar-blog.com\/wp-content\/uploads\/2015\/04\/Ekran-Al\u0131nt\u0131s\u0131MD.AKS_.2.png 640w, https:\/\/balcilar-blog.com\/wp-content\/uploads\/2015\/04\/Ekran-Al\u0131nt\u0131s\u0131MD.AKS_.2-300x174.png 300w\" sizes=\"auto, (max-width: 640px) 100vw, 640px\" \/><\/a><\/p>\n<p>Sorulan sorular da, Mira ile olan a\u015fk\u0131, sorunlar\u0131, k\u00fcsk\u00fcnl\u00fckleri, ili\u015fkileri, Yaman nas\u0131l bir d\u00fc\u011f\u00fcn yapmak ister, Yaman&#8217;\u0131n \u00e7ocuklu\u011fu, ailesine ba\u011fl\u0131l\u0131\u011f\u0131, Mert ile karde\u015f gibi olu\u015fu, Yaman&#8217;\u0131n hayat\u0131nda olmazsa olmazlar\u0131, Yaman \u015fehir ya\u015fam\u0131nda m\u0131, do\u011fada m\u0131 ya\u015famak ister gibi bir dolu sorular soruldu.<\/p>\n<p><a href=\"http:\/\/balcilar-blog.com\/wp-content\/uploads\/2015\/04\/Ekran-Al\u0131nt\u0131s\u0131MD69.AKS4_.png\"><img loading=\"lazy\" decoding=\"async\" class=\"alignnone size-full wp-image-8293\" src=\"http:\/\/balcilar-blog.com\/wp-content\/uploads\/2015\/04\/Ekran-Al\u0131nt\u0131s\u0131MD69.AKS4_.png\" alt=\"Ekran Al\u0131nt\u0131s\u0131MD69.AKS4\" width=\"673\" height=\"432\" srcset=\"https:\/\/balcilar-blog.com\/wp-content\/uploads\/2015\/04\/Ekran-Al\u0131nt\u0131s\u0131MD69.AKS4_.png 673w, https:\/\/balcilar-blog.com\/wp-content\/uploads\/2015\/04\/Ekran-Al\u0131nt\u0131s\u0131MD69.AKS4_-300x193.png 300w\" sizes=\"auto, (max-width: 673px) 100vw, 673px\" \/><\/a><\/p>\n<p>Koray Candemir&#8217;e sorulan sorular tabii ki, ger\u00e7ek hayat\u0131na ait sorulard\u0131, \u015fark\u0131c\u0131l\u0131\u011f\u0131, beste yapman\u0131n zorlu\u011fu, pe\u00e7ete yaz\u0131l\u0131 \u015fark\u0131 iste\u011fi ald\u0131n\u0131z m\u0131 gibi bir dolu sorular soruldu. O s\u0131rada mekan\u0131n \u00f6n\u00fc de y\u00fczlerce seveni ile doldu, ta\u015ft\u0131.<\/p>\n<p><a href=\"http:\/\/balcilar-blog.com\/wp-content\/uploads\/2015\/04\/Ekran-Al\u0131nt\u0131s\u0131MD69.16A.png\"><img loading=\"lazy\" decoding=\"async\" class=\"alignnone size-full wp-image-8302\" src=\"http:\/\/balcilar-blog.com\/wp-content\/uploads\/2015\/04\/Ekran-Al\u0131nt\u0131s\u0131MD69.16A.png\" alt=\"Ekran Al\u0131nt\u0131s\u0131MD69.16A\" width=\"640\" height=\"372\" srcset=\"https:\/\/balcilar-blog.com\/wp-content\/uploads\/2015\/04\/Ekran-Al\u0131nt\u0131s\u0131MD69.16A.png 640w, https:\/\/balcilar-blog.com\/wp-content\/uploads\/2015\/04\/Ekran-Al\u0131nt\u0131s\u0131MD69.16A-300x174.png 300w\" sizes=\"auto, (max-width: 640px) 100vw, 640px\" \/><\/a><\/p>\n<p>Gelen binlerce soruyu cevapland\u0131rmak tabi ki imkans\u0131zd\u0131. Bir \u00e7ok seveni ona soru sormak yerine \u00f6vg\u00fc ve hayranl\u0131klar\u0131n\u0131 belirten twitler att\u0131lar.<\/p>\n<p>\u0130\u015fte at\u0131lan twitlerden bir ka\u00e7 al\u0131nt\u0131;<\/p>\n<p>G\u00fcl\u00fc\u015f\u00fcnle.. Mimiklerinle.. Her\u015feyinle.. Kusursuzsun..<\/p>\n<p>Surat\u0131n m\u00fckemmelli\u011fi g\u00fcl\u00fc\u015f\u00fcn hasl\u0131\u011f\u0131 yaaa sen balm\u0131s\u0131n kaymakm\u0131s\u0131n?<\/p>\n<p>\u0130\u015fini sa\u011flama alan yaman. En sevdigim.<\/p>\n<p>Bal suratl\u0131m, d\u00fcnyalar yak\u0131\u015f\u0131kl\u0131s\u0131&#8230;<\/p>\n<p>cagatayulusoyy Kalbime iniyodu napt\u0131n sen \u00f6yle&#8230;<\/p>\n<p>O kadar \u00e7ok hakk\u0131nda yaz\u0131lan oldu ki, burada tamam\u0131n\u0131 yans\u0131tam\u0131yorum.<\/p>\n<p>H\u00fcrriyet k\u00f6\u015fe yazar\u0131 Ahmet Hakan&#8217;\u0131n\u00a0 &#8220;Romadan g\u00fcn\u00fcm\u00fcz\u00fcn \u00fcnl\u00fcleri&#8221; adl\u0131 yaz\u0131s\u0131ndan \u00c7a\u011fatay Ulusoy ile ilgili yaz\u0131s\u0131nda bak\u0131n neler yazm\u0131\u015f:<\/p>\n<p>\u201cAz\u0131c\u0131k sohbet edince\u2026 Bir insan\u0131n sadece \u2018<strong>yak\u0131\u015f\u0131kl\u0131<\/strong>\u2019 kelimesine ya da sersem magazin kli\u015fesine indirgenmesi gerekti\u011fini anlayabiliyorsunuz. Anlatmak istedi\u011fi g\u00fczel hikayeleri var, oynamak istedi\u011fi zor roller var\u2026 Ve yolun ba\u015flang\u0131c\u0131nda oldu\u011funun fark\u0131nda. \u0130\u015fte s\u0131rf bu fark\u0131ndal\u0131k nedeniyle yolu a\u00e7\u0131k.\u201d<\/p>\n<p>\u00c7a\u011fatay Ulusoy&#8217;un Medcezir&#8217;in Yaman&#8217;\u0131 olarak canl\u0131 yay\u0131na \u00e7\u0131kmas\u0131 izleyiciye ger\u00e7ekten s\u00fcrpriz oldu.<\/p>\n<p><a href=\"http:\/\/balcilar-blog.com\/wp-content\/uploads\/2015\/04\/CCz7kOuXIAA9PeU.png\"><img loading=\"lazy\" decoding=\"async\" class=\"alignnone size-full wp-image-8385\" src=\"http:\/\/balcilar-blog.com\/wp-content\/uploads\/2015\/04\/CCz7kOuXIAA9PeU.png\" alt=\"CCz7kOuXIAA9PeU\" width=\"640\" height=\"376\" srcset=\"https:\/\/balcilar-blog.com\/wp-content\/uploads\/2015\/04\/CCz7kOuXIAA9PeU.png 640w, https:\/\/balcilar-blog.com\/wp-content\/uploads\/2015\/04\/CCz7kOuXIAA9PeU-300x176.png 300w\" sizes=\"auto, (max-width: 640px) 100vw, 640px\" \/><\/a><\/p>\n<p>Ben de bir \u015feyler s\u00f6ylemek istiyorum \u00c7a\u011fatay i\u00e7in. Kendisini \u00e7ok \u00e7abuk geli\u015ftiren, yeti\u015ftiren, son derece al\u00e7ak g\u00f6n\u00fcll\u00fc ve zeki bir adam \u00c7a\u011fatay Ulusoy, bence gelece\u011fin oyuncusu ve j\u00f6n\u00fc olacakt\u0131r.<\/p>\n<p>D\u00fcn gece Medcezir 69.B\u00f6l\u00fcm\u00fc yay\u0131nland\u0131. Yamans\u00fcrpriz etiketiydi. Ger\u00e7ekten de izleyenlere b\u00fcy\u00fck s\u00fcrpriz oldu.<\/p>\n<p>Ba\u015far\u0131lar\u0131n\u0131n devam\u0131n\u0131 dilerim \u00c7a\u011fatay, yolun a\u00e7\u0131k olsun, g\u00fclen y\u00fcz\u00fcn gibi baht\u0131n da a\u00e7\u0131k olsun.<\/p>\n<p><span style=\"color: #ff0000;\">Alttaki <span style=\"color: #0000ff;\">You Tube<\/span> linkini t\u0131klayarak izleyebilirsiniz.<\/span><\/p>\n<p>Sayg\u0131lar ve sevgiler.<\/p>\n<p>Abdurrahman Balc\u0131lar<\/p>\n<p>Twitter: abdurrahman balc\u0131lar@abbalcilar<\/p>\n<p>Mail : <a href=\"mailto:ab.balcilar@hotmail.com\">ab.balcilar@hotmail.com<\/a><\/p>\n<p>Blog:\u00a0<a href=\"http:\/\/t.co\/znqmIZgIqn\">blog.milliyet.com.tr\/cansever<\/a><\/p>\n<p>Blog:\u00a0<strong>balcilar<\/strong>&#8211;<strong>blog.com<\/strong><\/p>\n<p>https:\/\/www.youtube.com\/watch?v=z-MSH3X0icM<\/p>\n<p>&nbsp;<\/p>\n<p>Not: Haber ve g\u00f6rseller, sessizvitrin You Tube yay\u0131n\u0131ndan ve \u00c7a\u011fatay Ulusoy twitter sayfas\u0131ndan al\u0131nm\u0131\u015ft\u0131r.<\/p>\n<p>&nbsp;<\/p>\n","protected":false},"excerpt":{"rendered":"<p>Medcezir dizisinde bir ilk ger\u00e7ekle\u015fti. \u00c7a\u011fatay Ulusoy ile \u00fcnl\u00fc rockc\u0131 Koray Candemir dizi yay\u0131n\u0131 i\u00e7inde canl\u0131 olarak bir araya geldi. Dizinin Yaman&#8217;\u0131 olarak st\u00fcdyoya giren \u00c7a\u011fatay Ulusoy, Candemir ile &#8220;Kuyruklu Y\u0131ld\u0131z&#8221; adl\u0131 \u015fark\u0131y\u0131 birlikte seslendirdi. Birlikte bir saat izleyenlerin twitter&#8217;dan sordu\u011fu sorular\u0131 an\u0131nda canl\u0131 olarak cevapland\u0131rd\u0131lar. &#8220;Yamans\u00fcrpriz&#8221; etiketi ile seszizvitrinde yer ald\u0131. Ayr\u0131ca Axe reklam\u0131nda [&hellip;]<\/p>\n","protected":false},"author":3,"featured_media":0,"comment_status":"open","ping_status":"open","sticky":false,"template":"","format":"standard","meta":{"footnotes":""},"categories":[7],"tags":[15,678,16,152],"class_list":["post-8283","post","type-post","status-publish","format-standard","hentry","category-magazin","tag-cagatay-ulusoy","tag-koray-candemir","tag-medcezir","tag-yaman"],"views":4431,"blog_post_layout_featured_media_urls":{"thumbnail":"","full":""},"categories_names":{"7":{"name":"Magazin","link":"https:\/\/balcilar-blog.com\/?cat=7"}},"tags_names":{"15":{"name":"\u00e7a\u011fatay ulusoy","link":"https:\/\/balcilar-blog.com\/?tag=cagatay-ulusoy"},"678":{"name":"Koray Candemir","link":"https:\/\/balcilar-blog.com\/?tag=koray-candemir"},"16":{"name":"medcezir","link":"https:\/\/balcilar-blog.com\/?tag=medcezir"},"152":{"name":"Yaman","link":"https:\/\/balcilar-blog.com\/?tag=yaman"}},"comments_number":"0","wpmagazine_modules_lite_featured_media_urls":{"thumbnail":"","cvmm-medium":"","cvmm-medium-plus":"","cvmm-portrait":"","cvmm-medium-square":"","cvmm-large":"","cvmm-small":"","full":""},"_links":{"self":[{"href":"https:\/\/balcilar-blog.com\/index.php?rest_route=\/wp\/v2\/posts\/8283","targetHints":{"allow":["GET"]}}],"collection":[{"href":"https:\/\/balcilar-blog.com\/index.php?rest_route=\/wp\/v2\/posts"}],"about":[{"href":"https:\/\/balcilar-blog.com\/index.php?rest_route=\/wp\/v2\/types\/post"}],"author":[{"embeddable":true,"href":"https:\/\/balcilar-blog.com\/index.php?rest_route=\/wp\/v2\/users\/3"}],"replies":[{"embeddable":true,"href":"https:\/\/balcilar-blog.com\/index.php?rest_route=%2Fwp%2Fv2%2Fcomments&post=8283"}],"version-history":[{"count":7,"href":"https:\/\/balcilar-blog.com\/index.php?rest_route=\/wp\/v2\/posts\/8283\/revisions"}],"predecessor-version":[{"id":8386,"href":"https:\/\/balcilar-blog.com\/index.php?rest_route=\/wp\/v2\/posts\/8283\/revisions\/8386"}],"wp:attachment":[{"href":"https:\/\/balcilar-blog.com\/index.php?rest_route=%2Fwp%2Fv2%2Fmedia&parent=8283"}],"wp:term":[{"taxonomy":"category","embeddable":true,"href":"https:\/\/balcilar-blog.com\/index.php?rest_route=%2Fwp%2Fv2%2Fcategories&post=8283"},{"taxonomy":"post_tag","embeddable":true,"href":"https:\/\/balcilar-blog.com\/index.php?rest_route=%2Fwp%2Fv2%2Ftags&post=8283"}],"curies":[{"name":"wp","href":"https:\/\/api.w.org\/{rel}","templated":true}]}}