{"id":825,"date":"2014-03-26T18:01:39","date_gmt":"2014-03-26T16:01:39","guid":{"rendered":"http:\/\/balcilar-blog.com\/?p=825"},"modified":"2014-03-26T18:08:08","modified_gmt":"2014-03-26T16:08:08","slug":"kurt-seyit-ve-sura-seyit-kurtulur-surasina-kavusur","status":"publish","type":"post","link":"https:\/\/balcilar-blog.com\/?p=825","title":{"rendered":"Kurt Seyit ve \u015eura \/ Seyit kurtulur, \u015eura&#8217;s\u0131na kavu\u015fur."},"content":{"rendered":"<dl>\n<dt><\/dt>\n<dt><\/dt>\n<dt><a href=\"http:\/\/balcilar-blog.com\/wp-content\/uploads\/2014\/03\/Ekran-Al\u0131nt\u0131s\u0131.PNG-kurt-8.PNGkurt-12.png\"><img loading=\"lazy\" decoding=\"async\" class=\"alignnone size-medium wp-image-823\" alt=\"Ekran Al\u0131nt\u0131s\u0131.PNG kurt 8.PNGkurt 12\" src=\"http:\/\/balcilar-blog.com\/wp-content\/uploads\/2014\/03\/Ekran-Al\u0131nt\u0131s\u0131.PNG-kurt-8.PNGkurt-12-300x165.png\" width=\"300\" height=\"165\" srcset=\"https:\/\/balcilar-blog.com\/wp-content\/uploads\/2014\/03\/Ekran-Al\u0131nt\u0131s\u0131.PNG-kurt-8.PNGkurt-12-300x165.png 300w, https:\/\/balcilar-blog.com\/wp-content\/uploads\/2014\/03\/Ekran-Al\u0131nt\u0131s\u0131.PNG-kurt-8.PNGkurt-12.png 638w\" sizes=\"auto, (max-width: 300px) 100vw, 300px\" \/><\/a><\/dt>\n<dt>Kategori<\/dt>\n<dd><strong><a href=\"http:\/\/blog.milliyet.com.tr\/tv-programlari\/Kategori\/?KategoriNo=351\">TV Programlar\u0131<\/a><\/strong><\/dd>\n<\/dl>\n<div>\n<div id=\"BlogDetail\">\n<div>\n<div id=\"BlogDetail\">\n<p><a href=\"http:\/\/blog.milliyet.com.tr\/AramaBlog\/?search=Star%20Tv\" rel=\"external nofollow\">Star Tv<\/a>.in a\u015fk ve sava\u015f dizisi \u201c<a href=\"http:\/\/blog.milliyet.com.tr\/AramaBlog\/?search=Kurt%20Seyit%20ve%20%C5%9Eura\" rel=\"external nofollow\">Kurt Seyit ve \u015eura<\/a>\u201d\u00a0 g\u00fczel bir b\u00f6l\u00fcm ile ekranlar\u0131m\u0131za geldi. Ge\u00e7en hafta ma\u00e7 nedeniyle 3.b\u00f6l\u00fcm yay\u0131nlanmam\u0131\u015ft\u0131. Bu hafta reytinglerde y\u00fckselme olmad\u0131, AB\u2019de 4.s\u0131rada, Total\u2019de 9.s\u0131rada yer ald\u0131.<\/p>\n<p>Seyit\u2019in \u00f6l\u00fcm haberi \u015eura\u2019n\u0131n r\u00fcyalar\u0131nda kabusu olur. Onu sava\u015f alanlar\u0131nda arar, Seyit diye ba\u011f\u0131rarak uyan\u0131r.<\/p>\n<p>Can dostu Celil, onu b\u00fct\u00fcn hastan elerde yaral\u0131 hastalar aras\u0131nda arar. \u015eura\u2019n\u0131n babas\u0131, \u00dcste\u011fmen Eminof\u2019un \u00f6l\u00fcm\u00fcnden emin miyiz diye sorar. Ancak cesedi bulunmadan ailesine haber verilmemesi gerekmektedir. Petro \u015eura\u2019y\u0131 her konuda yard\u0131mc\u0131 olaca\u011f\u0131n\u0131 babas\u0131na s\u00f6z s\u00f6yler. Ablas\u0131na da \u015ferefi \u00fczerine s\u00f6z verir, onu Seyit\u2019i unutturaca\u011f\u0131m.<\/p>\n<p>Nihayet, Celil onu bir hastanede yatarken bulur. Ba\u015fucunda hemen k\u0131sa bir mektup yazar, doktoruna kendine geldi\u011finde verilmesini ister. Bulunan saatini de ba\u015fucuna asar.<\/p>\n<p>Bir g\u00fcn aniden \u015eura\u2019n\u0131n babas\u0131 \u00f6l\u00fcr. \u015eura, peri\u015fan olur, bir tarafta Seyit\u2019i kaybetmesi, di\u011fer taraftan babas\u0131n\u0131 kaybetmesi onu derinden yaralam\u0131\u015ft\u0131r.<\/p>\n<p><img decoding=\"async\" alt=\"\" src=\"http:\/\/www2.dizifilm.com\/newpics\/fotogaleri\/act\/4643_6918_24032014_5.jpg\" \/><\/p>\n<p>Petro, gelen telgraflar\u0131 hizmetlinin elinden al\u0131r. Seyit\u2019ten gelen mektubu okur. \u201c\u015eura, son nefesimde bile seni sevece\u011fim\u201d diye biten mektubu, \u015f\u00f6minede yakar. \u0130\u00e7eriye aniden giren \u015eura\u2019n\u0131n ye\u011feni k\u0131z g\u00f6r\u00fcr.<\/p>\n<p><img decoding=\"async\" alt=\"Ekran Al\u0131nt\u0131s\u0131.PNG kurt.1\" src=\"http:\/\/balcilar-blog.com\/wp-content\/uploads\/2014\/03\/Ekran-Al%C4%B1nt%C4%B1s%C4%B1.PNG-kurt.1-300x166.png\" \/><\/p>\n<p>Kurt Seyit, hastanedeki hem\u015firelerin panik halindeki hareketlerini ve seslerini duyar, g\u00f6zlerini a\u00e7ar. Art\u0131k g\u00fcnler sonra, ilk defa kendine gelmi\u015ftir. Uyand\u0131\u011f\u0131n\u0131 doktora haber verirler. Doktor, \u201cHo\u015f geldin \u00dcste\u011fmen Eminof\u201d diyerek seslenir.<\/p>\n<p><img decoding=\"async\" alt=\"\" src=\"http:\/\/www2.dizifilm.com\/newpics\/fotogaleri\/act\/4643_6918_24032014_1.jpg\" \/><\/p>\n<p>Petro, \u015eura ile konu\u015fur, babana s\u00f6z verdim, hep yan\u0131nda olaca\u011f\u0131m. \u015eura d\u00fc\u015fer bay\u0131l\u0131r, Petro onu kald\u0131r\u0131r. \u015eura\u2019n\u0131n annesi, Petro senin hayat\u0131na kurtard\u0131, onu minnet borcun var. \u015eehir kar\u0131\u015f\u0131kt\u0131r, isyanc\u0131lar ayaklanmaya ba\u015flar, \u015fehri terk etmek gerekmektedir. Petro, onlar\u0131 Petrograd\u2019a g\u00f6t\u00fcrmek ister.<\/p>\n<p>Ayn\u0131 kar\u0131\u015f\u0131kl\u0131klar g\u00fcneyde K\u0131r\u0131m\u2019da da ba\u015f g\u00f6stermektedir. Baba Seyitof\u2019a mallar\u0131n\u0131 sat\u0131p \u00fclkeyi terk etmesi s\u00f6ylenir. Ama Seyitof, onlar\u0131 dinlemez terk etmeyece\u011fini s\u00f6yler.<\/p>\n<p><img decoding=\"async\" alt=\"\" src=\"http:\/\/www2.dizifilm.com\/newpics\/fotogaleri\/act\/4643_6918_24032014_2.jpg\" \/><\/p>\n<p>\u015eura\u2019n\u0131n annesi Petro iyi bir insan, \u015eura\u2019y\u0131 ger\u00e7ekten seviyor. \u015eura, karde\u015fine Petro ile asla evlenmeyece\u011fim, hi\u00e7 kimse ile evlenmeyece\u011fim, der.<\/p>\n<p><img decoding=\"async\" alt=\"\" src=\"http:\/\/www2.dizifilm.com\/newpics\/fotogaleri\/act\/4643_6918_24032014_6.jpg\" \/><\/p>\n<p>G\u00fcnler ge\u00e7er, Seyit bastonlar ile y\u00fcr\u00fcmeye ba\u015flar. Her taraf ceset doludur. Seyit, Nisan 1917\u2019de Petrograd\u2019tad\u0131r. Kald\u0131\u011f\u0131 odan\u0131n kap\u0131s\u0131 \u00e7alar. Gelen Celil ve Tatya\u2019d\u0131r. Sar\u0131l\u0131p, konu\u015furlar. \u00dc\u00e7 d\u00f6rt g\u00fcn \u00f6nce gelmi\u015ftir buraya. Ortal\u0131k, kar\u0131\u015f\u0131kt\u0131r. \u015eura\u2019n\u0131n d\u00f6nd\u00fc\u011f\u00fcne haberi var m\u0131? Diye sorarlar. Celil, Mi\u015fa, isyanc\u0131larla i\u015fbirli\u011fi i\u00e7indedir. \u00c7ar\u2019\u0131n subaylar\u0131 bir bir \u00f6ld\u00fcr\u00fclmek istenmektedir. G\u00f6r\u00fcld\u00fc\u011f\u00fc yerde vurulmalar\u0131 istenir.<\/p>\n<p><img decoding=\"async\" alt=\"Ekran Al\u0131nt\u0131s\u0131.PNG kurt 3\" src=\"http:\/\/balcilar-blog.com\/wp-content\/uploads\/2014\/03\/Ekran-Al%C4%B1nt%C4%B1s%C4%B1.PNG-kurt-3-300x166.png\" \/><\/p>\n<p>Kurt Seyit ve Celil Petro\u2019ya ziyarete gelirler. Petro, Seyit\u2019i g\u00f6r\u00fcnce \u00e7ok \u015fa\u015f\u0131r\u0131r. Ak\u015fam yeme\u011fe kalmalar\u0131 istenir. Bir haftad\u0131r burada oldu\u011funu s\u00f6yleyen Seyit\u2019e Petro, benim niye \u015fimdi haberim oluyor diyerek sitem eder. Seyit, yar\u0131n ak\u015fam da K\u0131r\u0131m\u2019a do\u011fru yola \u00e7\u0131k\u0131yorum. Celil, laf\u0131 d\u00fczeltir, \u00e7\u0131k\u0131yoruz. \u015eura\u2019y\u0131 g\u00f6rece\u011fim diyen Seyit\u2019e Petro, \u015eura babas\u0131n\u0131 kaybetti biliyorsunuz de\u011fil mi? Ne zaman diye Soran Seyit\u2019e, Petro senin \u00f6l\u00fcm haberini ald\u0131\u011f\u0131ndan birka\u00e7 g\u00fcn sonra. Seyit; \u015eura benim \u00f6ld\u00fc\u011f\u00fcm\u00fc m\u00fc zannediyor. Ben mektup yazm\u0131\u015ft\u0131m der Seyit. O zaman kar\u015f\u0131na \u00e7\u0131kmam ona b\u00fcy\u00fck s\u00fcrpriz olacak.<\/p>\n<p><img decoding=\"async\" alt=\"Ekran Al\u0131nt\u0131s\u0131.PNG kurt 4\" src=\"http:\/\/balcilar-blog.com\/wp-content\/uploads\/2014\/03\/Ekran-Al%C4%B1nt%C4%B1s%C4%B1.PNG-kurt-4-300x167.png\" \/><\/p>\n<p>Ak\u015fam beraber yemek yenir, dostlu\u011fa kadeh kald\u0131r\u0131rlar. Petro yemek sonras\u0131 onlar\u0131 u\u011furlar, asker oldu\u011funuzu s\u00f6ylemeyin, kimseye g\u00f6r\u00fcnmeyin der.<\/p>\n<p>Seyit ile Celil fayton ile yola \u00e7\u0131karlar. Petro hain bir plan yapar, Seyit\u2019i \u00f6ld\u00fcrtmek ister. Yolda pusu kurulur, ate\u015f a\u00e7\u0131l\u0131r. Aralar\u0131nda m\u00fcthi\u015f bir silahl\u0131 \u00e7at\u0131\u015fma \u00e7\u0131kar. \u00c7o\u011funu \u00f6ld\u00fcr\u00fcrler. Celil ile buradan sa\u011f salim kurtulurlar.<\/p>\n<p>Seyit, babas\u0131na mektup yazar, yapmam gereken i\u015fler var, halledip, en yak\u0131n zamanda g\u00f6r\u00fc\u015fece\u011fiz.<\/p>\n<p>Merkezde Mi\u015fa sorguya \u00e7ekilir. Petro bir haindir, ka\u00e7an subaylar\u0131 biliyorum, nereye gittiklerini s\u00f6yleyebilirim, der. Mi\u015fa, Petro\u2019nun surat\u0131na t\u00fck\u00fcr\u00fcr.<\/p>\n<p>Seyit, kald\u0131klar\u0131 evin bo\u015falt\u0131ld\u0131\u011f\u0131n\u0131 ve ya\u011fmaland\u0131\u011f\u0131n\u0131 g\u00f6r\u00fcr. Di\u011fer tarafta \u015eura, annesi ve karde\u015fi ile haz\u0131rlan\u0131rlar yar\u0131n Petrograd\u2019a gideceklerdir.<\/p>\n<p><img decoding=\"async\" alt=\"Ekran Al\u0131nt\u0131s\u0131.PNG kurt 6\" src=\"http:\/\/balcilar-blog.com\/wp-content\/uploads\/2014\/03\/Ekran-Al%C4%B1nt%C4%B1s%C4%B1.PNG-kurt-6-300x165.png\" \/><\/p>\n<p>Celil ile Tatya, \u015eura ile kar\u015f\u0131la\u015f\u0131rlar. \u015eura \u015fa\u015f\u0131r\u0131r, Tatya ile sar\u0131l\u0131rlar. Seyit odada uykudad\u0131r, at \u00fcst\u00fcnde giderken \u015eura\u2019n\u0131n Seyit diye seslendi\u011fini duyar. O s\u0131rada \u015eura yana\u011f\u0131n\u0131 ok\u015far, uyand\u0131r\u0131r. G\u00f6zlerini a\u00e7an Seyit, \u015eura\u2019y\u0131 kar\u015f\u0131s\u0131nda g\u00f6r\u00fcnce \u00e7ok \u015fa\u015f\u0131r\u0131r, boynuna sar\u0131l\u0131r. \u015eura, a\u011flamaktan konu\u015famaz.<\/p>\n<p><img decoding=\"async\" alt=\"Ekran Al\u0131nt\u0131s\u0131.PNG kurt 5\" src=\"http:\/\/balcilar-blog.com\/wp-content\/uploads\/2014\/03\/Ekran-Al%C4%B1nt%C4%B1s%C4%B1.PNG-kurt-5-300x165.png\" \/><\/p>\n<p>O s\u0131ra kap\u0131 \u00e7alar, annesi ve karde\u015fi gelir. \u0130stasyonda annesine ben \u015eura\u2019y\u0131 almaya geldim. Hayat\u0131m boyunca hayat\u0131m\u0131 k\u0131z\u0131n\u0131z\u0131n mutlulu\u011funa adayaca\u011f\u0131m\u0131, onu hep sevip, koruyaca\u011f\u0131ma \u015ferefim \u00fczerine s\u00f6z veririm.<\/p>\n<p><img decoding=\"async\" alt=\"\" src=\"http:\/\/www2.dizifilm.com\/newpics\/fotogaleri\/act\/4643_6918_24032014_3.jpg\" \/><\/p>\n<p>\u0130syanc\u0131lar, Petro\u2019nun anne ve babas\u0131n\u0131 arabaya bindirip g\u00f6t\u00fcrmek ister. Petro gelir, onla annem babam der. Tabancas\u0131n\u0131 \u00e7eker ama dinlemezler, g\u00f6t\u00fcr\u00fcrler.<\/p>\n<p>\u015eura\u2019n\u0131n annesi nereye gitmek istediklerini sorar, K\u0131r\u0131m\u2019a ailemin yan\u0131na diyerek cevap verir Seyit. Hayat\u0131n\u0131z tehlikede, gidece\u011finiz yer de g\u00fcvenli de\u011fil. Annesi gitmesine izin vermez. Seyit annenin \u015fartlar\u0131na kar\u015f\u0131 \u00e7\u0131kamam. \u0130syanc\u0131lar istasyonu basar. Celil ve Seyit ile isyanc\u0131lar aras\u0131nda amans\u0131z bir m\u00fccadele ba\u015flar.<\/p>\n<p><img decoding=\"async\" alt=\"Ekran Al\u0131nt\u0131s\u0131.PNG kurt 8\" src=\"http:\/\/balcilar-blog.com\/wp-content\/uploads\/2014\/03\/Ekran-Al%C4%B1nt%C4%B1s%C4%B1.PNG-kurt-8-300x164.png\" \/><\/p>\n<p>O s\u0131rada tren gelir, \u015eura ve annesi trene binerler, Seyit ile vedala\u015f\u0131rlar. Seyit 2 ay sonra gelir al\u0131r\u0131m.<\/p>\n<p><img decoding=\"async\" alt=\"Ekran Al\u0131nt\u0131s\u0131.PNG kurt 7\" src=\"http:\/\/balcilar-blog.com\/wp-content\/uploads\/2014\/03\/Ekran-Al%C4%B1nt%C4%B1s%C4%B1.PNG-kurt-7-300x167.png\" \/><\/p>\n<p>\u015eura, trenin penceresinden Seyit\u2019i izler. Sonra d\u00f6ner annesine, anne beni afet, \u00f6per al\u0131r valizini trenden iner. Seyit ile sar\u0131l\u0131rlar ve 3.b\u00f6l\u00fcm burada biter.<\/p>\n<p><a href=\"http:\/\/blog.milliyet.com.tr\/AramaBlog\/?search=Ay%20Yap%C4%B1m\" rel=\"external nofollow\">Ay Yap\u0131m<\/a>\u2019\u0131n zor \u015fartlar alt\u0131nda \u00e7ekilen bu dizisi i\u00e7in \u00e7ok \u00e7al\u0131\u015f\u0131lm\u0131\u015f, \u00e7ok da masraf edilmi\u015f. K\u0131\u015f \u015fartlar\u0131nda karl\u0131k b\u00f6lgelerde \u00e7ekilen sava\u015f sahneleri g\u00f6r\u00fclmeye de\u011fer. <a href=\"http:\/\/blog.milliyet.com.tr\/AramaBlog\/?search=K%C4%B1van%C3%A7%20Tatl%C4%B1tu%C4%9F\" rel=\"external nofollow\">K\u0131van\u00e7 Tatl\u0131tu\u011f<\/a> bu rol i\u00e7in \u00e7ok emek vermi\u015f, \u00e7ok da \u00e7al\u0131\u015fm\u0131\u015f. Oyunculu\u011fu ger\u00e7ekten harika\u2026 Rusya b\u00f6l\u00fcmleri 1-2 b\u00f6l\u00fcm sonra art\u0131k \u0130stanbul b\u00f6l\u00fcmleri gelecek, hep birlikte g\u00f6rece\u011fiz.<\/p>\n<p>Keyifli Seyirler.<\/p>\n<p>Sayg\u0131lar ve sevgiler.<\/p>\n<p>Abdurrahman Balc\u0131lar<\/p>\n<p>Twitter: abdurrahman balc\u0131lar@abbalcilar<\/p>\n<p>Mail : <a href=\"mailto:ab.balcilar@hotmail.com\" target=\"_blank\">ab.balcilar@hotmail.com<\/a><\/p>\n<p>Blog: milliyet.com.tr\/cansever<\/p>\n<p>Not: G\u00f6rseller internetten ve dizifilm.com\u2019dan al\u0131nm\u0131\u015ft\u0131r.<\/p>\n<\/div>\n<\/div>\n<\/div>\n<\/div>\n","protected":false},"excerpt":{"rendered":"<p>Kategori TV Programlar\u0131 Star Tv.in a\u015fk ve sava\u015f dizisi \u201cKurt Seyit ve \u015eura\u201d\u00a0 g\u00fczel bir b\u00f6l\u00fcm ile ekranlar\u0131m\u0131za geldi. Ge\u00e7en hafta ma\u00e7 nedeniyle 3.b\u00f6l\u00fcm yay\u0131nlanmam\u0131\u015ft\u0131. Bu hafta reytinglerde y\u00fckselme olmad\u0131, AB\u2019de 4.s\u0131rada, Total\u2019de 9.s\u0131rada yer ald\u0131. Seyit\u2019in \u00f6l\u00fcm haberi \u015eura\u2019n\u0131n r\u00fcyalar\u0131nda kabusu olur. Onu sava\u015f alanlar\u0131nda arar, Seyit diye ba\u011f\u0131rarak uyan\u0131r. Can dostu Celil, onu [&hellip;]<\/p>\n","protected":false},"author":3,"featured_media":0,"comment_status":"open","ping_status":"open","sticky":false,"template":"","format":"standard","meta":{"footnotes":""},"categories":[2],"tags":[26,80,234,25],"class_list":["post-825","post","type-post","status-publish","format-standard","hentry","category-tv-programlari","tag-ay-yapim","tag-kivanc-tatlitug","tag-kurt-seyit-ve-sura","tag-star-tv"],"views":4477,"blog_post_layout_featured_media_urls":{"thumbnail":"","full":""},"categories_names":{"2":{"name":"TV Programlar\u0131","link":"https:\/\/balcilar-blog.com\/?cat=2"}},"tags_names":{"26":{"name":"Ay Yap\u0131m","link":"https:\/\/balcilar-blog.com\/?tag=ay-yapim"},"80":{"name":"K\u0131van\u00e7 Tatl\u0131tu\u011f","link":"https:\/\/balcilar-blog.com\/?tag=kivanc-tatlitug"},"234":{"name":"Kurt Seyit ve \u015eura","link":"https:\/\/balcilar-blog.com\/?tag=kurt-seyit-ve-sura"},"25":{"name":"Star Tv","link":"https:\/\/balcilar-blog.com\/?tag=star-tv"}},"comments_number":"0","wpmagazine_modules_lite_featured_media_urls":{"thumbnail":"","cvmm-medium":"","cvmm-medium-plus":"","cvmm-portrait":"","cvmm-medium-square":"","cvmm-large":"","cvmm-small":"","full":""},"_links":{"self":[{"href":"https:\/\/balcilar-blog.com\/index.php?rest_route=\/wp\/v2\/posts\/825","targetHints":{"allow":["GET"]}}],"collection":[{"href":"https:\/\/balcilar-blog.com\/index.php?rest_route=\/wp\/v2\/posts"}],"about":[{"href":"https:\/\/balcilar-blog.com\/index.php?rest_route=\/wp\/v2\/types\/post"}],"author":[{"embeddable":true,"href":"https:\/\/balcilar-blog.com\/index.php?rest_route=\/wp\/v2\/users\/3"}],"replies":[{"embeddable":true,"href":"https:\/\/balcilar-blog.com\/index.php?rest_route=%2Fwp%2Fv2%2Fcomments&post=825"}],"version-history":[{"count":3,"href":"https:\/\/balcilar-blog.com\/index.php?rest_route=\/wp\/v2\/posts\/825\/revisions"}],"predecessor-version":[{"id":828,"href":"https:\/\/balcilar-blog.com\/index.php?rest_route=\/wp\/v2\/posts\/825\/revisions\/828"}],"wp:attachment":[{"href":"https:\/\/balcilar-blog.com\/index.php?rest_route=%2Fwp%2Fv2%2Fmedia&parent=825"}],"wp:term":[{"taxonomy":"category","embeddable":true,"href":"https:\/\/balcilar-blog.com\/index.php?rest_route=%2Fwp%2Fv2%2Fcategories&post=825"},{"taxonomy":"post_tag","embeddable":true,"href":"https:\/\/balcilar-blog.com\/index.php?rest_route=%2Fwp%2Fv2%2Ftags&post=825"}],"curies":[{"name":"wp","href":"https:\/\/api.w.org\/{rel}","templated":true}]}}