{"id":8109,"date":"2015-04-13T13:36:44","date_gmt":"2015-04-13T10:36:44","guid":{"rendered":"http:\/\/balcilar-blog.com\/?p=8109"},"modified":"2015-04-13T13:37:44","modified_gmt":"2015-04-13T10:37:44","slug":"serenay-sarikaya-cagatay-ulusoy-iliskisi-bitti-mi","status":"publish","type":"post","link":"https:\/\/balcilar-blog.com\/?p=8109","title":{"rendered":"Serenay Sar\u0131kaya &#038; \u00c7a\u011fatay Ulusoy ili\u015fkisi bitti mi?"},"content":{"rendered":"<p><a href=\"http:\/\/balcilar-blog.com\/wp-content\/uploads\/2015\/03\/Ekran-Al\u0131nt\u0131s\u0131MD66.2.png\"><img loading=\"lazy\" decoding=\"async\" class=\"alignnone size-full wp-image-7642\" src=\"http:\/\/balcilar-blog.com\/wp-content\/uploads\/2015\/03\/Ekran-Al\u0131nt\u0131s\u0131MD66.2.png\" alt=\"Ekran Al\u0131nt\u0131s\u0131MD66.2\" width=\"635\" height=\"384\" srcset=\"https:\/\/balcilar-blog.com\/wp-content\/uploads\/2015\/03\/Ekran-Al\u0131nt\u0131s\u0131MD66.2.png 635w, https:\/\/balcilar-blog.com\/wp-content\/uploads\/2015\/03\/Ekran-Al\u0131nt\u0131s\u0131MD66.2-300x181.png 300w\" sizes=\"auto, (max-width: 635px) 100vw, 635px\" \/><\/a><\/p>\n<p>Medcezir&#8217;in g\u00fczel y\u0131ld\u0131z\u0131 Serenay Sar\u0131kaya ve \u015eeref Meslesi&#8217;nin yak\u0131\u015f\u0131kl\u0131 oyuncusu Kerem Bursin bir jean firmas\u0131n\u0131n yeni reklam y\u00fcz\u00fc oldular.<\/p>\n<p>Reklam filminin bas\u0131n toplant\u0131s\u0131nda Sar\u0131kaya, \u201cKerem \u00e7al\u0131\u015fmas\u0131 harika, m\u00fckemmel bir erkek, beyefendi ve kibar\u201d diyerek B\u00fcrsin\u2019i \u00f6vm\u00fc\u015f, B\u00fcrsin de \u201cSerenay\u2019\u0131n harika bir enerjisi var\u201d diyerek altta kalmam\u0131\u015ft\u0131. Bu s\u00f6zler ise Sar\u0131kaya\u2019n\u0131n sevgilisi \u00c7a\u011fatay Ulusoy\u2019u \u00e7ileden \u00e7\u0131kard\u0131. \u2018Medcezir\u2019 dizisinde ba\u015f rol\u00fc sevgilisi Sar\u0131kaya\u2019yla payla\u015fan Ulusoy\u2019un yapt\u0131\u011f\u0131 k\u0131skan\u00e7l\u0131klar ili\u015fkinin bir kez daha sonunu getirdi.<\/p>\n<p>Ulusoy\u2019un yapt\u0131klar\u0131ndan bunalan Sar\u0131kaya ili\u015fkisini bitirme karar\u0131 ald\u0131. Ayr\u0131ca reklam filminin \u00e7ekim g\u00fcn\u00fc, \u00c7a\u011fatay Ulusoy\u2019un sevgilisi Sar\u0131kaya\u2019y\u0131 st\u00fcdyoya kendisi g\u00f6t\u00fcrd\u00fc\u011f\u00fc ve \u00e7ekimler bitene kadar da kap\u0131da bekledi\u011fi \u00f6\u011frenildi.<\/p>\n<p><a href=\"http:\/\/balcilar-blog.com\/wp-content\/uploads\/2015\/04\/kerem-bursin-ve-serenay-sarikayali-mavi-reklam.jpg\"><img loading=\"lazy\" decoding=\"async\" class=\"alignnone size-full wp-image-8111\" src=\"http:\/\/balcilar-blog.com\/wp-content\/uploads\/2015\/04\/kerem-bursin-ve-serenay-sarikayali-mavi-reklam.jpg\" alt=\"kerem-bursin-ve-serenay-sarikayali-mavi-reklam\" width=\"500\" height=\"550\" srcset=\"https:\/\/balcilar-blog.com\/wp-content\/uploads\/2015\/04\/kerem-bursin-ve-serenay-sarikayali-mavi-reklam.jpg 500w, https:\/\/balcilar-blog.com\/wp-content\/uploads\/2015\/04\/kerem-bursin-ve-serenay-sarikayali-mavi-reklam-273x300.jpg 273w\" sizes=\"auto, (max-width: 500px) 100vw, 500px\" \/><\/a><br \/>\nB\u00fcrsin\u2019in patronu<br \/>\nSar\u0131kaya ve B\u00fcrsin\u2019nin rol ald\u0131klar\u0131 reklam kampanyas\u0131n\u0131n bas\u0131n toplant\u0131s\u0131nda ise ikilinin yan yana foto\u011fraf vermemesi dikkat \u00e7ekmi\u015fti. \u0130kilinin yan yana gelmeme sebebinin \u2018Medcezir\u2019in yap\u0131m \u015firketi Ay Yap\u0131m\u2019\u0131n sahibi Kerem \u00c7a\u011fatay oldu\u011fu \u00f6\u011frenildi.<\/p>\n<p>Dileyelim, bu dizideki gibi ayr\u0131l\u0131klar Medcezir&#8217;in sonunu getirmesin. Zira olduk\u00e7a iyi giden bir yap\u0131m.<\/p>\n<p>Sayg\u0131lar, sevgiler.<\/p>\n<p>Abdurrahman Balc\u0131lar<\/p>\n<p>Twitter: abdurrahman balc\u0131lar@abbalcilar<\/p>\n<p>Mail : <a href=\"mailto:ab.balcilar@hotmail.com\">ab.balcilar@hotmail.com<\/a><\/p>\n<p>Blog: milliyet.com.tr\/cansever<\/p>\n<p>Blog: balcilar-blog.com<\/p>\n<p>&nbsp;<\/p>\n<p>Not: Kaynak, Milliyet Cadde&#8217;den Melis G\u00fcven\u00e7&#8217;in haberi.<\/p>\n<p>&nbsp;<\/p>\n","protected":false},"excerpt":{"rendered":"<p>Medcezir&#8217;in g\u00fczel y\u0131ld\u0131z\u0131 Serenay Sar\u0131kaya ve \u015eeref Meslesi&#8217;nin yak\u0131\u015f\u0131kl\u0131 oyuncusu Kerem Bursin bir jean firmas\u0131n\u0131n yeni reklam y\u00fcz\u00fc oldular. Reklam filminin bas\u0131n toplant\u0131s\u0131nda Sar\u0131kaya, \u201cKerem \u00e7al\u0131\u015fmas\u0131 harika, m\u00fckemmel bir erkek, beyefendi ve kibar\u201d diyerek B\u00fcrsin\u2019i \u00f6vm\u00fc\u015f, B\u00fcrsin de \u201cSerenay\u2019\u0131n harika bir enerjisi var\u201d diyerek altta kalmam\u0131\u015ft\u0131. Bu s\u00f6zler ise Sar\u0131kaya\u2019n\u0131n sevgilisi \u00c7a\u011fatay Ulusoy\u2019u \u00e7ileden \u00e7\u0131kard\u0131. [&hellip;]<\/p>\n","protected":false},"author":3,"featured_media":0,"comment_status":"open","ping_status":"open","sticky":false,"template":"","format":"standard","meta":{"footnotes":""},"categories":[7],"tags":[26,15,673,39,16,27],"class_list":["post-8109","post","type-post","status-publish","format-standard","hentry","category-magazin","tag-ay-yapim","tag-cagatay-ulusoy","tag-kerem-bursin","tag-kerem-catay","tag-medcezir","tag-serenay-sarikaya"],"views":5515,"blog_post_layout_featured_media_urls":{"thumbnail":"","full":""},"categories_names":{"7":{"name":"Magazin","link":"https:\/\/balcilar-blog.com\/?cat=7"}},"tags_names":{"26":{"name":"Ay Yap\u0131m","link":"https:\/\/balcilar-blog.com\/?tag=ay-yapim"},"15":{"name":"\u00e7a\u011fatay ulusoy","link":"https:\/\/balcilar-blog.com\/?tag=cagatay-ulusoy"},"673":{"name":"Kerem Bursin","link":"https:\/\/balcilar-blog.com\/?tag=kerem-bursin"},"39":{"name":"Kerem \u00c7atay","link":"https:\/\/balcilar-blog.com\/?tag=kerem-catay"},"16":{"name":"medcezir","link":"https:\/\/balcilar-blog.com\/?tag=medcezir"},"27":{"name":"Serenay Sar\u0131kaya","link":"https:\/\/balcilar-blog.com\/?tag=serenay-sarikaya"}},"comments_number":"1","wpmagazine_modules_lite_featured_media_urls":{"thumbnail":"","cvmm-medium":"","cvmm-medium-plus":"","cvmm-portrait":"","cvmm-medium-square":"","cvmm-large":"","cvmm-small":"","full":""},"_links":{"self":[{"href":"https:\/\/balcilar-blog.com\/index.php?rest_route=\/wp\/v2\/posts\/8109","targetHints":{"allow":["GET"]}}],"collection":[{"href":"https:\/\/balcilar-blog.com\/index.php?rest_route=\/wp\/v2\/posts"}],"about":[{"href":"https:\/\/balcilar-blog.com\/index.php?rest_route=\/wp\/v2\/types\/post"}],"author":[{"embeddable":true,"href":"https:\/\/balcilar-blog.com\/index.php?rest_route=\/wp\/v2\/users\/3"}],"replies":[{"embeddable":true,"href":"https:\/\/balcilar-blog.com\/index.php?rest_route=%2Fwp%2Fv2%2Fcomments&post=8109"}],"version-history":[{"count":1,"href":"https:\/\/balcilar-blog.com\/index.php?rest_route=\/wp\/v2\/posts\/8109\/revisions"}],"predecessor-version":[{"id":8112,"href":"https:\/\/balcilar-blog.com\/index.php?rest_route=\/wp\/v2\/posts\/8109\/revisions\/8112"}],"wp:attachment":[{"href":"https:\/\/balcilar-blog.com\/index.php?rest_route=%2Fwp%2Fv2%2Fmedia&parent=8109"}],"wp:term":[{"taxonomy":"category","embeddable":true,"href":"https:\/\/balcilar-blog.com\/index.php?rest_route=%2Fwp%2Fv2%2Fcategories&post=8109"},{"taxonomy":"post_tag","embeddable":true,"href":"https:\/\/balcilar-blog.com\/index.php?rest_route=%2Fwp%2Fv2%2Ftags&post=8109"}],"curies":[{"name":"wp","href":"https:\/\/api.w.org\/{rel}","templated":true}]}}