{"id":8089,"date":"2015-04-12T21:22:42","date_gmt":"2015-04-12T18:22:42","guid":{"rendered":"http:\/\/balcilar-blog.com\/?p=8089"},"modified":"2015-04-12T22:52:34","modified_gmt":"2015-04-12T19:52:34","slug":"cagatay-ulusoy-ehliyetini-geri-aldi-ve-solugu-arnavutkoy-de-aldi","status":"publish","type":"post","link":"https:\/\/balcilar-blog.com\/?p=8089","title":{"rendered":"\u00c7a\u011fatay Ulusoy ehliyetini geri ald\u0131 ve solu\u011fu Arnavutk\u00f6y de ald\u0131!"},"content":{"rendered":"<p><a href=\"http:\/\/balcilar-blog.com\/wp-content\/uploads\/2015\/04\/CCS2nGrWEAAZZ7k1.jpg\"><img loading=\"lazy\" decoding=\"async\" class=\"alignnone size-full wp-image-8091\" src=\"http:\/\/balcilar-blog.com\/wp-content\/uploads\/2015\/04\/CCS2nGrWEAAZZ7k1.jpg\" alt=\"CCS2nGrWEAAZZ7k\" width=\"599\" height=\"338\" srcset=\"https:\/\/balcilar-blog.com\/wp-content\/uploads\/2015\/04\/CCS2nGrWEAAZZ7k1.jpg 599w, https:\/\/balcilar-blog.com\/wp-content\/uploads\/2015\/04\/CCS2nGrWEAAZZ7k1-300x169.jpg 300w\" sizes=\"auto, (max-width: 599px) 100vw, 599px\" \/><\/a><\/p>\n<p>\u00c7a\u011fatay Ulusoy bundan 6 ay \u00f6nce alkoll\u00fc ara\u00e7 kullanmaktan s\u00fcr\u00fcc\u00fc ehliyetini polise kapt\u0131rm\u0131\u015ft\u0131. Ge\u00e7ti\u011fimiz g\u00fcn (10.04.2015) 6 ay doldu ve trafikten ehliyetini geri ald\u0131. O ak\u015fam arabas\u0131na atlayarak Engin Aykanat ile birlikte Arnavutk\u00f6y&#8217;e bir mekana bal\u0131k yeme\u011fe gitti. Son derece keyifli olan \u00c7a\u011fatay Ulusoy etrafa g\u00fcl\u00fcc\u00fckler sa\u00e7t\u0131. Bas\u0131n mensuplar\u0131n\u0131n sorular\u0131n\u0131 cevapland\u0131rd\u0131.<\/p>\n<p><a href=\"http:\/\/balcilar-blog.com\/wp-content\/uploads\/2015\/04\/700x255744_cagatay_1.jpg\"><img loading=\"lazy\" decoding=\"async\" class=\"alignnone size-full wp-image-8095\" src=\"http:\/\/balcilar-blog.com\/wp-content\/uploads\/2015\/04\/700x255744_cagatay_1.jpg\" alt=\"700x255744_cagatay_1\" width=\"593\" height=\"768\" srcset=\"https:\/\/balcilar-blog.com\/wp-content\/uploads\/2015\/04\/700x255744_cagatay_1.jpg 593w, https:\/\/balcilar-blog.com\/wp-content\/uploads\/2015\/04\/700x255744_cagatay_1-232x300.jpg 232w\" sizes=\"auto, (max-width: 593px) 100vw, 593px\" \/><\/a><\/p>\n<p>\u00c7a\u011fatay Ulusoy komando desenli ceket ve \u015fapkas\u0131 ile uyumlu bir k\u0131yafet giydi\u011fi g\u00f6r\u00fcld\u00fc. Arabas\u0131n\u0131n direksiyonunda son derece keyifli g\u00f6z\u00fck\u00fcyordu.<\/p>\n<p><a href=\"http:\/\/balcilar-blog.com\/wp-content\/uploads\/2015\/04\/\u00c7a\u011fatay-direksiyonda.jpg\"><img loading=\"lazy\" decoding=\"async\" class=\"alignnone size-full wp-image-8090\" src=\"http:\/\/balcilar-blog.com\/wp-content\/uploads\/2015\/04\/\u00c7a\u011fatay-direksiyonda.jpg\" alt=\"\u00c7a\u011fatay direksiyonda\" width=\"600\" height=\"336\" srcset=\"https:\/\/balcilar-blog.com\/wp-content\/uploads\/2015\/04\/\u00c7a\u011fatay-direksiyonda.jpg 600w, https:\/\/balcilar-blog.com\/wp-content\/uploads\/2015\/04\/\u00c7a\u011fatay-direksiyonda-300x168.jpg 300w\" sizes=\"auto, (max-width: 600px) 100vw, 600px\" \/><\/a><\/p>\n<p>&nbsp;<\/p>\n<p>Bir m\u00fcsibet bin nasihata bedeldir derler ya; Dilerim, \u00c7a\u011fatay bundan sonra ayn\u0131 hatay\u0131 tekrarlamaz.<\/p>\n<p>\u00c7a\u011fatay Ulusoy StarLife kameralar\u0131na da konu\u015fmu\u015ftur. Bak\u0131n neler s\u00f6ylemi\u015f:<\/p>\n<p>https:\/\/www.youtube.com\/watch?v=8OFelw7dNaI<\/p>\n<p>&nbsp;<\/p>\n<p>&nbsp;<\/p>\n","protected":false},"excerpt":{"rendered":"<p>\u00c7a\u011fatay Ulusoy bundan 6 ay \u00f6nce alkoll\u00fc ara\u00e7 kullanmaktan s\u00fcr\u00fcc\u00fc ehliyetini polise kapt\u0131rm\u0131\u015ft\u0131. Ge\u00e7ti\u011fimiz g\u00fcn (10.04.2015) 6 ay doldu ve trafikten ehliyetini geri ald\u0131. O ak\u015fam arabas\u0131na atlayarak Engin Aykanat ile birlikte Arnavutk\u00f6y&#8217;e bir mekana bal\u0131k yeme\u011fe gitti. Son derece keyifli olan \u00c7a\u011fatay Ulusoy etrafa g\u00fcl\u00fcc\u00fckler sa\u00e7t\u0131. Bas\u0131n mensuplar\u0131n\u0131n sorular\u0131n\u0131 cevapland\u0131rd\u0131. \u00c7a\u011fatay Ulusoy komando desenli [&hellip;]<\/p>\n","protected":false},"author":3,"featured_media":0,"comment_status":"open","ping_status":"open","sticky":false,"template":"","format":"standard","meta":{"footnotes":""},"categories":[7],"tags":[15,362,671],"class_list":["post-8089","post","type-post","status-publish","format-standard","hentry","category-magazin","tag-cagatay-ulusoy","tag-engin-aykanat","tag-surucu-ehliyeti"],"views":4777,"blog_post_layout_featured_media_urls":{"thumbnail":"","full":""},"categories_names":{"7":{"name":"Magazin","link":"https:\/\/balcilar-blog.com\/?cat=7"}},"tags_names":{"15":{"name":"\u00e7a\u011fatay ulusoy","link":"https:\/\/balcilar-blog.com\/?tag=cagatay-ulusoy"},"362":{"name":"Engin Aykanat","link":"https:\/\/balcilar-blog.com\/?tag=engin-aykanat"},"671":{"name":"S\u00fcr\u00fcc\u00fc Ehliyeti","link":"https:\/\/balcilar-blog.com\/?tag=surucu-ehliyeti"}},"comments_number":"0","wpmagazine_modules_lite_featured_media_urls":{"thumbnail":"","cvmm-medium":"","cvmm-medium-plus":"","cvmm-portrait":"","cvmm-medium-square":"","cvmm-large":"","cvmm-small":"","full":""},"_links":{"self":[{"href":"https:\/\/balcilar-blog.com\/index.php?rest_route=\/wp\/v2\/posts\/8089","targetHints":{"allow":["GET"]}}],"collection":[{"href":"https:\/\/balcilar-blog.com\/index.php?rest_route=\/wp\/v2\/posts"}],"about":[{"href":"https:\/\/balcilar-blog.com\/index.php?rest_route=\/wp\/v2\/types\/post"}],"author":[{"embeddable":true,"href":"https:\/\/balcilar-blog.com\/index.php?rest_route=\/wp\/v2\/users\/3"}],"replies":[{"embeddable":true,"href":"https:\/\/balcilar-blog.com\/index.php?rest_route=%2Fwp%2Fv2%2Fcomments&post=8089"}],"version-history":[{"count":4,"href":"https:\/\/balcilar-blog.com\/index.php?rest_route=\/wp\/v2\/posts\/8089\/revisions"}],"predecessor-version":[{"id":8096,"href":"https:\/\/balcilar-blog.com\/index.php?rest_route=\/wp\/v2\/posts\/8089\/revisions\/8096"}],"wp:attachment":[{"href":"https:\/\/balcilar-blog.com\/index.php?rest_route=%2Fwp%2Fv2%2Fmedia&parent=8089"}],"wp:term":[{"taxonomy":"category","embeddable":true,"href":"https:\/\/balcilar-blog.com\/index.php?rest_route=%2Fwp%2Fv2%2Fcategories&post=8089"},{"taxonomy":"post_tag","embeddable":true,"href":"https:\/\/balcilar-blog.com\/index.php?rest_route=%2Fwp%2Fv2%2Ftags&post=8089"}],"curies":[{"name":"wp","href":"https:\/\/api.w.org\/{rel}","templated":true}]}}