{"id":7955,"date":"2015-04-07T11:54:38","date_gmt":"2015-04-07T08:54:38","guid":{"rendered":"http:\/\/balcilar-blog.com\/?p=7955"},"modified":"2015-04-09T21:17:20","modified_gmt":"2015-04-09T18:17:20","slug":"cagatay-ulusoy-paris-sokaklarinda-kafa-dagitiyor","status":"publish","type":"post","link":"https:\/\/balcilar-blog.com\/?p=7955","title":{"rendered":"\u00c7a\u011fatay Ulusoy, Paris sokaklar\u0131nda kafa da\u011f\u0131t\u0131yor!"},"content":{"rendered":"<p><a href=\"http:\/\/balcilar-blog.com\/wp-content\/uploads\/2015\/04\/10864893_1564607647122601_233209191_n.jpg\"><img loading=\"lazy\" decoding=\"async\" class=\"alignnone size-full wp-image-7956\" src=\"http:\/\/balcilar-blog.com\/wp-content\/uploads\/2015\/04\/10864893_1564607647122601_233209191_n.jpg\" alt=\"10864893_1564607647122601_233209191_n\" width=\"640\" height=\"640\" srcset=\"https:\/\/balcilar-blog.com\/wp-content\/uploads\/2015\/04\/10864893_1564607647122601_233209191_n.jpg 640w, https:\/\/balcilar-blog.com\/wp-content\/uploads\/2015\/04\/10864893_1564607647122601_233209191_n-150x150.jpg 150w, https:\/\/balcilar-blog.com\/wp-content\/uploads\/2015\/04\/10864893_1564607647122601_233209191_n-300x300.jpg 300w\" sizes=\"auto, (max-width: 640px) 100vw, 640px\" \/><\/a><\/p>\n<p>Medcezir&#8217;in Yaman&#8217;\u0131, ba\u015far\u0131l\u0131 oyuncusu \u00c7a\u011fatay Ulusoy, Paris&#8217;e kafa da\u011f\u0131t\u0131p, stres atmaya gitti.<\/p>\n<p>Ge\u00e7ti\u011fimiz Mart ay\u0131 sonunda U\u00e7anku\u015f Tv. kameralar\u0131na verdi\u011fi k\u0131sa r\u00f6portajda s\u00f6ylemi\u015fti.<\/p>\n<p>Muhabirin; Setten f\u0131rsat bulduk\u00e7a solu\u011fu yurt d\u0131\u015f\u0131nda al\u0131yorsunuz, devam edecek mi yurt d\u0131\u015f\u0131 seyahatleri?<\/p>\n<p>\u00c7a\u011fatay verdi\u011fi cevapta; Tabii, kafa da\u011f\u0131tmak a\u00e7\u0131s\u0131ndan de\u011fi\u015fiklik oluyor. Terapi gibi geliyor. \u00d6yle \u00fcnl\u00fc olarak hissetmiyorsunuz kendinizi orada, daha rahat dola\u015f\u0131yorsunuz. O y\u00fczden m\u00fcmk\u00fcn oldu\u011funda \u00e7\u0131kmaya \u00e7al\u0131\u015f\u0131yorum.<\/p>\n<p>\u00c7a\u011fatay Ulusoy, d\u00fcn Paris sokaklar\u0131nda tan\u0131nmadan \u00a0rahat dola\u015fmak istedi ama, hayranlar\u0131 onu orada da rahat b\u0131rakmad\u0131. \u00c7a\u011fatay Ulusoy bir hayran\u0131 ile g\u00f6r\u00fcl\u00fcyor.<\/p>\n<p>&nbsp;<\/p>\n<p><a href=\"http:\/\/balcilar-blog.com\/wp-content\/uploads\/2015\/04\/10003361-\u00c7a\u011fatay-Parisde..jpg\"><img loading=\"lazy\" decoding=\"async\" class=\"alignnone size-full wp-image-7957\" src=\"http:\/\/balcilar-blog.com\/wp-content\/uploads\/2015\/04\/10003361-\u00c7a\u011fatay-Parisde..jpg\" alt=\"10003361 \u00c7a\u011fatay Paris'de.\" width=\"480\" height=\"480\" srcset=\"https:\/\/balcilar-blog.com\/wp-content\/uploads\/2015\/04\/10003361-\u00c7a\u011fatay-Parisde..jpg 480w, https:\/\/balcilar-blog.com\/wp-content\/uploads\/2015\/04\/10003361-\u00c7a\u011fatay-Parisde.-150x150.jpg 150w, https:\/\/balcilar-blog.com\/wp-content\/uploads\/2015\/04\/10003361-\u00c7a\u011fatay-Parisde.-300x300.jpg 300w\" sizes=\"auto, (max-width: 480px) 100vw, 480px\" \/><\/a><\/p>\n<p>\u00c7a\u011fatay Ulusoy, Medcezir&#8217;de set olmad\u0131\u011f\u0131 izinli g\u00fcnlerinde bunu s\u0131k\u00e7a yapacakt\u0131r. \u00d6n\u00fcm\u00fczdeki 68.b\u00f6l\u00fcmde Almanya&#8217;ya rol icab\u0131 gitmi\u015f g\u00f6z\u00fckecek. \u0130lerleyen g\u00fcnlerde, Berlin sokaklar\u0131nda, ya da bir Londra sokaklar\u0131nda g\u00f6r\u00fcrseniz \u015fa\u015f\u0131rmay\u0131n.<\/p>\n<p>Sempatik oyuncu \u00fclkemiz d\u0131\u015f\u0131nda da tan\u0131n\u0131yor ve seviliyor. \u00c7a\u011fatay&#8217;\u0131 sevenleri yurt d\u0131\u015f\u0131nda da rahat b\u0131rakmayacaklard\u0131r.<\/p>\n<p>\u00c7a\u011fatay Ulusoy&#8217;un Paris metrosundan (tahmin ediyorum) payla\u015ft\u0131\u011f\u0131 bir instagram foto\u011fraf\u0131:<\/p>\n<p><a href=\"http:\/\/balcilar-blog.com\/wp-content\/uploads\/2015\/04\/11046564_926966447345002_6333855766224899501_n.jpg\"><img loading=\"lazy\" decoding=\"async\" class=\"alignnone size-full wp-image-7967\" src=\"http:\/\/balcilar-blog.com\/wp-content\/uploads\/2015\/04\/11046564_926966447345002_6333855766224899501_n.jpg\" alt=\"11046564_926966447345002_6333855766224899501_n\" width=\"480\" height=\"471\" srcset=\"https:\/\/balcilar-blog.com\/wp-content\/uploads\/2015\/04\/11046564_926966447345002_6333855766224899501_n.jpg 480w, https:\/\/balcilar-blog.com\/wp-content\/uploads\/2015\/04\/11046564_926966447345002_6333855766224899501_n-300x294.jpg 300w\" sizes=\"auto, (max-width: 480px) 100vw, 480px\" \/><\/a><\/p>\n<p>Ayn\u0131 foto\u011fraf\u0131n Paris (Eyfel Kulesi) montaj \u00e7al\u0131\u015fmas\u0131 (Yapan\u0131n eline sa\u011fl\u0131k):<\/p>\n<p><a href=\"http:\/\/balcilar-blog.com\/wp-content\/uploads\/2015\/04\/CCAagO0XIAIFav_.jpg\"><img loading=\"lazy\" decoding=\"async\" class=\"alignnone size-full wp-image-7970\" src=\"http:\/\/balcilar-blog.com\/wp-content\/uploads\/2015\/04\/CCAagO0XIAIFav_.jpg\" alt=\"CCAagO0XIAIFav_\" width=\"599\" height=\"617\" srcset=\"https:\/\/balcilar-blog.com\/wp-content\/uploads\/2015\/04\/CCAagO0XIAIFav_.jpg 599w, https:\/\/balcilar-blog.com\/wp-content\/uploads\/2015\/04\/CCAagO0XIAIFav_-291x300.jpg 291w\" sizes=\"auto, (max-width: 599px) 100vw, 599px\" \/><\/a><\/p>\n<p>\u00c7a\u011fatay Ulusoy&#8217;un twitter&#8217;dan (09.04.2015) Paris resimleri gelmeye devam ediyor:<\/p>\n<p><a href=\"http:\/\/balcilar-blog.com\/wp-content\/uploads\/2015\/04\/CCKMCvDW0AAFKz7.jpg\"><img loading=\"lazy\" decoding=\"async\" class=\"alignnone size-full wp-image-7991\" src=\"http:\/\/balcilar-blog.com\/wp-content\/uploads\/2015\/04\/CCKMCvDW0AAFKz7.jpg\" alt=\"CCKMCvDW0AAFKz7\" width=\"411\" height=\"547\" srcset=\"https:\/\/balcilar-blog.com\/wp-content\/uploads\/2015\/04\/CCKMCvDW0AAFKz7.jpg 411w, https:\/\/balcilar-blog.com\/wp-content\/uploads\/2015\/04\/CCKMCvDW0AAFKz7-225x300.jpg 225w\" sizes=\"auto, (max-width: 411px) 100vw, 411px\" \/><\/a><\/p>\n<p><a href=\"http:\/\/balcilar-blog.com\/wp-content\/uploads\/2015\/04\/CCKB2YUUIAA4fON.jpg\"><img loading=\"lazy\" decoding=\"async\" class=\"alignnone size-full wp-image-7990\" src=\"http:\/\/balcilar-blog.com\/wp-content\/uploads\/2015\/04\/CCKB2YUUIAA4fON.jpg\" alt=\"CCKB2YUUIAA4fON\" width=\"600\" height=\"600\" srcset=\"https:\/\/balcilar-blog.com\/wp-content\/uploads\/2015\/04\/CCKB2YUUIAA4fON.jpg 600w, https:\/\/balcilar-blog.com\/wp-content\/uploads\/2015\/04\/CCKB2YUUIAA4fON-150x150.jpg 150w, https:\/\/balcilar-blog.com\/wp-content\/uploads\/2015\/04\/CCKB2YUUIAA4fON-300x300.jpg 300w\" sizes=\"auto, (max-width: 600px) 100vw, 600px\" \/><\/a><\/p>\n<p><a href=\"http:\/\/balcilar-blog.com\/wp-content\/uploads\/2015\/04\/CCKB2eIVEAIxZl3.jpg\"><img loading=\"lazy\" decoding=\"async\" class=\"alignnone size-full wp-image-7989\" src=\"http:\/\/balcilar-blog.com\/wp-content\/uploads\/2015\/04\/CCKB2eIVEAIxZl3.jpg\" alt=\"CCKB2eIVEAIxZl3\" width=\"600\" height=\"600\" srcset=\"https:\/\/balcilar-blog.com\/wp-content\/uploads\/2015\/04\/CCKB2eIVEAIxZl3.jpg 600w, https:\/\/balcilar-blog.com\/wp-content\/uploads\/2015\/04\/CCKB2eIVEAIxZl3-150x150.jpg 150w, https:\/\/balcilar-blog.com\/wp-content\/uploads\/2015\/04\/CCKB2eIVEAIxZl3-300x300.jpg 300w\" sizes=\"auto, (max-width: 600px) 100vw, 600px\" \/><\/a><\/p>\n<p><a href=\"http:\/\/balcilar-blog.com\/wp-content\/uploads\/2015\/04\/CCKoioxWAAAt924.jpg\"><img loading=\"lazy\" decoding=\"async\" class=\"alignnone size-full wp-image-7988\" src=\"http:\/\/balcilar-blog.com\/wp-content\/uploads\/2015\/04\/CCKoioxWAAAt924.jpg\" alt=\"CCKoioxWAAAt924\" width=\"600\" height=\"721\" srcset=\"https:\/\/balcilar-blog.com\/wp-content\/uploads\/2015\/04\/CCKoioxWAAAt924.jpg 600w, https:\/\/balcilar-blog.com\/wp-content\/uploads\/2015\/04\/CCKoioxWAAAt924-250x300.jpg 250w\" sizes=\"auto, (max-width: 600px) 100vw, 600px\" \/><\/a><\/p>\n<p>&nbsp;<\/p>\n<p>Sayg\u0131lar, sevgiler.<\/p>\n<p>Abdurrahman Balc\u0131lar<\/p>\n<p>Twitter: abdurrahman balc\u0131lar@abbalcilar<\/p>\n<p>Mail : <a href=\"mailto:ab.balcilar@hotmail.com\">ab.balcilar@hotmail.com<\/a><\/p>\n<p>Blog: milliyet.com.tr\/cansever<\/p>\n<p>Blog: balcilar-blog.com<\/p>\n<p>&nbsp;<\/p>\n<p>Not: G\u00f6rseller ve haber, \u00c7a\u011fatay Ulusoy Face book sayfas\u0131ndan al\u0131nm\u0131\u015ft\u0131r.<\/p>\n<p style=\"line-height: 20.1pt;\"><span style=\"font-size: 13.5pt; font-family: 'Georgia','serif'; color: #333333;\">\u00a0<\/span><\/p>\n<p style=\"line-height: 20.1pt;\">\n","protected":false},"excerpt":{"rendered":"<p>Medcezir&#8217;in Yaman&#8217;\u0131, ba\u015far\u0131l\u0131 oyuncusu \u00c7a\u011fatay Ulusoy, Paris&#8217;e kafa da\u011f\u0131t\u0131p, stres atmaya gitti. Ge\u00e7ti\u011fimiz Mart ay\u0131 sonunda U\u00e7anku\u015f Tv. kameralar\u0131na verdi\u011fi k\u0131sa r\u00f6portajda s\u00f6ylemi\u015fti. Muhabirin; Setten f\u0131rsat bulduk\u00e7a solu\u011fu yurt d\u0131\u015f\u0131nda al\u0131yorsunuz, devam edecek mi yurt d\u0131\u015f\u0131 seyahatleri? \u00c7a\u011fatay verdi\u011fi cevapta; Tabii, kafa da\u011f\u0131tmak a\u00e7\u0131s\u0131ndan de\u011fi\u015fiklik oluyor. Terapi gibi geliyor. \u00d6yle \u00fcnl\u00fc olarak hissetmiyorsunuz kendinizi orada, [&hellip;]<\/p>\n","protected":false},"author":3,"featured_media":0,"comment_status":"open","ping_status":"open","sticky":false,"template":"","format":"standard","meta":{"footnotes":""},"categories":[7],"tags":[15,16,669],"class_list":["post-7955","post","type-post","status-publish","format-standard","hentry","category-magazin","tag-cagatay-ulusoy","tag-medcezir","tag-paris"],"views":4763,"blog_post_layout_featured_media_urls":{"thumbnail":"","full":""},"categories_names":{"7":{"name":"Magazin","link":"https:\/\/balcilar-blog.com\/?cat=7"}},"tags_names":{"15":{"name":"\u00e7a\u011fatay ulusoy","link":"https:\/\/balcilar-blog.com\/?tag=cagatay-ulusoy"},"16":{"name":"medcezir","link":"https:\/\/balcilar-blog.com\/?tag=medcezir"},"669":{"name":"Paris","link":"https:\/\/balcilar-blog.com\/?tag=paris"}},"comments_number":"0","wpmagazine_modules_lite_featured_media_urls":{"thumbnail":"","cvmm-medium":"","cvmm-medium-plus":"","cvmm-portrait":"","cvmm-medium-square":"","cvmm-large":"","cvmm-small":"","full":""},"_links":{"self":[{"href":"https:\/\/balcilar-blog.com\/index.php?rest_route=\/wp\/v2\/posts\/7955","targetHints":{"allow":["GET"]}}],"collection":[{"href":"https:\/\/balcilar-blog.com\/index.php?rest_route=\/wp\/v2\/posts"}],"about":[{"href":"https:\/\/balcilar-blog.com\/index.php?rest_route=\/wp\/v2\/types\/post"}],"author":[{"embeddable":true,"href":"https:\/\/balcilar-blog.com\/index.php?rest_route=\/wp\/v2\/users\/3"}],"replies":[{"embeddable":true,"href":"https:\/\/balcilar-blog.com\/index.php?rest_route=%2Fwp%2Fv2%2Fcomments&post=7955"}],"version-history":[{"count":11,"href":"https:\/\/balcilar-blog.com\/index.php?rest_route=\/wp\/v2\/posts\/7955\/revisions"}],"predecessor-version":[{"id":7993,"href":"https:\/\/balcilar-blog.com\/index.php?rest_route=\/wp\/v2\/posts\/7955\/revisions\/7993"}],"wp:attachment":[{"href":"https:\/\/balcilar-blog.com\/index.php?rest_route=%2Fwp%2Fv2%2Fmedia&parent=7955"}],"wp:term":[{"taxonomy":"category","embeddable":true,"href":"https:\/\/balcilar-blog.com\/index.php?rest_route=%2Fwp%2Fv2%2Fcategories&post=7955"},{"taxonomy":"post_tag","embeddable":true,"href":"https:\/\/balcilar-blog.com\/index.php?rest_route=%2Fwp%2Fv2%2Ftags&post=7955"}],"curies":[{"name":"wp","href":"https:\/\/api.w.org\/{rel}","templated":true}]}}