{"id":7944,"date":"2015-04-07T10:12:24","date_gmt":"2015-04-07T07:12:24","guid":{"rendered":"http:\/\/balcilar-blog.com\/?p=7944"},"modified":"2015-04-09T22:12:07","modified_gmt":"2015-04-09T19:12:07","slug":"medcezir-68-bolumde-neler-olacak-miranin-almanya-hasreti","status":"publish","type":"post","link":"https:\/\/balcilar-blog.com\/?p=7944","title":{"rendered":"Medcezir 68.b\u00f6l\u00fcmde neler olacak? Mira&#8217;n\u0131n Almanya hasreti!"},"content":{"rendered":"<p><a href=\"http:\/\/balcilar-blog.com\/wp-content\/uploads\/2015\/04\/medcezir-kapak-68.jpg\"><img loading=\"lazy\" decoding=\"async\" class=\"alignnone size-full wp-image-7953\" src=\"http:\/\/balcilar-blog.com\/wp-content\/uploads\/2015\/04\/medcezir-kapak-68.jpg\" alt=\"medcezir-kapak 68\" width=\"600\" height=\"300\" srcset=\"https:\/\/balcilar-blog.com\/wp-content\/uploads\/2015\/04\/medcezir-kapak-68.jpg 600w, https:\/\/balcilar-blog.com\/wp-content\/uploads\/2015\/04\/medcezir-kapak-68-300x150.jpg 300w\" sizes=\"auto, (max-width: 600px) 100vw, 600px\" \/><\/a><\/p>\n<p>Ba\u015f rollerini \u00c7a\u011fatay Ulusoy ve Serenay Sar\u0131kaya&#8217;n\u0131n oynad\u0131\u011f\u0131, Ay Yap\u0131m&#8217;\u0131n fenomen Medcezir&#8217;in 68.B\u00f6l\u00fcmde iki sevgili aras\u0131nda hasret r\u00fczgarlar\u0131 esecek. Yaman&#8217;\u0131n \u00fc\u00e7 haftal\u0131k mecburi Almanya seyahati, Mira&#8217;n\u0131n Almanya hasreti ya\u015famas\u0131na neden olacak. B\u00fct\u00fcn bu olanlar 10 Nisan Cuma ak\u015fam\u0131 20.30&#8217;da Star Tv. ekranlar\u0131nda&#8230;<\/p>\n<p>Ay yap\u0131m&#8217;\u0131n 68.B\u00f6l\u00fcm ile verdi\u011fi b\u00f6l\u00fcm \u00f6zeti \u015e\u00f6yle:<\/p>\n<p class=\"ecxmsonormal\" style=\"line-height: 16.05pt; background: white; margin: 0cm 0cm 16.2pt 0cm;\"><span style=\"font-family: 'Tahoma','sans-serif'; color: #444444;\">Yaman\u2019\u0131n Almanya\u2019ya gidi\u015fi, Yaman ve Mira\u2019y\u0131 ay\u0131rmak isteyenler i\u00e7in b\u00fcy\u00fck bir f\u0131rsata d\u00f6n\u00fc\u015f\u00fcr. Yaman bu tuzaklara d\u00fc\u015fmemek niyetindedir.<\/span><\/p>\n<p class=\"ecxmsonormal\" style=\"line-height: 16.05pt; background: white; margin: 0cm 0cm 16.2pt 0cm;\"><a href=\"http:\/\/balcilar-blog.com\/wp-content\/uploads\/2015\/04\/CCEdEckWMAATWKt.jpg\"><img loading=\"lazy\" decoding=\"async\" class=\"alignnone size-full wp-image-7974\" src=\"http:\/\/balcilar-blog.com\/wp-content\/uploads\/2015\/04\/CCEdEckWMAATWKt.jpg\" alt=\"CCEdEckWMAATWKt\" width=\"599\" height=\"699\" srcset=\"https:\/\/balcilar-blog.com\/wp-content\/uploads\/2015\/04\/CCEdEckWMAATWKt.jpg 599w, https:\/\/balcilar-blog.com\/wp-content\/uploads\/2015\/04\/CCEdEckWMAATWKt-257x300.jpg 257w\" sizes=\"auto, (max-width: 599px) 100vw, 599px\" \/><\/a><\/p>\n<p class=\"ecxmsonormal\" style=\"line-height: 16.05pt; background: white; margin: 0cm 0cm 16.2pt 0cm;\"><span style=\"font-family: 'Tahoma','sans-serif'; color: #444444;\"> Yaman ve Mira aralar\u0131ndaki binlerce kilemetreyi hissetmemek i\u00e7in, ellerinden ne geliyorsa yaparlar. S\u00fcrekli telefon, bilgisayar ellerinde dola\u015f\u0131rlar\u2026<\/span><\/p>\n<p class=\"ecxmsonormal\" style=\"line-height: 16.05pt; background: white; margin: 0cm 0cm 16.2pt 0cm;\"><span style=\"font-family: 'Tahoma','sans-serif'; color: #444444;\">Kenan\u2019\u0131n iyile\u015fme haberleri Mira\u2019y\u0131 \u00e7ok mutlu eder. Kenan iyile\u015ftik\u00e7e, aralar\u0131ndaki bir engel daha y\u0131kacaklar\u0131n\u0131n fark\u0131ndad\u0131rlar. Mira Yaman\u2019\u0131 kar\u015f\u0131layaca\u011f\u0131 an\u0131n hayallerini kurar.<\/span><\/p>\n<p class=\"ecxmsonormal\" style=\"line-height: 16.05pt; background: white; margin: 0cm 0cm 16.2pt 0cm;\"><span style=\"font-family: 'Tahoma','sans-serif'; color: #444444;\">Mira\u2019n\u0131n sa\u011fl\u0131\u011f\u0131na g\u00f6sterdi\u011fi a\u015f\u0131r\u0131 ilgi, dikkat \u00e7ekmeye ba\u015flar ve Sude kendi kulland\u0131\u011f\u0131 bir ilac\u0131n, Mira\u2019n\u0131n da kulland\u0131\u011f\u0131n\u0131 \u00f6\u011frenince, bu heyecan\u0131n sebebini anlar.<\/span><\/p>\n<p class=\"ecxmsonormal\" style=\"line-height: 16.05pt; background: white; margin: 0cm 0cm 16.2pt 0cm;\"><span style=\"font-family: 'Tahoma','sans-serif'; color: #444444;\">Mert ve Uzay\u2019\u0131n bitmek bilmeyem rekabeti Eyl\u00fcl\u2019\u00fc \u00e7ileden \u00e7\u0131kart\u0131r ve onlar\u0131n meselelelrinden uzak durmaya \u00e7al\u0131\u015f\u0131r, fakat bu uzakl\u0131k Mert\u2019in, Eyl\u00fcl\u2019den gizledi\u011fi ger\u00e7eklerin ortaya \u00e7\u0131kmas\u0131na engel olamaz.<\/span><\/p>\n<p class=\"ecxmsonormal\" style=\"line-height: 16.05pt; background: white; margin: 0cm 0cm 16.2pt 0cm;\"><span style=\"font-family: 'Tahoma','sans-serif'; color: #444444;\">As\u0131m \u015eekip Kaya, Sude\u2019yi k\u00f6\u015feye s\u0131k\u0131\u015ft\u0131rmak i\u00e7in \u015fimdi de Mira\u2019y\u0131 kullan\u0131r ve Mira\u2019n\u0131n \u00fcniversiteyi bitirme hayallerinin kar\u015f\u0131s\u0131na dikilir.<\/span><\/p>\n<p class=\"ecxmsonormal\" style=\"line-height: 16.05pt; background: white; margin: 0cm 0cm 16.2pt 0cm;\"><span style=\"font-family: 'Tahoma','sans-serif'; color: #444444;\">Sedef, Orkun\u2019la Sude\u2019nin yapt\u0131\u011f\u0131 i\u015fbirli\u011fine \u015fahit olur ve As\u0131m \u015eekip Kaya ile birlikte Orkun\u2019a b\u00fcy\u00fck bir oyun oynarlar.<\/span><\/p>\n<p class=\"ecxmsonormal\" style=\"line-height: 16.05pt; background: white; margin: 0cm 0cm 16.2pt 0cm;\"><span style=\"font-family: 'Tahoma','sans-serif'; color: #444444;\">Orkun, Mira\u2019n\u0131n g\u00f6nl\u00fcn\u00fc alabilmek i\u00e7in Yaman\u2019\u0131n yoklu\u011funu f\u0131rsat bilerek bir yemek organize eder fakat bu yemek, hi\u00e7 de Orkun\u2019un bekledi\u011fi gibi sonu\u00e7lanm\u0131yacakt\u0131r.<\/span><\/p>\n<p class=\"ecxmsonormal\" style=\"line-height: 16.05pt; background: white; margin: 0cm 0cm 16.2pt 0cm;\"><a href=\"http:\/\/balcilar-blog.com\/wp-content\/uploads\/2015\/04\/CCEc_teUEAAZXyw.jpg\"><img loading=\"lazy\" decoding=\"async\" class=\"alignnone size-full wp-image-7976\" src=\"http:\/\/balcilar-blog.com\/wp-content\/uploads\/2015\/04\/CCEc_teUEAAZXyw.jpg\" alt=\"CCEc_teUEAAZXyw\" width=\"600\" height=\"400\" srcset=\"https:\/\/balcilar-blog.com\/wp-content\/uploads\/2015\/04\/CCEc_teUEAAZXyw.jpg 600w, https:\/\/balcilar-blog.com\/wp-content\/uploads\/2015\/04\/CCEc_teUEAAZXyw-300x200.jpg 300w\" sizes=\"auto, (max-width: 600px) 100vw, 600px\" \/><\/a><\/p>\n<p class=\"ecxmsonormal\" style=\"line-height: 16.05pt; background: white; margin: 0cm 0cm 16.2pt 0cm;\"><span style=\"font-family: 'Tahoma','sans-serif'; color: #444444;\">Mira \u00fc\u00e7 haftay\u0131 \u00fc\u00e7 y\u0131l gibi ya\u015fam\u0131\u015f, kalan son \u00fc\u00e7 g\u00fcn art\u0131k ayr\u0131l\u0131k dayan\u0131lmaz hal alm\u0131\u015ft\u0131r. Mira\u2019n\u0131n Yaman\u2019a en \u00e7ok ihtiyac\u0131 oldu\u011fu anda, Yaman\u2019\u0131n elini yine omzunda hisseder.<\/span><\/p>\n<p class=\"ecxmsonormal\" style=\"line-height: 16.05pt; background: white; margin: 0cm 0cm 16.2pt 0cm;\"><a href=\"http:\/\/balcilar-blog.com\/wp-content\/uploads\/2015\/04\/CCE_bROVEAIFv9R.jpg\"><img loading=\"lazy\" decoding=\"async\" class=\"alignnone size-full wp-image-7975\" src=\"http:\/\/balcilar-blog.com\/wp-content\/uploads\/2015\/04\/CCE_bROVEAIFv9R.jpg\" alt=\"CCE_bROVEAIFv9R\" width=\"600\" height=\"345\" srcset=\"https:\/\/balcilar-blog.com\/wp-content\/uploads\/2015\/04\/CCE_bROVEAIFv9R.jpg 600w, https:\/\/balcilar-blog.com\/wp-content\/uploads\/2015\/04\/CCE_bROVEAIFv9R-300x173.jpg 300w\" sizes=\"auto, (max-width: 600px) 100vw, 600px\" \/><\/a><\/p>\n<p class=\"ecxmsonormal\" style=\"line-height: 16.05pt; background: white; margin: 0cm 0cm 16.2pt 0cm;\"><span style=\"font-family: 'Tahoma','sans-serif'; color: #444444;\">Beren ablas\u0131n\u0131n kendisini yemeye vurmas\u0131ndan \u015f\u00fcphelenir. Eyl\u00fcl de Mira&#8217;n\u0131n kilo ald\u0131\u011f\u0131n\u0131n fark\u0131ndad\u0131r. Sude Han\u0131m Beren&#8217;e ablas\u0131n\u0131n ne ila\u00e7lar ald\u0131\u011f\u0131n\u0131, \u00e7akt\u0131rmadan \u00f6\u011frenmesini ister. Kendisi ile ayn\u0131 ila\u00e7lar\u0131 kulland\u0131\u011f\u0131n\u0131 \u00f6\u011frenince, hamile oldu\u011funu \u00f6\u011frenmi\u015f olur. Ve beklenen bebek olay\u0131 ger\u00e7ekle\u015fiyor. <\/span><\/p>\n<p class=\"ecxmsonormal\" style=\"line-height: 16.05pt; background: white; margin: 0cm 0cm 16.2pt 0cm;\"><a href=\"http:\/\/balcilar-blog.com\/wp-content\/uploads\/2015\/04\/CCJA3JvUsAATZAg.jpg\"><img loading=\"lazy\" decoding=\"async\" class=\"alignnone size-full wp-image-7981\" src=\"http:\/\/balcilar-blog.com\/wp-content\/uploads\/2015\/04\/CCJA3JvUsAATZAg.jpg\" alt=\"CCJA3JvUsAATZAg\" width=\"412\" height=\"400\" srcset=\"https:\/\/balcilar-blog.com\/wp-content\/uploads\/2015\/04\/CCJA3JvUsAATZAg.jpg 412w, https:\/\/balcilar-blog.com\/wp-content\/uploads\/2015\/04\/CCJA3JvUsAATZAg-300x291.jpg 300w\" sizes=\"auto, (max-width: 412px) 100vw, 412px\" \/><\/a><\/p>\n<p class=\"ecxmsonormal\" style=\"line-height: 16.05pt; background: white; margin: 0cm 0cm 16.2pt 0cm;\"><span style=\"font-family: 'Tahoma','sans-serif'; color: #444444;\">Mira&#8217;n\u0131n g\u00fczel bir k\u0131z\u0131 olacak. \u0130n\u015fallah senaristimiz Ece Y\u00f6ren\u00e7 Sezon finalini mutlu yaps\u0131n. Ben hep sezon finali diyorum, Final demiyorum. Final i\u00e7in Ay Yap\u0131m&#8217;dan resmi bir a\u00e7\u0131klama yok. Asl\u0131nda daha \u00e7ok erken finalden s\u00f6z etmek i\u00e7in. Daha en az 10 b\u00f6l\u00fcm var \u00f6n\u00fcm\u00fczde. Reytingler d\u00fc\u015fm\u00fc\u015f olsa da dizi bence s\u00fcper gidiyor. Medyada yaz\u0131lan \u00e7izilen dizi final yap\u0131yor dedikodular\u0131na hi\u00e7 kimse kulak vermesin. Tamamen balon haber bunlar. Kanaatimce bu dizi, bir sezon daha devam eder. Eyl\u00fcl&#8217;de \u00fc\u00e7\u00fcnc\u00fc sezonu g\u00f6rece\u011fimize inan\u0131yorum. Zira kadro s\u00fcper, konunun da u\u00e7u a\u00e7\u0131k. Yaman ile Mira \u00fcniversiteyi bitirmelerine daha iki y\u0131l var. Daha neler olmaz ki, bu dereden daha \u00e7ok sular akar. Ben kendi ad\u0131ma Ay Yap\u0131m y\u00f6netiminden resmi bir a\u00e7\u0131klama gelmeden bu dizinin Haziran&#8217;da final yapaca\u011f\u0131na ihtimal vermiyorum. Hi\u00e7 kimse merak etmesin, Seranay Sar\u0131kaya ile \u00c7a\u011fatay Ulusoy \u00f6zel hayatlar\u0131nda da sevgili olmak i\u00e7in bu dizide oynam\u0131yorlar. Her ikisi de dizide, Mira &#8211; Yaman olarak rollerini yap\u0131yorlar. Pek ala da oyunculuklar\u0131n\u0131 konu\u015fturuyorlar. Hep birlikte zaten izliyoruz. <\/span><\/p>\n<p class=\"ecxmsonormal\" style=\"line-height: 16.05pt; background: white; margin: 0cm 0cm 16.2pt 0cm;\"><span style=\"font-family: 'Tahoma','sans-serif'; color: #444444;\">Medcezir&#8217;de dev dalgalar\u0131 hala durulmad\u0131, daha g\u00fczel g\u00fcnler var 3.Sezonda seyredece\u011fimiz. <\/span><\/p>\n<p class=\"ecxmsonormal\" style=\"line-height: 16.05pt; background: white; margin: 0cm 0cm 16.2pt 0cm;\"><span style=\"font-family: 'Tahoma','sans-serif'; color: #444444;\">68. b\u00f6l\u00fcm 10 Nisan Cuma ak\u015fam\u0131 20.30&#8217;da Star Tv. ekranlar\u0131nda olacak. <\/span><\/p>\n<p class=\"ecxmsonormal\" style=\"line-height: 16.05pt; background: white; margin: 0cm 0cm 16.2pt 0cm;\"><span style=\"font-family: 'Tahoma','sans-serif'; color: #444444;\">Keyifli Seyirler.<br \/>\n<\/span><\/p>\n<p>&nbsp;<\/p>\n<p>https:\/\/www.youtube.com\/watch?v=aJWlEEh4guE<\/p>\n<p><iframe loading=\"lazy\" title=\"Medcezir 68.B\u00f6l\u00fcm Fragman 2\" width=\"640\" height=\"360\" src=\"https:\/\/www.youtube.com\/embed\/MXXDuN0JAjM?feature=oembed\" frameborder=\"0\" allow=\"accelerometer; autoplay; clipboard-write; encrypted-media; gyroscope; picture-in-picture; web-share\" referrerpolicy=\"strict-origin-when-cross-origin\" allowfullscreen><\/iframe><\/p>\n","protected":false},"excerpt":{"rendered":"<p>Ba\u015f rollerini \u00c7a\u011fatay Ulusoy ve Serenay Sar\u0131kaya&#8217;n\u0131n oynad\u0131\u011f\u0131, Ay Yap\u0131m&#8217;\u0131n fenomen Medcezir&#8217;in 68.B\u00f6l\u00fcmde iki sevgili aras\u0131nda hasret r\u00fczgarlar\u0131 esecek. Yaman&#8217;\u0131n \u00fc\u00e7 haftal\u0131k mecburi Almanya seyahati, Mira&#8217;n\u0131n Almanya hasreti ya\u015famas\u0131na neden olacak. B\u00fct\u00fcn bu olanlar 10 Nisan Cuma ak\u015fam\u0131 20.30&#8217;da Star Tv. ekranlar\u0131nda&#8230; Ay yap\u0131m&#8217;\u0131n 68.B\u00f6l\u00fcm ile verdi\u011fi b\u00f6l\u00fcm \u00f6zeti \u015e\u00f6yle: Yaman\u2019\u0131n Almanya\u2019ya gidi\u015fi, Yaman ve [&hellip;]<\/p>\n","protected":false},"author":3,"featured_media":0,"comment_status":"open","ping_status":"open","sticky":false,"template":"","format":"standard","meta":{"footnotes":""},"categories":[2],"tags":[26,15,16,418,27],"class_list":["post-7944","post","type-post","status-publish","format-standard","hentry","category-tv-programlari","tag-ay-yapim","tag-cagatay-ulusoy","tag-medcezir","tag-satar-tv","tag-serenay-sarikaya"],"views":4294,"blog_post_layout_featured_media_urls":{"thumbnail":"","full":""},"categories_names":{"2":{"name":"TV Programlar\u0131","link":"https:\/\/balcilar-blog.com\/?cat=2"}},"tags_names":{"26":{"name":"Ay Yap\u0131m","link":"https:\/\/balcilar-blog.com\/?tag=ay-yapim"},"15":{"name":"\u00e7a\u011fatay ulusoy","link":"https:\/\/balcilar-blog.com\/?tag=cagatay-ulusoy"},"16":{"name":"medcezir","link":"https:\/\/balcilar-blog.com\/?tag=medcezir"},"418":{"name":"Satar Tv","link":"https:\/\/balcilar-blog.com\/?tag=satar-tv"},"27":{"name":"Serenay Sar\u0131kaya","link":"https:\/\/balcilar-blog.com\/?tag=serenay-sarikaya"}},"comments_number":"0","wpmagazine_modules_lite_featured_media_urls":{"thumbnail":"","cvmm-medium":"","cvmm-medium-plus":"","cvmm-portrait":"","cvmm-medium-square":"","cvmm-large":"","cvmm-small":"","full":""},"_links":{"self":[{"href":"https:\/\/balcilar-blog.com\/index.php?rest_route=\/wp\/v2\/posts\/7944","targetHints":{"allow":["GET"]}}],"collection":[{"href":"https:\/\/balcilar-blog.com\/index.php?rest_route=\/wp\/v2\/posts"}],"about":[{"href":"https:\/\/balcilar-blog.com\/index.php?rest_route=\/wp\/v2\/types\/post"}],"author":[{"embeddable":true,"href":"https:\/\/balcilar-blog.com\/index.php?rest_route=\/wp\/v2\/users\/3"}],"replies":[{"embeddable":true,"href":"https:\/\/balcilar-blog.com\/index.php?rest_route=%2Fwp%2Fv2%2Fcomments&post=7944"}],"version-history":[{"count":9,"href":"https:\/\/balcilar-blog.com\/index.php?rest_route=\/wp\/v2\/posts\/7944\/revisions"}],"predecessor-version":[{"id":7994,"href":"https:\/\/balcilar-blog.com\/index.php?rest_route=\/wp\/v2\/posts\/7944\/revisions\/7994"}],"wp:attachment":[{"href":"https:\/\/balcilar-blog.com\/index.php?rest_route=%2Fwp%2Fv2%2Fmedia&parent=7944"}],"wp:term":[{"taxonomy":"category","embeddable":true,"href":"https:\/\/balcilar-blog.com\/index.php?rest_route=%2Fwp%2Fv2%2Fcategories&post=7944"},{"taxonomy":"post_tag","embeddable":true,"href":"https:\/\/balcilar-blog.com\/index.php?rest_route=%2Fwp%2Fv2%2Ftags&post=7944"}],"curies":[{"name":"wp","href":"https:\/\/api.w.org\/{rel}","templated":true}]}}