{"id":791,"date":"2013-10-13T14:04:14","date_gmt":"2013-10-13T11:04:14","guid":{"rendered":"http:\/\/balcilar-blog.com\/?p=791"},"modified":"2014-03-25T14:07:04","modified_gmt":"2014-03-25T12:07:04","slug":"cagatay-ulusoy-serenay-sarikaya-medcezir-4-bolum-super-geliyor","status":"publish","type":"post","link":"https:\/\/balcilar-blog.com\/?p=791","title":{"rendered":"\u00c7a\u011fatay Ulusoy &#8211; Serenay Sar\u0131kaya \/ Medcezir 4.B\u00f6l\u00fcm s\u00fcper geliyor,"},"content":{"rendered":"<div>\n<h4>03 Ekim &#8217;13<\/h4>\n<\/div>\n<dl>\n<dt>Kategori<\/dt>\n<dd><a href=\"http:\/\/blog.milliyet.com.tr\/tv-programlari\/Kategori\/?KategoriNo=351\"><strong>TV Programlar\u0131<\/strong><\/a><\/dd>\n<\/dl>\n<div>\n<div><img loading=\"lazy\" decoding=\"async\" alt=\"\u00c7a\u011fatay Ulusoy - Serenay Sar\u0131kaya \/ Medcezir 4.B\u00f6l\u00fcm s\u00fcper geliyor,\" src=\"http:\/\/iblog.milliyet.com.tr\/imgroot\/blogv7\/Blog333\/2013\/10\/03\/24\/431364-3-4-a47c1.jpg\" width=\"333\" height=\"240\" \/><\/p>\n<div><\/div>\n<p>Yaman annesini denizden \u00e7\u0131kart\u0131yor.<\/p>\n<hr \/>\n<\/div>\n<div id=\"BlogDetail\">\n<p><a href=\"http:\/\/blog.milliyet.com.tr\/AramaBlog\/?search=Star%20Tv\" rel=\"external nofollow\">Star Tv<\/a>.in inan\u0131lmaz ilgi g\u00f6ren dizisi\u00a0<a href=\"http:\/\/blog.milliyet.com.tr\/AramaBlog\/?search=Medcezir\" rel=\"external nofollow\">Medcezir<\/a>yar\u0131n ak\u015fam 4.c\u00fc b\u00f6l\u00fcm\u00fcyle ekranlara geliyor. \u0130lk 3 b\u00f6l\u00fcm\u00fcn\u00fc geride b\u0131rakt\u0131\u011f\u0131m\u0131z dizi, \u00e7ok olumlu tepkiler ald\u0131. Ben pek \u015fa\u015f\u0131rmad\u0131m. \u00d6nceki yazd\u0131\u011f\u0131m blog yaz\u0131lar\u0131m\u0131 okuyanlar bilir. Ocak 2013 tarihinden bu tarafa, O.C. in T\u00fcrkiye versiyonu olan bu dizi tutar demi\u015ftim. \u00c7\u00fcnk\u00fc konu m\u00fckemmel, oyuncular harika, senaristinden y\u00f6netmenine kadar her \u015fey \u00e7ok g\u00fczel. \u0130lk \u00fc\u00e7 b\u00f6l\u00fcm\u00fc de tekrar izledim. \u0130nan\u0131n \u00e7ok keyif ald\u0131m.<\/p>\n<p><a href=\"http:\/\/blog.milliyet.com.tr\/AramaBlog\/?search=Bar%C4%B1%C5%9F%20Falay\" rel=\"external nofollow\">Bar\u0131\u015f Falay<\/a>\u2019\u0131 Ezel dizisinde izlemi\u015ftim. K\u00f6t\u00fc rolde \u00e7ok ba\u015far\u0131l\u0131yd\u0131. Hayran olmu\u015ftum. Medcezir\u2019 de, Avukat Selim olarak tek kelime ile on numara. Sevecen bir baba, insanlar\u0131 seven, herkesi oldu\u011fu gibi kabul eden, dobra bir insan.<\/p>\n<p><a href=\"http:\/\/blog.milliyet.com.tr\/AramaBlog\/?search=Taner%20%C3%96lmez\" rel=\"external nofollow\">Taner \u00d6lmez<\/a>, Mert karakteriyle ayr\u0131 bir tat katm\u0131\u015f. Tam ya\u015f\u0131n\u0131n genci, k\u0131p\u0131r k\u0131p\u0131r enerji dolu, esprit\u00fcel ve komik.<\/p>\n<p><a href=\"http:\/\/blog.milliyet.com.tr\/AramaBlog\/?search=%C3%87a%C4%9Fatay%20Ulusoy\" rel=\"external nofollow\">\u00c7a\u011fatay Ulusoy<\/a>,\u00a0<a href=\"http:\/\/blog.milliyet.com.tr\/AramaBlog\/?search=Yaman\" rel=\"external nofollow\">Yaman<\/a>\u00a0rol\u00fc ile kendisini bana hayran b\u0131rakt\u0131. AFK\u2019 da zengin ve karizmatik bir gen\u00e7ti. Bu rolde fakir ama gururlu, onurlu gene karizmatik biri olmu\u015f. Daha \u00f6nce belirtmi\u015ftim. \u00c7a\u011fatay Yaman karakteri ile kendini a\u015fm\u0131\u015f, rol\u00fcn\u00fc ya\u015f\u0131yor ve ya\u015fat\u0131yor. Bravo \u00c7a\u011fatay Ulusoy.<\/p>\n<p>Gelelim yar\u0131n ak\u015fam ekranlara gelecek d\u00f6rd\u00fcnc\u00fc b\u00f6l\u00fcmde olacaklara. Yaman\u2019\u0131n annesi Nevin Han\u0131m, Panay\u0131rda \u00e7\u0131kard\u0131\u011f\u0131 rezaletlerden dolay\u0131, o\u011flunu d\u00fc\u015f\u00fcnerek k\u00f6\u015fk\u00fc terk etti. O\u011flu Yaman\u2019 \u0131n bu zengin, iyi insanlar\u0131n yan\u0131nda kalmas\u0131n\u0131 istemi\u015fti. O\u011flu i\u00e7in kendini ate\u015fe atm\u0131\u015f, \u0130stemedi\u011fi Hasan ile birlikteli\u011fi kabullenmi\u015f, onunla gitmi\u015fti. Sonralar\u0131 Hasan\u2019\u0131n yapt\u0131klar\u0131n\u0131 dayanamay\u0131p, kendini denize atm\u0131\u015f, intihara kalk\u0131\u015fm\u0131\u015ft\u0131r. O\u011flu yaman annesinin kurtar\u0131c\u0131s\u0131 olmu\u015ftur.<\/p>\n<p>Mira Yaman\u2019 \u0131 tan\u0131d\u0131k\u00e7a ona kar\u015f\u0131 ilgisi artm\u0131\u015f bu fakir gence a\u015f\u0131k olmu\u015ftur. Or\u00e7un\u2019 un Yaman\u2019 a yapt\u0131klar\u0131n\u0131 \u00f6\u011frenmesiyle, Or\u00e7un\u2019dan uzakla\u015fm\u0131\u015f. Yaman\u2019a g\u00f6\u011fs\u00fcne kapanarak, s\u0131\u011f\u0131n\u0131lacak bir liman olarak g\u00f6rm\u00fc\u015ft\u00fcr. Yaman\u2019\u0131 \u201cSeni seviyorum deli gibi\u201d s\u00f6zleriyle ifade etmi\u015ftir.<\/p>\n<p>Mert, panay\u0131rda Eyl\u00fcl\u2019 e getirdi\u011fi \u015fans\u0131n meyvelerini alm\u0131\u015f, art\u0131k Eyl\u00fcl ile yak\u0131nla\u015fmaya ba\u015flam\u0131\u015ft\u0131r. Yaman, Eyl\u00fcl\u2019 \u00fcn kendisine olan ilgisini bildi\u011finden, Eyl\u00fcl\u2019e a\u00e7\u0131k\u00e7a ikaz etmi\u015f, Mert\u2019in kendisine hayranl\u0131\u011f\u0131n\u0131 anlatm\u0131\u015ft\u0131r. Eyl\u00fcl, Serez\u2019in evlatl\u0131\u011f\u0131 gibi g\u00f6rd\u00fc\u011f\u00fc Yaman\u2019\u0131 tak\u0131lmak istedi\u011fini Mira\u2019 a s\u00f6ylemi\u015f. Mira kendinin Yaman\u2019a olan ilgisini, Eyl\u00fcl\u2019e s\u00f6ylememi\u015ftir.<\/p>\n<p>Baba As\u0131m \u015eekip Kaya, Yaman\u2019 \u0131 Panay\u0131rda g\u00f6rd\u00fckten, annesinin rezaletlerinden sonra, k\u0131z\u0131 Ender\u2019in evinde kalmas\u0131n\u0131 kabullenebilecek mi, g\u00f6rece\u011fiz.<\/p>\n<p>Or\u00e7un ile Yaman yanan evin tamirat\u0131nda beraber \u00e7al\u0131\u015fmak zorunda kal\u0131rlar. Bu Ender Han\u0131m\u0131n iste\u011fidir. Or\u00e7un bakal\u0131m Yaman\u0131n ba\u015f\u0131na daha ne \u00e7oraplar \u00f6recek. \u00c7\u00fcnk\u00fc, Mira\u2019\u0131 Yaman\u2019dan deli gibi k\u0131skanmaktad\u0131r.<\/p>\n<p>Herkesin oldu\u011fu gibi, benim de Favori dizim oldu Medcezir. Yar\u0131n ak\u015fam 4.c\u00fc b\u00f6l\u00fcm\u00fc sab\u0131rs\u0131zl\u0131kla bekliyorum. Binlerce ki\u015finin bekledi\u011fi gibi\u2026<\/p>\n<p>Buradan ba\u015fta \u00c7a\u011fatay Ulusoy,\u00a0<a href=\"http:\/\/blog.milliyet.com.tr\/AramaBlog\/?search=Serenay%20Sar%C4%B1kaya\" rel=\"external nofollow\">Serenay Sar\u0131kaya<\/a>\u00a0ve t\u00fcm oyuncu kadrosuna ba\u015far\u0131lar\u0131ndan dolay\u0131 tebrik ediyor, sonraki b\u00f6l\u00fcmlerde \u00fcst\u00fcn ba\u015far\u0131lar diliyorum.<\/p>\n<p>Sizlerin de ba\u015far\u0131 ve \u015fans hep yan\u0131n\u0131zda olsun, Sevgili okurlar\u0131m.<\/p>\n<p>&nbsp;<\/p>\n<p>Sayg\u0131lar, sevgiler<\/p>\n<p>Abdurrahman Balc\u0131lar<\/p>\n<p>Twitter: abdurrahman\u00a0<a href=\"mailto:balc%C4%B1lar@abbalcilar\">balc\u0131lar@abbalcilar<\/a><\/p>\n<p>mail :\u00a0<a href=\"mailto:ab.balcilar@hotmail.com\">ab.balcilar@hotmail.com<\/a><\/p>\n<p>Blog: milliyet.com.tr\/cansever<\/p>\n<p>&nbsp;<\/p>\n<p>&nbsp;<\/p>\n<\/div>\n<\/div>\n","protected":false},"excerpt":{"rendered":"<p>03 Ekim &#8217;13 Kategori TV Programlar\u0131 Yaman annesini denizden \u00e7\u0131kart\u0131yor. Star Tv.in inan\u0131lmaz ilgi g\u00f6ren dizisi\u00a0Medceziryar\u0131n ak\u015fam 4.c\u00fc b\u00f6l\u00fcm\u00fcyle ekranlara geliyor. \u0130lk 3 b\u00f6l\u00fcm\u00fcn\u00fc geride b\u0131rakt\u0131\u011f\u0131m\u0131z dizi, \u00e7ok olumlu tepkiler ald\u0131. Ben pek \u015fa\u015f\u0131rmad\u0131m. \u00d6nceki yazd\u0131\u011f\u0131m blog yaz\u0131lar\u0131m\u0131 okuyanlar bilir. Ocak 2013 tarihinden bu tarafa, O.C. in T\u00fcrkiye versiyonu olan bu dizi tutar demi\u015ftim. \u00c7\u00fcnk\u00fc [&hellip;]<\/p>\n","protected":false},"author":3,"featured_media":0,"comment_status":"open","ping_status":"open","sticky":false,"template":"","format":"standard","meta":{"footnotes":""},"categories":[2],"tags":[309,15,16,27,25,28],"class_list":["post-791","post","type-post","status-publish","format-standard","hentry","category-tv-programlari","tag-baris-falay","tag-cagatay-ulusoy","tag-medcezir","tag-serenay-sarikaya","tag-star-tv","tag-taner-olmez"],"views":3856,"blog_post_layout_featured_media_urls":{"thumbnail":"","full":""},"categories_names":{"2":{"name":"TV Programlar\u0131","link":"https:\/\/balcilar-blog.com\/?cat=2"}},"tags_names":{"309":{"name":"Bar\u0131\u015f Falay","link":"https:\/\/balcilar-blog.com\/?tag=baris-falay"},"15":{"name":"\u00e7a\u011fatay ulusoy","link":"https:\/\/balcilar-blog.com\/?tag=cagatay-ulusoy"},"16":{"name":"medcezir","link":"https:\/\/balcilar-blog.com\/?tag=medcezir"},"27":{"name":"Serenay Sar\u0131kaya","link":"https:\/\/balcilar-blog.com\/?tag=serenay-sarikaya"},"25":{"name":"Star Tv","link":"https:\/\/balcilar-blog.com\/?tag=star-tv"},"28":{"name":"Taner \u00d6lmez","link":"https:\/\/balcilar-blog.com\/?tag=taner-olmez"}},"comments_number":"0","wpmagazine_modules_lite_featured_media_urls":{"thumbnail":"","cvmm-medium":"","cvmm-medium-plus":"","cvmm-portrait":"","cvmm-medium-square":"","cvmm-large":"","cvmm-small":"","full":""},"_links":{"self":[{"href":"https:\/\/balcilar-blog.com\/index.php?rest_route=\/wp\/v2\/posts\/791","targetHints":{"allow":["GET"]}}],"collection":[{"href":"https:\/\/balcilar-blog.com\/index.php?rest_route=\/wp\/v2\/posts"}],"about":[{"href":"https:\/\/balcilar-blog.com\/index.php?rest_route=\/wp\/v2\/types\/post"}],"author":[{"embeddable":true,"href":"https:\/\/balcilar-blog.com\/index.php?rest_route=\/wp\/v2\/users\/3"}],"replies":[{"embeddable":true,"href":"https:\/\/balcilar-blog.com\/index.php?rest_route=%2Fwp%2Fv2%2Fcomments&post=791"}],"version-history":[{"count":1,"href":"https:\/\/balcilar-blog.com\/index.php?rest_route=\/wp\/v2\/posts\/791\/revisions"}],"predecessor-version":[{"id":792,"href":"https:\/\/balcilar-blog.com\/index.php?rest_route=\/wp\/v2\/posts\/791\/revisions\/792"}],"wp:attachment":[{"href":"https:\/\/balcilar-blog.com\/index.php?rest_route=%2Fwp%2Fv2%2Fmedia&parent=791"}],"wp:term":[{"taxonomy":"category","embeddable":true,"href":"https:\/\/balcilar-blog.com\/index.php?rest_route=%2Fwp%2Fv2%2Fcategories&post=791"},{"taxonomy":"post_tag","embeddable":true,"href":"https:\/\/balcilar-blog.com\/index.php?rest_route=%2Fwp%2Fv2%2Ftags&post=791"}],"curies":[{"name":"wp","href":"https:\/\/api.w.org\/{rel}","templated":true}]}}