{"id":786,"date":"2013-09-29T13:52:32","date_gmt":"2013-09-29T10:52:32","guid":{"rendered":"http:\/\/balcilar-blog.com\/?p=786"},"modified":"2014-03-25T13:56:14","modified_gmt":"2014-03-25T11:56:14","slug":"medcezir-3-haftasinda-da-yikti-gecti","status":"publish","type":"post","link":"https:\/\/balcilar-blog.com\/?p=786","title":{"rendered":"&#8220;Medcezir&#8221; 3. haftas\u0131nda da y\u0131kt\u0131 ge\u00e7ti,"},"content":{"rendered":"<div>\n<h4>29 Eyl\u00fcl &#8217;13<\/h4>\n<\/div>\n<dl>\n<dt>Kategori<\/dt>\n<dd><a href=\"http:\/\/blog.milliyet.com.tr\/tv-programlari\/Kategori\/?KategoriNo=351\"><strong>TV Programlar\u0131<\/strong><\/a><\/dd>\n<\/dl>\n<div>\n<div><img loading=\"lazy\" decoding=\"async\" alt=\"&quot;Medcezir&quot; 3. haftas\u0131nda da y\u0131kt\u0131 ge\u00e7ti,\" src=\"http:\/\/iblog.milliyet.com.tr\/imgroot\/blogv7\/Blog333\/2013\/09\/28\/49\/430771-3-4-a8b1d.jpg\" width=\"333\" height=\"240\" \/><\/div>\n<div id=\"BlogDetail\">\n<p><a href=\"http:\/\/blog.milliyet.com.tr\/AramaBlog\/?search=Star%20Tv\" rel=\"external nofollow\">Star Tv<\/a>.in bomba dizisi\u00a0<a href=\"http:\/\/blog.milliyet.com.tr\/AramaBlog\/?search=Medcezir\" rel=\"external nofollow\">Medcezir<\/a>\u00a0d\u00fcn ak\u015fam 3.c\u00fc b\u00f6l\u00fcm\u00fcyle gecenin en iyilerindendi. Ge\u00e7en hafta oldu\u011fu gibi reytinglerde birincili\u011fi kimselere b\u0131rakmad\u0131. Ta ki aylar \u00f6nceden yazm\u0131\u015ft\u0131m,<a href=\"http:\/\/blog.milliyet.com.tr\/AramaBlog\/?search=%C3%87a%C4%9Fatay%20Ulusoy\" rel=\"external nofollow\">\u00c7a\u011fatay Ulusoy<\/a>\u00a0ve\u00a0<a href=\"http:\/\/blog.milliyet.com.tr\/AramaBlog\/?search=Serenay%20Sar%C4%B1kaya\" rel=\"external nofollow\">Serenay Sar\u0131kaya<\/a>\u00a0ile Medcezir Cuma ak\u015famlar\u0131n\u0131n mutlak birincisi olacak demi\u015ftim. \u00dc\u00e7 cumad\u0131r \u00f6yle de oluyor, bundan sonrada fenomen olan dizi b\u00f6yle devam edecek gibi. \u0130nsan \u00e7ikolata yedik\u00e7e ba\u011f\u0131ml\u0131l\u0131k yapar ya, bu dizi de izledik\u00e7e ba\u011f\u0131ml\u0131l\u0131k yaratmaya ba\u015flad\u0131. Her Cuma art\u0131k Medcezir gecesi olacak, bir sonraki b\u00f6l\u00fcm sab\u0131rs\u0131zl\u0131kla beklenecek.<\/p>\n<p>Ge\u00e7en b\u00f6l\u00fcm in\u015faattaki yang\u0131ndan \u00e7\u0131kart\u0131lan Yaman, hastaneye kald\u0131r\u0131lm\u0131\u015ft\u0131. Orkun\u2019un sebep oldu\u011fu yang\u0131n\u0131n su\u00e7u Yaman\u2019\u0131n \u00fcst\u00fcne kal\u0131r. Or\u00e7un, Yaman\u2019\u0131 yang\u0131ndan kucaklayarak \u00e7\u0131kard\u0131 ya, kendini kahraman ilan eder. Bu durumu Mira\u2019 a kar\u015f\u0131 kullan\u0131r. As\u0131m \u015eekip Kaya, yang\u0131n\u0131n sorumlusu g\u00f6rd\u00fc\u011f\u00fc Yaman\u2019dan \u015fik\u00e2yet\u00e7i olur ve i\u00e7eri att\u0131r\u0131r. Avukat Selim ve o\u011flu Mert Yaman\u2019\u0131n su\u00e7suz oldu\u011fundan emindirler. Yaman\u2019\u0131 kurtarmak i\u00e7in b\u00fcy\u00fck \u00e7aba harcarlar.<\/p>\n<p>Avukat Selim kay\u0131npederine adeta emir verircesine \u015fik\u00e2yetini geri alacaks\u0131n demesi, Mert\u2019in annesini ikna etmesiyle Yaman \u00e7\u0131kart\u0131l\u0131r ve eve gelir. Bir g\u00fczel haber de, annesini Selim Bey tahliye ettirir eve getirir. Ana o\u011fulun kavu\u015fmas\u0131nda duygulu anlar ya\u015fan\u0131r. Selim bey bir g\u00fczel m\u00fcjde daha verir, Yaman\u2019\u0131 As\u0131m \u015eekip Kaya \u00dcniversitesinde, y\u00fczde y\u00fcz burslu olarak okutacakt\u0131r. O ak\u015famki vakf\u0131n panay\u0131r gecesine t\u00fcm alile kat\u0131l\u0131r.<\/p>\n<p>Herkes panay\u0131r havas\u0131n\u0131n b\u00fcy\u00fcs\u00fcne kap\u0131lm\u0131\u015ft\u0131r. Kat\u0131lanlar\u0131n aralar\u0131nda yapt\u0131klar\u0131 k\u0131sa konu\u015fmalardan pasajlar vermek istiyorum.<\/p>\n<p>Yaman\u2019\u0131n annesi Nevin Han\u0131mdan Yaman\u2019a,\u00a0 \u201cHi\u00e7 bu kadar zengin insan\u0131 bir arada g\u00f6rmemi\u015ftim\u201d<\/p>\n<p>Yaman\u2019dan Orkun\u2019a, \u201c\u015fu an elindekinin ger\u00e7ek silah olmas\u0131n\u0131 isterdin herhalde\u201d<\/p>\n<p>Orkun\u2019dan Yaman\u2019a, \u201cKur\u015fun harcamaya de\u011fmezdi, senin yedi\u011fin dayak az gelmi\u015f, istersen yang\u0131n tehlikesi olmayan bir yerde devam ettirelim.\u201d<\/p>\n<p>Yaman\u2019dan Orkun\u2019a, \u201cSeni ele vermedi\u011fim i\u00e7in te\u015fekk\u00fcr beklemiyorum senden, ama geri d\u00f6n\u00fcp \u00e7\u0131kartt\u0131\u011f\u0131n i\u00e7in ben sana te\u015fekk\u00fcr ederim.\u201d<\/p>\n<p>Bu konu\u015fmalar\u0131 duyan Ender Han\u0131mdan Orkun\u2019a, \u201cHerkese \u00f6z\u00fcr borcu olan biri bu kadar agresif olmamal\u0131 Orkun, Sitedekilerin Yaman\u2019dan huzursuz olduklar\u0131n\u0131n fark\u0131nday\u0131z, madem Yaman bu konuda sessiz kalmay\u0131 tercih ediyor, onun karar\u0131na sayg\u0131 g\u00f6sterece\u011fim ben de. Evin yenilenme s\u00fcrecinde ikiniz birlikte \u00e7al\u0131\u015f\u0131rsan\u0131z, daha \u00e7ok sevinece\u011fim.\u201d<\/p>\n<p>As\u0131m \u015eekip Kaya, olaylar\u0131n ba\u015f akt\u00f6r\u00fc dedi\u011fi Yaman ile tan\u0131\u015f\u0131r. Tats\u0131z bir konu\u015fma ge\u00e7er aralar\u0131nda. Yaman\u2019\u0131n uzatt\u0131\u011f\u0131 eli s\u0131kmaz. As\u0131m Beyden Yaman&#8217;a &#8220;Bulutlar fazlas\u0131 ile elektrik y\u00fckl\u00fc&#8221;<\/p>\n<p>Mert, Eyl\u00fcl\u2019 e zar atarken \u015fans verir. Bekledi\u011fi \u00f6p\u00fcc\u00fc\u011f\u00fc Eyl\u00fcl\u2019den al\u0131r. Eyl\u00fcl beni \u00f6pt\u00fc diye Yaman\u2019a g\u00f6sterir.<\/p>\n<p>Sude kocas\u0131na, Ender\u2019in 500 bin dolar verdi\u011fi i\u00e7in, Selim Beye te\u015fekk\u00fcr eder. Kar\u0131s\u0131n\u0131n bu hareketine \u00e7ok k\u0131zan Selim Bey, Ender\u2019 e hesap sorar.<\/p>\n<p>Yaman\u2019\u0131n annesi i\u00e7ince da\u011f\u0131t\u0131r, sahneye \u00e7\u0131kar ba\u015flar \u015fark\u0131 s\u00f6ylemeye. Yaman sahneden al\u0131r ve oradan uzakla\u015f\u0131r. Ortal\u0131\u011f\u0131n kar\u0131\u015ft\u0131\u011f\u0131n\u0131 g\u00f6ren Mira, sahneye f\u0131rlar mikrofonu kapt\u0131\u011f\u0131 gibi \u015fark\u0131 s\u00f6ylemeye ba\u015flar, ortal\u0131\u011f\u0131 yat\u0131\u015ft\u0131r\u0131r. B\u00f6ylece Yaman&#8217; a yard\u0131mc\u0131 olur.<\/p>\n<p>O gece k\u00f6\u015fk de kalan ana-o\u011ful, sabahleyin Nevin Han\u0131m kocas\u0131 Hasan\u2019\u0131 \u00e7a\u011f\u0131r\u0131r ve Yaman\u2019a \u201cBen sana lay\u0131k de\u011filim, sen her \u015feyin en iyisine lay\u0131ks\u0131n o\u011flum, ho\u015f\u00e7a kal der ve gider. Amac\u0131 o\u011flunun orada kalmas\u0131 i\u00e7in yard\u0131mc\u0131 olur.<\/p>\n<p>Art\u0131k Yaman k\u00f6\u015fk de kal\u0131c\u0131d\u0131r. K\u00f6t\u00fc g\u00fcnler bitti, g\u00fczel g\u00fcnler bekliyor art\u0131k Yaman\u2019\u0131.<\/p>\n<p>Bu b\u00f6l\u00fcm\u00fcn ba\u015f akt\u00f6r\u00fc Avukat Selim Serez idi. Oyunculu\u011fu on numara. Kar\u0131s\u0131 Ender Han\u0131m ile Yaman konusunda yapt\u0131\u011f\u0131 konu\u015fma, tam bir avukat i\u015fi ve duygusal. Yaman&#8217;\u0131 o\u011flu kadar sever korur oldu.\u00a0<a href=\"http:\/\/blog.milliyet.com.tr\/AramaBlog\/?search=Bar%C4%B1%C5%9F%20Falay\" rel=\"external nofollow\">Bar\u0131\u015f Falay<\/a>\u2019a (Avukat Selim) Tebrikler.<\/p>\n<p><a href=\"http:\/\/blog.milliyet.com.tr\/AramaBlog\/?search=Taner%20%C3%96lmez\" rel=\"external nofollow\">Taner \u00d6lmez<\/a>\u00a0(Mert Serez), rol kabiliyeti, sempatik hareketleri ve \u00fcst\u00fcn performans\u0131, benim gibi b\u00fct\u00fcn seyircinin be\u011fenisini topluyor. Olduk\u00e7a \u015firin ve haz\u0131r cevap. Bir a\u011fabey olarak kabul eti\u011fi Yaman\u2019 \u0131 \u00e7ok seviyor.<\/p>\n<p><a href=\"http:\/\/blog.milliyet.com.tr\/AramaBlog\/?search=Mine%20Tugay\" rel=\"external nofollow\">Mine Tugay<\/a>\u00a0(Ender), o zenginli\u011fin verdi\u011fi sert duru\u015funun alt\u0131nda, yumu\u015fac\u0131k bir anne y\u00fcre\u011fi var. O\u011flu Mert&#8217;i ve kocas\u0131n\u0131 \u00e7ok seviyor. Art\u0131k yaman&#8217; a da g\u00fcveniyor, sevmeye de ba\u015flad\u0131.<\/p>\n<p><a href=\"http:\/\/blog.milliyet.com.tr\/AramaBlog\/?search=Hazar%20Erg%C3%BC%C3%A7l%C3%BC\" rel=\"external nofollow\">Hazar Erg\u00fc\u00e7l\u00fc<\/a>\u00a0(eyl\u00fcl),\u00a0<a href=\"http:\/\/blog.milliyet.com.tr\/AramaBlog\/?search=%C5%9Eebnem%20D%C3%B6nmez\" rel=\"external nofollow\">\u015eebnem D\u00f6nmez<\/a>\u00a0(Sude),\u00a0<a href=\"http:\/\/blog.milliyet.com.tr\/AramaBlog\/?search=Murat%20Aygen\" rel=\"external nofollow\">Murat Aygen<\/a>\u00a0(Faruk) ve Usta oyuncu\u00a0<a href=\"http:\/\/blog.milliyet.com.tr\/AramaBlog\/?search=Can%20G%C3%BCrzap\" rel=\"external nofollow\">Can G\u00fcrzap<\/a>\u00a0(As\u0131m \u015eekip Kaya) hepinize ayr\u0131 ayr\u0131 tebrikler.<\/p>\n<p>\u00c7a\u011fatay Ulusoy her b\u00f6l\u00fcmde art\u0131k \u00e7ok ba\u015far\u0131l\u0131. Performans\u0131 yerinde. \u00a0\u00c7\u0131tay\u0131 her seferinde daha yukar\u0131 ta\u015f\u0131yor. Yaln\u0131z dikkatimi \u00e7eken alt dudak \u0131s\u0131rmas\u0131 al\u0131\u015fkanl\u0131k m\u0131d\u0131r, rol gere\u011fi fakirli\u011fin, ya da ezikli\u011fin verdi\u011fi bir tik olarak m\u0131 yap\u0131yor anlayamad\u0131m. \u00c7ok s\u0131k yap\u0131yor bu hareketi. Ge\u00e7en b\u00f6l\u00fcm en az 10 kere yapm\u0131\u015ft\u0131. Yaman bu g\u00f6r\u00fcnt\u00fcs\u00fc ile \u00e7ok mahcup g\u00f6r\u00fcn\u00fcyor.\u00a0Ama bu hareket ona \u00e7ok da\u00a0yak\u0131\u015f\u0131yor.<\/p>\n<p>Serenay Sar\u0131kaya rahat tav\u0131rlar\u0131, sempatik hareketleri ve de sahne performans\u0131 g\u00fczeldi. \u0130leriki b\u00f6l\u00fcmlerde Yaman ile \u00e7ok g\u00fczel bir ikili olacaklar. \u0130zleyiciyi daha keyifli anlar ya\u015fatacaklar.<\/p>\n<p><a href=\"http:\/\/blog.milliyet.com.tr\/AramaBlog\/?search=Ay%20Yap%C4%B1m\" rel=\"external nofollow\">Ay Yap\u0131m<\/a>\u0131n bu s\u00fcper dizisi, yeni sezonun en g\u00fczel dizilerinden biri oldu. T\u00fcm Yap\u0131m ve Yay\u0131n ekibine ba\u015far\u0131lar\u0131n\u0131n devam\u0131n\u0131 diliyorum. Ayr\u0131ca senaristimiz\u00a0<a href=\"http:\/\/blog.milliyet.com.tr\/AramaBlog\/?search=Ece%20Y%C3%B6ren%C3%A7\" rel=\"external nofollow\">Ece Y\u00f6ren\u00e7<\/a>&#8216;e,\u00a0konuyu \u00e7ok g\u00fczel y\u00f6n verdi\u011finiz i\u00e7in te\u015fekk\u00fcrler.<\/p>\n<p>\u0130yi seyirler.<\/p>\n<p>Sayg\u0131lar, sevgiler.<\/p>\n<p>Abdurrahman Balc\u0131lar<\/p>\n<p>Twitter: abdurrahman balc\u0131lar@abbalcilar<\/p>\n<p>Mail :\u00a0<a href=\"mailto:ab.balcilar@hotmail.com\" target=\"_blank\">ab.balcilar@hotmail.com<\/a><\/p>\n<div>\n<p>Blog: milliyet.com.tr\/cansever<\/p>\n<\/div>\n<p>&nbsp;<\/p>\n<\/div>\n<p>&nbsp;<\/p>\n<\/div>\n","protected":false},"excerpt":{"rendered":"<p>29 Eyl\u00fcl &#8217;13 Kategori TV Programlar\u0131 Star Tv.in bomba dizisi\u00a0Medcezir\u00a0d\u00fcn ak\u015fam 3.c\u00fc b\u00f6l\u00fcm\u00fcyle gecenin en iyilerindendi. Ge\u00e7en hafta oldu\u011fu gibi reytinglerde birincili\u011fi kimselere b\u0131rakmad\u0131. Ta ki aylar \u00f6nceden yazm\u0131\u015ft\u0131m,\u00c7a\u011fatay Ulusoy\u00a0ve\u00a0Serenay Sar\u0131kaya\u00a0ile Medcezir Cuma ak\u015famlar\u0131n\u0131n mutlak birincisi olacak demi\u015ftim. \u00dc\u00e7 cumad\u0131r \u00f6yle de oluyor, bundan sonrada fenomen olan dizi b\u00f6yle devam edecek gibi. \u0130nsan \u00e7ikolata yedik\u00e7e [&hellip;]<\/p>\n","protected":false},"author":3,"featured_media":0,"comment_status":"open","ping_status":"open","sticky":false,"template":"","format":"standard","meta":{"footnotes":""},"categories":[2],"tags":[15,16,27,25],"class_list":["post-786","post","type-post","status-publish","format-standard","hentry","category-tv-programlari","tag-cagatay-ulusoy","tag-medcezir","tag-serenay-sarikaya","tag-star-tv"],"views":3649,"blog_post_layout_featured_media_urls":{"thumbnail":"","full":""},"categories_names":{"2":{"name":"TV Programlar\u0131","link":"https:\/\/balcilar-blog.com\/?cat=2"}},"tags_names":{"15":{"name":"\u00e7a\u011fatay ulusoy","link":"https:\/\/balcilar-blog.com\/?tag=cagatay-ulusoy"},"16":{"name":"medcezir","link":"https:\/\/balcilar-blog.com\/?tag=medcezir"},"27":{"name":"Serenay Sar\u0131kaya","link":"https:\/\/balcilar-blog.com\/?tag=serenay-sarikaya"},"25":{"name":"Star Tv","link":"https:\/\/balcilar-blog.com\/?tag=star-tv"}},"comments_number":"0","wpmagazine_modules_lite_featured_media_urls":{"thumbnail":"","cvmm-medium":"","cvmm-medium-plus":"","cvmm-portrait":"","cvmm-medium-square":"","cvmm-large":"","cvmm-small":"","full":""},"_links":{"self":[{"href":"https:\/\/balcilar-blog.com\/index.php?rest_route=\/wp\/v2\/posts\/786","targetHints":{"allow":["GET"]}}],"collection":[{"href":"https:\/\/balcilar-blog.com\/index.php?rest_route=\/wp\/v2\/posts"}],"about":[{"href":"https:\/\/balcilar-blog.com\/index.php?rest_route=\/wp\/v2\/types\/post"}],"author":[{"embeddable":true,"href":"https:\/\/balcilar-blog.com\/index.php?rest_route=\/wp\/v2\/users\/3"}],"replies":[{"embeddable":true,"href":"https:\/\/balcilar-blog.com\/index.php?rest_route=%2Fwp%2Fv2%2Fcomments&post=786"}],"version-history":[{"count":1,"href":"https:\/\/balcilar-blog.com\/index.php?rest_route=\/wp\/v2\/posts\/786\/revisions"}],"predecessor-version":[{"id":787,"href":"https:\/\/balcilar-blog.com\/index.php?rest_route=\/wp\/v2\/posts\/786\/revisions\/787"}],"wp:attachment":[{"href":"https:\/\/balcilar-blog.com\/index.php?rest_route=%2Fwp%2Fv2%2Fmedia&parent=786"}],"wp:term":[{"taxonomy":"category","embeddable":true,"href":"https:\/\/balcilar-blog.com\/index.php?rest_route=%2Fwp%2Fv2%2Fcategories&post=786"},{"taxonomy":"post_tag","embeddable":true,"href":"https:\/\/balcilar-blog.com\/index.php?rest_route=%2Fwp%2Fv2%2Ftags&post=786"}],"curies":[{"name":"wp","href":"https:\/\/api.w.org\/{rel}","templated":true}]}}