{"id":783,"date":"2013-09-27T13:47:24","date_gmt":"2013-09-27T10:47:24","guid":{"rendered":"http:\/\/balcilar-blog.com\/?p=783"},"modified":"2014-03-25T13:51:20","modified_gmt":"2014-03-25T11:51:20","slug":"a-s-k-dizisinde-hazal-kaya-farkinal","status":"publish","type":"post","link":"https:\/\/balcilar-blog.com\/?p=783","title":{"rendered":"A.\u015e.K. dizisinde Hazal Kaya fark\u0131,nal"},"content":{"rendered":"<div>\n<h4>27 Eyl\u00fcl &#8217;13<\/h4>\n<\/div>\n<dl>\n<dt>Kategori<\/dt>\n<dd><a href=\"http:\/\/blog.milliyet.com.tr\/tv-programlari\/Kategori\/?KategoriNo=351\"><strong>TV Programlar\u0131<\/strong><\/a><\/dd>\n<\/dl>\n<div>\n<div><img loading=\"lazy\" decoding=\"async\" alt=\"A.\u015e.K. dizisinde Hazal Kaya fark\u0131\" src=\"http:\/\/iblog.milliyet.com.tr\/imgroot\/blogv7\/Blog333\/2013\/09\/27\/48\/430623-3-4-13982.jpg\" width=\"333\" height=\"240\" \/><\/p>\n<div><\/div>\n<\/div>\n<div id=\"BlogDetail\">Sosyal Medyada \u00e7ok konu\u015fulan\u00a0<a href=\"http:\/\/blog.milliyet.com.tr\/AramaBlog\/?search=A.%C5%9E.K\" rel=\"external nofollow\">A.\u015e.K<\/a>\u00a0dizisi ge\u00e7ti\u011fimiz ak\u015fam\u00a0<a href=\"http:\/\/blog.milliyet.com.tr\/AramaBlog\/?search=Kanal%20D\" rel=\"external nofollow\">Kanal D<\/a>\u00a0ekranlar\u0131nda izleyiciyle tan\u0131\u015ft\u0131. A\u015fk dizisinin a\u00e7\u0131m\u0131\u00a0<strong>Azra<\/strong>,<strong>\u015e<\/strong>ebnem,\u00a0<strong>K<\/strong>erem ba\u015f harflerinin k\u0131sa okunu\u015fu. \u0130ki g\u00fczel kad\u0131n, bir erke\u011fi seviyorlar. Kar\u015f\u0131s\u0131nda Muhte\u015fem y\u00fczy\u0131l gibi bir yap\u0131m olmas\u0131na ra\u011fmen, reytinglerde kendine yer buldu. AB 2.ci, Totalde 4.c\u00fc oldu. Bu ba\u015far\u0131da\u00a0<a href=\"http:\/\/blog.milliyet.com.tr\/AramaBlog\/?search=Hazal%20Kaya\" rel=\"external nofollow\">Hazal Kaya<\/a>\u2019 \u0131n pay\u0131 \u00e7ok b\u00fcy\u00fck. G\u00fczelli\u011fi, kamera kar\u015f\u0131s\u0131ndaki rahatl\u0131\u011f\u0131, her y\u00f6n\u00fcyle m\u00fckemmeldi. Ayr\u0131ca kendisini \u00e7ok h\u0131rsl\u0131 g\u00f6rd\u00fcm. Ola\u011fan\u00fcst\u00fc bir performans\u0131 var. Kilo verince \u00e7ok zarif olmu\u015f. Sahneler m\u00fckemmel,\u00a0\u00e7ekimler g\u00f6rsel \u015f\u00f6len halinde sunulmu\u015f. Tabi ki mek\u00e2n \u00f6nemli, ye\u015fil do\u011fa, mavi deniz olunca da, her \u015fey g\u00fczel oluyor. B\u00fcy\u00fck Ada \u00e7ekimleri harikayd\u0131. Konu, ad\u0131 \u00fcst\u00fcnde a\u015fk. Akademiden arkada\u015f olan, fakir gen\u00e7 k\u0131z Azra (Hazal Kaya) ve fakir gen\u00e7\u00a0<a href=\"http:\/\/blog.milliyet.com.tr\/AramaBlog\/?search=Kerem\" rel=\"external nofollow\">Kerem<\/a>\u00a0(<a href=\"http:\/\/blog.milliyet.com.tr\/AramaBlog\/?search=Hakan%20Kurta%C5%9F\" rel=\"external nofollow\">Hakan Kurta\u015f<\/a>) bir spor kompleksinde \u00e7al\u0131\u015f\u0131rlar. Azra Tenis hocas\u0131, Kerem y\u00fczme hocas\u0131 ve ayn\u0131 zengin k\u0131za<a href=\"http:\/\/blog.milliyet.com.tr\/AramaBlog\/?search=%C5%9Eebnem\" rel=\"external nofollow\">\u015eebnem<\/a>\u00a0(<a href=\"http:\/\/blog.milliyet.com.tr\/AramaBlog\/?search=Asl%C4%B1%20Tando%C4%9Fan\" rel=\"external nofollow\">Asl\u0131 Tando\u011fan<\/a>) ders verirler. \u015eebnem, Kerem\u2019e ilk g\u00f6r\u00fc\u015fte a\u015f\u0131k olmu\u015ftur. Sudan korkmas\u0131na ra\u011fmen, sevgi u\u011fruna Kerem\u2019den y\u00fczme dersi al\u0131r. \u015eebnem lenf kanseri ve alt\u0131 ayl\u0131k \u00f6mr\u00fc kalm\u0131\u015ft\u0131r. Asl\u0131, bu haberi \u015eebnem doktoru ile konu\u015furken duyar. Kerem\u2019in babas\u0131 intihar eder, Kerem\u2019e 500 bin lira tefeci borcu b\u0131rak\u0131r. \u00d6demeyecekleri borcun alt\u0131na girerler ve senet imzalarlar. Bu bor\u00e7, her ikisi i\u00e7in k\u00e2bustur. Azra \u00e7ok g\u00fczel, g\u00fczelli\u011fi kadar ak\u0131ll\u0131 k\u0131zd\u0131r. \u015eebnem\u2019in umutsuzlu\u011fu Azra\u2019n\u0131n umudu olur. Akl\u0131na \u015feytanca bir fikir gelir. Kerem\u2019 e \u201c\u015eebnem ile evleneceksin\u201d der. Borcu \u00f6demek, kendi a\u015fklar\u0131n\u0131 kurtarmak i\u00e7in, Kerem\u2019in a\u015fk\u0131n\u0131 \u015eebnem\u2019e satacaklard\u0131r. 6 ay sonra \u015eebnem \u00f6ld\u00fc\u011f\u00fcnde servet Kerem\u2019 e kalacakt\u0131r. Konu g\u00fczel. Bu plan i\u015fleyecek mi? Ya da hangi olaylara gebe. Hep birlikte g\u00f6rece\u011fiz. Bir\u00a0<a href=\"http:\/\/blog.milliyet.com.tr\/AramaBlog\/?search=Gold%20Film\" rel=\"external nofollow\">Gold Film<\/a>\u00a0yap\u0131m\u0131 olan\u00a0<a href=\"http:\/\/blog.milliyet.com.tr\/AramaBlog\/?search=Faruk%20Turgut\" rel=\"external nofollow\">Faruk Turgut<\/a>\u2019 un bu filmin y\u00f6netmenli\u011fini\u00a0<a href=\"http:\/\/blog.milliyet.com.tr\/AramaBlog\/?search=%C3%96m%C3%BCr%20Atay\" rel=\"external nofollow\">\u00d6m\u00fcr Atay<\/a>\u00a0yapm\u0131\u015ft\u0131r. Senaryosunu Evren \u015eit ve Serdar Soydan yazd\u0131\u011f\u0131 dizimiz her \u00c7ar\u015famba izleyiciyi ekran ba\u015f\u0131na oturtacak. Herkese iyi seyirler. Sayg\u0131lar, sevgiler. Abdurrahman Balc\u0131lar Twitter: abdurrahman balc\u0131lar@abbalcilar Mail :\u00a0<a href=\"mailto:ab.balcilar@hotmail.com\" target=\"_blank\">ab.balcilar@hotmail.com<\/a> Blog: milliyet.com.tr\/cansever Blog: balcilar-blog.com<\/div>\n<\/div>\n","protected":false},"excerpt":{"rendered":"<p>27 Eyl\u00fcl &#8217;13 Kategori TV Programlar\u0131 Sosyal Medyada \u00e7ok konu\u015fulan\u00a0A.\u015e.K\u00a0dizisi ge\u00e7ti\u011fimiz ak\u015fam\u00a0Kanal D\u00a0ekranlar\u0131nda izleyiciyle tan\u0131\u015ft\u0131. A\u015fk dizisinin a\u00e7\u0131m\u0131\u00a0Azra,\u015eebnem,\u00a0Kerem ba\u015f harflerinin k\u0131sa okunu\u015fu. \u0130ki g\u00fczel kad\u0131n, bir erke\u011fi seviyorlar. Kar\u015f\u0131s\u0131nda Muhte\u015fem y\u00fczy\u0131l gibi bir yap\u0131m olmas\u0131na ra\u011fmen, reytinglerde kendine yer buldu. AB 2.ci, Totalde 4.c\u00fc oldu. Bu ba\u015far\u0131da\u00a0Hazal Kaya\u2019 \u0131n pay\u0131 \u00e7ok b\u00fcy\u00fck. G\u00fczelli\u011fi, kamera kar\u015f\u0131s\u0131ndaki [&hellip;]<\/p>\n","protected":false},"author":3,"featured_media":0,"comment_status":"open","ping_status":"open","sticky":false,"template":"","format":"standard","meta":{"footnotes":""},"categories":[2],"tags":[102,353,312,19],"class_list":["post-783","post","type-post","status-publish","format-standard","hentry","category-tv-programlari","tag-a-s-k","tag-asli-tandogan","tag-hakan-kurtas","tag-hazal-kaya"],"views":14348,"blog_post_layout_featured_media_urls":{"thumbnail":"","full":""},"categories_names":{"2":{"name":"TV Programlar\u0131","link":"https:\/\/balcilar-blog.com\/?cat=2"}},"tags_names":{"102":{"name":"A.\u015e.K","link":"https:\/\/balcilar-blog.com\/?tag=a-s-k"},"353":{"name":"Asl\u0131 Tando\u011fan","link":"https:\/\/balcilar-blog.com\/?tag=asli-tandogan"},"312":{"name":"Hakan Kurta\u015f","link":"https:\/\/balcilar-blog.com\/?tag=hakan-kurtas"},"19":{"name":"Hazal Kaya","link":"https:\/\/balcilar-blog.com\/?tag=hazal-kaya"}},"comments_number":"0","wpmagazine_modules_lite_featured_media_urls":{"thumbnail":"","cvmm-medium":"","cvmm-medium-plus":"","cvmm-portrait":"","cvmm-medium-square":"","cvmm-large":"","cvmm-small":"","full":""},"_links":{"self":[{"href":"https:\/\/balcilar-blog.com\/index.php?rest_route=\/wp\/v2\/posts\/783","targetHints":{"allow":["GET"]}}],"collection":[{"href":"https:\/\/balcilar-blog.com\/index.php?rest_route=\/wp\/v2\/posts"}],"about":[{"href":"https:\/\/balcilar-blog.com\/index.php?rest_route=\/wp\/v2\/types\/post"}],"author":[{"embeddable":true,"href":"https:\/\/balcilar-blog.com\/index.php?rest_route=\/wp\/v2\/users\/3"}],"replies":[{"embeddable":true,"href":"https:\/\/balcilar-blog.com\/index.php?rest_route=%2Fwp%2Fv2%2Fcomments&post=783"}],"version-history":[{"count":2,"href":"https:\/\/balcilar-blog.com\/index.php?rest_route=\/wp\/v2\/posts\/783\/revisions"}],"predecessor-version":[{"id":785,"href":"https:\/\/balcilar-blog.com\/index.php?rest_route=\/wp\/v2\/posts\/783\/revisions\/785"}],"wp:attachment":[{"href":"https:\/\/balcilar-blog.com\/index.php?rest_route=%2Fwp%2Fv2%2Fmedia&parent=783"}],"wp:term":[{"taxonomy":"category","embeddable":true,"href":"https:\/\/balcilar-blog.com\/index.php?rest_route=%2Fwp%2Fv2%2Fcategories&post=783"},{"taxonomy":"post_tag","embeddable":true,"href":"https:\/\/balcilar-blog.com\/index.php?rest_route=%2Fwp%2Fv2%2Ftags&post=783"}],"curies":[{"name":"wp","href":"https:\/\/api.w.org\/{rel}","templated":true}]}}