{"id":7813,"date":"2015-04-03T08:56:43","date_gmt":"2015-04-03T05:56:43","guid":{"rendered":"http:\/\/balcilar-blog.com\/?p=7813"},"modified":"2015-04-03T09:17:01","modified_gmt":"2015-04-03T06:17:01","slug":"cagatay-ulusoyun-instagramdan-paylastigi-fotograf-olay-yaratti","status":"publish","type":"post","link":"https:\/\/balcilar-blog.com\/?p=7813","title":{"rendered":"\u00c7a\u011fatay Ulusoy&#8217;un Instagram&#8217;dan payla\u015ft\u0131\u011f\u0131 foto\u011fraf olay yaratt\u0131!"},"content":{"rendered":"<p><a href=\"http:\/\/balcilar-blog.com\/wp-content\/uploads\/2015\/04\/CBmmGQYW0AAUEOm.jpg\"><img loading=\"lazy\" decoding=\"async\" class=\"alignnone size-full wp-image-7814\" src=\"http:\/\/balcilar-blog.com\/wp-content\/uploads\/2015\/04\/CBmmGQYW0AAUEOm.jpg\" alt=\"CBmmGQYW0AAUEOm\" width=\"600\" height=\"600\" srcset=\"https:\/\/balcilar-blog.com\/wp-content\/uploads\/2015\/04\/CBmmGQYW0AAUEOm.jpg 600w, https:\/\/balcilar-blog.com\/wp-content\/uploads\/2015\/04\/CBmmGQYW0AAUEOm-150x150.jpg 150w, https:\/\/balcilar-blog.com\/wp-content\/uploads\/2015\/04\/CBmmGQYW0AAUEOm-300x300.jpg 300w\" sizes=\"auto, (max-width: 600px) 100vw, 600px\" \/><\/a><\/p>\n<p>\u00c7a\u011fatay Ulusoy&#8217;un Instagram hesab\u0131ndan d\u00fcn ak\u015fam saatlerinde (2 Nisan 2015) payla\u015ft\u0131\u011f\u0131 foto\u011fraf olay yaratt\u0131. Sevenleri taraf\u0131ndan olduk\u00e7a be\u011fenilen foto\u011fraf \u00e7ok k\u0131sa zamanda 20 bin ki\u015fi taraf\u0131ndan payla\u015f\u0131ld\u0131.<\/p>\n<p>Fanlar\u0131ndan \u00e7ok olumlu tepkiler alan Ulusoy i\u00e7in, \u00e7ok g\u00fczel s\u00f6zler payla\u015f\u0131ld\u0131. \u0130\u015fte birka\u00e7\u0131.<\/p>\n<p>-Allah\u0131m bu ne g\u00fczellik,<\/p>\n<p>-\u00d6l\u00fcr\u00fcm senin i\u00e7in \u00c7a\u011fatay.<\/p>\n<p>-\u015eapkan ile k\u0131yafetin \u00e7ok uyumlu.<\/p>\n<p>-\u00c7a\u011fatay abi her zamanki gibi yine s\u00fcpersin, idol\u00fcms\u00fcn hep sana \u00f6zeniyorum.<\/p>\n<p>-Sizi ger\u00e7ekten \u00e7ok seviyorum \u00c7a\u011fatay abi beni g\u00f6r\u00fcn art\u0131k.<\/p>\n<p>-\u00c7ooook g\u00fczel.<\/p>\n<p>-s\u00fcpersin \u00c7a\u011fatay&#8230;<\/p>\n<p>Gibi s\u00f6zler yaz\u0131ld\u0131, \u00e7izildi.<\/p>\n<p>Medcezir&#8217;in Yaman&#8217;\u0131 sevenleri taraf\u0131ndan \u00e7ok seviliyor. Sempatik oyuncu izleyenlerine arada bir s\u00fcrpriz yaparak instagram hesab\u0131ndan resimler payla\u015f\u0131yor. Takip\u00e7ileri taraf\u0131ndan bu resimler milyonlarca ki\u015fi taraf\u0131ndan t\u0131klan\u0131yor.<\/p>\n<p>Sevilmek g\u00fczel \u015fey \u00c7a\u011fatay, k\u0131ymetini bil.<\/p>\n<p>&nbsp;<\/p>\n","protected":false},"excerpt":{"rendered":"<p>\u00c7a\u011fatay Ulusoy&#8217;un Instagram hesab\u0131ndan d\u00fcn ak\u015fam saatlerinde (2 Nisan 2015) payla\u015ft\u0131\u011f\u0131 foto\u011fraf olay yaratt\u0131. Sevenleri taraf\u0131ndan olduk\u00e7a be\u011fenilen foto\u011fraf \u00e7ok k\u0131sa zamanda 20 bin ki\u015fi taraf\u0131ndan payla\u015f\u0131ld\u0131. Fanlar\u0131ndan \u00e7ok olumlu tepkiler alan Ulusoy i\u00e7in, \u00e7ok g\u00fczel s\u00f6zler payla\u015f\u0131ld\u0131. \u0130\u015fte birka\u00e7\u0131. -Allah\u0131m bu ne g\u00fczellik, -\u00d6l\u00fcr\u00fcm senin i\u00e7in \u00c7a\u011fatay. -\u015eapkan ile k\u0131yafetin \u00e7ok uyumlu. -\u00c7a\u011fatay abi [&hellip;]<\/p>\n","protected":false},"author":3,"featured_media":0,"comment_status":"open","ping_status":"open","sticky":false,"template":"","format":"standard","meta":{"footnotes":""},"categories":[7],"tags":[15],"class_list":["post-7813","post","type-post","status-publish","format-standard","hentry","category-magazin","tag-cagatay-ulusoy"],"views":6331,"blog_post_layout_featured_media_urls":{"thumbnail":"","full":""},"categories_names":{"7":{"name":"Magazin","link":"https:\/\/balcilar-blog.com\/?cat=7"}},"tags_names":{"15":{"name":"\u00e7a\u011fatay ulusoy","link":"https:\/\/balcilar-blog.com\/?tag=cagatay-ulusoy"}},"comments_number":"0","wpmagazine_modules_lite_featured_media_urls":{"thumbnail":"","cvmm-medium":"","cvmm-medium-plus":"","cvmm-portrait":"","cvmm-medium-square":"","cvmm-large":"","cvmm-small":"","full":""},"_links":{"self":[{"href":"https:\/\/balcilar-blog.com\/index.php?rest_route=\/wp\/v2\/posts\/7813","targetHints":{"allow":["GET"]}}],"collection":[{"href":"https:\/\/balcilar-blog.com\/index.php?rest_route=\/wp\/v2\/posts"}],"about":[{"href":"https:\/\/balcilar-blog.com\/index.php?rest_route=\/wp\/v2\/types\/post"}],"author":[{"embeddable":true,"href":"https:\/\/balcilar-blog.com\/index.php?rest_route=\/wp\/v2\/users\/3"}],"replies":[{"embeddable":true,"href":"https:\/\/balcilar-blog.com\/index.php?rest_route=%2Fwp%2Fv2%2Fcomments&post=7813"}],"version-history":[{"count":3,"href":"https:\/\/balcilar-blog.com\/index.php?rest_route=\/wp\/v2\/posts\/7813\/revisions"}],"predecessor-version":[{"id":7817,"href":"https:\/\/balcilar-blog.com\/index.php?rest_route=\/wp\/v2\/posts\/7813\/revisions\/7817"}],"wp:attachment":[{"href":"https:\/\/balcilar-blog.com\/index.php?rest_route=%2Fwp%2Fv2%2Fmedia&parent=7813"}],"wp:term":[{"taxonomy":"category","embeddable":true,"href":"https:\/\/balcilar-blog.com\/index.php?rest_route=%2Fwp%2Fv2%2Fcategories&post=7813"},{"taxonomy":"post_tag","embeddable":true,"href":"https:\/\/balcilar-blog.com\/index.php?rest_route=%2Fwp%2Fv2%2Ftags&post=7813"}],"curies":[{"name":"wp","href":"https:\/\/api.w.org\/{rel}","templated":true}]}}