{"id":781,"date":"2013-09-25T13:43:03","date_gmt":"2013-09-25T10:43:03","guid":{"rendered":"http:\/\/balcilar-blog.com\/?p=781"},"modified":"2014-03-25T13:47:12","modified_gmt":"2014-03-25T11:47:12","slug":"cagatay-ulusoy-dolu-dolu-23-yasinda","status":"publish","type":"post","link":"https:\/\/balcilar-blog.com\/?p=781","title":{"rendered":"\u00c7a\u011fatay Ulusoy dolu dolu 23 ya\u015f\u0131nda."},"content":{"rendered":"<div>\n<h4>25 Eyl\u00fcl &#8217;13<\/h4>\n<\/div>\n<dl>\n<dt>Kategori<\/dt>\n<dd><a href=\"http:\/\/blog.milliyet.com.tr\/magazin\/Kategori\/?KategoriNo=312\"><strong>Magazin<\/strong><\/a><\/dd>\n<\/dl>\n<p>&nbsp;<\/p>\n<div>\n<div><img loading=\"lazy\" decoding=\"async\" alt=\"\u00c7a\u011fatay Ulusoy dolu dolu 23 ya\u015f\u0131nda\" src=\"http:\/\/iblog.milliyet.com.tr\/imgroot\/blogv7\/Blog333\/2013\/09\/25\/47\/430363-3-4-4faba.jpg\" width=\"333\" height=\"240\" \/><\/p>\n<div><\/div>\n<p><a href=\"http:\/\/blog.milliyet.com.tr\/AramaBlog\/?search=%C3%87a%C4%9Fatay%20Ulusoy\" rel=\"external nofollow\">\u00c7a\u011fatay Ulusoy<\/a>\u00a0<a href=\"http:\/\/blog.milliyet.com.tr\/AramaBlog\/?search=23%20Eyl%C3%BCl%201990\" rel=\"external nofollow\">23 Eyl\u00fcl 1990<\/a>\u00a0do\u011fumlu. Ge\u00e7ti\u011fimiz Pazartesi ak\u015fam\u0131 \u00e7al\u0131\u015fma arkada\u015flar\u0131 s\u00fcrpriz yapt\u0131.\u00a0<a href=\"http:\/\/blog.milliyet.com.tr\/AramaBlog\/?search=Medcezir\" rel=\"external nofollow\">Medcezir<\/a>\u00a0ekibi sette yak\u0131\u015f\u0131kl\u0131 oyuncunun\u00a0<a href=\"http:\/\/blog.milliyet.com.tr\/AramaBlog\/?search=do%C4%9Fum%20g%C3%BCn%C3%BC\" rel=\"external nofollow\">do\u011fum g\u00fcn\u00fc<\/a>n\u00fc kutlad\u0131. Do\u011fum g\u00fcn\u00fc pastas\u0131 kesildi.<\/p>\n<\/div>\n<div id=\"BlogDetail\">\n<p>\u00c7a\u011fatay Ulusoy, \u201c\u00c7ok te\u015fekk\u00fcr ederim\u2026 Sevdi\u011finiz insanlarla uzun ve mutlu y\u0131llar ge\u00e7irmeniz dileklerimle\u2026 Sa\u011f olun\u201d notuyla do\u011fum g\u00fcn\u00fc foto\u011fraflar\u0131n\u0131 t\u00fcm sevenleriyle payla\u015ft\u0131.<\/p>\n<p>Kimine g\u00f6re bebek y\u00fczl\u00fc, kimine g\u00f6re erkek g\u00fczeli yak\u0131\u015f\u0131kl\u0131 oyuncu \u00c7a\u011fatay Ulusoy gen\u00e7 k\u0131zlar\u0131n ba\u015f\u0131n\u0131 d\u00f6nd\u00fcr\u00fcyor. 2010 y\u0131l\u0131nda Best Model yar\u0131\u015fmas\u0131nda birinci se\u00e7ilmesiyle mankenlikten ekranlara ge\u00e7mi\u015ftir.\u00a0<a href=\"http:\/\/blog.milliyet.com.tr\/AramaBlog\/?search=Ad%C4%B1n%C4%B1%20Feriha%20Koydum\" rel=\"external nofollow\">Ad\u0131n\u0131 Feriha Koydum<\/a>\u00a0dizisinde, Hazal Kaya ile ba\u015frol oynayan oyuncumuz 2011 y\u0131l\u0131nda do\u011fum g\u00fcn\u00fcn\u00fc rol\u00fc gere\u011fi canland\u0131rd\u0131\u011f\u0131\u00a0<a href=\"http:\/\/blog.milliyet.com.tr\/AramaBlog\/?search=Emir%20Sarrafo%C4%9Flu\" rel=\"external nofollow\">Emir Sarrafo\u011flu<\/a>\u00a0baba mek\u00e2n\u0131 Hills\u2019de kutlarken, ger\u00e7ek do\u011fum g\u00fcn\u00fcn\u00fc de kutlam\u0131\u015f oldu. Dizinin 27. B\u00f6l\u00fcm\u00fcnde, rol\u00fc gere\u011fi Emir Sarrafo\u011flu ile \u00c7a\u011fatay Ulusoy do\u011fum g\u00fcnleri 23 Eyl\u00fcl 2011 de \u00f6rt\u00fc\u015ft\u00fc. \u00c7a\u011fatay, 2012 Eyl\u00fcl\u00fcnde de Emir&#8217;in Yolu dizi setinde do\u011fum g\u00fcn\u00fcn\u00fc\u00a0kutlam\u0131\u015ft\u0131.<\/p>\n<p>\u00c7a\u011fatay Ulusoy\u2019 un do\u011fum g\u00fcn\u00fc i\u00e7in bir ay \u00f6nceden twitter\u2019da sevenlerine sordular. \u201c23 Eyl\u00fcl size ne ifade ediyor?\u201d<\/p>\n<p>Sevenlerinin haz\u0131rlay\u0131p g\u00f6nderdi\u011fi hediye resimler \u201c\u00c7a\u011fatay Ulusoy \/ 23 Eyl\u00fcl Special Video \/ Happy Birthday ba\u015fl\u0131\u011f\u0131 alt\u0131nda video filmi haz\u0131rland\u0131. Bu g\u00fczel g\u00f6r\u00fcnt\u00fcler YouTobe yay\u0131nland\u0131.<\/p>\n<p>Gelen resimler g\u00f6r\u00fclmeye de\u011fer. Nutella kavanozu, Bal kavanozu, Baklava taba\u011f\u0131 gibi resimler. Ayr\u0131ca slogan haline getirilmi\u015f, resimli yaz\u0131lar. Bu yaz\u0131lardan birka\u00e7 \u00f6rnek vermek istiyorum.<\/p>\n<p>\u201cSeninle yeniden do\u011fdum\u201d &#8211; \u201cO g\u00fcn d\u00fcnyaya bir meteor d\u00fc\u015ft\u00fc 23 Eyl\u00fcl 1990\u201d &#8211; \u201cHayat\u0131m\u0131n anlam\u0131 \u00c7a\u011fatay Ulusoy\u201d &#8211; \u201cEyl\u00fcl\u00fc sevdiren adam\u201d &#8211; \u201c23 Eyl\u00fcl 1990 tarihinde, sayende hayata yeniden do\u011fdum\u201d &#8211; \u201c23 Eyl\u00fcl benim renksiz hayat\u0131ma renk katt\u0131\u201d &#8211; \u201cDo\u011fum g\u00fcn\u00fcn kutlu olsun Mucize varl\u0131k\u201d &#8211; \u201cEyl\u00fcl, A\u015fk diye okunmal\u0131yd\u0131, A\u015fk Eyl\u00fcl diye yaz\u0131lmal\u0131yd\u0131\u201d &#8211; \u201cAyn\u0131 \u00e7ikolata gibisin ba\u011f\u0131ml\u0131l\u0131k yap\u0131yorsun\u201d &#8211; \u201cUzun uzun anlat\u0131lmaz, tek bildi\u011fim sen a\u015fks\u0131n\u201d &#8211; \u201c23 Eyl\u00fcl sensin, sen her \u015feyimizsin\u201d Burada sadece bu kadar\u0131n\u0131 aktarabildim. Bu g\u00fczel \u00e7al\u0131\u015fmay\u0131 haz\u0131rlayan \u201c<a href=\"http:\/\/blog.milliyet.com.tr\/AramaBlog\/?search=CUCLUB\" rel=\"external nofollow\">CUCLUB<\/a>\u201d \u00fcn ellerine sa\u011fl\u0131k diyorum. \u0130zlemeyenlerin YouTube\u2019 dan seyretmesini tavsiye ediyorum.<\/p>\n<p>Ayr\u0131ca \u201c\u0130yi ki do\u011fdun \u00c7a\u011fatay Happy Birtday to you\u201d. Ba\u015fl\u0131\u011f\u0131 alt\u0131nda onlarca video yay\u0131nland\u0131.<\/p>\n<p>\u015eimdi Medcezir dizisinde \u201cYaman\u201d karakterini canland\u0131ran \u00c7a\u011fatay Ulusoy, rol arkada\u015flar\u0131ndan\u00a0<a href=\"http:\/\/blog.milliyet.com.tr\/AramaBlog\/?search=Metin%20Akd%C3%BClger\" rel=\"external nofollow\">Metin Akd\u00fclger<\/a>\u2019 in (Or\u00e7un) dedi\u011fi gibi, \u00f6zverili \u00e7al\u0131\u015fmas\u0131n\u0131 devam ediyor.<\/p>\n<p>Ben de \u00c7a\u011fatay\u2019 \u0131n do\u011fum g\u00fcn\u00fcn\u00fc kutlar, nice mutlu y\u0131llara, ba\u015far\u0131 dolu bir hayat\u00a0dilerim.<\/p>\n<p>&nbsp;<\/p>\n<p>Sayg\u0131lar, sevgiler.<\/p>\n<p>Abdurrahman Balc\u0131lar<\/p>\n<p>Twitter: abdurrahman balc\u0131lar@abbalcilar<\/p>\n<p>Mail :\u00a0<a href=\"mailto:ab.balcilar@hotmail.com\" target=\"_blank\">ab.balcilar@hotmail.com<\/a><\/p>\n<div>\n<p>Blog: milliyet.com.tr\/Cansever<\/p>\n<p>Blog: balcilar-blog.com<\/p>\n<\/div>\n<\/div>\n<\/div>\n","protected":false},"excerpt":{"rendered":"<p>25 Eyl\u00fcl &#8217;13 Kategori Magazin &nbsp; \u00c7a\u011fatay Ulusoy\u00a023 Eyl\u00fcl 1990\u00a0do\u011fumlu. Ge\u00e7ti\u011fimiz Pazartesi ak\u015fam\u0131 \u00e7al\u0131\u015fma arkada\u015flar\u0131 s\u00fcrpriz yapt\u0131.\u00a0Medcezir\u00a0ekibi sette yak\u0131\u015f\u0131kl\u0131 oyuncunun\u00a0do\u011fum g\u00fcn\u00fcn\u00fc kutlad\u0131. Do\u011fum g\u00fcn\u00fc pastas\u0131 kesildi. \u00c7a\u011fatay Ulusoy, \u201c\u00c7ok te\u015fekk\u00fcr ederim\u2026 Sevdi\u011finiz insanlarla uzun ve mutlu y\u0131llar ge\u00e7irmeniz dileklerimle\u2026 Sa\u011f olun\u201d notuyla do\u011fum g\u00fcn\u00fc foto\u011fraflar\u0131n\u0131 t\u00fcm sevenleriyle payla\u015ft\u0131. Kimine g\u00f6re bebek y\u00fczl\u00fc, kimine g\u00f6re erkek [&hellip;]<\/p>\n","protected":false},"author":3,"featured_media":0,"comment_status":"open","ping_status":"open","sticky":false,"template":"","format":"standard","meta":{"footnotes":""},"categories":[7],"tags":[356,42,15,357,358,16,152],"class_list":["post-781","post","type-post","status-publish","format-standard","hentry","category-magazin","tag-23-eylul-1990","tag-adini-feriha-koydum","tag-cagatay-ulusoy","tag-dogum-gunu","tag-emir-sarrafoglu","tag-medcezir","tag-yaman"],"views":4139,"blog_post_layout_featured_media_urls":{"thumbnail":"","full":""},"categories_names":{"7":{"name":"Magazin","link":"https:\/\/balcilar-blog.com\/?cat=7"}},"tags_names":{"356":{"name":"23 Eyl\u00fcl 1990","link":"https:\/\/balcilar-blog.com\/?tag=23-eylul-1990"},"42":{"name":"Ad\u0131n\u0131 Feriha Koydum","link":"https:\/\/balcilar-blog.com\/?tag=adini-feriha-koydum"},"15":{"name":"\u00e7a\u011fatay ulusoy","link":"https:\/\/balcilar-blog.com\/?tag=cagatay-ulusoy"},"357":{"name":"do\u011fum g\u00fcn\u00fc","link":"https:\/\/balcilar-blog.com\/?tag=dogum-gunu"},"358":{"name":"Emir Sarrafo\u011flu","link":"https:\/\/balcilar-blog.com\/?tag=emir-sarrafoglu"},"16":{"name":"medcezir","link":"https:\/\/balcilar-blog.com\/?tag=medcezir"},"152":{"name":"Yaman","link":"https:\/\/balcilar-blog.com\/?tag=yaman"}},"comments_number":"0","wpmagazine_modules_lite_featured_media_urls":{"thumbnail":"","cvmm-medium":"","cvmm-medium-plus":"","cvmm-portrait":"","cvmm-medium-square":"","cvmm-large":"","cvmm-small":"","full":""},"_links":{"self":[{"href":"https:\/\/balcilar-blog.com\/index.php?rest_route=\/wp\/v2\/posts\/781","targetHints":{"allow":["GET"]}}],"collection":[{"href":"https:\/\/balcilar-blog.com\/index.php?rest_route=\/wp\/v2\/posts"}],"about":[{"href":"https:\/\/balcilar-blog.com\/index.php?rest_route=\/wp\/v2\/types\/post"}],"author":[{"embeddable":true,"href":"https:\/\/balcilar-blog.com\/index.php?rest_route=\/wp\/v2\/users\/3"}],"replies":[{"embeddable":true,"href":"https:\/\/balcilar-blog.com\/index.php?rest_route=%2Fwp%2Fv2%2Fcomments&post=781"}],"version-history":[{"count":1,"href":"https:\/\/balcilar-blog.com\/index.php?rest_route=\/wp\/v2\/posts\/781\/revisions"}],"predecessor-version":[{"id":782,"href":"https:\/\/balcilar-blog.com\/index.php?rest_route=\/wp\/v2\/posts\/781\/revisions\/782"}],"wp:attachment":[{"href":"https:\/\/balcilar-blog.com\/index.php?rest_route=%2Fwp%2Fv2%2Fmedia&parent=781"}],"wp:term":[{"taxonomy":"category","embeddable":true,"href":"https:\/\/balcilar-blog.com\/index.php?rest_route=%2Fwp%2Fv2%2Fcategories&post=781"},{"taxonomy":"post_tag","embeddable":true,"href":"https:\/\/balcilar-blog.com\/index.php?rest_route=%2Fwp%2Fv2%2Ftags&post=781"}],"curies":[{"name":"wp","href":"https:\/\/api.w.org\/{rel}","templated":true}]}}