{"id":779,"date":"2013-09-25T13:33:04","date_gmt":"2013-09-25T10:33:04","guid":{"rendered":"http:\/\/balcilar-blog.com\/?p=779"},"modified":"2014-03-25T13:42:48","modified_gmt":"2014-03-25T11:42:48","slug":"hazal-kaya-a-s-k-dizisi-ile-seyirciye-merhaba-diyor","status":"publish","type":"post","link":"https:\/\/balcilar-blog.com\/?p=779","title":{"rendered":"Hazal Kaya &#8220;A.\u015e.K&#8221; dizisi ile seyirciye merhaba diyor!"},"content":{"rendered":"<div>\n<h4>25 Eyl\u00fcl &#8217;13<\/h4>\n<\/div>\n<dl>\n<dt>Kategori<\/dt>\n<dd><a href=\"http:\/\/blog.milliyet.com.tr\/tv-programlari\/Kategori\/?KategoriNo=351\"><strong>TV Programlar\u0131<\/strong><\/a><\/dd>\n<\/dl>\n<div>\n<div><img loading=\"lazy\" decoding=\"async\" alt=\"Hazal Kaya &quot;A.\u015e.K&quot; dizisi ile seyirciye merhaba diyor,\" src=\"http:\/\/iblog.milliyet.com.tr\/imgroot\/blogv7\/Blog333\/2013\/09\/25\/59\/430308-3-4-964e6.jpg\" width=\"333\" height=\"240\" \/><\/div>\n<div id=\"BlogDetail\">\n<p><a href=\"http:\/\/blog.milliyet.com.tr\/AramaBlog\/?search=Hazal%20Kaya\" rel=\"external nofollow\">Hazal Kaya<\/a>\u00a0bu ak\u015fam yeni dizisi \u201c<a href=\"http:\/\/blog.milliyet.com.tr\/AramaBlog\/?search=A.%C5%9E.K\" rel=\"external nofollow\">A.\u015e.K<\/a>\u201d ile <a href=\"http:\/\/blog.milliyet.com.tr\/AramaBlog\/?search=Kanal%20D\" rel=\"external nofollow\">Kanal D<\/a>\u00a0ekranlar\u0131nda. Bir y\u0131ld\u0131r ara verdi\u011fi ekran hasreti bitiyor. Afkzede olan Hazal Kaya ge\u00e7en sezon Son Yaz Balkanlar 1912 dizinde rol alm\u0131\u015f, ancak dizi gerekli ilgiyi g\u00f6rmeyince, be\u015f b\u00f6l\u00fcmde kalm\u0131\u015ft\u0131.<\/p>\n<p>Bu uzun arada Amerika\u2019 da dil e\u011fitimi ve sonra da oyunculuk dersleri i\u00e7in gitmi\u015fti. Ancak sosyal Medyada \u00e7ok de\u011fi\u015fik dedikodular \u00e7\u0131kart\u0131lm\u0131\u015f, kimileri \u015feker hastas\u0131 oldu\u011fu i\u00e7in tedaviye, ya da ald\u0131\u011f\u0131 kilolar\u0131 vermek i\u00e7in gitti\u011fi s\u00f6ylenmi\u015ftir. B\u00fct\u00fcn bunlar Hazal Kaya\u2019 y\u0131 \u00e7ok \u00fczm\u00fc\u015f ve h\u0131rsland\u0131rm\u0131\u015ft\u0131r. Amerika d\u00f6n\u00fc\u015f\u00fc 11 kilo vererek eski formuna kavu\u015fmu\u015f, kendisine sunulan \u201cA.\u015e.K\u201d dizisinin senaryosunu be\u011fenmi\u015f,\u00a0<a href=\"http:\/\/blog.milliyet.com.tr\/AramaBlog\/?search=Gold%20Film\" rel=\"external nofollow\">Gold Film<\/a>,\u00a0<a href=\"http:\/\/blog.milliyet.com.tr\/AramaBlog\/?search=Faruk%20Turgut\" rel=\"external nofollow\">Faruk Turgut<\/a>&#8216;un teklifini\u00a0kabul etmi\u015ftir.<\/p>\n<p>Medyada \u00e7ok konu\u015fulan, ses getiren dizisi bu ak\u015fam 20.00 de Kanal D ekranlar\u0131nda. Bu dizide Hazal Kaya, Hakan Kurtta\u015f,\u00a0<a href=\"http:\/\/blog.milliyet.com.tr\/AramaBlog\/?search=Asl%C4%B1%20Tando%C4%9Fan\" rel=\"external nofollow\">Asl\u0131 Tando\u011fan<\/a>,\u00a0<a href=\"http:\/\/blog.milliyet.com.tr\/AramaBlog\/?search=Kaan%20Urganc%C4%B1o%C4%9Flu\" rel=\"external nofollow\">Kaan Urganc\u0131o\u011flu<\/a>\u00a0ve\u00a0<a href=\"http:\/\/blog.milliyet.com.tr\/AramaBlog\/?search=Nebahat%20%C3%87ehre\" rel=\"external nofollow\">Nebahat \u00c7ehre<\/a>\u00a0rol al\u0131yor. Konu hepinizin malumu a\u015fk. Nebahat \u00c7ehre, daha \u00f6nce A\u015fk-\u0131 Memnu dizisinde Hazal Kaya ile birlikte oynam\u0131\u015f, Onu tan\u0131yan birisi olarak bir a\u00e7\u0131klamas\u0131nda, Hazal Kaya i\u00e7in s\u00f6yledikleri \u015f\u00f6yle. \u201cOnu \u00e7ok h\u0131rsl\u0131 g\u00f6r\u00fcyorum. M\u00fccadeleci, o duygular bende s\u0131f\u0131r\u201d demi\u015ftir.<\/p>\n<p>Yay\u0131n g\u00fcn\u00fc konusunda iyice bocalayan Kanal D, \u00f6nce \u00c7ar\u015famba g\u00fcn\u00fc demi\u015fti, sonra Pazartesi Saat 20.00 oldu. En son ani bir kararla tekrar 25 Eyl\u00fcl \u00c7ar\u015famba Saat 20.00 olarak karar k\u0131l\u0131nd\u0131. Burada di\u011fer kanallar\u0131n ayn\u0131 saate gelen rakip dizilerin de etkisi oldu. Yay\u0131nc\u0131 kurulu\u015flar az da olsa izleyici taleplerini de g\u00f6z \u00f6n\u00fcne al\u0131yorlar. Bana gelen istekler do\u011frultusunda Hazal Kaya ile \u00c7a\u011fatay Ulusoy\u2019un dizilerinin Cuma ak\u015fam\u0131na ayn\u0131 saate konulmamas\u0131 i\u00e7in iki Blog yaz\u0131s\u0131 yazd\u0131m. \u00c7\u00fcnk\u00fc \u00c7a\u011fatay ile Hazal\u2019\u0131n AFK dizisi nedeni ile fanlar\u0131 ayn\u0131. \u0130zleyiciyi tercih yapt\u0131rmad\u0131klar\u0131 i\u00e7in Star TV. ve Kanal D\u2019 e bir daha te\u015fekk\u00fcr ederim.<\/p>\n<p>\u015eimdi her \u015fey haz\u0131r, Hazal Kaya (Azra),\u00a0<a href=\"http:\/\/blog.milliyet.com.tr\/AramaBlog\/?search=Hakan%20Kurta%C5%9F\" rel=\"external nofollow\">Hakan Kurta\u015f<\/a>\u00a0(Kerem) \u00e7ok g\u00fczel bir ikili olu\u015fturacaklar\u0131ndan eminim. Un var, \u015feker var, helva yap\u0131ld\u0131. Bu helvan\u0131n tad\u0131n\u0131 bu ak\u015fam izleyici bakacak.<\/p>\n<p>Tad\u0131 damaklar\u0131nda kalaca\u011f\u0131ndan eminim.<\/p>\n<p>O halde, bu ak\u015fam Kanal D.yiz, haydi ekran ba\u015f\u0131na.<\/p>\n<p>Keyifli seyirler.<\/p>\n<p>&nbsp;<\/p>\n<p>Sayg\u0131lar, sevgiler.<\/p>\n<p>Abdurrahman Balc\u0131lar<\/p>\n<p>Twitter: abdurrahman balc\u0131lar@abbalcilar<\/p>\n<p>Mail :\u00a0<a href=\"mailto:ab.balcilar@hotmail.com\" target=\"_blank\">ab.balcilar@hotmail.com<\/a><\/p>\n<div>\n<p>Blog: milliyet.com.tr\/cansever<\/p>\n<\/div>\n<p>&nbsp;<\/p>\n<\/div>\n<\/div>\n","protected":false},"excerpt":{"rendered":"<p>25 Eyl\u00fcl &#8217;13 Kategori TV Programlar\u0131 Hazal Kaya\u00a0bu ak\u015fam yeni dizisi \u201cA.\u015e.K\u201d ile Kanal D\u00a0ekranlar\u0131nda. Bir y\u0131ld\u0131r ara verdi\u011fi ekran hasreti bitiyor. Afkzede olan Hazal Kaya ge\u00e7en sezon Son Yaz Balkanlar 1912 dizinde rol alm\u0131\u015f, ancak dizi gerekli ilgiyi g\u00f6rmeyince, be\u015f b\u00f6l\u00fcmde kalm\u0131\u015ft\u0131. Bu uzun arada Amerika\u2019 da dil e\u011fitimi ve sonra da oyunculuk dersleri [&hellip;]<\/p>\n","protected":false},"author":3,"featured_media":0,"comment_status":"open","ping_status":"open","sticky":false,"template":"","format":"standard","meta":{"footnotes":""},"categories":[2],"tags":[102,353,352,61,312,19,355,91,354],"class_list":["post-779","post","type-post","status-publish","format-standard","hentry","category-tv-programlari","tag-a-s-k","tag-asli-tandogan","tag-faruk-turgut","tag-gold-film","tag-hakan-kurtas","tag-hazal-kaya","tag-kaan-urgancioglu","tag-kanal-d","tag-nebahat-cehre"],"views":3868,"blog_post_layout_featured_media_urls":{"thumbnail":"","full":""},"categories_names":{"2":{"name":"TV Programlar\u0131","link":"https:\/\/balcilar-blog.com\/?cat=2"}},"tags_names":{"102":{"name":"A.\u015e.K","link":"https:\/\/balcilar-blog.com\/?tag=a-s-k"},"353":{"name":"Asl\u0131 Tando\u011fan","link":"https:\/\/balcilar-blog.com\/?tag=asli-tandogan"},"352":{"name":"Faruk Turgut","link":"https:\/\/balcilar-blog.com\/?tag=faruk-turgut"},"61":{"name":"Gold Film","link":"https:\/\/balcilar-blog.com\/?tag=gold-film"},"312":{"name":"Hakan Kurta\u015f","link":"https:\/\/balcilar-blog.com\/?tag=hakan-kurtas"},"19":{"name":"Hazal Kaya","link":"https:\/\/balcilar-blog.com\/?tag=hazal-kaya"},"355":{"name":"Kaan Urganc\u0131o\u011flu","link":"https:\/\/balcilar-blog.com\/?tag=kaan-urgancioglu"},"91":{"name":"Kanal D","link":"https:\/\/balcilar-blog.com\/?tag=kanal-d"},"354":{"name":"Nebahat \u00c7ehre","link":"https:\/\/balcilar-blog.com\/?tag=nebahat-cehre"}},"comments_number":"0","wpmagazine_modules_lite_featured_media_urls":{"thumbnail":"","cvmm-medium":"","cvmm-medium-plus":"","cvmm-portrait":"","cvmm-medium-square":"","cvmm-large":"","cvmm-small":"","full":""},"_links":{"self":[{"href":"https:\/\/balcilar-blog.com\/index.php?rest_route=\/wp\/v2\/posts\/779","targetHints":{"allow":["GET"]}}],"collection":[{"href":"https:\/\/balcilar-blog.com\/index.php?rest_route=\/wp\/v2\/posts"}],"about":[{"href":"https:\/\/balcilar-blog.com\/index.php?rest_route=\/wp\/v2\/types\/post"}],"author":[{"embeddable":true,"href":"https:\/\/balcilar-blog.com\/index.php?rest_route=\/wp\/v2\/users\/3"}],"replies":[{"embeddable":true,"href":"https:\/\/balcilar-blog.com\/index.php?rest_route=%2Fwp%2Fv2%2Fcomments&post=779"}],"version-history":[{"count":1,"href":"https:\/\/balcilar-blog.com\/index.php?rest_route=\/wp\/v2\/posts\/779\/revisions"}],"predecessor-version":[{"id":780,"href":"https:\/\/balcilar-blog.com\/index.php?rest_route=\/wp\/v2\/posts\/779\/revisions\/780"}],"wp:attachment":[{"href":"https:\/\/balcilar-blog.com\/index.php?rest_route=%2Fwp%2Fv2%2Fmedia&parent=779"}],"wp:term":[{"taxonomy":"category","embeddable":true,"href":"https:\/\/balcilar-blog.com\/index.php?rest_route=%2Fwp%2Fv2%2Fcategories&post=779"},{"taxonomy":"post_tag","embeddable":true,"href":"https:\/\/balcilar-blog.com\/index.php?rest_route=%2Fwp%2Fv2%2Ftags&post=779"}],"curies":[{"name":"wp","href":"https:\/\/api.w.org\/{rel}","templated":true}]}}