{"id":7759,"date":"2015-04-01T17:06:55","date_gmt":"2015-04-01T14:06:55","guid":{"rendered":"http:\/\/balcilar-blog.com\/?p=7759"},"modified":"2015-04-01T17:20:38","modified_gmt":"2015-04-01T14:20:38","slug":"medcezirin-yamani-ve-merti-sakalasirken-instagramda","status":"publish","type":"post","link":"https:\/\/balcilar-blog.com\/?p=7759","title":{"rendered":"Medcezir&#8217;in Yaman&#8217;\u0131 ve Mert&#8217;i \u015fakala\u015f\u0131rken Instagramda&#8230;"},"content":{"rendered":"<p>&nbsp;<\/p>\n<p><a href=\"http:\/\/balcilar-blog.com\/wp-content\/uploads\/2015\/04\/cagatay-ulusoy-taner-olmez.png\"><img loading=\"lazy\" decoding=\"async\" class=\"alignnone size-full wp-image-7760\" src=\"http:\/\/balcilar-blog.com\/wp-content\/uploads\/2015\/04\/cagatay-ulusoy-taner-olmez.png\" alt=\"cagatay-ulusoy-taner-olmez\" width=\"580\" height=\"485\" srcset=\"https:\/\/balcilar-blog.com\/wp-content\/uploads\/2015\/04\/cagatay-ulusoy-taner-olmez.png 580w, https:\/\/balcilar-blog.com\/wp-content\/uploads\/2015\/04\/cagatay-ulusoy-taner-olmez-300x251.png 300w\" sizes=\"auto, (max-width: 580px) 100vw, 580px\" \/><\/a><\/p>\n<p>\u00c7a\u011fatay Ulusoy&#8217;un payla\u015ft\u0131\u011f\u0131 foto\u011fraf Instagram kullan\u0131c\u0131lar\u0131 taraf\u0131ndan olduk\u00e7a ilgi g\u00f6rm\u00fc\u015f.<\/p>\n<p>Medcezir&#8217;in ayr\u0131lmaz karde\u015fleri Yaman&#8217;\u0131 ve Mert&#8217;i \u015fakala\u015f\u0131rken. Dizide bu t\u00fcr \u015fakala\u015fma ve bo\u011fu\u015fma sahnelerini s\u0131k\u00e7a g\u00f6rd\u00fc\u011f\u00fcm\u00fcz \u00c7a\u011fatay Ulusoy ve Taner \u00d6lmez ger\u00e7ekte de karde\u015f gibiler.<\/p>\n<p>Medcezir dizisinde Yaman karakterini canland\u0131ran <strong>\u00c7a\u011fatay Ulusoy,<\/strong>\u00a0dizinin Mert&#8217;i <strong>Taner \u00d6lmez<\/strong> ile \u00e7ekilmi\u015f bir pozu Instagram&#8217;dan payla\u015f\u0131nca olay oldu. Foto\u011fraf \u00e7ok k\u0131sa zamanda 3000&#8217;e yak\u0131n kullan\u0131c\u0131 taraf\u0131ndan be\u011fenilmi\u015f ve 180&#8217;den fazla ki\u015fi foto\u011frafa yorum yapm\u0131\u015f.<\/p>\n<p>\u0130zleyiciler taraf\u0131ndan olduk\u00e7a sevilen oyuncular\u0131, dizinin ayr\u0131lmaz ikilisi ve g\u00f6zdesi.<\/p>\n<p>Allah muhabbetlerini artt\u0131rs\u0131n, ne diyelim?<\/p>\n<p>Sayg\u0131lar, sevgiler.<\/p>\n<p>Abdurrahman Balc\u0131lar<\/p>\n<p>Twitter: abdurrahman balc\u0131lar@abbalcilar<\/p>\n<p>Mail : <a href=\"mailto:ab.balcilar@hotmail.com\">ab.balcilar@hotmail.com<\/a><\/p>\n<p>Blog: milliyet.com.tr\/cansever<\/p>\n<p>Blog: balcilar-blog.com<\/p>\n<p>&nbsp;<\/p>\n<p>Not: G\u00f6rsel, \u00c7a\u011fatay Ulusoy (27.03.2015) Instagram sayfas\u0131ndan al\u0131nm\u0131\u015ft\u0131r.<\/p>\n<p>&nbsp;<\/p>\n<p>&nbsp;<\/p>\n","protected":false},"excerpt":{"rendered":"<p>&nbsp; \u00c7a\u011fatay Ulusoy&#8217;un payla\u015ft\u0131\u011f\u0131 foto\u011fraf Instagram kullan\u0131c\u0131lar\u0131 taraf\u0131ndan olduk\u00e7a ilgi g\u00f6rm\u00fc\u015f. Medcezir&#8217;in ayr\u0131lmaz karde\u015fleri Yaman&#8217;\u0131 ve Mert&#8217;i \u015fakala\u015f\u0131rken. Dizide bu t\u00fcr \u015fakala\u015fma ve bo\u011fu\u015fma sahnelerini s\u0131k\u00e7a g\u00f6rd\u00fc\u011f\u00fcm\u00fcz \u00c7a\u011fatay Ulusoy ve Taner \u00d6lmez ger\u00e7ekte de karde\u015f gibiler. Medcezir dizisinde Yaman karakterini canland\u0131ran \u00c7a\u011fatay Ulusoy,\u00a0dizinin Mert&#8217;i Taner \u00d6lmez ile \u00e7ekilmi\u015f bir pozu Instagram&#8217;dan payla\u015f\u0131nca olay oldu. Foto\u011fraf [&hellip;]<\/p>\n","protected":false},"author":3,"featured_media":0,"comment_status":"open","ping_status":"open","sticky":false,"template":"","format":"standard","meta":{"footnotes":""},"categories":[7],"tags":[15,16,28],"class_list":["post-7759","post","type-post","status-publish","format-standard","hentry","category-magazin","tag-cagatay-ulusoy","tag-medcezir","tag-taner-olmez"],"views":3978,"blog_post_layout_featured_media_urls":{"thumbnail":"","full":""},"categories_names":{"7":{"name":"Magazin","link":"https:\/\/balcilar-blog.com\/?cat=7"}},"tags_names":{"15":{"name":"\u00e7a\u011fatay ulusoy","link":"https:\/\/balcilar-blog.com\/?tag=cagatay-ulusoy"},"16":{"name":"medcezir","link":"https:\/\/balcilar-blog.com\/?tag=medcezir"},"28":{"name":"Taner \u00d6lmez","link":"https:\/\/balcilar-blog.com\/?tag=taner-olmez"}},"comments_number":"0","wpmagazine_modules_lite_featured_media_urls":{"thumbnail":"","cvmm-medium":"","cvmm-medium-plus":"","cvmm-portrait":"","cvmm-medium-square":"","cvmm-large":"","cvmm-small":"","full":""},"_links":{"self":[{"href":"https:\/\/balcilar-blog.com\/index.php?rest_route=\/wp\/v2\/posts\/7759","targetHints":{"allow":["GET"]}}],"collection":[{"href":"https:\/\/balcilar-blog.com\/index.php?rest_route=\/wp\/v2\/posts"}],"about":[{"href":"https:\/\/balcilar-blog.com\/index.php?rest_route=\/wp\/v2\/types\/post"}],"author":[{"embeddable":true,"href":"https:\/\/balcilar-blog.com\/index.php?rest_route=\/wp\/v2\/users\/3"}],"replies":[{"embeddable":true,"href":"https:\/\/balcilar-blog.com\/index.php?rest_route=%2Fwp%2Fv2%2Fcomments&post=7759"}],"version-history":[{"count":5,"href":"https:\/\/balcilar-blog.com\/index.php?rest_route=\/wp\/v2\/posts\/7759\/revisions"}],"predecessor-version":[{"id":7765,"href":"https:\/\/balcilar-blog.com\/index.php?rest_route=\/wp\/v2\/posts\/7759\/revisions\/7765"}],"wp:attachment":[{"href":"https:\/\/balcilar-blog.com\/index.php?rest_route=%2Fwp%2Fv2%2Fmedia&parent=7759"}],"wp:term":[{"taxonomy":"category","embeddable":true,"href":"https:\/\/balcilar-blog.com\/index.php?rest_route=%2Fwp%2Fv2%2Fcategories&post=7759"},{"taxonomy":"post_tag","embeddable":true,"href":"https:\/\/balcilar-blog.com\/index.php?rest_route=%2Fwp%2Fv2%2Ftags&post=7759"}],"curies":[{"name":"wp","href":"https:\/\/api.w.org\/{rel}","templated":true}]}}