{"id":775,"date":"2013-09-21T13:25:18","date_gmt":"2013-09-21T10:25:18","guid":{"rendered":"http:\/\/balcilar-blog.com\/?p=775"},"modified":"2014-03-25T13:29:13","modified_gmt":"2014-03-25T11:29:13","slug":"cagatay-ulusoy-medcezir-ile-kendini-asti","status":"publish","type":"post","link":"https:\/\/balcilar-blog.com\/?p=775","title":{"rendered":"\u00c7a\u011fatay Ulusoy, Medcezir ile kendini a\u015ft\u0131,"},"content":{"rendered":"<div>\n<h4>21 Eyl\u00fcl &#8217;13<\/h4>\n<\/div>\n<dl>\n<dt>Kategori<\/dt>\n<dd><a href=\"http:\/\/blog.milliyet.com.tr\/tv-programlari\/Kategori\/?KategoriNo=351\"><strong>TV Programlar\u0131<\/strong><\/a><\/dd>\n<\/dl>\n<div>\n<div><img loading=\"lazy\" decoding=\"async\" alt=\"\u00c7a\u011fatay Ulusoy, Medcezir ile kendini a\u015ft\u0131,\" src=\"http:\/\/iblog.milliyet.com.tr\/imgroot\/blogv7\/Blog333\/2013\/09\/21\/40\/429789-3-4-a12ea.jpg\" width=\"333\" height=\"240\" \/>Mira&#8217; \u0131n Yaman&#8217; a ka\u00e7amak \u00f6p\u00fcc\u00fc\u011f\u00fc,<\/p>\n<hr \/>\n<\/div>\n<div id=\"BlogDetail\">\n<p><a href=\"http:\/\/blog.milliyet.com.tr\/AramaBlog\/?search=Star%20TV\" rel=\"external nofollow\">Star TV<\/a>. in s\u00fcper dizisi\u00a0<a href=\"http:\/\/blog.milliyet.com.tr\/AramaBlog\/?search=Medcezir\" rel=\"external nofollow\">Medcezir<\/a>\u00a0d\u00fcn ak\u015fam 2.ci b\u00f6l\u00fcmle izleyiciyi gene ekranlara kilitledi. Ge\u00e7en hafta herkesin tad\u0131 dama\u011f\u0131nda kalm\u0131\u015ft\u0131. \u0130kinci b\u00f6l\u00fcm\u00fc ile bu tat daha da artt\u0131. Star TV nin bu bomba dizisi herkesin fenomen dizisi oldu. Reytingler de bunu g\u00f6steriyor, AB Grubunda 27,26 Share alarak a\u00e7\u0131k ara birinci, Totalde 20,60 ile ikinci oldu. Art\u0131k Cuma gecelerinin vazge\u00e7ilmez dizisi olarak ad\u0131n\u0131 yazd\u0131racak.<\/p>\n<p>Ben\u00a0<a href=\"http:\/\/blog.milliyet.com.tr\/AramaBlog\/?search=%C3%87a%C4%9Fatay%20Ulusoy\" rel=\"external nofollow\">\u00c7a\u011fatay Ulusoy<\/a>\u2019 un oyunculu\u011fundan bahsetmek istiyorum. Daha \u00f6nce bir yaz\u0131mda belirtmi\u015ftim. Art\u0131k \u00c7a\u011fatay kendini a\u015ft\u0131. Her seferinde daha iyi bir oyuncu izliyoruz. Ba\u015fkalar\u0131 ile k\u0131yaslamak istemiyorum. Ben \u00c7a\u011fatay\u2019 \u0131 eski hali, bir \u00f6nceki oyuncu \u00c7a\u011fatay ile k\u0131yasl\u0131yorum. Gitgide kendini yeniliyor, do\u011fal\u0131 oynuyor. Evet, \u00c7a\u011fatay gitmi\u015f,\u00a0<a href=\"http:\/\/blog.milliyet.com.tr\/AramaBlog\/?search=Yaman\" rel=\"external nofollow\">Yaman<\/a>\u00a0olmu\u015f.<\/p>\n<p>Ge\u00e7en haftaki birinci b\u00f6l\u00fcm ve d\u00fcn ak\u015famki ikinci b\u00f6l\u00fcmde Yaman karakterini i\u00e7ine sindirmi\u015f. Rahat hareketleri, cool duru\u015fu, ald\u0131rmaz g\u00f6r\u00fcnse de, kar\u015f\u0131s\u0131ndakini sorgulayan bak\u0131\u015flar\u0131 ile kendini g\u00f6steriyor. Suskun duru\u015fu ayr\u0131ca ona, ya\u015f\u0131ndan b\u00fcy\u00fck olgunluk veriyor. Ama sinirli halleri de yak\u0131\u015f\u0131yor ona.<\/p>\n<p>Medcezir, ekranlar\u0131 ba\u015f\u0131ndaki T\u00fcrk seyircisini \u00e7ok etkilemi\u015f, be\u011fenisini alm\u0131\u015ft\u0131r.<\/p>\n<p>Medcezir, D\u00fcnya bas\u0131n\u0131nda da ses getirmeye ba\u015flad\u0131. Amerikan sinema ve televizyon dergileri, \u201c<a href=\"http:\/\/blog.milliyet.com.tr\/AramaBlog\/?search=The%20O.C\" rel=\"external nofollow\">The O.C<\/a>\u201d dizisinin ilk adaptasyonu \u201cMedcezir\u201d i d\u00fcnya standartlar\u0131nda bulmu\u015f. \u201cVariety\u201d ve \u201cHollywood Reporter\u201d gibi dergiler, yapt\u0131klar\u0131 haberde Warner Bros, yarat\u0131c\u0131 ekibi ba\u015fkan yard\u0131mc\u0131s\u0131 Andrew Zein\u2019 in a\u00e7\u0131klar\u0131na yer vermi\u015f. \u201cThe O.C\u2019nin T\u00fcrkiye uyarlamas\u0131nda Ay Yap\u0131m ve Star TV ile \u00e7al\u0131\u015ft\u0131\u011f\u0131m\u0131z i\u00e7in \u00e7ok mutluyuz. \u0130kon haline gelmi\u015f bir projeye m\u00fckemmel uyarlama yapm\u0131\u015f. \u201cMedcezir\u201d, \u00e7ok \u00e7arp\u0131c\u0131 ve g\u00f6z al\u0131c\u0131 bir yap\u0131m olmu\u015f\u201d demi\u015ftir.<\/p>\n<p>\u00c7a\u011fatay Ulusoy\u2019 un ba\u015far\u0131l\u0131 olaca\u011f\u0131n\u0131 ve on da bu \u0131\u015f\u0131\u011f\u0131 g\u00f6rd\u00fc\u011f\u00fcm\u00fc bu g\u00fcne kadar yazd\u0131\u011f\u0131m blog yaz\u0131lar\u0131mda belirtmi\u015ftim. \u015eayet okuyanlar\u0131n\u0131z var ise hat\u0131rlayacaks\u0131n\u0131z. 03 Temmuz 2013 tarihli blog yaz\u0131m olan, \u201cAd\u0131n\u0131 Feriha Koydum, \u00c7a\u011fatay Ulusoy\u2019un oyunculu\u011fu\u201d adl\u0131 blog yaz\u0131mda anlatm\u0131\u015ft\u0131m.\u00a0 O yaz\u0131n\u0131n son paragraflar\u0131n\u0131 a\u015fa\u011f\u0131da aktar\u0131yorum,<\/p>\n<p>(\u00c7a\u011fatay Ulusoy kim ne derse desin aranan bir oyuncu olmu\u015ftur.\u00a0 Medya devaml\u0131 takip etse de evine kapan\u0131p, Ay Yap\u0131m ile anla\u015fmaya vard\u0131\u011f\u0131, The O.C. \u201cA\u015fk Hik\u00e2yesi\u201d dizisi i\u00e7in \u00e7al\u0131\u015fm\u0131\u015ft\u0131r. Defalarca O.C dizisinin b\u00f6l\u00fcmlerini seyretti\u011fini tahmin ediyorum. Ben de The O.C. 15. b\u00f6l\u00fcm\u00fcne kadar\u00a0seyrettim. Ryan Atwood karakterini oynayan Ben McKenzie ile \u00c7a\u011fatay aras\u0131nda \u00e7ok benzerlikler g\u00f6rd\u00fcm. Hatta iddia ediyorum bu rol\u00fc \u00c7a\u011fatay daha g\u00fczel oynayaca\u011f\u0131n\u0131 d\u00fc\u015f\u00fcn\u00fcyorum. Burada hassas \u00e7izgi, bize adapte edilecek olan uyarlamas\u0131. Bire bir kopya yap\u0131l\u0131rsa tutmaz. Amerikan k\u00fclt\u00fcr\u00fc bize g\u00f6re \u00f6rf adetleri \u00e7ok farkl\u0131. Esprileri so\u011fuk, k\u00fclt\u00fcr fark\u0131 var. Burada as\u0131l i\u015f Ay Yap\u0131m\u0131n senaristi\u00a0<a href=\"http:\/\/blog.milliyet.com.tr\/AramaBlog\/?search=Ece%20Y%C3%B6ren%C3%A7\" rel=\"external nofollow\">Ece Y\u00f6ren\u00e7<\/a>\u2019e \u00e7ok i\u015f d\u00fc\u015f\u00fcyor. Bizim toplum k\u00fclt\u00fcr\u00fcne uygun bir \u015fekilde konuyu i\u015fleyebilirse \u00e7ok harika olur. Ece Y\u00f6ren\u00e7\u2019in a\u00e7\u0131klamalar\u0131na g\u00f6re, dizinin ilk 2 b\u00f6l\u00fcm\u00fcn yaz\u0131l\u0131m\u0131 bitmi\u015f, \u00fc\u00e7\u00fcnc\u00fc b\u00f6l\u00fcm yaz\u0131yormu\u015f. Marisa rol\u00fcn\u00fcn de\u00a0<a href=\"http:\/\/blog.milliyet.com.tr\/AramaBlog\/?search=Serenay%20Sar%C4%B1kaya\" rel=\"external nofollow\">Serenay Sar\u0131kaya<\/a>\u2019 a \u00e7ok yak\u0131\u015faca\u011f\u0131n\u0131 tahmin ediyorum.<\/p>\n<p>Eyl\u00fcl 2013 Star TV. de yeni sezonda s\u00fcper bir dizi olacak, \u201c A\u015fk Hikayesi\u201d.<\/p>\n<p>\u00c7a\u011fatay Ulusoy esas oyunculu\u011funu bu dizide g\u00f6sterecek.\u00a0Ben \u00c7a\u011fatay Ulusoy, Serenay Sar\u0131kaya ve rol alacak di\u011fer oyunculara \u015fimdiden ba\u015far\u0131lar diliyorum.)<\/p>\n<p>Medcezir\u2019 in 2.ci b\u00f6l\u00fcm\u00fcnde\u00a0ya\u015fananlar\u0131 soluksuz izledik. Yaman\u00a0ile\u00a0<a href=\"http:\/\/blog.milliyet.com.tr\/AramaBlog\/?search=Mira\" rel=\"external nofollow\">Mira<\/a>&#8216;n\u0131n bah\u00e7ede konu\u015fmalar\u0131, Mira\u2019 n\u0131n Yaman\u2019\u0131n yana\u011f\u0131na kondurdu\u011fu \u00f6p\u00fcc\u00fck, aralar\u0131nda ilk a\u015fk k\u0131v\u0131lc\u0131m\u0131 oldu. Son b\u00f6l\u00fcmde, in\u015faattaki Yaman \u2013 Mira konu\u015fmas\u0131 bu a\u015fk\u0131n yava\u015f yava\u015f alevlendi\u011fini g\u00f6sterdi. Aralar\u0131ndaki uyum dikkatlerinizden ka\u00e7mam\u0131\u015ft\u0131r umar\u0131m.<\/p>\n<p>Seyirci Cuma ak\u015famlar\u0131n\u0131 iple \u00e7ekecektir, bu s\u00fcper dizi i\u00e7in.<\/p>\n<p>Her an\u0131n\u0131z keyifle ge\u00e7mesi dile\u011fimle.<\/p>\n<p>Sayg\u0131lar, sevgiler.<\/p>\n<p>Abdurrahman Balc\u0131lar<\/p>\n<p>Twitter: abdurrahman balc\u0131lar@abbalcilar<\/p>\n<p>Mail :\u00a0<a href=\"mailto:ab.balcilar@hotmail.com\" target=\"_blank\">ab.balcilar@hotmail.com<\/a><\/p>\n<div>\n<p>Blog: milliyet.com.tr\/cansever<\/p>\n<\/div>\n<p>&nbsp;<\/p>\n<\/div>\n<\/div>\n","protected":false},"excerpt":{"rendered":"<p>21 Eyl\u00fcl &#8217;13 Kategori TV Programlar\u0131 Mira&#8217; \u0131n Yaman&#8217; a ka\u00e7amak \u00f6p\u00fcc\u00fc\u011f\u00fc, Star TV. in s\u00fcper dizisi\u00a0Medcezir\u00a0d\u00fcn ak\u015fam 2.ci b\u00f6l\u00fcmle izleyiciyi gene ekranlara kilitledi. Ge\u00e7en hafta herkesin tad\u0131 dama\u011f\u0131nda kalm\u0131\u015ft\u0131. \u0130kinci b\u00f6l\u00fcm\u00fc ile bu tat daha da artt\u0131. Star TV nin bu bomba dizisi herkesin fenomen dizisi oldu. Reytingler de bunu g\u00f6steriyor, AB Grubunda 27,26 [&hellip;]<\/p>\n","protected":false},"author":3,"featured_media":0,"comment_status":"open","ping_status":"open","sticky":false,"template":"","format":"standard","meta":{"footnotes":""},"categories":[2],"tags":[15,29,16,27,25,348],"class_list":["post-775","post","type-post","status-publish","format-standard","hentry","category-tv-programlari","tag-cagatay-ulusoy","tag-ece-yorenc","tag-medcezir","tag-serenay-sarikaya","tag-star-tv","tag-the-o-c"],"views":3518,"blog_post_layout_featured_media_urls":{"thumbnail":"","full":""},"categories_names":{"2":{"name":"TV Programlar\u0131","link":"https:\/\/balcilar-blog.com\/?cat=2"}},"tags_names":{"15":{"name":"\u00e7a\u011fatay ulusoy","link":"https:\/\/balcilar-blog.com\/?tag=cagatay-ulusoy"},"29":{"name":"Ece Y\u00f6ren\u00e7","link":"https:\/\/balcilar-blog.com\/?tag=ece-yorenc"},"16":{"name":"medcezir","link":"https:\/\/balcilar-blog.com\/?tag=medcezir"},"27":{"name":"Serenay Sar\u0131kaya","link":"https:\/\/balcilar-blog.com\/?tag=serenay-sarikaya"},"25":{"name":"Star Tv","link":"https:\/\/balcilar-blog.com\/?tag=star-tv"},"348":{"name":"The O.C","link":"https:\/\/balcilar-blog.com\/?tag=the-o-c"}},"comments_number":"0","wpmagazine_modules_lite_featured_media_urls":{"thumbnail":"","cvmm-medium":"","cvmm-medium-plus":"","cvmm-portrait":"","cvmm-medium-square":"","cvmm-large":"","cvmm-small":"","full":""},"_links":{"self":[{"href":"https:\/\/balcilar-blog.com\/index.php?rest_route=\/wp\/v2\/posts\/775","targetHints":{"allow":["GET"]}}],"collection":[{"href":"https:\/\/balcilar-blog.com\/index.php?rest_route=\/wp\/v2\/posts"}],"about":[{"href":"https:\/\/balcilar-blog.com\/index.php?rest_route=\/wp\/v2\/types\/post"}],"author":[{"embeddable":true,"href":"https:\/\/balcilar-blog.com\/index.php?rest_route=\/wp\/v2\/users\/3"}],"replies":[{"embeddable":true,"href":"https:\/\/balcilar-blog.com\/index.php?rest_route=%2Fwp%2Fv2%2Fcomments&post=775"}],"version-history":[{"count":1,"href":"https:\/\/balcilar-blog.com\/index.php?rest_route=\/wp\/v2\/posts\/775\/revisions"}],"predecessor-version":[{"id":776,"href":"https:\/\/balcilar-blog.com\/index.php?rest_route=\/wp\/v2\/posts\/775\/revisions\/776"}],"wp:attachment":[{"href":"https:\/\/balcilar-blog.com\/index.php?rest_route=%2Fwp%2Fv2%2Fmedia&parent=775"}],"wp:term":[{"taxonomy":"category","embeddable":true,"href":"https:\/\/balcilar-blog.com\/index.php?rest_route=%2Fwp%2Fv2%2Fcategories&post=775"},{"taxonomy":"post_tag","embeddable":true,"href":"https:\/\/balcilar-blog.com\/index.php?rest_route=%2Fwp%2Fv2%2Ftags&post=775"}],"curies":[{"name":"wp","href":"https:\/\/api.w.org\/{rel}","templated":true}]}}