{"id":773,"date":"2013-09-19T13:22:17","date_gmt":"2013-09-19T10:22:17","guid":{"rendered":"http:\/\/balcilar-blog.com\/?p=773"},"modified":"2014-03-25T13:25:13","modified_gmt":"2014-03-25T11:25:13","slug":"medcezir-ile-adini-feriha-koydum-dizilerindeki-inanilmaz-sahne-tekrari","status":"publish","type":"post","link":"https:\/\/balcilar-blog.com\/?p=773","title":{"rendered":"Medcezir ile Ad\u0131n\u0131 Feriha Koydum dizilerindeki inan\u0131lmaz sahne tekrar\u0131,"},"content":{"rendered":"<div>\n<h4>19 Eyl\u00fcl &#8217;13<\/h4>\n<\/div>\n<dl>\n<dt>Kategori<\/dt>\n<dd><a href=\"http:\/\/blog.milliyet.com.tr\/tv-programlari\/Kategori\/?KategoriNo=351\"><strong>TV Programlar\u0131<\/strong><\/a><\/dd>\n<\/dl>\n<div>\n<div><img loading=\"lazy\" decoding=\"async\" alt=\"Medcezir ile Ad\u0131n\u0131 Feriha Koydum dizilerindeki inan\u0131lmaz sahne tekrar\u0131,\" src=\"http:\/\/iblog.milliyet.com.tr\/imgroot\/blogv7\/Blog333\/2013\/09\/19\/22\/429602-3-4-4960a.jpg\" width=\"333\" height=\"240\" \/><\/div>\n<div id=\"BlogDetail\">\n<p><a href=\"http:\/\/blog.milliyet.com.tr\/AramaBlog\/?search=%C3%87a%C4%9Fatay%20Ulusoy\" rel=\"external nofollow\">\u00c7a\u011fatay Ulusoy<\/a>\u2019 un ilk dizisi\u00a0<a href=\"http:\/\/blog.milliyet.com.tr\/AramaBlog\/?search=Ad%C4%B1n%C4%B1%20Feriha%20Koydum\" rel=\"external nofollow\">Ad\u0131n\u0131 Feriha Koydum<\/a>\u00a01.ci b\u00f6l\u00fcm\u00fcnde\u00a0<a href=\"http:\/\/blog.milliyet.com.tr\/AramaBlog\/?search=Emir\" rel=\"external nofollow\">Emir<\/a>\u00a0ile tan\u0131\u015fmak isteyen bir k\u0131z Esra ve\u00a0<a href=\"http:\/\/blog.milliyet.com.tr\/AramaBlog\/?search=Medcezir\" rel=\"external nofollow\">Medcezir<\/a>\u00a01.ci b\u00f6l\u00fcm\u00fc gene\u00a0<a href=\"http:\/\/blog.milliyet.com.tr\/AramaBlog\/?search=Yaman\" rel=\"external nofollow\">Yaman<\/a>\u00a0ile tan\u0131\u015fmak isteyen bir k\u0131z Eda. Ben bu iki k\u0131z\u0131 da birbirlerini \u00e7ok benzettim.<\/p>\n<p>Tesad\u00fcf\u00fcn b\u00f6ylesi dedirtecek kadar bir sahnenin tekrar\u0131. Ben bu sahneleri g\u00f6r\u00fcnce \u015fa\u015f\u0131rd\u0131m kald\u0131m. Yap\u0131mc\u0131 firmalar da, senaristlerde farkl\u0131 ama, ayn\u0131 sahne \u00e7ekimi. Ayn\u0131 olan tek \u015fah\u0131s, \u00c7a\u011fatay Ulusoy. Feriha\u2019 da \u00e7ok zengin, haval\u0131 ve olduk\u00e7a yak\u0131\u015f\u0131kl\u0131 (gecelerin veliahd\u0131) Emir. Medcezir\u2019 de gene \u00c7a\u011fatay Ulusoy, fakir ama o toplant\u0131da haval\u0131, gene yak\u0131\u015f\u0131kl\u0131 gen\u00e7 Yaman.<\/p>\n<p>Ad\u0131n\u0131 Feriha koydum 1. B\u00f6l\u00fcm okulun bah\u00e7esi, Koray, Hande ve arkada\u015flar\u0131 bir masada oturuyorlar. Emir uzaktan onlara do\u011fru geliyor. Feriha da (<a href=\"http:\/\/blog.milliyet.com.tr\/AramaBlog\/?search=Hazal%20Kaya\" rel=\"external nofollow\">Hazal Kaya<\/a>) bah\u00e7ede bir masada oturuyor, etraf\u0131 inceliyor. Yan masada iki k\u0131z aralar\u0131nda iddiaya giriyorlar. Aralar\u0131nda konu\u015fuyorlar.\u201dGeliyor seninki.\u201d Der arkada\u015f\u0131na. \u00a0\u201cBu sefer beni fark etmesini sa\u011flayaca\u011f\u0131m\u201d. Arkada\u015f\u0131, \u201cNas\u0131l yapacaks\u0131n\u201d G\u00f6receksin der ve elindeki kola barda\u011f\u0131 ile Emir\u2019 in \u00fcst\u00fcne y\u00fcr\u00fcr. \u00c7arpar, \u00e7ok \u00f6z\u00fcr dilerim, \u00e7ok af edersiniz, isteyerek olmad\u0131. Der ve \u201cbu arada ben Esra\u201d, elini s\u0131kmak i\u00e7in uzat\u0131r, ama eli havada kal\u0131r. Emir k\u0131z\u0131n omzuna dokunarak, \u201c \u00d6nemli de\u011fil\u201d deyip yoluna devam eder. Bu olay\u0131 g\u00f6ren Feriha, masas\u0131ndan k\u0131s k\u0131s g\u00fcler, Esra\u2019 \u0131n d\u00fc\u015ft\u00fc\u011f\u00fc hale.<\/p>\n<p>Gelelim Medcezir\u2019 deki ayn\u0131 sahnenin tekrar\u0131na. Yaman, Mira\u2019 \u0131n daveti\u00a0ve Mert\u2019 in de \u0131srar\u0131 ile o geceki vakf\u0131n davetine kat\u0131l\u0131r. Tak\u0131m elbise giymi\u015f son derece \u015f\u0131k, olduk\u00e7a yak\u0131\u015f\u0131kl\u0131.\u00a0 Kad\u0131nlar\u0131n dikkatini \u00fczerine \u00e7ekmektedir. Ayakta masa ba\u015f\u0131nda Mert ile kokteyldeler. Mert\u2019 i annesi seslenir. Yaman masada tek kal\u0131r. Kar\u015f\u0131s\u0131nda iki k\u0131z Yaman\u2019 \u0131 izlemektedir. Siyah sa\u00e7l\u0131 olan\u0131 Yaman\u2019 \u0131n masas\u0131na gelir. \u201cMerhaba, sen \u015fu me\u015fhur ye\u011fensin de\u011fil mi?\u201d\u00a0 Yaman, \u201cYaman ben\u201d der, k\u0131z elini uzat\u0131r. \u201c Eda ben\u201d\u00a0\u00a0k\u0131z\u0131n elini s\u0131kar, Yaman \u201cmemnun oldum\u201d der. \u0130lgilenmez, k\u0131z d\u00f6ner gider. Her iki dizideki, bu iki oyuncu k\u0131z\u0131 da birbirlerine \u00e7ok benzettim. Ama tesad\u00fcf\u00fcn b\u00f6ylesi de olamaz herhalde.<\/p>\n<p>Her iki sahnede de k\u0131zlar\u0131n eli \u00f6nce 5-10 saniye havada kal\u0131r. Emir, Esra\u2019 \u0131n elini s\u0131kmaz. Ama Yaman Eda\u2019 \u0131n elini s\u0131kar. Esra&#8217; \u0131 Feriha g\u00fclm\u00fc\u015ft\u00fc. Eda&#8217;n\u0131n haline de\u00a0Mira g\u00fcler.<\/p>\n<p>Ben bu iki kopya sahneyi g\u00f6r\u00fcnce \u015fa\u015f\u0131rd\u0131m. \u0130nanmayanlar\u0131n\u0131z \u00a0(imk\u00e2n\u0131n\u0131z var ise) izleyebilirler.<\/p>\n<p>Fakir gencimiz Yaman\u2019\u0131, yar\u0131n ak\u015fam\u00a0<a href=\"http:\/\/blog.milliyet.com.tr\/AramaBlog\/?search=Star%20TV\" rel=\"external nofollow\">Star TV<\/a>. de Medcezir\u2019 in 2. ci b\u00f6l\u00fcm\u00fcnde izleyece\u011fiz. Hep birlikte g\u00f6rece\u011fiz ba\u015f\u0131na daha neler gelecek. \u0130lk b\u00f6l\u00fcm \u00e7ok olumlu tepkiler ald\u0131. Almaya da devam edecek.<\/p>\n<p>\u0130yi seyirler.<\/p>\n<p>Sayg\u0131lar, sevgiler.<\/p>\n<p>Abdurrahman Balc\u0131lar<\/p>\n<p>Twitter: abdurrahman balc\u0131lar@abbalcilar<\/p>\n<p>Mail :\u00a0<a href=\"mailto:ab.balcilar@hotmail.com\" target=\"_blank\">ab.balcilar@hotmail.com<\/a><\/p>\n<div>\n<p>Blog: milliyet.com.tr\/cansever<\/p>\n<\/div>\n<p>&nbsp;<\/p>\n<\/div>\n<\/div>\n","protected":false},"excerpt":{"rendered":"<p>19 Eyl\u00fcl &#8217;13 Kategori TV Programlar\u0131 \u00c7a\u011fatay Ulusoy\u2019 un ilk dizisi\u00a0Ad\u0131n\u0131 Feriha Koydum\u00a01.ci b\u00f6l\u00fcm\u00fcnde\u00a0Emir\u00a0ile tan\u0131\u015fmak isteyen bir k\u0131z Esra ve\u00a0Medcezir\u00a01.ci b\u00f6l\u00fcm\u00fc gene\u00a0Yaman\u00a0ile tan\u0131\u015fmak isteyen bir k\u0131z Eda. Ben bu iki k\u0131z\u0131 da birbirlerini \u00e7ok benzettim. Tesad\u00fcf\u00fcn b\u00f6ylesi dedirtecek kadar bir sahnenin tekrar\u0131. Ben bu sahneleri g\u00f6r\u00fcnce \u015fa\u015f\u0131rd\u0131m kald\u0131m. Yap\u0131mc\u0131 firmalar da, senaristlerde farkl\u0131 ama, ayn\u0131 [&hellip;]<\/p>\n","protected":false},"author":3,"featured_media":0,"comment_status":"open","ping_status":"open","sticky":false,"template":"","format":"standard","meta":{"footnotes":""},"categories":[2],"tags":[42,15,347,19,16,346,152],"class_list":["post-773","post","type-post","status-publish","format-standard","hentry","category-tv-programlari","tag-adini-feriha-koydum","tag-cagatay-ulusoy","tag-emir","tag-hazal-kaya","tag-medcezir","tag-star-t","tag-yaman"],"views":4403,"blog_post_layout_featured_media_urls":{"thumbnail":"","full":""},"categories_names":{"2":{"name":"TV Programlar\u0131","link":"https:\/\/balcilar-blog.com\/?cat=2"}},"tags_names":{"42":{"name":"Ad\u0131n\u0131 Feriha Koydum","link":"https:\/\/balcilar-blog.com\/?tag=adini-feriha-koydum"},"15":{"name":"\u00e7a\u011fatay ulusoy","link":"https:\/\/balcilar-blog.com\/?tag=cagatay-ulusoy"},"347":{"name":"Emir","link":"https:\/\/balcilar-blog.com\/?tag=emir"},"19":{"name":"Hazal Kaya","link":"https:\/\/balcilar-blog.com\/?tag=hazal-kaya"},"16":{"name":"medcezir","link":"https:\/\/balcilar-blog.com\/?tag=medcezir"},"346":{"name":"Star T","link":"https:\/\/balcilar-blog.com\/?tag=star-t"},"152":{"name":"Yaman","link":"https:\/\/balcilar-blog.com\/?tag=yaman"}},"comments_number":"0","wpmagazine_modules_lite_featured_media_urls":{"thumbnail":"","cvmm-medium":"","cvmm-medium-plus":"","cvmm-portrait":"","cvmm-medium-square":"","cvmm-large":"","cvmm-small":"","full":""},"_links":{"self":[{"href":"https:\/\/balcilar-blog.com\/index.php?rest_route=\/wp\/v2\/posts\/773","targetHints":{"allow":["GET"]}}],"collection":[{"href":"https:\/\/balcilar-blog.com\/index.php?rest_route=\/wp\/v2\/posts"}],"about":[{"href":"https:\/\/balcilar-blog.com\/index.php?rest_route=\/wp\/v2\/types\/post"}],"author":[{"embeddable":true,"href":"https:\/\/balcilar-blog.com\/index.php?rest_route=\/wp\/v2\/users\/3"}],"replies":[{"embeddable":true,"href":"https:\/\/balcilar-blog.com\/index.php?rest_route=%2Fwp%2Fv2%2Fcomments&post=773"}],"version-history":[{"count":1,"href":"https:\/\/balcilar-blog.com\/index.php?rest_route=\/wp\/v2\/posts\/773\/revisions"}],"predecessor-version":[{"id":774,"href":"https:\/\/balcilar-blog.com\/index.php?rest_route=\/wp\/v2\/posts\/773\/revisions\/774"}],"wp:attachment":[{"href":"https:\/\/balcilar-blog.com\/index.php?rest_route=%2Fwp%2Fv2%2Fmedia&parent=773"}],"wp:term":[{"taxonomy":"category","embeddable":true,"href":"https:\/\/balcilar-blog.com\/index.php?rest_route=%2Fwp%2Fv2%2Fcategories&post=773"},{"taxonomy":"post_tag","embeddable":true,"href":"https:\/\/balcilar-blog.com\/index.php?rest_route=%2Fwp%2Fv2%2Ftags&post=773"}],"curies":[{"name":"wp","href":"https:\/\/api.w.org\/{rel}","templated":true}]}}