{"id":771,"date":"2013-09-17T13:18:02","date_gmt":"2013-09-17T10:18:02","guid":{"rendered":"http:\/\/balcilar-blog.com\/?p=771"},"modified":"2014-03-25T13:22:12","modified_gmt":"2014-03-25T11:22:12","slug":"adnan-menderes-asilmasi-ve-babamin-yasanmis-anisi","status":"publish","type":"post","link":"https:\/\/balcilar-blog.com\/?p=771","title":{"rendered":"Adnan Menderes as\u0131lmas\u0131 ve babam\u0131n ya\u015fanm\u0131\u015f an\u0131s\u0131,"},"content":{"rendered":"<div>\n<h4>17 Eyl\u00fcl &#8217;13<\/h4>\n<\/div>\n<dl>\n<dt>Kategori<\/dt>\n<dd><a href=\"http:\/\/blog.milliyet.com.tr\/anilar\/Kategori\/?KategoriNo=298\"><strong>An\u0131lar<\/strong><\/a><\/dd>\n<\/dl>\n<div>\n<div><img loading=\"lazy\" decoding=\"async\" alt=\"Adnan Menderes as\u0131lmas\u0131 ve babam\u0131n ya\u015fanm\u0131\u015f an\u0131s\u0131,\" src=\"http:\/\/iblog.milliyet.com.tr\/imgroot\/blogv7\/Blog333\/2013\/09\/17\/25\/429369-3-4-48155.jpg\" width=\"333\" height=\"240\" \/><\/p>\n<div><\/div>\n<\/div>\n<div id=\"BlogDetail\">\n<p>Bug\u00fcn\u00a0<a href=\"http:\/\/blog.milliyet.com.tr\/AramaBlog\/?search=17%20Eyl%C3%BCl\" rel=\"external nofollow\">17 Eyl\u00fcl<\/a>, rahmetli\u00a0<a href=\"http:\/\/blog.milliyet.com.tr\/AramaBlog\/?search=Adnan%20Menderes\" rel=\"external nofollow\">Adnan Menderes<\/a>\u2019in idam edilmesinin 52. ci y\u0131l\u0131. Ben o zaman hen\u00fcz 12 ya\u015f\u0131nda \u00e7ocuktum. \u0130lkokulu yeni bitirmi\u015ftim. Babam rahmetli koyu bir Adalet Partili ve Adnan Menderes\u2019i \u00e7ok seven biriydi.<\/p>\n<p>Biraz \u00f6nce Blog yazarlar\u0131m\u0131zdan\u00a0<a href=\"http:\/\/blog.milliyet.com.tr\/AramaBlog\/?search=Dursun%20Tombul\" rel=\"external nofollow\">Dursun Tombul<\/a>\u2019 un\u00a0 \u201cT\u00fcrk siyasi hayat\u0131n\u0131n y\u00fczkaras\u0131: 17 Eyl\u00fcl 1961 &#8211; Adnan Menderes\u2019 in idam\u0131\u201d adl\u0131 Blog yaz\u0131s\u0131n\u0131 okudum. Yaz\u0131s\u0131na yapt\u0131\u011f\u0131m yorumda, \u00e7ok duyguland\u0131\u011f\u0131m\u0131 yazm\u0131\u015ft\u0131m. O duygu yo\u011funlu\u011fundan \u00e7\u0131kamad\u0131m ve akl\u0131ma gelen Rahmetli babac\u0131\u011f\u0131m\u00a0<a href=\"http:\/\/blog.milliyet.com.tr\/AramaBlog\/?search=Mehmet%20Balc%C4%B1lar\" rel=\"external nofollow\">Mehmet Balc\u0131lar<\/a>\u2019\u0131n bana sa\u011fl\u0131\u011f\u0131nda anlatt\u0131\u011f\u0131 bir an\u0131s\u0131n\u0131 okuyucular\u0131m\u0131za aktarmak istedim.<\/p>\n<p>Babam zeytin ve zeytinya\u011f\u0131 komisyonculu yap\u0131yordu. Tarihini tam hat\u0131rlayam\u0131yorum. Herhalde Adnan Menderes\u2019 in idam\u0131ndan 2-3 y\u0131l sonra olabilir. \u0130\u015fi icab\u0131 Ayval\u0131k\u2019 a gitmi\u015f. \u00c7ar\u015f\u0131 i\u00e7inde sakal t\u0131ra\u015f\u0131 olmak \u00fczere bir berbere girmi\u015f. T\u0131ra\u015f olurken, muhabbete ba\u015flam\u0131\u015flar. Berber sormu\u015f; \u201cSen nerelisin hem\u015ferim\u201d demi\u015f. Babam; \u201c<a href=\"http:\/\/blog.milliyet.com.tr\/AramaBlog\/?search=Ayd%C4%B1n\" rel=\"external nofollow\">Ayd\u0131n<\/a>l\u0131y\u0131m\u201d. Berber; bir ad\u0131m geri \u00e7ekilerek, babam\u0131n y\u00fcz\u00fcne ters ters bakm\u0131\u015f. \u201cSiz ne bi\u00e7im Ayd\u0131n\u2019 l\u0131s\u0131n\u0131z, dilbar\u0131m adam Menderes&#8217;i nas\u0131l ast\u0131r\u0131rs\u0131n\u0131z, ni\u00e7in t\u00fcm Ayd\u0131n&#8217;l\u0131lar olarak aya\u011fa kalkmad\u0131n\u0131z\u201d der. Ve h\u0131\u015f\u0131mla boynundaki havluyu h\u0131zla \u00e7eker. \u201cS. tir hadi buradan\u201d der, d\u00fckkan\u0131ndan kovalar. Babam arkas\u0131na baka baka, berber d\u00fckkan\u0131ndan \u00e7\u0131km\u0131\u015f. Hi\u00e7bir cevap da verememi\u015f.<\/p>\n<p>Bu an\u0131s\u0131n\u0131 laf s\u0131ras\u0131 geldi\u011finde birka\u00e7 kez dinlemi\u015ftim kendisinden.<\/p>\n<p><a href=\"http:\/\/blog.milliyet.com.tr\/AramaBlog\/?search=Time%20Dergi\" rel=\"external nofollow\">Time Dergi<\/a>sine kapak olmu\u015f, b\u00fcy\u00fck insan ve devlet adam\u0131m\u0131z Adnan Menderes,\u00a0<a href=\"http:\/\/blog.milliyet.com.tr\/AramaBlog\/?search=Fati%20R%C3%BC%C5%9Ft%C3%BC%20Zorlu\" rel=\"external nofollow\">Fatin R\u00fc\u015ft\u00fc Zorlu<\/a>\u00a0ve\u00a0<a href=\"http:\/\/blog.milliyet.com.tr\/AramaBlog\/?search=Hasan%20Polatkan\" rel=\"external nofollow\">Hasan Polatkan<\/a>\u2019\u0131 rahmetle an\u0131yor, Allah taksiratlar\u0131n\u0131 afetsin, Nur i\u00e7inde yats\u0131nlar, diyorum.<\/p>\n<p>Sayg\u0131lar, sevgiler.<\/p>\n<p>Abdurrahman Balc\u0131lar<\/p>\n<p>Twitter: abdurrahman\u00a0<a href=\"mailto:balc%C4%B1lar@abbalcilar\">balc\u0131lar@abbalcilar<\/a><\/p>\n<p>Mail :\u00a0<a href=\"mailto:ab.balcilar@hotmail.com\">ab.balcilar@hotmail.com<\/a><\/p>\n<p>Blog: milliyet.com.tr\/cansever<\/p>\n<\/div>\n<\/div>\n","protected":false},"excerpt":{"rendered":"<p>17 Eyl\u00fcl &#8217;13 Kategori An\u0131lar Bug\u00fcn\u00a017 Eyl\u00fcl, rahmetli\u00a0Adnan Menderes\u2019in idam edilmesinin 52. ci y\u0131l\u0131. Ben o zaman hen\u00fcz 12 ya\u015f\u0131nda \u00e7ocuktum. \u0130lkokulu yeni bitirmi\u015ftim. Babam rahmetli koyu bir Adalet Partili ve Adnan Menderes\u2019i \u00e7ok seven biriydi. Biraz \u00f6nce Blog yazarlar\u0131m\u0131zdan\u00a0Dursun Tombul\u2019 un\u00a0 \u201cT\u00fcrk siyasi hayat\u0131n\u0131n y\u00fczkaras\u0131: 17 Eyl\u00fcl 1961 &#8211; Adnan Menderes\u2019 in idam\u0131\u201d adl\u0131 [&hellip;]<\/p>\n","protected":false},"author":3,"featured_media":0,"comment_status":"open","ping_status":"open","sticky":false,"template":"","format":"standard","meta":{"footnotes":""},"categories":[340],"tags":[341,344,345,342,343],"class_list":["post-771","post","type-post","status-publish","format-standard","hentry","category-anilar","tag-adnan-menderes","tag-fatin-rustu-zorlu","tag-hasan-polatkan","tag-mehmet-balcilar","tag-time-dergisi"],"views":4728,"blog_post_layout_featured_media_urls":{"thumbnail":"","full":""},"categories_names":{"340":{"name":"An\u0131lar","link":"https:\/\/balcilar-blog.com\/?cat=340"}},"tags_names":{"341":{"name":"Adnan Menderes","link":"https:\/\/balcilar-blog.com\/?tag=adnan-menderes"},"344":{"name":"Fatin R\u00fc\u015ft\u00fc Zorlu","link":"https:\/\/balcilar-blog.com\/?tag=fatin-rustu-zorlu"},"345":{"name":"Hasan Polatkan","link":"https:\/\/balcilar-blog.com\/?tag=hasan-polatkan"},"342":{"name":"Mehmet Balc\u0131lar","link":"https:\/\/balcilar-blog.com\/?tag=mehmet-balcilar"},"343":{"name":"Time Dergisi","link":"https:\/\/balcilar-blog.com\/?tag=time-dergisi"}},"comments_number":"0","wpmagazine_modules_lite_featured_media_urls":{"thumbnail":"","cvmm-medium":"","cvmm-medium-plus":"","cvmm-portrait":"","cvmm-medium-square":"","cvmm-large":"","cvmm-small":"","full":""},"_links":{"self":[{"href":"https:\/\/balcilar-blog.com\/index.php?rest_route=\/wp\/v2\/posts\/771","targetHints":{"allow":["GET"]}}],"collection":[{"href":"https:\/\/balcilar-blog.com\/index.php?rest_route=\/wp\/v2\/posts"}],"about":[{"href":"https:\/\/balcilar-blog.com\/index.php?rest_route=\/wp\/v2\/types\/post"}],"author":[{"embeddable":true,"href":"https:\/\/balcilar-blog.com\/index.php?rest_route=\/wp\/v2\/users\/3"}],"replies":[{"embeddable":true,"href":"https:\/\/balcilar-blog.com\/index.php?rest_route=%2Fwp%2Fv2%2Fcomments&post=771"}],"version-history":[{"count":1,"href":"https:\/\/balcilar-blog.com\/index.php?rest_route=\/wp\/v2\/posts\/771\/revisions"}],"predecessor-version":[{"id":772,"href":"https:\/\/balcilar-blog.com\/index.php?rest_route=\/wp\/v2\/posts\/771\/revisions\/772"}],"wp:attachment":[{"href":"https:\/\/balcilar-blog.com\/index.php?rest_route=%2Fwp%2Fv2%2Fmedia&parent=771"}],"wp:term":[{"taxonomy":"category","embeddable":true,"href":"https:\/\/balcilar-blog.com\/index.php?rest_route=%2Fwp%2Fv2%2Fcategories&post=771"},{"taxonomy":"post_tag","embeddable":true,"href":"https:\/\/balcilar-blog.com\/index.php?rest_route=%2Fwp%2Fv2%2Ftags&post=771"}],"curies":[{"name":"wp","href":"https:\/\/api.w.org\/{rel}","templated":true}]}}