{"id":769,"date":"2013-09-14T13:15:27","date_gmt":"2013-09-14T10:15:27","guid":{"rendered":"http:\/\/balcilar-blog.com\/?p=769"},"modified":"2014-03-25T13:17:56","modified_gmt":"2014-03-25T11:17:56","slug":"medcezir-1-bolum-bu-dizi-tutar-on-numara","status":"publish","type":"post","link":"https:\/\/balcilar-blog.com\/?p=769","title":{"rendered":"Medcezir 1.B\u00f6l\u00fcm, Bu dizi tutar. On numara,"},"content":{"rendered":"<div>\n<h4>14 Eyl\u00fcl &#8217;13<\/h4>\n<\/div>\n<p>&nbsp;<\/p>\n<dl>\n<dt>Kategori<\/dt>\n<dd><a href=\"http:\/\/blog.milliyet.com.tr\/tv-programlari\/Kategori\/?KategoriNo=351\"><strong>TV Programlar\u0131<\/strong><\/a><\/dd>\n<\/dl>\n<p>&nbsp;<\/p>\n<div>\n<div><img loading=\"lazy\" decoding=\"async\" alt=\"Medcezir 1.B\u00f6l\u00fcm, Bu dizi tutar. On numara,\" src=\"http:\/\/iblog.milliyet.com.tr\/imgroot\/blogv7\/Blog333\/2013\/09\/13\/31\/428983-3-4-31520.jpg\" width=\"333\" height=\"240\" \/><\/p>\n<div><\/div>\n<\/div>\n<div id=\"BlogDetail\">\n<p><a href=\"http:\/\/blog.milliyet.com.tr\/AramaBlog\/?search=Star%20TV\" rel=\"external nofollow\">Star TV<\/a>. in s\u00fcper dizisi\u00a0<a href=\"http:\/\/blog.milliyet.com.tr\/AramaBlog\/?search=Medcezir\" rel=\"external nofollow\">Medcezir<\/a>\u00a0aylard\u0131r konu\u015fuldu ve nihayet 1. ci b\u00f6l\u00fcm\u00fc izleyicisiyle bulu\u015ftu. Ba\u015flang\u0131\u00e7ta acaba diyerek tedirgin oturdum ekran kar\u015f\u0131na. Bir anda reklam anonsuyla kendime geldim. 1,5 saat ge\u00e7mi\u015f kapt\u0131rm\u0131\u015f\u0131m kendimi.\u00a0 Demek ki bu dizi ilk g\u00fcnden benden ge\u00e7er not ald\u0131\u011f\u0131 gibi, herkesten ge\u00e7er not ald\u0131\u011f\u0131ndan eminim.<\/p>\n<p><a href=\"http:\/\/blog.milliyet.com.tr\/AramaBlog\/?search=Serenay%20Sar%C4%B1kaya\" rel=\"external nofollow\">Serenay Sar\u0131kaya<\/a>\u00a0\u00a0(Mira Beylice) bu g\u00fcne kadar hi\u00e7bir dizisini izlememi\u015ftim. \u0130nan\u0131n sempatik tav\u0131rlar\u0131, rahat hareketleri ve \u015firinli\u011fi ile dikkatleri \u00fczerine \u00e7ekiyor. Ho\u015f k\u0131z, mankenli\u011fini de be\u011fendim. Yaman ile ya\u015fayacaklar\u0131 a\u015fk da \u00e7ok g\u00fczel olacak. \u0130lk b\u00f6l\u00fcmden iyi kayna\u015ft\u0131lar.<\/p>\n<p>Gelelim\u00a0<a href=\"http:\/\/blog.milliyet.com.tr\/AramaBlog\/?search=%C3%87a%C4%9Fatay%20Ulusoy\" rel=\"external nofollow\">\u00c7a\u011fatay Ulusoy<\/a>\u2019 a (Yaman Koper), bu role o kadar g\u00fczel adapte olmu\u015f ki, tarif edemem. \u015ea\u015fk\u0131n g\u00f6r\u00fcnt\u00fcs\u00fc alt\u0131nda, kendisinden emin, sakin ve enteresan bir oyuncu olarak kar\u015f\u0131m\u0131za \u00e7\u0131kt\u0131. Yak\u0131n plan \u00e7ekimlerde jest ve mimiklerini \u00e7ok iyi kulland\u0131\u011f\u0131n\u0131 g\u00f6rd\u00fcm. Ayr\u0131ca bu sa\u00e7 \u015fekli ona yak\u0131\u015fm\u0131\u015f, \u00a0tipi de\u011fi\u015fmi\u015f, her \u015fekle de girebiliyor. \u00c7a\u011fatay Ulusoy\u2019 un Ad\u0131n\u0131 Feriha Koydum dizisinden sonra, Emir\u2019in yolunu saymazsak ikinci ciddi dizisi olacak Medcezir. Bamba\u015fka bir \u00c7a\u011fatay Ulusoy g\u00f6rd\u00fcm Yaman karakteri alt\u0131nda. Oyunculu\u011funu bir kere \u00e7ok geli\u015ftirmi\u015f. Kamera Kar\u015f\u0131s\u0131nda \u00e7ok rahat, kendinden ve yapt\u0131\u011f\u0131 rolden \u00e7ok emin.<\/p>\n<p>Avukat Selim Serez (<a href=\"http:\/\/blog.milliyet.com.tr\/AramaBlog\/?search=Bar%C4%B1%C5%9F%20Falay\" rel=\"external nofollow\">Bar\u0131\u015f Falay<\/a>) inan\u0131lmaz ba\u015far\u0131l\u0131, sevecen, insanc\u0131l. Ezel dizisinden tan\u0131yoruz kendisini. Usta bir oyuncu, fazla lafa gerek yok.<\/p>\n<p>Eyl\u00fcl Buluter (<a href=\"http:\/\/blog.milliyet.com.tr\/AramaBlog\/?search=Hazar%20Erg%C3%BC%C3%A7l%C3%BC\" rel=\"external nofollow\">Hazar Erg\u00fc\u00e7l\u00fc<\/a>), deneyimli, c\u0131v\u0131l c\u0131v\u0131l g\u00fczel bir k\u0131z. Bu rahatl\u0131\u011f\u0131 Mert\u2019 e a\u015f\u0131layabilecek mi bakal\u0131m. Yaman &#8216;a sulanmadan edemedi. Mert de \u00e7ok bozuldu.<\/p>\n<p>Mert Serez (<a href=\"http:\/\/blog.milliyet.com.tr\/AramaBlog\/?search=Taner%20%C3%96lmez\" rel=\"external nofollow\">Taner \u00d6lmez<\/a>) rol\u00fc gere\u011fi fazla \u00e7ocuksu. Ancak y\u00fcz hatlar\u0131 ger\u00e7ek ya\u015f\u0131n\u0131 g\u00f6steriyor. Yapt\u0131\u011f\u0131 rolde olduk\u00e7a ba\u015far\u0131l\u0131. Yaman ile \u00e7ok iyi anla\u015facaklar, Yaman ona g\u00fczel de a\u011fabeylik yapacak.<\/p>\n<p>Ender Serez (<a href=\"http:\/\/blog.milliyet.com.tr\/AramaBlog\/?search=Mine%20Tu%C4%9Fay\" rel=\"external nofollow\">Mine Tu\u011fay<\/a>), zenginli\u011finin verdi\u011fi hava ile evde s\u00f6z sahibi. Mesle\u011fi avukat olan kocas\u0131n\u0131 avucunun i\u00e7e alm\u0131\u015f. Evde kocas\u0131 ve o\u011flu \u00fcstende s\u00f6z\u00fc ge\u00e7iyor. Kendinden \u00e7ok emin.<\/p>\n<p>Di\u011fer karakterleri ilerleyen b\u00f6l\u00fcmlerde ele alaca\u011f\u0131m.<\/p>\n<p>Netice itibariyle, orijinali O.C. e biraz fazlaca ba\u011fl\u0131 kalm\u0131\u015f. Dilerim ilerleyen b\u00f6l\u00fcmlerde biraz T\u00fcrk \u00d6rf ve adetlerine uydurulur, bize \u00f6zg\u00fc olur.<\/p>\n<p><a href=\"http:\/\/blog.milliyet.com.tr\/AramaBlog\/?search=Ay%20Yap%C4%B1m\" rel=\"external nofollow\">Ay Yap\u0131m<\/a>\u2019\u0131n bu s\u00fcper dizisi Medcezir, Cuma ak\u015famlar\u0131n\u0131n reyting kral\u0131 olaca\u011f\u0131n\u0131 tahmin ediyorum. Bu gece de liderlik Medcezir&#8217; de. ( Reytinglerde: Totalde 1.ci. &#8211; AB Grubunda burun fark\u0131 ile 2.ci s\u0131rada)<\/p>\n<p>Medcezir, yolun a\u00e7\u0131k, uzun soluklu bir dizi olman dile\u011fiyle.<\/p>\n<p>Keyifli seyirler.<\/p>\n<p>&nbsp;<\/p>\n<p>Sayg\u0131lar, sevgiler.<\/p>\n<p>Abdurrahman Balc\u0131lar<\/p>\n<p>Twitter: abdurrahman balc\u0131lar@abbalcilar<\/p>\n<p>Face :\u00a0<a href=\"mailto:ab.balcilar@hotmail.com\" target=\"_blank\">ab.balcilar@hotmail.com<\/a><\/p>\n<p>Blog: milliyet.com.tr\/cansever<\/p>\n<p>&nbsp;<\/p>\n<\/div>\n<\/div>\n","protected":false},"excerpt":{"rendered":"<p>14 Eyl\u00fcl &#8217;13 &nbsp; Kategori TV Programlar\u0131 &nbsp; Star TV. in s\u00fcper dizisi\u00a0Medcezir\u00a0aylard\u0131r konu\u015fuldu ve nihayet 1. ci b\u00f6l\u00fcm\u00fc izleyicisiyle bulu\u015ftu. Ba\u015flang\u0131\u00e7ta acaba diyerek tedirgin oturdum ekran kar\u015f\u0131na. Bir anda reklam anonsuyla kendime geldim. 1,5 saat ge\u00e7mi\u015f kapt\u0131rm\u0131\u015f\u0131m kendimi.\u00a0 Demek ki bu dizi ilk g\u00fcnden benden ge\u00e7er not ald\u0131\u011f\u0131 gibi, herkesten ge\u00e7er not ald\u0131\u011f\u0131ndan eminim. [&hellip;]<\/p>\n","protected":false},"author":3,"featured_media":0,"comment_status":"open","ping_status":"open","sticky":false,"template":"","format":"standard","meta":{"footnotes":""},"categories":[2],"tags":[26,15,27,25],"class_list":["post-769","post","type-post","status-publish","format-standard","hentry","category-tv-programlari","tag-ay-yapim","tag-cagatay-ulusoy","tag-serenay-sarikaya","tag-star-tv"],"views":3470,"blog_post_layout_featured_media_urls":{"thumbnail":"","full":""},"categories_names":{"2":{"name":"TV Programlar\u0131","link":"https:\/\/balcilar-blog.com\/?cat=2"}},"tags_names":{"26":{"name":"Ay Yap\u0131m","link":"https:\/\/balcilar-blog.com\/?tag=ay-yapim"},"15":{"name":"\u00e7a\u011fatay ulusoy","link":"https:\/\/balcilar-blog.com\/?tag=cagatay-ulusoy"},"27":{"name":"Serenay Sar\u0131kaya","link":"https:\/\/balcilar-blog.com\/?tag=serenay-sarikaya"},"25":{"name":"Star Tv","link":"https:\/\/balcilar-blog.com\/?tag=star-tv"}},"comments_number":"0","wpmagazine_modules_lite_featured_media_urls":{"thumbnail":"","cvmm-medium":"","cvmm-medium-plus":"","cvmm-portrait":"","cvmm-medium-square":"","cvmm-large":"","cvmm-small":"","full":""},"_links":{"self":[{"href":"https:\/\/balcilar-blog.com\/index.php?rest_route=\/wp\/v2\/posts\/769","targetHints":{"allow":["GET"]}}],"collection":[{"href":"https:\/\/balcilar-blog.com\/index.php?rest_route=\/wp\/v2\/posts"}],"about":[{"href":"https:\/\/balcilar-blog.com\/index.php?rest_route=\/wp\/v2\/types\/post"}],"author":[{"embeddable":true,"href":"https:\/\/balcilar-blog.com\/index.php?rest_route=\/wp\/v2\/users\/3"}],"replies":[{"embeddable":true,"href":"https:\/\/balcilar-blog.com\/index.php?rest_route=%2Fwp%2Fv2%2Fcomments&post=769"}],"version-history":[{"count":1,"href":"https:\/\/balcilar-blog.com\/index.php?rest_route=\/wp\/v2\/posts\/769\/revisions"}],"predecessor-version":[{"id":770,"href":"https:\/\/balcilar-blog.com\/index.php?rest_route=\/wp\/v2\/posts\/769\/revisions\/770"}],"wp:attachment":[{"href":"https:\/\/balcilar-blog.com\/index.php?rest_route=%2Fwp%2Fv2%2Fmedia&parent=769"}],"wp:term":[{"taxonomy":"category","embeddable":true,"href":"https:\/\/balcilar-blog.com\/index.php?rest_route=%2Fwp%2Fv2%2Fcategories&post=769"},{"taxonomy":"post_tag","embeddable":true,"href":"https:\/\/balcilar-blog.com\/index.php?rest_route=%2Fwp%2Fv2%2Ftags&post=769"}],"curies":[{"name":"wp","href":"https:\/\/api.w.org\/{rel}","templated":true}]}}