{"id":767,"date":"2013-09-12T13:09:48","date_gmt":"2013-09-12T10:09:48","guid":{"rendered":"http:\/\/balcilar-blog.com\/?p=767"},"modified":"2014-03-25T13:15:19","modified_gmt":"2014-03-25T11:15:19","slug":"medcezir-de-cagatay-ulusoy-serenay-sarikaya-uyumu","status":"publish","type":"post","link":"https:\/\/balcilar-blog.com\/?p=767","title":{"rendered":"Medcezir\u2019 de \u00c7a\u011fatay Ulusoy \/ Serenay Sar\u0131kaya uyumu,"},"content":{"rendered":"<div>\n<h4>12 Eyl\u00fcl &#8217;13<\/h4>\n<\/div>\n<dl>\n<dt>Kategori<\/dt>\n<dd><a href=\"http:\/\/blog.milliyet.com.tr\/tv-programlari\/Kategori\/?KategoriNo=351\"><strong>TV Programlar\u0131<\/strong><\/a><\/dd>\n<\/dl>\n<div>\n<div><img loading=\"lazy\" decoding=\"async\" alt=\"Medcezir\u2019 de \u00c7a\u011fatay Ulusoy \/ Serenay Sar\u0131kaya uyumu,\" src=\"http:\/\/iblog.milliyet.com.tr\/imgroot\/blogv7\/Blog333\/2013\/09\/12\/26\/428788-3-4-d1818.jpg\" width=\"333\" height=\"240\" \/><\/div>\n<div id=\"BlogDetail\">\n<p><a href=\"http:\/\/blog.milliyet.com.tr\/AramaBlog\/?search=Star%20TV\" rel=\"external nofollow\">Star TV<\/a>. ola\u011fan\u00fcst\u00fc bomba dizisi \u201cMedcezir\u201d yar\u0131n ak\u015fam akranlar\u0131m\u0131zda seyircisiyle bulu\u015fuyor. Dizi gerek yaz\u0131l\u0131, gerekse g\u00f6rsel bas\u0131nda ve Televizyon kanallar\u0131nda \u00e7ok reklam yap\u0131ld\u0131. Bu tan\u0131t\u0131mlardan edindi\u011fimiz izlenimlere g\u00f6re bu dizi tutacak. Hatta yeni ba\u015flayacak sezon dizilerin en iyisi oldu\u011funu iddia ediyorum.<\/p>\n<p>Ben kendi g\u00f6r\u00fc\u015f\u00fcm ve okudu\u011fum, duydu\u011fum, g\u00f6rd\u00fcklerimi \u00fcst \u00fcste, yan yana koyuyorum, \u00c7a\u011fatay (<a href=\"http:\/\/blog.milliyet.com.tr\/AramaBlog\/?search=Yaman\" rel=\"external nofollow\">Yaman<\/a>) ile Serenay (<a href=\"http:\/\/blog.milliyet.com.tr\/AramaBlog\/?search=Mira\" rel=\"external nofollow\">Mira<\/a>) aras\u0131nda \u00e7ok g\u00fczel bir uyum var diyorum. Yan yana duru\u015flar\u0131, y\u00fcz g\u00fczellikleri, tatl\u0131 tebess\u00fcmleri, sa\u00e7 renkleri, tenleri, boylar\u0131 aras\u0131nda inan\u0131lmaz bir uyum var. Yar\u0131n ak\u015fam diziyi izledikten sonra sizlerde hakl\u0131s\u0131n\u0131z diyeceksiniz. Hatta iddia ediyorum, y\u0131l\u0131n en iyi dizi \u00e7ifti se\u00e7ilecekler. Baz\u0131lar\u0131n\u0131z\u0131n i\u00e7inden g\u00fcld\u00fcklerini hissediyorum. Ama bu sezon sonu geldi\u011finde \u00e7ok hakl\u0131ym\u0131\u015fs\u0131n\u0131z diyeceksiniz. Ayr\u0131ca bir benzerlik daha tespit ettim. Her ikisi de \u00e7ok sakin, m\u00fctevazi, ho\u015fg\u00f6r\u00fcl\u00fc ve kaprissiz ki\u015filikleri var.<\/p>\n<p>Bir kere\u00a0<a href=\"http:\/\/blog.milliyet.com.tr\/AramaBlog\/?search=Serenay%20Sar%C4%B1kaya\" rel=\"external nofollow\">Serenay Sar\u0131kaya<\/a>\u00a0y\u00fcz g\u00fczeli bir k\u0131z\u0131m\u0131z.\u00a0<a href=\"http:\/\/blog.milliyet.com.tr\/AramaBlog\/?search=%C3%87a%C4%9Fatay%20Ulusoy\" rel=\"external nofollow\">\u00c7a\u011fatay Ulusoy<\/a>\u2019 da olduk\u00e7a yak\u0131\u015f\u0131kl\u0131, erkek g\u00fczeli bir gencimiz. Yan yana geldiklerinde inan\u0131lmaz bir uyum oldu\u011funu g\u00f6r\u00fcyoruz. Buna bir de oyunculuk performanslar\u0131n\u0131 katarlarsa \u00e7ok g\u00fczel bir i\u015f \u00e7\u0131kacak ve ya\u015fayacaklar\u0131 Med Cezir gibi gel-gitli a\u015fklar\u0131n\u0131 \u015fahit olacak izleyici.<\/p>\n<p>Usta senaristlerimiz\u00a0<a href=\"http:\/\/blog.milliyet.com.tr\/AramaBlog\/?search=Ece%20Y%C3%B6ren%C3%A7\" rel=\"external nofollow\">Ece Y\u00f6ren\u00e7<\/a>\u00a0ile\u00a0<a href=\"http:\/\/blog.milliyet.com.tr\/AramaBlog\/?search=Melek%20Gen%C3%A7o%C4%9Flu\" rel=\"external nofollow\">Melek Gen\u00e7o\u011flu<\/a>\u00a0senaryodaki \u00f6yk\u00fcy\u00fc \u00e7ok g\u00fczel anlatacaklar\u0131n\u0131 biliyorum. Deneyimli y\u00f6netmenimiz\u00a0<a href=\"http:\/\/blog.milliyet.com.tr\/AramaBlog\/?search=Ali%20Bilgin\" rel=\"external nofollow\">Ali Bilgin<\/a>\u00a0\u00e7ok g\u00fczel g\u00f6r\u00fcnt\u00fcler yans\u0131tacakt\u0131r bizlere.<\/p>\n<p>Oyuncu kadromuz; \u00c7a\u011fatay Ulusoy (Yaman), Serenay Sar\u0131kaya (Mira),\u00a0<a href=\"http:\/\/blog.milliyet.com.tr\/AramaBlog\/?search=Bar%C4%B1%C5%9F%20Falay\" rel=\"external nofollow\">Bar\u0131\u015f Falay<\/a>\u00a0(Avukat Selim),\u00a0<a href=\"http:\/\/blog.milliyet.com.tr\/AramaBlog\/?search=Mine%20Tugay\" rel=\"external nofollow\">Mine Tugay<\/a>\u00a0(Ender),\u00a0<a href=\"http:\/\/blog.milliyet.com.tr\/AramaBlog\/?search=Can%20G%C3%BCrzap\" rel=\"external nofollow\">Can G\u00fcrzap<\/a>\u00a0(As\u0131m \u015eekip Kaya),\u00a0<a href=\"http:\/\/blog.milliyet.com.tr\/AramaBlog\/?search=Murat%20Aygen\" rel=\"external nofollow\">Murat Aygen<\/a>\u00a0(Faruk),\u00a0<a href=\"http:\/\/blog.milliyet.com.tr\/AramaBlog\/?search=Hazar%20Erg%C3%BC%C3%A7l%C3%BC\" rel=\"external nofollow\">Hazar Erg\u00fc\u00e7l\u00fc<\/a>(Eyl\u00fcl) ve\u00a0<a href=\"http:\/\/blog.milliyet.com.tr\/AramaBlog\/?search=Taner%20%C3%96lmez\" rel=\"external nofollow\">Taner \u00d6lmez<\/a>\u00a0(Mert) gibi deneyimli bir oyuncu kadrosu var.<\/p>\n<p>O halde yar\u0131n ak\u015fam (13 Eyl\u00fcl Cuma) saat:20.00 Star TV. ekranlar\u0131nda bulu\u015fmak \u00fczere\u2026<\/p>\n<p>\u0130yi seyirler.<\/p>\n<p>&nbsp;<\/p>\n<p>Sayg\u0131lar, sevgiler.<\/p>\n<p>Abdurrahman Balc\u0131lar<\/p>\n<p>Twitter: abdurrahman\u00a0<a href=\"mailto:balc%C4%B1lar@abbalcilar\">balc\u0131lar@abbalcilar<\/a><\/p>\n<p>Face :\u00a0<a href=\"mailto:ab.balcilar@hotmail.com\">ab.balcilar@hotmail.com<\/a><\/p>\n<p>Blog: milliyet.com.tr\/cansever<\/p>\n<\/div>\n<\/div>\n","protected":false},"excerpt":{"rendered":"<p>12 Eyl\u00fcl &#8217;13 Kategori TV Programlar\u0131 Star TV. ola\u011fan\u00fcst\u00fc bomba dizisi \u201cMedcezir\u201d yar\u0131n ak\u015fam akranlar\u0131m\u0131zda seyircisiyle bulu\u015fuyor. Dizi gerek yaz\u0131l\u0131, gerekse g\u00f6rsel bas\u0131nda ve Televizyon kanallar\u0131nda \u00e7ok reklam yap\u0131ld\u0131. Bu tan\u0131t\u0131mlardan edindi\u011fimiz izlenimlere g\u00f6re bu dizi tutacak. Hatta yeni ba\u015flayacak sezon dizilerin en iyisi oldu\u011funu iddia ediyorum. Ben kendi g\u00f6r\u00fc\u015f\u00fcm ve okudu\u011fum, duydu\u011fum, g\u00f6rd\u00fcklerimi \u00fcst [&hellip;]<\/p>\n","protected":false},"author":3,"featured_media":0,"comment_status":"open","ping_status":"open","sticky":false,"template":"","format":"standard","meta":{"footnotes":""},"categories":[2],"tags":[309,15,337,29,30,16,336,339,338,27,25,28],"class_list":["post-767","post","type-post","status-publish","format-standard","hentry","category-tv-programlari","tag-baris-falay","tag-cagatay-ulusoy","tag-can-gurzap","tag-ece-yorenc","tag-hazar-erguclu","tag-medcezir","tag-melek-gencoglu","tag-mine-tugay","tag-murat-aygen","tag-serenay-sarikaya","tag-star-tv","tag-taner-olmez"],"views":5724,"blog_post_layout_featured_media_urls":{"thumbnail":"","full":""},"categories_names":{"2":{"name":"TV Programlar\u0131","link":"https:\/\/balcilar-blog.com\/?cat=2"}},"tags_names":{"309":{"name":"Bar\u0131\u015f Falay","link":"https:\/\/balcilar-blog.com\/?tag=baris-falay"},"15":{"name":"\u00e7a\u011fatay ulusoy","link":"https:\/\/balcilar-blog.com\/?tag=cagatay-ulusoy"},"337":{"name":"Can G\u00fcrzap","link":"https:\/\/balcilar-blog.com\/?tag=can-gurzap"},"29":{"name":"Ece Y\u00f6ren\u00e7","link":"https:\/\/balcilar-blog.com\/?tag=ece-yorenc"},"30":{"name":"Hazar Erg\u00fc\u00e7l\u00fc","link":"https:\/\/balcilar-blog.com\/?tag=hazar-erguclu"},"16":{"name":"medcezir","link":"https:\/\/balcilar-blog.com\/?tag=medcezir"},"336":{"name":"Melek Gen\u00e7o\u011flu","link":"https:\/\/balcilar-blog.com\/?tag=melek-gencoglu"},"339":{"name":"Mine Tugay","link":"https:\/\/balcilar-blog.com\/?tag=mine-tugay"},"338":{"name":"Murat Aygen","link":"https:\/\/balcilar-blog.com\/?tag=murat-aygen"},"27":{"name":"Serenay Sar\u0131kaya","link":"https:\/\/balcilar-blog.com\/?tag=serenay-sarikaya"},"25":{"name":"Star Tv","link":"https:\/\/balcilar-blog.com\/?tag=star-tv"},"28":{"name":"Taner \u00d6lmez","link":"https:\/\/balcilar-blog.com\/?tag=taner-olmez"}},"comments_number":"0","wpmagazine_modules_lite_featured_media_urls":{"thumbnail":"","cvmm-medium":"","cvmm-medium-plus":"","cvmm-portrait":"","cvmm-medium-square":"","cvmm-large":"","cvmm-small":"","full":""},"_links":{"self":[{"href":"https:\/\/balcilar-blog.com\/index.php?rest_route=\/wp\/v2\/posts\/767","targetHints":{"allow":["GET"]}}],"collection":[{"href":"https:\/\/balcilar-blog.com\/index.php?rest_route=\/wp\/v2\/posts"}],"about":[{"href":"https:\/\/balcilar-blog.com\/index.php?rest_route=\/wp\/v2\/types\/post"}],"author":[{"embeddable":true,"href":"https:\/\/balcilar-blog.com\/index.php?rest_route=\/wp\/v2\/users\/3"}],"replies":[{"embeddable":true,"href":"https:\/\/balcilar-blog.com\/index.php?rest_route=%2Fwp%2Fv2%2Fcomments&post=767"}],"version-history":[{"count":1,"href":"https:\/\/balcilar-blog.com\/index.php?rest_route=\/wp\/v2\/posts\/767\/revisions"}],"predecessor-version":[{"id":768,"href":"https:\/\/balcilar-blog.com\/index.php?rest_route=\/wp\/v2\/posts\/767\/revisions\/768"}],"wp:attachment":[{"href":"https:\/\/balcilar-blog.com\/index.php?rest_route=%2Fwp%2Fv2%2Fmedia&parent=767"}],"wp:term":[{"taxonomy":"category","embeddable":true,"href":"https:\/\/balcilar-blog.com\/index.php?rest_route=%2Fwp%2Fv2%2Fcategories&post=767"},{"taxonomy":"post_tag","embeddable":true,"href":"https:\/\/balcilar-blog.com\/index.php?rest_route=%2Fwp%2Fv2%2Ftags&post=767"}],"curies":[{"name":"wp","href":"https:\/\/api.w.org\/{rel}","templated":true}]}}