{"id":738,"date":"2013-08-04T11:58:49","date_gmt":"2013-08-04T08:58:49","guid":{"rendered":"http:\/\/balcilar-blog.com\/?p=738"},"modified":"2014-03-25T12:07:12","modified_gmt":"2014-03-25T10:07:12","slug":"cagatay-ulusoya-haksizlik-yapiliyor","status":"publish","type":"post","link":"https:\/\/balcilar-blog.com\/?p=738","title":{"rendered":"\u00c7a\u011fatay Ulusoy&#8217;a haks\u0131zl\u0131k yap\u0131l\u0131yor!"},"content":{"rendered":"<div>\n<h4>4 A\u011fustos &#8217;13<\/h4>\n<\/div>\n<dl>\n<dt>Kategori<\/dt>\n<dd><a href=\"http:\/\/blog.milliyet.com.tr\/magazin\/Kategori\/?KategoriNo=312\"><strong>Magazin<\/strong><\/a><\/dd>\n<\/dl>\n<p>&nbsp;<\/p>\n<div>\n<div><img loading=\"lazy\" decoding=\"async\" alt=\"\u00c7a\u011fatay Ulusoy'a haks\u0131zl\u0131k yap\u0131l\u0131yor!\" src=\"http:\/\/iblog.milliyet.com.tr\/imgroot\/blogv7\/Blog333\/2013\/08\/14\/32\/425637-3-4-e1376.jpg\" width=\"333\" height=\"240\" \/><\/p>\n<div><\/div>\n<\/div>\n<div id=\"BlogDetail\">\n<p><a href=\"http:\/\/blog.milliyet.com.tr\/AramaBlog\/?search=%C3%87a%C4%9Fatay\" rel=\"external nofollow\">\u00c7a\u011fatay<\/a>\u00a0<a href=\"http:\/\/blog.milliyet.com.tr\/AramaBlog\/?search=Ulusoy\" rel=\"external nofollow\">Ulusoy<\/a>\u00a0bu g\u00fcnlerde sette yeni dizisi \u00a0\u201c<a href=\"http:\/\/blog.milliyet.com.tr\/AramaBlog\/?search=Medcezir\" rel=\"external nofollow\">Medcezir<\/a>\u201d \u00e7ekimleriyle me\u015fgul. \u00a0Tam bu g\u00fcnlerde Magazin Bas\u0131n\u0131nda ve Sosyal Medyada \u015f\u00f6yle bir haber yay\u0131l\u0131yor. (\u00c7a\u011fatay Ulusoy kan\u0131nda kokain kulland\u0131\u011f\u0131 ortaya \u00e7\u0131kt\u0131 \u2013 \u00c7a\u011fatay Ulusoy\u2019dan\u00a0 \u015fok, kokain kulland\u0131\u011f\u0131 ortaya \u00e7\u0131kt\u0131 \u2013 \u00c7a\u011fatay Ulusoy\u2019a hi\u00e7 ama hi\u00e7 yak\u0131\u015fmad\u0131.) Gibi ba\u015fl\u0131klar at\u0131ld\u0131. \u00a0Olay\u0131n \u00fczerinden neredeyse 7 ay ge\u00e7ti. Hangi haber anlay\u0131\u015f\u0131d\u0131r ki, Adli T\u0131p Kurumundan raporun emniyete ve savc\u0131l\u0131\u011fa ula\u015ft\u0131\u011f\u0131n\u0131 bulup \u00e7\u0131kard\u0131. Ben bu haberde kas\u0131t ar\u0131yorum. Kimseyi su\u00e7lam\u0131yorum amma, i\u015fin i\u00e7inde i\u015f var. \u00c7a\u011fatay Ulusoy\u2019u birileri \u00e7ok, ama \u00e7ok k\u0131skan\u0131yor, ba\u015far\u0131l\u0131 olmas\u0131n\u0131 istemiyor, moral bozmak istiyorlar. Zira Zamanlama \u00e7ok k\u00f6t\u00fc.<\/p>\n<p>Gelecek vaad eden y\u00f6netmenlerimizden,\u00a0<a href=\"http:\/\/blog.milliyet.com.tr\/AramaBlog\/?search=Or%C3%A7un\" rel=\"external nofollow\">Or\u00e7un<\/a><a href=\"http:\/\/blog.milliyet.com.tr\/AramaBlog\/?search=Benli\" rel=\"external nofollow\">Benli<\/a>\u00a0Twitter hesab\u0131nda \u015f\u00f6yle yazd\u0131. \u201c\u00c7a\u011fatay Ulusoy\u2019un Adli t\u0131p raporlar\u0131nda kokain \u00e7\u0131kt\u0131 haberi k\u00fclliyen yaland\u0131r\u2026 \u201cVatan istihbarat\u201d diye as\u0131ls\u0131z haber yapmak etik de\u011fildir.\u201d<\/p>\n<p>Evet, bu haber internette, Haber Web sitelerinde \u00e7ar\u015faf \u00e7ar\u015faf yer ald\u0131. Haber olsun da ne olursa olsun. Yaz\u0131n gitsin. Hi\u00e7 kimse d\u00fc\u015f\u00fcnm\u00fcyor. Bu y\u0131ld\u0131z\u0131 yeni parlayan gencin moralini d\u00fc\u015f\u00fcnen yok. Hatas\u0131n\u0131 aylarca annesinin evine kapanarak \u00e7ekti. Bedelini manen \u00f6dedi. Bir musibet, bin nasihate bedeldir. Zaten \u00c7a\u011fatay dersini ald\u0131.Bas\u0131ndan, insanlardan ka\u00e7ar oldu. \u015eimdilerde yeni dizisi Medcezir setinde \u00e7ekim yap\u0131yor. Performans\u0131n\u0131 art\u0131rmak i\u00e7in morale ihtiyac\u0131 var.<\/p>\n<p>\u0130nsan\u0131n akl\u0131na \u015fu geliyor. Doktorlar\u0131n \u201cHipokrat\u201d yemini var. Milletvekili g\u00f6reve ba\u015flarken k\u00fcrs\u00fcde yemin ediyor. Her meslekte olmal\u0131. Gazetecilik mesle\u011finde de b\u00f6yle bir yemin yok mu?<\/p>\n<p>\u00c7a\u011fatay Ulusoy 27 Temmuz 2012 y\u0131l\u0131nda verdi\u011fi bir r\u00f6portajda belirtmi\u015fti. \u201cBenimle \u015fu anda \u00e7ok u\u011fra\u015fanlar var, sinekten ya\u011f \u00e7\u0131kart\u0131yorlar, \u00e7ok sa\u00e7ma \u015feyler yaz\u0131yorlar, benim de can\u0131m\u0131 yak\u0131yorlar, benim can\u0131m\u0131 yakt\u0131klar\u0131 yetmiyormu\u015f gibi, \u00e7evremdeki insanlara da \u00e7ok zarar veriyorlar\u201d. Me\u015fhur bir atas\u00f6z\u00fcm\u00fcz var. \u201cMeyve veren a\u011fa\u00e7 ta\u015flan\u0131r\u201d Ne yapal\u0131m ta\u015flanacakt\u0131r. \u00c7a\u011fatay zaten ba\u015far\u0131l\u0131yd\u0131 ve ba\u015far\u0131l\u0131 olacakt\u0131r.<\/p>\n<p>Ben bu t\u00fcr olumsuz haberleri bir tarafa at\u0131p, Medcezir ile ilgili g\u00fczel \u015feylerden bahsetmek istiyorum.<\/p>\n<p>Medcezir,\u00a0<a href=\"http:\/\/blog.milliyet.com.tr\/AramaBlog\/?search=Warner\" rel=\"external nofollow\">Warner<\/a>\u00a0<a href=\"http:\/\/blog.milliyet.com.tr\/AramaBlog\/?search=Bros\" rel=\"external nofollow\">Bros<\/a>\u00a0dan\u0131\u015fmanlar\u0131ndan kocaman bir aferin ald\u0131. Medcezir setini ziyaret eden Warner Bros, dan\u0131\u015fmanlar\u0131, yap\u0131m ekibine, oyuncu kadrosu ve mekan se\u00e7imindeki isabetlerinden dolay\u0131 tebrik etti. \u00d6zellikle \u00c7a\u011fatay Ulusoy ve\u00a0<a href=\"http:\/\/blog.milliyet.com.tr\/AramaBlog\/?search=Serenay\" rel=\"external nofollow\">Serenay<\/a>\u00a0<a href=\"http:\/\/blog.milliyet.com.tr\/AramaBlog\/?search=Sar%C4%B1kaya\" rel=\"external nofollow\">Sar\u0131kaya<\/a>\u2019 \u0131 \u00e7ok be\u011fendiklerini ifade ettiler.\u00a0<a href=\"http:\/\/blog.milliyet.com.tr\/AramaBlog\/?search=O.C\" rel=\"external nofollow\">O.C<\/a>. dizisinin yap\u0131mc\u0131s\u0131 Warner Bros dan\u0131\u015fmanlar\u0131 Medcezir\u2019in setini \u201cD\u00fcnya standartlar\u0131nda bir set\u201d olarak de\u011ferlendirdi. Ayr\u0131ca oyuncu se\u00e7imi ve hikaye kurgusundaki de\u011fi\u015fikleri \u00e7ok be\u011fendiklerini ifade eden yetkililer, O.C dizisi T\u00fcrk versiyonu \u201cMedcezir\u201d en az orijinali kadar ilgi g\u00f6rece\u011fini d\u00fc\u015f\u00fcnd\u00fcklerini ilettiler.<\/p>\n<p><a href=\"http:\/\/blog.milliyet.com.tr\/AramaBlog\/?search=Star%20TV\" rel=\"external nofollow\">Star TV<\/a>. de yay\u0131mlanan tan\u0131t\u0131m reklam\u0131 \u00e7ok be\u011fenildi ve ilgi g\u00f6rd\u00fc. Yaz\u0131l\u0131 ve g\u00f6rsel bas\u0131nda \u00e7ok g\u00fczel tepkiler ald\u0131. Sosyal medyada konu\u015fuldu, Twitter\u2019 da yaz\u0131ld\u0131, \u00e7izildi.<\/p>\n<p>\u015eu g\u00fcnlerde har\u0131l har\u0131l sette \u00e7ekim var. Bel ki de 1. B\u00f6l\u00fcm bitti bile. Eyl\u00fcl ba\u015flar\u0131nda Star ekranlar\u0131nda bomba gibi patlayacak ses getirecek bir dizi olacakt\u0131r Medcezir.<\/p>\n<p>\u00c7a\u011fatay Ulusoy, sen kulaklar\u0131na pamuk t\u0131ka, duyma, g\u00f6rme, ne yapt\u0131\u011f\u0131n\u0131 yada neyi yapmad\u0131\u011f\u0131n\u0131 biliyorsun. Sevenlerin ve izleyicilerin senin ba\u015far\u0131lar\u0131n\u0131 AFK\u2019dan tan\u0131yor ve ayn\u0131 ba\u015far\u0131y\u0131 bekliyor. Yolun a\u00e7\u0131k olsun \u00c7a\u011fatay.<\/p>\n<p>Buradan t\u00fcm Ay Yap\u0131m ekibine, Y\u00f6netmen Ali bilgin\u2019e ve ba\u015far\u0131l\u0131 Senaristlerimiz\u00a0<a href=\"http:\/\/blog.milliyet.com.tr\/AramaBlog\/?search=Ece%20Y%C3%B6ren%C3%A7\" rel=\"external nofollow\">Ece Y\u00f6ren\u00e7<\/a>\u00a0ve\u00a0<a href=\"http:\/\/blog.milliyet.com.tr\/AramaBlog\/?search=Melek%20Gen%C3%A7o%C4%9Flu\" rel=\"external nofollow\">Melek Gen\u00e7o\u011flu<\/a>\u2019a kolayl\u0131klar diliyorum. Arkan\u0131zda bu kadar sevenleriniz, fanlar\u0131n\u0131z oldu\u011fu m\u00fcddet\u00e7e s\u0131rt\u0131n\u0131z yere gelmez. \u201cY\u00fcr\u00fcy\u00fcn\u201d\u00a0 Diyorum.<\/p>\n<p>Sayg\u0131lar, sevgiler.<\/p>\n<p>Abdurrahman Balc\u0131lar<\/p>\n<p>Twitter: abdurrahman balc\u0131lar@abbalcilar<\/p>\n<p>Face :\u00a0<a href=\"mailto:ab.balcilar@hotmail.com\" target=\"_blank\">ab.balcilar@hotmail.com<\/a><\/p>\n<p>Not: \u0130zinsiz yaz\u0131dan al\u0131nt\u0131lar yap\u0131lmas\u0131 ya da kaynak belirtilmeden aynen yay\u0131nlanmas\u0131 yasakt\u0131r.<\/p>\n<\/div>\n<p>&nbsp;<\/p>\n<\/div>\n","protected":false},"excerpt":{"rendered":"<p>4 A\u011fustos &#8217;13 Kategori Magazin &nbsp; \u00c7a\u011fatay\u00a0Ulusoy\u00a0bu g\u00fcnlerde sette yeni dizisi \u00a0\u201cMedcezir\u201d \u00e7ekimleriyle me\u015fgul. \u00a0Tam bu g\u00fcnlerde Magazin Bas\u0131n\u0131nda ve Sosyal Medyada \u015f\u00f6yle bir haber yay\u0131l\u0131yor. (\u00c7a\u011fatay Ulusoy kan\u0131nda kokain kulland\u0131\u011f\u0131 ortaya \u00e7\u0131kt\u0131 \u2013 \u00c7a\u011fatay Ulusoy\u2019dan\u00a0 \u015fok, kokain kulland\u0131\u011f\u0131 ortaya \u00e7\u0131kt\u0131 \u2013 \u00c7a\u011fatay Ulusoy\u2019a hi\u00e7 ama hi\u00e7 yak\u0131\u015fmad\u0131.) Gibi ba\u015fl\u0131klar at\u0131ld\u0131. \u00a0Olay\u0131n \u00fczerinden neredeyse 7 [&hellip;]<\/p>\n","protected":false},"author":3,"featured_media":0,"comment_status":"open","ping_status":"open","sticky":false,"template":"","format":"standard","meta":{"footnotes":""},"categories":[7],"tags":[15,16,319,27],"class_list":["post-738","post","type-post","status-publish","format-standard","hentry","category-magazin","tag-cagatay-ulusoy","tag-medcezir","tag-orcun-benlli","tag-serenay-sarikaya"],"views":2959,"blog_post_layout_featured_media_urls":{"thumbnail":"","full":""},"categories_names":{"7":{"name":"Magazin","link":"https:\/\/balcilar-blog.com\/?cat=7"}},"tags_names":{"15":{"name":"\u00e7a\u011fatay ulusoy","link":"https:\/\/balcilar-blog.com\/?tag=cagatay-ulusoy"},"16":{"name":"medcezir","link":"https:\/\/balcilar-blog.com\/?tag=medcezir"},"319":{"name":"Or\u00e7un Benlli","link":"https:\/\/balcilar-blog.com\/?tag=orcun-benlli"},"27":{"name":"Serenay Sar\u0131kaya","link":"https:\/\/balcilar-blog.com\/?tag=serenay-sarikaya"}},"comments_number":"0","wpmagazine_modules_lite_featured_media_urls":{"thumbnail":"","cvmm-medium":"","cvmm-medium-plus":"","cvmm-portrait":"","cvmm-medium-square":"","cvmm-large":"","cvmm-small":"","full":""},"_links":{"self":[{"href":"https:\/\/balcilar-blog.com\/index.php?rest_route=\/wp\/v2\/posts\/738","targetHints":{"allow":["GET"]}}],"collection":[{"href":"https:\/\/balcilar-blog.com\/index.php?rest_route=\/wp\/v2\/posts"}],"about":[{"href":"https:\/\/balcilar-blog.com\/index.php?rest_route=\/wp\/v2\/types\/post"}],"author":[{"embeddable":true,"href":"https:\/\/balcilar-blog.com\/index.php?rest_route=\/wp\/v2\/users\/3"}],"replies":[{"embeddable":true,"href":"https:\/\/balcilar-blog.com\/index.php?rest_route=%2Fwp%2Fv2%2Fcomments&post=738"}],"version-history":[{"count":1,"href":"https:\/\/balcilar-blog.com\/index.php?rest_route=\/wp\/v2\/posts\/738\/revisions"}],"predecessor-version":[{"id":739,"href":"https:\/\/balcilar-blog.com\/index.php?rest_route=\/wp\/v2\/posts\/738\/revisions\/739"}],"wp:attachment":[{"href":"https:\/\/balcilar-blog.com\/index.php?rest_route=%2Fwp%2Fv2%2Fmedia&parent=738"}],"wp:term":[{"taxonomy":"category","embeddable":true,"href":"https:\/\/balcilar-blog.com\/index.php?rest_route=%2Fwp%2Fv2%2Fcategories&post=738"},{"taxonomy":"post_tag","embeddable":true,"href":"https:\/\/balcilar-blog.com\/index.php?rest_route=%2Fwp%2Fv2%2Ftags&post=738"}],"curies":[{"name":"wp","href":"https:\/\/api.w.org\/{rel}","templated":true}]}}