{"id":7351,"date":"2015-03-18T15:28:39","date_gmt":"2015-03-18T13:28:39","guid":{"rendered":"http:\/\/balcilar-blog.com\/?p=7351"},"modified":"2015-03-18T15:41:49","modified_gmt":"2015-03-18T13:41:49","slug":"kaderimin-yazildigi-gun-elif-caresiz-kalinca-kerem-ile-evleniyor","status":"publish","type":"post","link":"https:\/\/balcilar-blog.com\/?p=7351","title":{"rendered":"Kaderimin Yaz\u0131ld\u0131\u011f\u0131 G\u00fcn \/ Elif \u00e7aresiz kal\u0131nca, Kerem ile evleniyor!"},"content":{"rendered":"<p><a href=\"http:\/\/balcilar-blog.com\/wp-content\/uploads\/2015\/03\/Ekran-Al\u0131nt\u0131s\u0131KYG21.13.png\"><img loading=\"lazy\" decoding=\"async\" class=\"alignnone size-full wp-image-7365\" src=\"http:\/\/balcilar-blog.com\/wp-content\/uploads\/2015\/03\/Ekran-Al\u0131nt\u0131s\u0131KYG21.13.png\" alt=\"Ekran Al\u0131nt\u0131s\u0131KYG21.13\" width=\"631\" height=\"368\" srcset=\"https:\/\/balcilar-blog.com\/wp-content\/uploads\/2015\/03\/Ekran-Al\u0131nt\u0131s\u0131KYG21.13.png 631w, https:\/\/balcilar-blog.com\/wp-content\/uploads\/2015\/03\/Ekran-Al\u0131nt\u0131s\u0131KYG21.13-300x175.png 300w\" sizes=\"auto, (max-width: 631px) 100vw, 631px\" \/><\/a><\/p>\n<p>Star Tv\u2019nin ilgin\u00e7 dizisi Kaderimin Yaz\u0131ld\u0131\u011f\u0131 G\u00fcn\u2019de Kahraman ile Elif aras\u0131na kara kedi girdi. Kahraman\u2019\u0131n bebe\u011fini ta\u015f\u0131yan Elif, bunu Kahraman yerine Defne\u2019den \u00f6\u011frenen Elif, kendisini kand\u0131r\u0131lm\u0131\u015f hisseder. Kahraman b\u00fct\u00fcn \u0131srarlar\u0131na ra\u011fmen Elif\u2019in a\u011fz\u0131ndan laf alamaz.<\/p>\n<p>Prod\u00fcksiyonu 03 Produksiyon T\u00fcrkiye taraf\u0131ndan ger\u00e7ekle\u015ftirilen, ba\u015frollerini \u00d6zcan deniz, Hatice \u015eendil, Beg\u00fcm K\u00fct\u00fck Ya\u015faro\u011flu ve G\u00fclbey \u0130leri oynad\u0131\u011f\u0131 \u201cKaderimin Yaz\u0131ld\u0131\u011f\u0131 G\u00fcn\u201d reytinglerde olduk\u00e7a iyi gidiyor. Acun\u2019un yar\u0131\u015fma program\u0131n\u0131 saymazsak, dizilerde A\u015fk Yeniden\u2019in ard\u0131ndan her iki dalda, Total\u2019de, 6,26 reyting y\u00fczdesi ile 2.s\u0131rada ve AB\u2019de de 5,21 reyting y\u00fczdesi gene 2.s\u0131rada yer alm\u0131\u015ft\u0131r.<\/p>\n<p>Kahraman, Elif\u2019i kald\u0131klar\u0131 evden arabas\u0131na atarak ka\u00e7\u0131r\u0131r. Onu daha \u00f6nce kiralad\u0131\u011f\u0131 eve getirir, odaya kilitler. O kadar \u00e7ok dil d\u00f6ker ki Elif\u2019in a\u011fz\u0131ndan laf almaz. Sar\u0131l\u0131r, ona olan a\u015fk\u0131n\u0131 dile getirir. S\u00f6zlerin ba\u015fka, g\u00f6zlerin ba\u015fka ben bunu g\u00f6rebiliyorum. Saklama art\u0131k, tam burada i\u00e7inde benden bir par\u00e7a varken, senin gitmeni izin veremem. Gidemezsin, bu bizim kaderimiz dese de ikna edemez, size kar\u015f\u0131 hi\u00e7bir \u015fey hissetmiyorum der ve evi terk eder, gider.<\/p>\n<p><a href=\"http:\/\/balcilar-blog.com\/wp-content\/uploads\/2015\/03\/Ekran-Al\u0131nt\u0131s\u0131KYG21.1.png\"><img loading=\"lazy\" decoding=\"async\" class=\"alignnone size-full wp-image-7367\" src=\"http:\/\/balcilar-blog.com\/wp-content\/uploads\/2015\/03\/Ekran-Al\u0131nt\u0131s\u0131KYG21.1.png\" alt=\"Ekran Al\u0131nt\u0131s\u0131KYG21.1\" width=\"605\" height=\"371\" srcset=\"https:\/\/balcilar-blog.com\/wp-content\/uploads\/2015\/03\/Ekran-Al\u0131nt\u0131s\u0131KYG21.1.png 605w, https:\/\/balcilar-blog.com\/wp-content\/uploads\/2015\/03\/Ekran-Al\u0131nt\u0131s\u0131KYG21.1-300x184.png 300w\" sizes=\"auto, (max-width: 605px) 100vw, 605px\" \/><\/a><\/p>\n<p>Kerem Elif\u2019i ikna etmi\u015f ona i\u015fyeri a\u00e7acak ve day\u0131s\u0131ndan hamile olmas\u0131na ra\u011fmen onunla evlenecekti. Kerem de her yerde onu arar. Selim\u2019den de yard\u0131m\u0131 ile Elif\u2019i bulur.<\/p>\n<p><a href=\"http:\/\/balcilar-blog.com\/wp-content\/uploads\/2015\/03\/Ekran-Al\u0131nt\u0131s\u0131KYG21.2.png\"><img loading=\"lazy\" decoding=\"async\" class=\"alignnone size-full wp-image-7354\" src=\"http:\/\/balcilar-blog.com\/wp-content\/uploads\/2015\/03\/Ekran-Al\u0131nt\u0131s\u0131KYG21.2.png\" alt=\"Ekran Al\u0131nt\u0131s\u0131KYG21.2\" width=\"601\" height=\"371\" srcset=\"https:\/\/balcilar-blog.com\/wp-content\/uploads\/2015\/03\/Ekran-Al\u0131nt\u0131s\u0131KYG21.2.png 601w, https:\/\/balcilar-blog.com\/wp-content\/uploads\/2015\/03\/Ekran-Al\u0131nt\u0131s\u0131KYG21.2-300x185.png 300w\" sizes=\"auto, (max-width: 601px) 100vw, 601px\" \/><\/a><\/p>\n<p>Elif, bebek benim bebe\u011fimmi\u015f, benim haberim olmadan beni anne yapm\u0131\u015flar diyerek her \u015feyi anlat\u0131r. Bebe\u011fimi kimseye vermem. Kerem ben seni korurum, kimse bir \u015fey yapamaz. Evlenelim, evlen benimle. Elif, ben seninle evlenemem diyerek, keser atar. Kerem onu zor da olsa arabas\u0131na bindirir, annesine g\u00f6t\u00fcr\u00fcr.<\/p>\n<p>K\u0131ymet Han\u0131m ile Defne aras\u0131nda gelin kaynana kavgas\u0131 b\u00fct\u00fcn h\u0131z\u0131yla devam eder. Birbirlerine yapt\u0131klar \u015fantajlarla durdururlar. K\u0131ymet Han\u0131m, cep telefonundan Defne\u2019nin Maksut ile yapt\u0131\u011f\u0131 gizli bulu\u015fman\u0131n g\u00f6r\u00fcnt\u00fclerini g\u00f6sterir. Sen bana laf sokaca\u011f\u0131na, kocan\u0131n g\u00f6nl\u00fcn\u00fc nas\u0131l kazanaca\u011f\u0131na d\u00fc\u015f\u00fcn. Ben mi \u00f6\u011fretece\u011fim sana ne yapman gerekti\u011fini.<\/p>\n<p>Kahraman avukat arkada\u015f\u0131na bir belge haz\u0131rlat\u0131r. Annenin do\u011fumdan sonra kendini g\u00fcvende hissedece\u011fi, annelik haklar\u0131n\u0131n korunaca\u011f\u0131 bir belge haz\u0131rlat\u0131r. \u00d6m\u00fcr boyu maddi destek sa\u011flanaca\u011f\u0131 bu belgeyi kendi elleriyle Elif\u2019e verecektir.<\/p>\n<p>Defne, Kahraman\u2019a bir s\u00fcrpriz haz\u0131rlar. Da\u011f evini temizletir, i\u015f yerindeki randevular\u0131n\u0131 da iptal ettirir.<\/p>\n<p><a href=\"http:\/\/balcilar-blog.com\/wp-content\/uploads\/2015\/03\/Ekran-Al\u0131nt\u0131s\u0131KYG21.3.png\"><img loading=\"lazy\" decoding=\"async\" class=\"alignnone size-full wp-image-7355\" src=\"http:\/\/balcilar-blog.com\/wp-content\/uploads\/2015\/03\/Ekran-Al\u0131nt\u0131s\u0131KYG21.3.png\" alt=\"Ekran Al\u0131nt\u0131s\u0131KYG21.3\" width=\"602\" height=\"373\" srcset=\"https:\/\/balcilar-blog.com\/wp-content\/uploads\/2015\/03\/Ekran-Al\u0131nt\u0131s\u0131KYG21.3.png 602w, https:\/\/balcilar-blog.com\/wp-content\/uploads\/2015\/03\/Ekran-Al\u0131nt\u0131s\u0131KYG21.3-300x186.png 300w\" sizes=\"auto, (max-width: 602px) 100vw, 602px\" \/><\/a><\/p>\n<p>Kerem annesine ra\u011fmen Elif ile evlenmeye kararl\u0131d\u0131r, g\u00fczel pahal\u0131 bir y\u00fcz\u00fck al\u0131p, yeniden ona evlenmeye teklifi yapacakt\u0131r.<\/p>\n<p>Elif\u2019in annesi Sultan Han\u0131m, Kerem ile ortak yapacaklar\u0131 i\u015fe kar\u015f\u0131 \u00e7\u0131kar. O da bir Y\u00fcr\u00fckhan, olmaz k\u0131z\u0131m diyerek kar\u015f\u0131 \u00e7\u0131kar. Nazl\u0131 da bu ortakl\u0131\u011f\u0131 destekler. Sultan, sen karar\u0131n\u0131 vermi\u015fsin diyerek kabul eder. Sen de bana verdi\u011fin s\u00f6z\u00fc tutacak, o adamdan uzak duracaks\u0131n.<\/p>\n<p>Defne\u2019nin annesi Neval Han\u0131m bir tak\u0131m kirli i\u015fler pe\u015fin dedir. Elif\u2019in hapisten \u00e7\u0131kan erkek karde\u015fi ile anla\u015f\u0131r. Elinde de bir tabanca vard\u0131r, niyeti k\u00f6t\u00fcd\u00fcr, Elif\u2019i \u00f6ld\u00fcrecektir.<\/p>\n<p>Yakup Bey, kar\u0131s\u0131 \u015e\u00fckran\u2019dan \u00f6z\u00fcr dilese de yapt\u0131\u011f\u0131 ka\u00e7amak nedeniyle bir t\u00fcrl\u00fc af etmez. Yakup k\u0131z\u0131 Canan\u2019dan yard\u0131m ister. Canan annesi ile bir ak\u015fam yeme\u011fi ayarlar.<\/p>\n<p>Nakliye \u015firketinin de\u011fi\u015ftirilmesi ile ilgili bir toplant\u0131 yap\u0131l\u0131r. Kahraman ad\u0131m\u0131z\u0131 kirletmek isteyen eski nakliye \u015firketi ile ara\u015ft\u0131rma yapt\u0131rmak ister. Yakup gerek yok dese de, baba Ziya Bey a\u011f\u0131rl\u0131\u011f\u0131n\u0131 koyar, yap\u0131ls\u0131n. O s\u0131rada Kahraman\u2019a bir ziyaret\u00e7i gelir.<\/p>\n<p><a href=\"http:\/\/balcilar-blog.com\/wp-content\/uploads\/2015\/03\/Ekran-Al\u0131nt\u0131s\u0131KYG21.4.png\"><img loading=\"lazy\" decoding=\"async\" class=\"alignnone size-full wp-image-7356\" src=\"http:\/\/balcilar-blog.com\/wp-content\/uploads\/2015\/03\/Ekran-Al\u0131nt\u0131s\u0131KYG21.4.png\" alt=\"Ekran Al\u0131nt\u0131s\u0131KYG21.4\" width=\"619\" height=\"367\" srcset=\"https:\/\/balcilar-blog.com\/wp-content\/uploads\/2015\/03\/Ekran-Al\u0131nt\u0131s\u0131KYG21.4.png 619w, https:\/\/balcilar-blog.com\/wp-content\/uploads\/2015\/03\/Ekran-Al\u0131nt\u0131s\u0131KYG21.4-300x178.png 300w\" sizes=\"auto, (max-width: 619px) 100vw, 619px\" \/><\/a><\/p>\n<p>Gelen Elif\u2019in karde\u015fi Nazl\u0131\u2019d\u0131r. Okul konusunda konu\u015fur, ablas\u0131n\u0131n sizden yard\u0131m almak istemedi\u011fini, o nedenle mahalledeki okula gidece\u011fini s\u00f6yler. Kahraman iyi okulda okumas\u0131n\u0131 isteyerek, yard\u0131m edece\u011fini s\u00f6yler. Nazl\u0131 ablas\u0131n\u0131n bilmemesi \u015fart\u0131yla kabul eder. Kahraman, niye b\u00f6yle oldu, ablas\u0131n\u0131n k\u0131zg\u0131nl\u0131\u011f\u0131n\u0131 sorar, Nazl\u0131 bilmedi\u011fini s\u00f6yler.<\/p>\n<p><a href=\"http:\/\/balcilar-blog.com\/wp-content\/uploads\/2015\/03\/Ekran-Al\u0131nt\u0131s\u0131KYG21.5.png\"><img loading=\"lazy\" decoding=\"async\" class=\"alignnone size-full wp-image-7357\" src=\"http:\/\/balcilar-blog.com\/wp-content\/uploads\/2015\/03\/Ekran-Al\u0131nt\u0131s\u0131KYG21.5.png\" alt=\"Ekran Al\u0131nt\u0131s\u0131KYG21.5\" width=\"632\" height=\"367\" srcset=\"https:\/\/balcilar-blog.com\/wp-content\/uploads\/2015\/03\/Ekran-Al\u0131nt\u0131s\u0131KYG21.5.png 632w, https:\/\/balcilar-blog.com\/wp-content\/uploads\/2015\/03\/Ekran-Al\u0131nt\u0131s\u0131KYG21.5-300x174.png 300w\" sizes=\"auto, (max-width: 632px) 100vw, 632px\" \/><\/a><\/p>\n<p>Kerem ile Elif d\u00fckkan\u0131n birlikte boya al\u0131\u015fveri\u015fini yaparlar. Boya i\u015fini de birlikte yapmaya karar verirler.<\/p>\n<p>Defne da\u011f evinden Kahraman\u2019\u0131 arar, \u00e7ok korktu\u011funu gelip almas\u0131n\u0131 ister. Kahraman tamam geliyorum deyince ortal\u0131\u011f\u0131 da\u011f\u0131t\u0131r, ba\u015f\u0131na sert bir cisimle vurur, kanat\u0131r. Kahraman gelince de bayg\u0131n numaras\u0131 yapar. Kahraman onu yerde bay\u0131n bulur.<\/p>\n<p><a href=\"http:\/\/balcilar-blog.com\/wp-content\/uploads\/2015\/03\/Ekran-Al\u0131nt\u0131s\u0131KYG21.6.png\"><img loading=\"lazy\" decoding=\"async\" class=\"alignnone size-full wp-image-7358\" src=\"http:\/\/balcilar-blog.com\/wp-content\/uploads\/2015\/03\/Ekran-Al\u0131nt\u0131s\u0131KYG21.6.png\" alt=\"Ekran Al\u0131nt\u0131s\u0131KYG21.6\" width=\"613\" height=\"367\" srcset=\"https:\/\/balcilar-blog.com\/wp-content\/uploads\/2015\/03\/Ekran-Al\u0131nt\u0131s\u0131KYG21.6.png 613w, https:\/\/balcilar-blog.com\/wp-content\/uploads\/2015\/03\/Ekran-Al\u0131nt\u0131s\u0131KYG21.6-300x180.png 300w\" sizes=\"auto, (max-width: 613px) 100vw, 613px\" \/><\/a><\/p>\n<p>Defne bana sald\u0131rd\u0131lar diyerek, hayali olay\u0131 anlat\u0131r. Kahraman polis \u00e7a\u011f\u0131r\u0131r. Polis gelir, Defne ifade verir. Y\u00fcz\u00fc\u011f\u00fcn\u00fc \u00e7ald\u0131klar\u0131n\u0131 s\u00f6yler. Defne o gece orada kalmak ister, eve d\u00f6nmek istemez.<\/p>\n<p>K\u0131ymet Han\u0131m, Elif\u2019in yapt\u0131\u011f\u0131 i\u015fleri adamlar\u0131 ile takip eder. Neval Han\u0131m\u0131n da yan\u0131nda tekin olmayan bir adamla eve geldiklerini s\u00f6yler.<\/p>\n<p>\u015e\u00fckran Han\u0131m k\u0131z\u0131 Canan ile yeme\u011fe \u00e7\u0131kar. K\u0131z\u0131 Canan annesini masada yaln\u0131z b\u0131rak\u0131r, lavaboya gider. O s\u0131rada masaya kocas\u0131 Yakup gelir. K\u0131rg\u0131n olan \u015e\u00fckran\u2019a bir p\u0131rlanta y\u00fcz\u00fck hediye eder, \u015e\u00fckran kabul etmez, araba ister.<\/p>\n<p><a href=\"http:\/\/balcilar-blog.com\/wp-content\/uploads\/2015\/03\/Ekran-Al\u0131nt\u0131s\u0131KYG21.7.png\"><img loading=\"lazy\" decoding=\"async\" class=\"alignnone size-full wp-image-7359\" src=\"http:\/\/balcilar-blog.com\/wp-content\/uploads\/2015\/03\/Ekran-Al\u0131nt\u0131s\u0131KYG21.7.png\" alt=\"Ekran Al\u0131nt\u0131s\u0131KYG21.7\" width=\"616\" height=\"369\" srcset=\"https:\/\/balcilar-blog.com\/wp-content\/uploads\/2015\/03\/Ekran-Al\u0131nt\u0131s\u0131KYG21.7.png 616w, https:\/\/balcilar-blog.com\/wp-content\/uploads\/2015\/03\/Ekran-Al\u0131nt\u0131s\u0131KYG21.7-300x180.png 300w\" sizes=\"auto, (max-width: 616px) 100vw, 616px\" \/><\/a><\/p>\n<p>Ziya Bey, kar\u0131s\u0131 K\u0131ymet Han\u0131ma torunu ile ilgili avukatla bir anla\u015fma yapt\u0131\u011f\u0131n\u0131 s\u00f6yler. K\u0131ymet Han\u0131m da merak eder.<\/p>\n<p>Defne o gece yaln\u0131z yatan kocas\u0131n\u0131n yata\u011f\u0131na girer yatar. Kahraman onu sabah fark eder. Uyand\u0131klar\u0131nda kar\u0131s\u0131 Defne\u2019ye y\u00fcz vermez. Kahraman sen beni bilerek mi \u00e7a\u011f\u0131rd\u0131n diye sorar.<\/p>\n<p><a href=\"http:\/\/balcilar-blog.com\/wp-content\/uploads\/2015\/03\/Ekran-Al\u0131nt\u0131s\u0131KYG21.8.png\"><img loading=\"lazy\" decoding=\"async\" class=\"alignnone size-full wp-image-7360\" src=\"http:\/\/balcilar-blog.com\/wp-content\/uploads\/2015\/03\/Ekran-Al\u0131nt\u0131s\u0131KYG21.8.png\" alt=\"Ekran Al\u0131nt\u0131s\u0131KYG21.8\" width=\"624\" height=\"365\" srcset=\"https:\/\/balcilar-blog.com\/wp-content\/uploads\/2015\/03\/Ekran-Al\u0131nt\u0131s\u0131KYG21.8.png 624w, https:\/\/balcilar-blog.com\/wp-content\/uploads\/2015\/03\/Ekran-Al\u0131nt\u0131s\u0131KYG21.8-300x175.png 300w\" sizes=\"auto, (max-width: 624px) 100vw, 624px\" \/><\/a><\/p>\n<p>Kahraman her \u015fey bitti. Defne ne s\u00f6ylese de Kahraman, imkan\u0131 yok, beni unut der. B\u00f6ylece Defne\u2019nin sinsi plan\u0131 i\u015fe yaramam\u0131\u015ft\u0131r.<\/p>\n<p>Kahraman\u2019\u0131n avukat\u0131 bebek ile ilgili belgeyi haz\u0131rlar ve sabah Kahraman\u2019a getirir.<\/p>\n<p>Sabah i\u015fyerine gelirler, Sultan Han\u0131m ile Ay\u015fe temizlik malzemesi almaya giderler. Elif yaln\u0131z kal\u0131r, o s\u0131rada Maksut gelir. Elif telefonu almak ister, d\u00fc\u015fer k\u0131r\u0131l\u0131r. Maksut Elif\u2019in a\u011fz\u0131n\u0131 kapat\u0131r. Elif eline ekmek b\u0131\u00e7a\u011f\u0131n\u0131 al\u0131r, Maksut ka\u00e7ar.<\/p>\n<p><a href=\"http:\/\/balcilar-blog.com\/wp-content\/uploads\/2015\/03\/Ekran-Al\u0131nt\u0131s\u0131KYG21.9.png\"><img loading=\"lazy\" decoding=\"async\" class=\"alignnone size-full wp-image-7361\" src=\"http:\/\/balcilar-blog.com\/wp-content\/uploads\/2015\/03\/Ekran-Al\u0131nt\u0131s\u0131KYG21.9.png\" alt=\"Ekran Al\u0131nt\u0131s\u0131KYG21.9\" width=\"610\" height=\"369\" srcset=\"https:\/\/balcilar-blog.com\/wp-content\/uploads\/2015\/03\/Ekran-Al\u0131nt\u0131s\u0131KYG21.9.png 610w, https:\/\/balcilar-blog.com\/wp-content\/uploads\/2015\/03\/Ekran-Al\u0131nt\u0131s\u0131KYG21.9-300x181.png 300w\" sizes=\"auto, (max-width: 610px) 100vw, 610px\" \/><\/a><\/p>\n<p>Defne annesi ile bulu\u015fur. \u00c7ok k\u00f6t\u00fc bir gece ge\u00e7irdi\u011fini, Kahraman ile her g\u00fcn daha da uzakla\u015f\u0131yoruz. Neval Han\u0131m, \u00e7ok yak\u0131nda Elif\u2019ten kurtulaca\u011f\u0131n\u0131 s\u00f6yler.<\/p>\n<p>K\u0131ymet Han\u0131m Defne\u2019nin yeni a\u00e7aca\u011f\u0131 i\u015fyerine gelir. Kerem ile ortak a\u00e7t\u0131klar\u0131n\u0131 s\u00f6yler, ba\u015fka bir \u015fey d\u00fc\u015f\u00fcnmeyin. K\u0131ymet Han\u0131m \u00e7antas\u0131ndan bir s\u00f6zle\u015fme \u00e7\u0131kart\u0131r. Bak bu s\u00f6zle\u015fmede ne yaz\u0131yor. Elif, ben bu s\u00f6zle\u015fmeye imza atmad\u0131m. Bebek \u00fczerinde hi\u00e7bir hak iddia edemeyeceksin. Kahraman\u2019\u0131n evraklar\u0131 aras\u0131nda buldum. K\u0131ymet Han\u0131m zehirli bir y\u0131lan gibi, zehrini Elif\u2019in y\u00fcre\u011fine ak\u0131t\u0131r, hay\u0131rl\u0131 olsun d\u00fckkan\u0131n der ve gider.<\/p>\n<p><a href=\"http:\/\/balcilar-blog.com\/wp-content\/uploads\/2015\/03\/Ekran-Al\u0131nt\u0131s\u0131KYG21.10.png\"><img loading=\"lazy\" decoding=\"async\" class=\"alignnone size-full wp-image-7362\" src=\"http:\/\/balcilar-blog.com\/wp-content\/uploads\/2015\/03\/Ekran-Al\u0131nt\u0131s\u0131KYG21.10.png\" alt=\"Ekran Al\u0131nt\u0131s\u0131KYG21.10\" width=\"631\" height=\"376\" srcset=\"https:\/\/balcilar-blog.com\/wp-content\/uploads\/2015\/03\/Ekran-Al\u0131nt\u0131s\u0131KYG21.10.png 631w, https:\/\/balcilar-blog.com\/wp-content\/uploads\/2015\/03\/Ekran-Al\u0131nt\u0131s\u0131KYG21.10-300x179.png 300w\" sizes=\"auto, (max-width: 631px) 100vw, 631px\" \/><\/a><\/p>\n<p>Elif \u00e7ok k\u00f6t\u00fc olur. Eli karn\u0131nda dola\u015f\u0131r. Elif, Kerem\u2019i arar. Bana bir teklifte bulunmu\u015ftunuz, konu\u015fal\u0131m m\u0131? \u00c7aresiz kalan Elif, Kerem\u2019in evlenme teklifini kabul etmi\u015ftir. Kerem, hemen geliyorum.<\/p>\n<p>O s\u0131rada Kahraman da Elif\u2019e do\u011fru gidiyordur. Elindeki g\u00fczel anla\u015fmay\u0131 verecektir. Bebe\u011fin de Elif\u2019in kendi bebe\u011fi oldu\u011funu s\u00f6yleyecektir.<\/p>\n<p><a href=\"http:\/\/balcilar-blog.com\/wp-content\/uploads\/2015\/03\/Ekran-Al\u0131nt\u0131s\u0131KYG21.12.png\"><img loading=\"lazy\" decoding=\"async\" class=\"alignnone size-full wp-image-7364\" src=\"http:\/\/balcilar-blog.com\/wp-content\/uploads\/2015\/03\/Ekran-Al\u0131nt\u0131s\u0131KYG21.12.png\" alt=\"Ekran Al\u0131nt\u0131s\u0131KYG21.12\" width=\"617\" height=\"368\" srcset=\"https:\/\/balcilar-blog.com\/wp-content\/uploads\/2015\/03\/Ekran-Al\u0131nt\u0131s\u0131KYG21.12.png 617w, https:\/\/balcilar-blog.com\/wp-content\/uploads\/2015\/03\/Ekran-Al\u0131nt\u0131s\u0131KYG21.12-300x179.png 300w\" sizes=\"auto, (max-width: 617px) 100vw, 617px\" \/><\/a><\/p>\n<p>\u00d6nce Kerem gelir. Kahraman da kap\u0131da onlar\u0131 dinler. Kerem ortakl\u0131k i\u00e7ine sinmediyse\u2026 Elif; Sizinle evlenece\u011fim ben deyince Kerem \u00e7ok \u015fa\u015fk\u0131nd\u0131r. Sen ciddi misin Elif? Elif; Evet, evlenme teklifinizi kabul ediyorum.<\/p>\n<p>Kahraman kap\u0131da duyduklar\u0131ndan \u015fa\u015fk\u0131n bir \u015fekilde kala kal\u0131r ve 21 b\u00f6l\u00fcm burada sona erer.<\/p>\n<p><a href=\"http:\/\/balcilar-blog.com\/wp-content\/uploads\/2015\/03\/Ekran-Al\u0131nt\u0131s\u0131KYG21.11.png\"><img loading=\"lazy\" decoding=\"async\" class=\"alignnone size-full wp-image-7363\" src=\"http:\/\/balcilar-blog.com\/wp-content\/uploads\/2015\/03\/Ekran-Al\u0131nt\u0131s\u0131KYG21.11.png\" alt=\"Ekran Al\u0131nt\u0131s\u0131KYG21.11\" width=\"605\" height=\"373\" srcset=\"https:\/\/balcilar-blog.com\/wp-content\/uploads\/2015\/03\/Ekran-Al\u0131nt\u0131s\u0131KYG21.11.png 605w, https:\/\/balcilar-blog.com\/wp-content\/uploads\/2015\/03\/Ekran-Al\u0131nt\u0131s\u0131KYG21.11-300x185.png 300w\" sizes=\"auto, (max-width: 605px) 100vw, 605px\" \/><\/a><\/p>\n<p>\u015eimdi ne olacak? Kahraman elindeki belgenin inand\u0131r\u0131c\u0131l\u0131\u011f\u0131n\u0131 Elif\u2019e nas\u0131l kabul ettirecek. \u0130\u015fler Arap sa\u00e7\u0131 gibi oldu. K\u0131ymet Han\u0131m\u0131n g\u00f6steri\u011fi belgeler kar\u015f\u0131s\u0131nda \u00e7ocu\u011funu kaybetmekle kar\u015f\u0131 kar\u015f\u0131ya kalan Elif, \u00e7areyi Kerem ile evlenmekte buldu. Haftaya i\u015fin nereye varaca\u011f\u0131n\u0131 hep birlikte g\u00f6rece\u011fiz.<\/p>\n<p>Keyifli seyirler.<\/p>\n<p>Sayg\u0131lar, sevgiler.<\/p>\n<p>Abdurrahman Balc\u0131lar<\/p>\n<p>Twitter: abdurrahman balc\u0131lar@abbalcilar<\/p>\n<p>Face : <a href=\"mailto:ab.balcilar@hotmail.com\">ab.balcilar@hotmail.com<\/a><\/p>\n<p>Blog: milliyet.com.tr\/cansever<\/p>\n<p>Blog: balcilar-blog.com<\/p>\n<p>Not: G\u00f6rseller taraf\u0131mdan diziden al\u0131nm\u0131\u015ft\u0131r.<\/p>\n","protected":false},"excerpt":{"rendered":"<p>Star Tv\u2019nin ilgin\u00e7 dizisi Kaderimin Yaz\u0131ld\u0131\u011f\u0131 G\u00fcn\u2019de Kahraman ile Elif aras\u0131na kara kedi girdi. Kahraman\u2019\u0131n bebe\u011fini ta\u015f\u0131yan Elif, bunu Kahraman yerine Defne\u2019den \u00f6\u011frenen Elif, kendisini kand\u0131r\u0131lm\u0131\u015f hisseder. Kahraman b\u00fct\u00fcn \u0131srarlar\u0131na ra\u011fmen Elif\u2019in a\u011fz\u0131ndan laf alamaz. Prod\u00fcksiyonu 03 Produksiyon T\u00fcrkiye taraf\u0131ndan ger\u00e7ekle\u015ftirilen, ba\u015frollerini \u00d6zcan deniz, Hatice \u015eendil, Beg\u00fcm K\u00fct\u00fck Ya\u015faro\u011flu ve G\u00fclbey \u0130leri oynad\u0131\u011f\u0131 \u201cKaderimin Yaz\u0131ld\u0131\u011f\u0131 [&hellip;]<\/p>\n","protected":false},"author":3,"featured_media":0,"comment_status":"open","ping_status":"open","sticky":false,"template":"","format":"standard","meta":{"footnotes":""},"categories":[2],"tags":[515,516,433,25],"class_list":["post-7351","post","type-post","status-publish","format-standard","hentry","category-tv-programlari","tag-hatice-sendil","tag-kaderimin-yazildigi-gun","tag-ozcan-deniz","tag-star-tv"],"views":4852,"blog_post_layout_featured_media_urls":{"thumbnail":"","full":""},"categories_names":{"2":{"name":"TV Programlar\u0131","link":"https:\/\/balcilar-blog.com\/?cat=2"}},"tags_names":{"515":{"name":"Hatice \u015eendil","link":"https:\/\/balcilar-blog.com\/?tag=hatice-sendil"},"516":{"name":"Kaderimin Yaz\u0131ld\u0131\u011f\u0131 G\u00fcn","link":"https:\/\/balcilar-blog.com\/?tag=kaderimin-yazildigi-gun"},"433":{"name":"\u00d6zcan Deniz","link":"https:\/\/balcilar-blog.com\/?tag=ozcan-deniz"},"25":{"name":"Star Tv","link":"https:\/\/balcilar-blog.com\/?tag=star-tv"}},"comments_number":"0","wpmagazine_modules_lite_featured_media_urls":{"thumbnail":"","cvmm-medium":"","cvmm-medium-plus":"","cvmm-portrait":"","cvmm-medium-square":"","cvmm-large":"","cvmm-small":"","full":""},"_links":{"self":[{"href":"https:\/\/balcilar-blog.com\/index.php?rest_route=\/wp\/v2\/posts\/7351","targetHints":{"allow":["GET"]}}],"collection":[{"href":"https:\/\/balcilar-blog.com\/index.php?rest_route=\/wp\/v2\/posts"}],"about":[{"href":"https:\/\/balcilar-blog.com\/index.php?rest_route=\/wp\/v2\/types\/post"}],"author":[{"embeddable":true,"href":"https:\/\/balcilar-blog.com\/index.php?rest_route=\/wp\/v2\/users\/3"}],"replies":[{"embeddable":true,"href":"https:\/\/balcilar-blog.com\/index.php?rest_route=%2Fwp%2Fv2%2Fcomments&post=7351"}],"version-history":[{"count":5,"href":"https:\/\/balcilar-blog.com\/index.php?rest_route=\/wp\/v2\/posts\/7351\/revisions"}],"predecessor-version":[{"id":7370,"href":"https:\/\/balcilar-blog.com\/index.php?rest_route=\/wp\/v2\/posts\/7351\/revisions\/7370"}],"wp:attachment":[{"href":"https:\/\/balcilar-blog.com\/index.php?rest_route=%2Fwp%2Fv2%2Fmedia&parent=7351"}],"wp:term":[{"taxonomy":"category","embeddable":true,"href":"https:\/\/balcilar-blog.com\/index.php?rest_route=%2Fwp%2Fv2%2Fcategories&post=7351"},{"taxonomy":"post_tag","embeddable":true,"href":"https:\/\/balcilar-blog.com\/index.php?rest_route=%2Fwp%2Fv2%2Ftags&post=7351"}],"curies":[{"name":"wp","href":"https:\/\/api.w.org\/{rel}","templated":true}]}}