{"id":7339,"date":"2015-03-18T10:24:45","date_gmt":"2015-03-18T08:24:45","guid":{"rendered":"http:\/\/balcilar-blog.com\/?p=7339"},"modified":"2015-03-18T11:20:42","modified_gmt":"2015-03-18T09:20:42","slug":"kara-para-aska-ve-oyuncusu-tuba-buyukustune-odul","status":"publish","type":"post","link":"https:\/\/balcilar-blog.com\/?p=7339","title":{"rendered":"Kara Para A\u015fk&#8217;a ve oyuncusu Tuba B\u00fcy\u00fck\u00fcst\u00fcn&#8217;e \u00f6d\u00fcl!"},"content":{"rendered":"<p><a href=\"http:\/\/balcilar-blog.com\/wp-content\/uploads\/2015\/03\/catsKPA.jpg\"><img loading=\"lazy\" decoding=\"async\" class=\"alignnone size-full wp-image-7343\" src=\"http:\/\/balcilar-blog.com\/wp-content\/uploads\/2015\/03\/catsKPA.jpg\" alt=\"catsKPA\" width=\"489\" height=\"599\" srcset=\"https:\/\/balcilar-blog.com\/wp-content\/uploads\/2015\/03\/catsKPA.jpg 489w, https:\/\/balcilar-blog.com\/wp-content\/uploads\/2015\/03\/catsKPA-245x300.jpg 245w\" sizes=\"auto, (max-width: 489px) 100vw, 489px\" \/><\/a><\/p>\n<p>Radyo Televizyon Gazetecileri Derne\u011fi&#8217;nin (RTGD) d\u00fczenledi\u011fi &#8220;Medya Oskarlar\u0131&#8221; \u00f6d\u00fcller sahiplerini buldu.<\/p>\n<p>&#8220;Kara Para A\u015fk&#8221; dizisi &#8220;Y\u0131l\u0131n Televizyon Dizisi&#8221; \u00f6d\u00fcl\u00fcne lay\u0131k g\u00f6r\u00fcld\u00fc. Dizinin oyuncusu Tuba B\u00fcy\u00fck\u00fcst\u00fcn de, &#8220;Y\u0131l\u0131n Kad\u0131n Oyuncusu&#8221; \u00f6d\u00fcl\u00fcn\u00fc ald\u0131. Ay Yap\u0131m&#8217;\u0131n Atv&#8217;de oynayan dizisinde Tuba B\u00fcy\u00fck\u00fcst\u00fcn, Engin Aky\u00fcrek ile ba\u015f rollerini payla\u015f\u0131yor.<\/p>\n<p>Rixos Otel\u2019de d\u00fczenledi\u011fi \u2018Medya Oscarlar\u0131\u2019 \u00f6d\u00fcl t\u00f6renine Ba\u015fbakan Yard\u0131mc\u0131s\u0131 Yal\u00e7\u0131n Akdo\u011fan\u2019\u0131n yan\u0131 s\u0131ra, Gen\u00e7lik ve Spor Bakan\u0131 Akif \u00c7a\u011fatay K\u0131l\u0131\u00e7, Maliye Bakan\u0131 Mehmet \u015eim\u015fek, TRT Genel M\u00fcd\u00fcr\u00fc \u015eenol G\u00f6ka ve \u00e7ok say\u0131da davetli kat\u0131ld\u0131.<\/p>\n<p>Y\u0131l\u0131n Kad\u0131n Oyuncusu \u00d6d\u00fcl\u00fcn\u00fc Tuba B\u00fcy\u00fck\u00fcst\u00fcn, Gen\u00e7lik ve Spor Bakan\u0131 Akif \u00c7a\u011fatay K\u0131l\u0131\u00e7&#8217;\u0131n elinden alm\u0131\u015ft\u0131r.<\/p>\n<p><a href=\"http:\/\/balcilar-blog.com\/wp-content\/uploads\/2015\/03\/Ekran-Al\u0131nt\u0131s\u0131RTGD.3.png\"><img loading=\"lazy\" decoding=\"async\" class=\"alignnone size-full wp-image-7347\" src=\"http:\/\/balcilar-blog.com\/wp-content\/uploads\/2015\/03\/Ekran-Al\u0131nt\u0131s\u0131RTGD.3.png\" alt=\"Ekran Al\u0131nt\u0131s\u0131RTGD.3\" width=\"573\" height=\"349\" srcset=\"https:\/\/balcilar-blog.com\/wp-content\/uploads\/2015\/03\/Ekran-Al\u0131nt\u0131s\u0131RTGD.3.png 573w, https:\/\/balcilar-blog.com\/wp-content\/uploads\/2015\/03\/Ekran-Al\u0131nt\u0131s\u0131RTGD.3-300x183.png 300w\" sizes=\"auto, (max-width: 573px) 100vw, 573px\" \/><\/a><\/p>\n<p><a href=\"http:\/\/balcilar-blog.com\/wp-content\/uploads\/2015\/03\/Ekran-Al\u0131nt\u0131s\u0131RTGD.4.png\"><img loading=\"lazy\" decoding=\"async\" class=\"alignnone size-full wp-image-7348\" src=\"http:\/\/balcilar-blog.com\/wp-content\/uploads\/2015\/03\/Ekran-Al\u0131nt\u0131s\u0131RTGD.4.png\" alt=\"Ekran Al\u0131nt\u0131s\u0131RTGD.4\" width=\"580\" height=\"350\" srcset=\"https:\/\/balcilar-blog.com\/wp-content\/uploads\/2015\/03\/Ekran-Al\u0131nt\u0131s\u0131RTGD.4.png 580w, https:\/\/balcilar-blog.com\/wp-content\/uploads\/2015\/03\/Ekran-Al\u0131nt\u0131s\u0131RTGD.4-300x181.png 300w\" sizes=\"auto, (max-width: 580px) 100vw, 580px\" \/><\/a><\/p>\n<p><a href=\"http:\/\/balcilar-blog.com\/wp-content\/uploads\/2015\/03\/Ekran-Al\u0131nt\u0131s\u0131RTGD.2.png\"><img loading=\"lazy\" decoding=\"async\" class=\"alignnone size-full wp-image-7346\" src=\"http:\/\/balcilar-blog.com\/wp-content\/uploads\/2015\/03\/Ekran-Al\u0131nt\u0131s\u0131RTGD.2.png\" alt=\"Ekran Al\u0131nt\u0131s\u0131RTGD.2\" width=\"582\" height=\"350\" srcset=\"https:\/\/balcilar-blog.com\/wp-content\/uploads\/2015\/03\/Ekran-Al\u0131nt\u0131s\u0131RTGD.2.png 582w, https:\/\/balcilar-blog.com\/wp-content\/uploads\/2015\/03\/Ekran-Al\u0131nt\u0131s\u0131RTGD.2-300x180.png 300w\" sizes=\"auto, (max-width: 582px) 100vw, 582px\" \/><\/a><\/p>\n<div>\n<div class=\"yazarArticleBody\">\n<div>Maliye Bakan\u0131 Mehmet \u015eim\u015fek, \u201cKara Para A\u015fk\u201d dizisine \u2018Y\u0131l\u0131n Televizyon Dizisi\u2019 \u00f6d\u00fcl\u00fcn\u00fc verdikten sonra \u015fu ifadeyi kullanm\u0131\u015ft\u0131r.<\/div>\n<div>&#8220;Komiser \u00d6mer, ger\u00e7ekten kara parayla m\u00fccadele etmek istiyorsa, buradan kendisine s\u00f6yl\u00fcyorum: MASAK olarak her t\u00fcrl\u00fc deste\u011fi verece\u011fimize s\u00f6z veriyorum.&#8221;<\/div>\n<div><\/div>\n<div><a href=\"http:\/\/balcilar-blog.com\/wp-content\/uploads\/2015\/03\/medya-oscarlari-sahiplerini-buldu-7087275_x_o.jpg\"><img loading=\"lazy\" decoding=\"async\" class=\"alignnone size-full wp-image-7340\" src=\"http:\/\/balcilar-blog.com\/wp-content\/uploads\/2015\/03\/medya-oscarlari-sahiplerini-buldu-7087275_x_o.jpg\" alt=\"medya-oscarlari-sahiplerini-buldu-7087275_x_o\" width=\"580\" height=\"360\" srcset=\"https:\/\/balcilar-blog.com\/wp-content\/uploads\/2015\/03\/medya-oscarlari-sahiplerini-buldu-7087275_x_o.jpg 580w, https:\/\/balcilar-blog.com\/wp-content\/uploads\/2015\/03\/medya-oscarlari-sahiplerini-buldu-7087275_x_o-300x186.jpg 300w\" sizes=\"auto, (max-width: 580px) 100vw, 580px\" \/><\/a><\/div>\n<div><\/div>\n<div><\/div>\n<div>Gecede &#8220;Medya Oskarlar\u0131&#8221; \u00f6d\u00fcl\u00fc alanlar\u0131n tam listesi:<\/div>\n<div><\/div>\n<div>Y\u0131l\u0131n Ana haber\u00a0B\u00fclteni: Ece \u00dcner\u00a0(Show TV),<\/div>\n<div>Y\u0131l\u0131n Sabah\u00a0Program\u0131: \u0130smail K\u00fc\u00e7\u00fckkaya\u00a0ile \u00c7alar Saat (Fox TV),<\/div>\n<div>Y\u0131l\u0131n Yar\u0131\u015fma\u00a0Program\u0131: Acun Il\u0131cal\u0131&#8217;n\u0131n O Ses T\u00fcrkiye\u00a0(TV8),<\/div>\n<div>Y\u0131l\u0131n Spor Program\u0131: Art\u0131 Futbol (A Haber),<\/div>\n<div>Y\u0131l\u0131n TV Dizisi: <strong>Kara Para A\u015fk<\/strong> (ATV),<\/div>\n<div>Y\u0131l\u0131n Show Program\u0131: G\u00fcld\u00fcr G\u00fcld\u00fcr (Show Tv),<\/div>\n<div>Y\u0131l\u0131n Gece Program\u0131: Mesut Yar\u00a0ile Burada Laf \u00c7ok (CNN T\u00fcrk),<\/div>\n<div>Y\u0131l\u0131n Kad\u0131n Oyuncusu: Kara Para A\u015fk Dizisi, <strong>Tuba B\u00fcy\u00fck\u00fcst\u00fcn<\/strong> (ATV),<\/div>\n<div>Y\u0131l\u0131n Erkek Oyuncusu: K\u00fc\u00e7\u00fck A\u011fa Dizisi ile Sarp Levendo\u011flu (Kanal D),<\/div>\n<div>Y\u0131l\u0131n Magazin\u00a0Program\u0131: S\u00f6ylemesem Olmaz (Beyaz TV),<\/div>\n<div>Y\u0131l\u0131n Radyosu: Karnaval Radyo Grubu,<\/div>\n<div>Y\u0131l\u0131n Yerel Televizyonu: Kon TV,<\/div>\n<div>Y\u0131l\u0131n Belgeseli: T\u00fcrk Y\u0131ld\u0131zlar\u0131 (TRT),<\/div>\n<div>Y\u0131l\u0131n Radyo DJ: Cem Ceminay (Radyo Viva),<\/div>\n<div>RTGD Cengiz Polatkan \u00d6d\u00fcl\u00fc: TRT\u00a0Film Projesi,<\/div>\n<div>RTGD Nursal Tekin \u00d6d\u00fcl\u00fc: 7 G\u00fczel Adam (TRT).<\/div>\n<div class=\"fix\"><\/div>\n<div class=\"fix\">\n<p>Sayg\u0131lar, sevgiler.<\/p>\n<p>Abdurrahman Balc\u0131lar<\/p>\n<p>Twitter: abdurrahman balc\u0131lar@abbalcilar<\/p>\n<p>Mail : <a href=\"mailto:ab.balcilar@hotmail.com\">ab.balcilar@hotmail.com<\/a><\/p>\n<p>Blog: milliyet.com.tr\/cansever<\/p>\n<p>Blog: balcilar-blog.com<\/p>\n<p>&nbsp;<\/p>\n<\/div>\n<\/div>\n<\/div>\n<p>Not: Kaynak Haber Millyet.com.tr&#8217;den, g\u00f6rseller internetten \u00a0al\u0131nm\u0131\u015ft\u0131r.<\/p>\n<p>https:\/\/www.youtube.com\/watch?v=RkVMqB0ehL8<\/p>\n<p>&nbsp;<\/p>\n<p>&nbsp;<\/p>\n<p>&nbsp;<\/p>\n","protected":false},"excerpt":{"rendered":"<p>Radyo Televizyon Gazetecileri Derne\u011fi&#8217;nin (RTGD) d\u00fczenledi\u011fi &#8220;Medya Oskarlar\u0131&#8221; \u00f6d\u00fcller sahiplerini buldu. &#8220;Kara Para A\u015fk&#8221; dizisi &#8220;Y\u0131l\u0131n Televizyon Dizisi&#8221; \u00f6d\u00fcl\u00fcne lay\u0131k g\u00f6r\u00fcld\u00fc. Dizinin oyuncusu Tuba B\u00fcy\u00fck\u00fcst\u00fcn de, &#8220;Y\u0131l\u0131n Kad\u0131n Oyuncusu&#8221; \u00f6d\u00fcl\u00fcn\u00fc ald\u0131. Ay Yap\u0131m&#8217;\u0131n Atv&#8217;de oynayan dizisinde Tuba B\u00fcy\u00fck\u00fcst\u00fcn, Engin Aky\u00fcrek ile ba\u015f rollerini payla\u015f\u0131yor. Rixos Otel\u2019de d\u00fczenledi\u011fi \u2018Medya Oscarlar\u0131\u2019 \u00f6d\u00fcl t\u00f6renine Ba\u015fbakan Yard\u0131mc\u0131s\u0131 Yal\u00e7\u0131n Akdo\u011fan\u2019\u0131n [&hellip;]<\/p>\n","protected":false},"author":3,"featured_media":0,"comment_status":"open","ping_status":"open","sticky":false,"template":"","format":"standard","meta":{"footnotes":""},"categories":[2],"tags":[304,650,305],"class_list":["post-7339","post","type-post","status-publish","format-standard","hentry","category-tv-programlari","tag-kara-para-ask","tag-radyo-televizyon-gazetecileri-dernegi","tag-tuba-buyukustun"],"views":3618,"blog_post_layout_featured_media_urls":{"thumbnail":"","full":""},"categories_names":{"2":{"name":"TV Programlar\u0131","link":"https:\/\/balcilar-blog.com\/?cat=2"}},"tags_names":{"304":{"name":"Kara Para A\u015fk","link":"https:\/\/balcilar-blog.com\/?tag=kara-para-ask"},"650":{"name":"Radyo Televizyon Gazetecileri Derne\u011fi","link":"https:\/\/balcilar-blog.com\/?tag=radyo-televizyon-gazetecileri-dernegi"},"305":{"name":"Tuba B\u00fcy\u00fck\u00fcst\u00fcn","link":"https:\/\/balcilar-blog.com\/?tag=tuba-buyukustun"}},"comments_number":"0","wpmagazine_modules_lite_featured_media_urls":{"thumbnail":"","cvmm-medium":"","cvmm-medium-plus":"","cvmm-portrait":"","cvmm-medium-square":"","cvmm-large":"","cvmm-small":"","full":""},"_links":{"self":[{"href":"https:\/\/balcilar-blog.com\/index.php?rest_route=\/wp\/v2\/posts\/7339","targetHints":{"allow":["GET"]}}],"collection":[{"href":"https:\/\/balcilar-blog.com\/index.php?rest_route=\/wp\/v2\/posts"}],"about":[{"href":"https:\/\/balcilar-blog.com\/index.php?rest_route=\/wp\/v2\/types\/post"}],"author":[{"embeddable":true,"href":"https:\/\/balcilar-blog.com\/index.php?rest_route=\/wp\/v2\/users\/3"}],"replies":[{"embeddable":true,"href":"https:\/\/balcilar-blog.com\/index.php?rest_route=%2Fwp%2Fv2%2Fcomments&post=7339"}],"version-history":[{"count":4,"href":"https:\/\/balcilar-blog.com\/index.php?rest_route=\/wp\/v2\/posts\/7339\/revisions"}],"predecessor-version":[{"id":7350,"href":"https:\/\/balcilar-blog.com\/index.php?rest_route=\/wp\/v2\/posts\/7339\/revisions\/7350"}],"wp:attachment":[{"href":"https:\/\/balcilar-blog.com\/index.php?rest_route=%2Fwp%2Fv2%2Fmedia&parent=7339"}],"wp:term":[{"taxonomy":"category","embeddable":true,"href":"https:\/\/balcilar-blog.com\/index.php?rest_route=%2Fwp%2Fv2%2Fcategories&post=7339"},{"taxonomy":"post_tag","embeddable":true,"href":"https:\/\/balcilar-blog.com\/index.php?rest_route=%2Fwp%2Fv2%2Ftags&post=7339"}],"curies":[{"name":"wp","href":"https:\/\/api.w.org\/{rel}","templated":true}]}}