{"id":7336,"date":"2015-03-17T12:28:47","date_gmt":"2015-03-17T10:28:47","guid":{"rendered":"http:\/\/balcilar-blog.com\/?p=7336"},"modified":"2015-03-17T12:30:18","modified_gmt":"2015-03-17T10:30:18","slug":"kosem-sultan-icin-sibel-kekillinin-adi-geciyor","status":"publish","type":"post","link":"https:\/\/balcilar-blog.com\/?p=7336","title":{"rendered":"K\u00f6sem Sultan i\u00e7in Sibel Kekilli&#8217;nin ad\u0131 ge\u00e7iyor!"},"content":{"rendered":"<p>&nbsp;<\/p>\n<div class=\"art-head\">\n<div class=\"art-image a-right\"><img decoding=\"async\" src=\"http:\/\/www.gercekgundem.com\/images\/posts\/201405\/8d8a3b6212ff9c66_480x270.jpg\" alt=\"Sibel Kekilli K\u00f6sem Sultan m\u0131 oluyor?\" \/><\/div>\n<div class=\"art-excerpt\"><\/div>\n<div class=\"art-excerpt\"><\/div>\n<div class=\"art-excerpt\">2015 Eyl\u00fcl yeni sezonunda ba\u015flayacak olan K\u00f6sem Sultan rol\u00fc i\u00e7in, T\u00fcrk as\u0131ll\u0131 Alman \u00a0oyuncu Sibel Kekilli&#8217;nin oynayaca\u011f\u0131 kulislerde dola\u015fmaya ba\u015flad\u0131. Tims Prod\u00fcksiyon&#8217;un &#8220;Muhte\u015fem Y\u00fczy\u0131l&#8221; dizisinin \u00e7ok tutulmas\u0131ndan sonra, en az onun \u00a0kadar ses getirmesi i\u00e7in dizinin haz\u0131rl\u0131klar\u0131n\u0131 uzun zamand\u0131r yap\u0131yor.<\/div>\n<div class=\"art-excerpt\"><\/div>\n<div class=\"art-excerpt\"><\/div>\n<div class=\"art-excerpt\">Ge\u00e7ti\u011fimiz y\u0131l i\u00e7inde bu rol i\u00e7in, Hazal Kaya, Beren Saat, Tuba B\u00fcy\u00fck\u00fcst\u00fcn ve Berg\u00fczer Korel isimleri ge\u00e7mi\u015fti.<\/div>\n<div class=\"art-excerpt\"><\/div>\n<div class=\"art-excerpt\"><\/div>\n<div class=\"art-excerpt\">Habert\u00fcrk yazar\u0131 Mustafa Do\u011fan bu iddias\u0131n\u0131 k\u00f6\u015fesinde, &#8220;K\u00f6sem Sultan&#8217;da Sibel Kekilli s\u00fcrprizi&#8221; ba\u015fl\u0131kl\u0131 yaz\u0131s\u0131 ile a\u00e7\u0131klad\u0131. Sibel Kekilli Almanya&#8217;da porno filmleri ile ad\u0131n\u0131 duyurmu\u015ftur. Bu nedenle ailesi taraf\u0131ndan reddedilen Kekilli, \u00e7ok pi\u015fman olmu\u015f daha sonra, d\u00fcnyaca \u00fcnl\u00fc &#8220;Game Of Thrones&#8221; adl\u0131 dizide, Shae karakterini canland\u0131rm\u0131\u015f, \u00fc\u00e7 sezon oynayarak ad\u0131n\u0131 d\u00fcnyaya duyurmu\u015ftur. Ge\u00e7ti\u011fimiz y\u0131l Haziran ay\u0131nda dizi \u00f6ld\u00fcr\u00fclm\u00fc\u015f ve ayr\u0131lm\u0131\u015ft\u0131r.<\/div>\n<div class=\"art-excerpt\"><\/div>\n<div class=\"art-excerpt\">16 Haziran 198, Heilbronn do\u011fumlu olan Sibel Kekilli, aslen Kayseri&#8217;li olan T\u00fcrk ailenin k\u0131z\u0131 ve Alman oyuncudur. Alt\u0131n Ay\u0131 ve Alt\u0131n Portakal ba\u015fta olmak \u00fczere bir\u00e7ok \u00f6d\u00fcl alm\u0131\u015ft\u0131r. Rejiks\u00f6r Fatih Ak\u0131n&#8217;\u0131n &#8220;Duvara Kar\u015f\u0131&#8221; filmiyle uluslararas\u0131 boyutta tan\u0131nan oyuncu olmu\u015ftur. 2004 y\u0131l\u0131nda Almanya&#8217;n\u0131n en \u00f6nemli 100 ki\u015fisi aras\u0131nda 33. s\u0131rada yer alm\u0131\u015ft\u0131r.<\/div>\n<div class=\"art-excerpt\"><\/div>\n<div class=\"art-excerpt\"><\/div>\n<div class=\"art-excerpt\">Eyl\u00fcl ay\u0131nda yeni sezonda Star Tv ekranlar\u0131nda g\u00f6sterime ba\u015flayacak olan K\u00f6sem Sultan dizisinin uzun zamand\u0131r kost\u00fcm ve dekor \u00e7al\u0131\u015fmalar\u0131 devam etmektedir. Cast \u00e7al\u0131\u015fmalar\u0131 da titizlikle s\u00fcrd\u00fcr\u00fcl\u00fcyor.<\/div>\n<div class=\"art-excerpt\"><\/div>\n<div class=\"art-excerpt\"><\/div>\n<div class=\"art-excerpt\">Tims Prod\u00fcksiyon, \u2018Muhte\u015fem Y\u00fczy\u0131l\u2019dan sonraki ikinci Osmanl\u0131 projesi i\u00e7in ince eleyip s\u0131k dokuyormu\u015f.\u00a0\u0130ddiaya g\u00f6re, yap\u0131mc\u0131 \u015firketin Sibel Kekilli ile diziyi d\u00fcnyaya a\u00e7may\u0131 planlad\u0131\u011f\u0131n\u0131 belirtiliyor.<\/div>\n<div class=\"art-excerpt\"><\/div>\n<div class=\"art-excerpt\"><\/div>\n<div class=\"art-excerpt\">Ancak bu g\u00fcn yap\u0131lan bir a\u00e7\u0131klamada bu haberin do\u011fru olmad\u0131\u011f\u0131 s\u00f6ylenmi\u015ftir. Sibel Kekilli&#8217;nin Almanya&#8217;daki menajerlik \u015firketi arac\u0131l\u0131\u011f\u0131; &#8220;Bu bilgi kesinlikle do\u011fru de\u011fil, Sibel Kekilli K\u00f6sem Sultan rol\u00fcnde olmayacakt\u0131r.&#8221; diye bilgi gelmi\u015ftir.<\/div>\n<div class=\"art-excerpt\"><\/div>\n<div class=\"art-excerpt\"><\/div>\n<div class=\"art-excerpt\">Hala K\u00f6sem Sultan karakterini kimin canland\u0131raca\u011f\u0131 belli de\u011fil. Dilerim bu rol\u00fc lak\u0131yla canland\u0131racak biri bulunur.<\/div>\n<div class=\"art-excerpt\"><\/div>\n<\/div>\n<div class=\"art-content clear\">\n<p>&nbsp;<\/p>\n<p>Sayg\u0131lar, sevgiler.<\/p>\n<p>Abdurrahman Balc\u0131lar<\/p>\n<p>&nbsp;<\/p>\n<p>&nbsp;<\/p>\n<p>&nbsp;<\/p>\n<p>&nbsp;<\/p>\n<\/div>\n","protected":false},"excerpt":{"rendered":"<p>&nbsp; 2015 Eyl\u00fcl yeni sezonunda ba\u015flayacak olan K\u00f6sem Sultan rol\u00fc i\u00e7in, T\u00fcrk as\u0131ll\u0131 Alman \u00a0oyuncu Sibel Kekilli&#8217;nin oynayaca\u011f\u0131 kulislerde dola\u015fmaya ba\u015flad\u0131. Tims Prod\u00fcksiyon&#8217;un &#8220;Muhte\u015fem Y\u00fczy\u0131l&#8221; dizisinin \u00e7ok tutulmas\u0131ndan sonra, en az onun \u00a0kadar ses getirmesi i\u00e7in dizinin haz\u0131rl\u0131klar\u0131n\u0131 uzun zamand\u0131r yap\u0131yor. Ge\u00e7ti\u011fimiz y\u0131l i\u00e7inde bu rol i\u00e7in, Hazal Kaya, Beren Saat, Tuba B\u00fcy\u00fck\u00fcst\u00fcn ve Berg\u00fczer [&hellip;]<\/p>\n","protected":false},"author":3,"featured_media":0,"comment_status":"open","ping_status":"open","sticky":false,"template":"","format":"standard","meta":{"footnotes":""},"categories":[2],"tags":[453,47,649,25,410],"class_list":["post-7336","post","type-post","status-publish","format-standard","hentry","category-tv-programlari","tag-kosem-sultan","tag-muhtesem-yuzyil","tag-sibel-kekilli","tag-star-tv","tag-tims-produksiyon"],"views":3969,"blog_post_layout_featured_media_urls":{"thumbnail":"","full":""},"categories_names":{"2":{"name":"TV Programlar\u0131","link":"https:\/\/balcilar-blog.com\/?cat=2"}},"tags_names":{"453":{"name":"K\u00f6sem Sultan","link":"https:\/\/balcilar-blog.com\/?tag=kosem-sultan"},"47":{"name":"Muhte\u015fem Y\u00fczy\u0131l","link":"https:\/\/balcilar-blog.com\/?tag=muhtesem-yuzyil"},"649":{"name":"Sibel Kekilli","link":"https:\/\/balcilar-blog.com\/?tag=sibel-kekilli"},"25":{"name":"Star Tv","link":"https:\/\/balcilar-blog.com\/?tag=star-tv"},"410":{"name":"Tims Prod\u00fcksiyon","link":"https:\/\/balcilar-blog.com\/?tag=tims-produksiyon"}},"comments_number":"0","wpmagazine_modules_lite_featured_media_urls":{"thumbnail":"","cvmm-medium":"","cvmm-medium-plus":"","cvmm-portrait":"","cvmm-medium-square":"","cvmm-large":"","cvmm-small":"","full":""},"_links":{"self":[{"href":"https:\/\/balcilar-blog.com\/index.php?rest_route=\/wp\/v2\/posts\/7336","targetHints":{"allow":["GET"]}}],"collection":[{"href":"https:\/\/balcilar-blog.com\/index.php?rest_route=\/wp\/v2\/posts"}],"about":[{"href":"https:\/\/balcilar-blog.com\/index.php?rest_route=\/wp\/v2\/types\/post"}],"author":[{"embeddable":true,"href":"https:\/\/balcilar-blog.com\/index.php?rest_route=\/wp\/v2\/users\/3"}],"replies":[{"embeddable":true,"href":"https:\/\/balcilar-blog.com\/index.php?rest_route=%2Fwp%2Fv2%2Fcomments&post=7336"}],"version-history":[{"count":2,"href":"https:\/\/balcilar-blog.com\/index.php?rest_route=\/wp\/v2\/posts\/7336\/revisions"}],"predecessor-version":[{"id":7338,"href":"https:\/\/balcilar-blog.com\/index.php?rest_route=\/wp\/v2\/posts\/7336\/revisions\/7338"}],"wp:attachment":[{"href":"https:\/\/balcilar-blog.com\/index.php?rest_route=%2Fwp%2Fv2%2Fmedia&parent=7336"}],"wp:term":[{"taxonomy":"category","embeddable":true,"href":"https:\/\/balcilar-blog.com\/index.php?rest_route=%2Fwp%2Fv2%2Fcategories&post=7336"},{"taxonomy":"post_tag","embeddable":true,"href":"https:\/\/balcilar-blog.com\/index.php?rest_route=%2Fwp%2Fv2%2Ftags&post=7336"}],"curies":[{"name":"wp","href":"https:\/\/api.w.org\/{rel}","templated":true}]}}