{"id":7259,"date":"2015-03-14T21:43:53","date_gmt":"2015-03-14T19:43:53","guid":{"rendered":"http:\/\/balcilar-blog.com\/?p=7259"},"modified":"2015-03-15T18:22:27","modified_gmt":"2015-03-15T16:22:27","slug":"medcezir-yaman-mira-askinin-ilk-meyvesi-geliyor-mira-hamile-mi","status":"publish","type":"post","link":"https:\/\/balcilar-blog.com\/?p=7259","title":{"rendered":"Medcezir \/ Yaman &#038; Mira a\u015fk\u0131n\u0131n ilk meyvesi geliyor! Mira hamile mi?"},"content":{"rendered":"<p><a href=\"http:\/\/balcilar-blog.com\/wp-content\/uploads\/2015\/03\/Ekran-Al\u0131nt\u0131s\u0131MD64.42.png\"><img loading=\"lazy\" decoding=\"async\" class=\"alignnone size-full wp-image-7304\" src=\"http:\/\/balcilar-blog.com\/wp-content\/uploads\/2015\/03\/Ekran-Al\u0131nt\u0131s\u0131MD64.42.png\" alt=\"Ekran Al\u0131nt\u0131s\u0131MD64.42\" width=\"615\" height=\"385\" srcset=\"https:\/\/balcilar-blog.com\/wp-content\/uploads\/2015\/03\/Ekran-Al\u0131nt\u0131s\u0131MD64.42.png 615w, https:\/\/balcilar-blog.com\/wp-content\/uploads\/2015\/03\/Ekran-Al\u0131nt\u0131s\u0131MD64.42-300x188.png 300w\" sizes=\"auto, (max-width: 615px) 100vw, 615px\" \/><\/a><\/p>\n<p>Star Tv\u2019nin fenomen dizisi \u201cMedcezir\u201d 64.B\u00f6l\u00fcm\u00fcnde Yaman\u2019\u0131 terk eden Mira\u2019y\u0131 olaylar tekrar geri getirdi. B\u00f6l\u00fcm finalinde Kenan gene, g\u00fczel ge\u00e7enin i\u00e7ine t\u00fcy dikti. Kenan, Yaman\u2019\u0131n ayak ba\u011f\u0131 olmaya devam ediyor.<\/p>\n<p>Medcezir\u2019in art\u0131k reytingleri de oturdu, AB\u2019de 5,44 ile 3.s\u0131rada yer al\u0131rken, Total\u2019de 4,39 y\u00fczde ile 6.s\u0131rada yer ald\u0131. Tabir yerinde olursa dizinin kemikle\u015fmi\u015f bir izleyici grubu var. O grubun da b\u00fcy\u00fck \u00e7o\u011funlu\u011fu diziyi \u00c7a\u011fatay Ulusoy ve Serenay Sar\u0131kaya i\u00e7in seyrediyor. Her zaman kalitesini \u00f6n planda tutan Ay Yap\u0131m, Medcezir&#8217;in g\u00fc\u00e7l\u00fc bir dizi oldu\u011funu g\u00f6stermektedir.<\/p>\n<p>Bu b\u00f6l\u00fcmde Mira\u2019lar\u0131n yeni kom\u015fusu, apartman y\u00f6neticisi S\u00fcreyya Han\u0131m ile tan\u0131\u015ft\u0131k. Kavak Yelleri ve G\u00f6n\u00fcl H\u0131rs\u0131z\u0131 gibi dizilerden tan\u0131d\u0131\u011f\u0131m\u0131z, Nurcan Eren olduk\u00e7a tatl\u0131 ve ho\u015f bir kad\u0131n. Hele ye\u011feni Ali var ya, \u015fimdiden Beren\u2019e abay\u0131 yakt\u0131. Bakkal \u00e7\u0131ra\u011f\u0131 Ali karakterini, Beni B\u00f6yle sev ve Merhaba Hayat dizilerinde de seyretmi\u015ftik. Ali karakterini Cihan \u015eim\u015fek canland\u0131r\u0131yor, olduk\u00e7a sempatik bir gen\u00e7.<\/p>\n<p>Ge\u00e7en b\u00f6l\u00fcmde Mira, Yaman\u2019a bir mektup yazarak otel odas\u0131nda b\u0131rakm\u0131\u015ft\u0131. Bu hareket Yaman \u00fczerinde derin bir etki b\u0131rakm\u0131\u015ft\u0131r.<\/p>\n<p>Faruk Bey k\u0131zlar\u0131 ile yeni evine yerle\u015fir. Beren semti ve evi be\u011fenmez, kald\u0131klar\u0131 otel odas\u0131ndan daha k\u00fc\u00e7\u00fck bulur. Ama yapacak bir \u015fey yoktur, yeni hayatlar\u0131n\u0131 bu evde devam etmek zorundad\u0131rlar. Orkun gene yapaca\u011f\u0131n\u0131 yapm\u0131\u015f, onlar\u0131 takip ederek, herkesten \u00f6nce yeni evlerini \u00f6\u011frenmi\u015ftir bile.<\/p>\n<p><a href=\"http:\/\/balcilar-blog.com\/wp-content\/uploads\/2015\/03\/Ekran-Al\u0131nt\u0131s\u0131MD64.1.png\"><img loading=\"lazy\" decoding=\"async\" class=\"alignnone size-full wp-image-7260\" src=\"http:\/\/balcilar-blog.com\/wp-content\/uploads\/2015\/03\/Ekran-Al\u0131nt\u0131s\u0131MD64.1.png\" alt=\"Ekran Al\u0131nt\u0131s\u0131MD64.1\" width=\"640\" height=\"387\" srcset=\"https:\/\/balcilar-blog.com\/wp-content\/uploads\/2015\/03\/Ekran-Al\u0131nt\u0131s\u0131MD64.1.png 640w, https:\/\/balcilar-blog.com\/wp-content\/uploads\/2015\/03\/Ekran-Al\u0131nt\u0131s\u0131MD64.1-300x181.png 300w\" sizes=\"auto, (max-width: 640px) 100vw, 640px\" \/><\/a><\/p>\n<p>Mira, durumu \u00e7ok daha olgunlukla kabullenmi\u015ftir. Yaman\u2019\u0131n aramalar\u0131 dahil, herkese kar\u015f\u0131 cep telefonunu ve kendisini kapatm\u0131\u015f, aramalar\u0131 telesekretere y\u00f6nlendirmi\u015ftir.<\/p>\n<p><a href=\"http:\/\/balcilar-blog.com\/wp-content\/uploads\/2015\/03\/Ekran-Al\u0131nt\u0131s\u0131MD64.2.png\"><img loading=\"lazy\" decoding=\"async\" class=\"alignnone size-full wp-image-7261\" src=\"http:\/\/balcilar-blog.com\/wp-content\/uploads\/2015\/03\/Ekran-Al\u0131nt\u0131s\u0131MD64.2.png\" alt=\"Ekran Al\u0131nt\u0131s\u0131MD64.2\" width=\"631\" height=\"383\" srcset=\"https:\/\/balcilar-blog.com\/wp-content\/uploads\/2015\/03\/Ekran-Al\u0131nt\u0131s\u0131MD64.2.png 631w, https:\/\/balcilar-blog.com\/wp-content\/uploads\/2015\/03\/Ekran-Al\u0131nt\u0131s\u0131MD64.2-300x182.png 300w\" sizes=\"auto, (max-width: 631px) 100vw, 631px\" \/><\/a><\/p>\n<p>Yaman, Mira\u2019dan cevap alamay\u0131nca \u00e7ok endi\u015felenmi\u015f ve tedirgin olmu\u015ftur. Mira dayanamaz, telesekreteri a\u00e7arak gelen konu\u015fmalar\u0131 dinler. Yaman \u00e7ok serttir, bu yazd\u0131klar\u0131n\u0131n hi\u00e7 birini kabul etmiyorum, \u015fimdi yan\u0131na geliyorum, her \u015feyi konu\u015faca\u011f\u0131z, bizi cezaland\u0131rman\u0131 izin vermeyece\u011fim. Sen u\u00e7uruma d\u00fc\u015fmekten korkmuyorum diyordun, \u015fimdi arkana bakmadan ka\u00e7arken, bir de beni a\u015fa\u011f\u0131 itiyorsun. Araman\u0131 bekleyece\u011fim. Mira bu s\u00f6zleri dinlerken g\u00f6zya\u015flar\u0131n\u0131 tutamaz.<\/p>\n<p><a href=\"http:\/\/balcilar-blog.com\/wp-content\/uploads\/2015\/03\/Ekran-Al\u0131nt\u0131s\u0131MD64.3A.png\"><img loading=\"lazy\" decoding=\"async\" class=\"alignnone size-full wp-image-7262\" src=\"http:\/\/balcilar-blog.com\/wp-content\/uploads\/2015\/03\/Ekran-Al\u0131nt\u0131s\u0131MD64.3A.png\" alt=\"Ekran Al\u0131nt\u0131s\u0131MD64.3A\" width=\"623\" height=\"388\" srcset=\"https:\/\/balcilar-blog.com\/wp-content\/uploads\/2015\/03\/Ekran-Al\u0131nt\u0131s\u0131MD64.3A.png 623w, https:\/\/balcilar-blog.com\/wp-content\/uploads\/2015\/03\/Ekran-Al\u0131nt\u0131s\u0131MD64.3A-300x187.png 300w\" sizes=\"auto, (max-width: 623px) 100vw, 623px\" \/><\/a><\/p>\n<p>Yaman Mira\u2019n\u0131n odas\u0131nda buldu\u011fu, bir sa\u00e7 firketesini hat\u0131ra olarak al\u0131r. Bakar ve cebine koyar. \u00c7\u0131k\u0131\u015fta Sude Han\u0131ma, nereye gittiler,nas\u0131l g\u00f6nderirsiniz? Nas\u0131l gitmesine izin verirsiniz? Buras\u0131 Mira\u2019n\u0131n evi, b\u00fct\u00fcn hayat\u0131 burada\u2026 Sude, ben kimseyi bir yere g\u00f6ndermedim, bu tamamen Mira\u2019n\u0131n karar\u0131. E\u011fer sana s\u00f6ylemediyse, bilmeni istemiyor demektir.<\/p>\n<p><a href=\"http:\/\/balcilar-blog.com\/wp-content\/uploads\/2015\/03\/Ekran-Al\u0131nt\u0131s\u0131MD64.4.png\"><img loading=\"lazy\" decoding=\"async\" class=\"alignnone size-full wp-image-7263\" src=\"http:\/\/balcilar-blog.com\/wp-content\/uploads\/2015\/03\/Ekran-Al\u0131nt\u0131s\u0131MD64.4.png\" alt=\"Ekran Al\u0131nt\u0131s\u0131MD64.4\" width=\"608\" height=\"377\" srcset=\"https:\/\/balcilar-blog.com\/wp-content\/uploads\/2015\/03\/Ekran-Al\u0131nt\u0131s\u0131MD64.4.png 608w, https:\/\/balcilar-blog.com\/wp-content\/uploads\/2015\/03\/Ekran-Al\u0131nt\u0131s\u0131MD64.4-300x186.png 300w\" sizes=\"auto, (max-width: 608px) 100vw, 608px\" \/><\/a><\/p>\n<p>Yaman kap\u0131dan \u00e7\u0131k\u0131\u015fta annesi ile kar\u015f\u0131la\u015f\u0131r. Nevin Sude\u2019ye ben \u00e7ocuklar\u0131m\u0131n hesab\u0131n\u0131 soraca\u011f\u0131m sana? Senin y\u00fcz\u00fcnden o\u011flum sakat kald\u0131 benim. Yaman, anne ne oldu Kenan\u2019a? Nevin Yaman&#8217;a, sen de yoksun g\u00f6z\u00fcmde. Abin y\u00fcr\u00fcyemeyecek bundan sonra. Sude&#8217;ye senden ve k\u0131z\u0131ndan davac\u0131 olaca\u011f\u0131m, der.<\/p>\n<p>Sude Faruk Beyi arar ama, Faruk Bey a\u00e7maz. Mesaj atar, Nevin Han\u0131m, Mira\u2019dan \u015fikayet\u00e7i olacakm\u0131\u015f der. Kap\u0131ya \u00fcst kat kom\u015fusu S\u00fcreyya Han\u0131m gelir, kendisini tan\u0131t\u0131r, ho\u015f geldiniz diyerek at\u0131\u015ft\u0131rmal\u0131k bir \u015feyler getirir.<\/p>\n<p><a href=\"http:\/\/balcilar-blog.com\/wp-content\/uploads\/2015\/03\/Ekran-Al\u0131nt\u0131s\u0131MD64.5.png\"><img loading=\"lazy\" decoding=\"async\" class=\"alignnone size-full wp-image-7264\" src=\"http:\/\/balcilar-blog.com\/wp-content\/uploads\/2015\/03\/Ekran-Al\u0131nt\u0131s\u0131MD64.5.png\" alt=\"Ekran Al\u0131nt\u0131s\u0131MD64.5\" width=\"620\" height=\"385\" srcset=\"https:\/\/balcilar-blog.com\/wp-content\/uploads\/2015\/03\/Ekran-Al\u0131nt\u0131s\u0131MD64.5.png 620w, https:\/\/balcilar-blog.com\/wp-content\/uploads\/2015\/03\/Ekran-Al\u0131nt\u0131s\u0131MD64.5-300x186.png 300w\" sizes=\"auto, (max-width: 620px) 100vw, 620px\" \/><\/a><\/p>\n<p>Savc\u0131 Selim Beye, Deniz Han\u0131m\u0131n babas\u0131n\u0131 teslim etmemekle su\u00e7lar, bu nedenle Yaman ve Mira\u2019n\u0131n yeniden sorgulanacaklar\u0131n\u0131 s\u00f6yleyerek tehdit eder. Selim Bey savc\u0131n\u0131n odas\u0131ndan \u00e7\u0131kar. Deniz Han\u0131ma baban\u0131z\u0131n ka\u00e7\u0131\u015f\u0131ndan beni sorumlu tutuyor, benden saklad\u0131\u011f\u0131n\u0131n bir \u015fey var m\u0131?<\/p>\n<p>Yaman evde annesi ile tart\u0131\u015f\u0131r, yoruldu\u011funu, s\u0131f\u0131r\u0131 t\u00fcketti\u011fini s\u00f6yler. A\u011f\u0131r\u0131na gitti\u011fini, elimde neyi tutmaya \u00e7al\u0131\u015ft\u0131ysam kay\u0131p gidiyor. Mira da gitti, terk etti beni. Nevin Han\u0131m, senin yapamad\u0131\u011f\u0131n\u0131 yapm\u0131\u015f. Senden daha \u00e7ok de\u011fer vermi\u015f benim s\u00f6z\u00fcme.<\/p>\n<p><a href=\"http:\/\/balcilar-blog.com\/wp-content\/uploads\/2015\/03\/Ekran-Al\u0131nt\u0131s\u0131MD64.6.png\"><img loading=\"lazy\" decoding=\"async\" class=\"alignnone size-full wp-image-7265\" src=\"http:\/\/balcilar-blog.com\/wp-content\/uploads\/2015\/03\/Ekran-Al\u0131nt\u0131s\u0131MD64.6.png\" alt=\"Ekran Al\u0131nt\u0131s\u0131MD64.6\" width=\"645\" height=\"387\" srcset=\"https:\/\/balcilar-blog.com\/wp-content\/uploads\/2015\/03\/Ekran-Al\u0131nt\u0131s\u0131MD64.6.png 645w, https:\/\/balcilar-blog.com\/wp-content\/uploads\/2015\/03\/Ekran-Al\u0131nt\u0131s\u0131MD64.6-300x180.png 300w\" sizes=\"auto, (max-width: 645px) 100vw, 645px\" \/><\/a><\/p>\n<p>Yaman al\u0131r s\u0131rt \u00e7antas\u0131n\u0131 ko\u015farak gider. Mert pe\u015finden ko\u015fsa da durduramaz. Ko\u015farak giderken, neredeyse Orkun\u2019un arabas\u0131n\u0131n alt\u0131nda kal\u0131yordur. Orkun, kornay\u0131 \u00e7alarak, ne yapmak istedi\u011fini sorar.<\/p>\n<p><a href=\"http:\/\/balcilar-blog.com\/wp-content\/uploads\/2015\/03\/Ekran-Al\u0131nt\u0131s\u0131MD64.7.png\"><img loading=\"lazy\" decoding=\"async\" class=\"alignnone size-full wp-image-7266\" src=\"http:\/\/balcilar-blog.com\/wp-content\/uploads\/2015\/03\/Ekran-Al\u0131nt\u0131s\u0131MD64.7.png\" alt=\"Ekran Al\u0131nt\u0131s\u0131MD64.7\" width=\"661\" height=\"393\" srcset=\"https:\/\/balcilar-blog.com\/wp-content\/uploads\/2015\/03\/Ekran-Al\u0131nt\u0131s\u0131MD64.7.png 661w, https:\/\/balcilar-blog.com\/wp-content\/uploads\/2015\/03\/Ekran-Al\u0131nt\u0131s\u0131MD64.7-300x178.png 300w\" sizes=\"auto, (max-width: 661px) 100vw, 661px\" \/><\/a><\/p>\n<p>Orkun\u2019na Kenan\u2019\u0131n sigortas\u0131n\u0131 kesme, devam ettir ne olur diye rica eder. Orkun, her \u015fey yolundam\u0131 diye sorar. Yaman, hi\u00e7bir \u015fey yolunda de\u011fil diyerek cevap verir.<\/p>\n<p>Faruk Bey k\u0131zlarla markete evin eksiklerini almaya \u00e7\u0131karlar. Eyl\u00fcl, Beren\u2019in telefonundan Mira\u2019y\u0131 arar, Mira a\u00e7mas\u0131n\u0131 istemez. Beren al\u0131\u015fveri\u015f yaparken market \u00e7\u0131ra\u011f\u0131 Ali, se\u00e7mesi zor de\u011fil mi diye tak\u0131l\u0131r. Beren, zaten deterjan kokusunu alerjisi oldu\u011funu s\u00f6yleyerek, al\u0131nacaklar listesini Ali&#8217;nin eline tutu\u015fturur.<\/p>\n<p><a href=\"http:\/\/balcilar-blog.com\/wp-content\/uploads\/2015\/03\/Ekran-Al\u0131nt\u0131s\u0131MD64.8.png\"><img loading=\"lazy\" decoding=\"async\" class=\"alignnone size-full wp-image-7311\" src=\"http:\/\/balcilar-blog.com\/wp-content\/uploads\/2015\/03\/Ekran-Al\u0131nt\u0131s\u0131MD64.8.png\" alt=\"Ekran Al\u0131nt\u0131s\u0131MD64.8\" width=\"655\" height=\"385\" srcset=\"https:\/\/balcilar-blog.com\/wp-content\/uploads\/2015\/03\/Ekran-Al\u0131nt\u0131s\u0131MD64.8.png 655w, https:\/\/balcilar-blog.com\/wp-content\/uploads\/2015\/03\/Ekran-Al\u0131nt\u0131s\u0131MD64.8-300x176.png 300w\" sizes=\"auto, (max-width: 655px) 100vw, 655px\" \/><\/a><\/p>\n<p>Mira ile babas\u0131 manavda sebze al\u0131rken bu defa Eyl\u00fcl Mira\u2019y\u0131 arar, Mira telefonunu a\u00e7maz. Mira mesaj b\u0131rak\u0131r, sonunda bu telefonu a\u00e7acaks\u0131n, Yaman \u00e7ok k\u00f6t\u00fc durumda, Yaman evi terk etti diyerek, ate\u015fin kibritini \u00e7akar.<\/p>\n<p><a href=\"http:\/\/balcilar-blog.com\/wp-content\/uploads\/2015\/03\/Ekran-Al\u0131nt\u0131s\u0131MD64.9.png\"><img loading=\"lazy\" decoding=\"async\" class=\"alignnone size-full wp-image-7268\" src=\"http:\/\/balcilar-blog.com\/wp-content\/uploads\/2015\/03\/Ekran-Al\u0131nt\u0131s\u0131MD64.9.png\" alt=\"Ekran Al\u0131nt\u0131s\u0131MD64.9\" width=\"653\" height=\"389\" srcset=\"https:\/\/balcilar-blog.com\/wp-content\/uploads\/2015\/03\/Ekran-Al\u0131nt\u0131s\u0131MD64.9.png 653w, https:\/\/balcilar-blog.com\/wp-content\/uploads\/2015\/03\/Ekran-Al\u0131nt\u0131s\u0131MD64.9-300x179.png 300w\" sizes=\"auto, (max-width: 653px) 100vw, 653px\" \/><\/a><\/p>\n<p>Mert, \u00f6yle demeseydin ke\u015fke\u2026 Eyl\u00fcl, dedim art\u0131k, \u00e7ok ge\u00e7. Yaman, bilinmesini istemez, \u00e7ok k\u0131zacak. Eyl\u00fcl, onlar darmada\u011f\u0131n\u0131kken ben sessiz kalamam.<\/p>\n<p>Alt\u0131nkoy gen\u00e7leri basket oynarken Orkun gelir. Hale Orkun\u2019a Mira\u2019lar Alt\u0131nkoy\u2019dan ta\u015f\u0131nm\u0131\u015f. Orkun, yapamaz d\u00f6ner yak\u0131nda. Hale, olaylar biraz yat\u0131\u015f\u0131nca, Kenan beni aramad\u0131\u011f\u0131 ortaya \u00e7\u0131kar. Orkun sen de dikkatleri \u00fczerine \u00e7ekme istersen. E\u011fer beni su\u00e7larlarsa, hemen seni i\u015faret ederim, haberin olsun.<\/p>\n<p><a href=\"http:\/\/balcilar-blog.com\/wp-content\/uploads\/2015\/03\/Ekran-Al\u0131nt\u0131s\u0131MD64.10.png\"><img loading=\"lazy\" decoding=\"async\" class=\"alignnone size-full wp-image-7269\" src=\"http:\/\/balcilar-blog.com\/wp-content\/uploads\/2015\/03\/Ekran-Al\u0131nt\u0131s\u0131MD64.10.png\" alt=\"Ekran Al\u0131nt\u0131s\u0131MD64.10\" width=\"669\" height=\"390\" srcset=\"https:\/\/balcilar-blog.com\/wp-content\/uploads\/2015\/03\/Ekran-Al\u0131nt\u0131s\u0131MD64.10.png 669w, https:\/\/balcilar-blog.com\/wp-content\/uploads\/2015\/03\/Ekran-Al\u0131nt\u0131s\u0131MD64.10-300x175.png 300w\" sizes=\"auto, (max-width: 669px) 100vw, 669px\" \/><\/a><\/p>\n<p>Yaman hastaneye a\u011fabeyine gider. Kenan\u2019\u0131n b\u00fct\u00fcn hey heyleri \u00fcst\u00fcndedir. Yaman\u2019a sen niye geldin, cenazeme kald\u0131rmaya m\u0131 geldin, \u00e7ok beklersin, benim senin gibi karde\u015fim yok. Kenan tabak, bardak k\u0131rar d\u00f6ker. Hasan, Yaman\u2019a hadi o\u011flum diyerek geri yollar.<\/p>\n<p><a href=\"http:\/\/balcilar-blog.com\/wp-content\/uploads\/2015\/03\/Ekran-Al\u0131nt\u0131s\u0131MD64.11.png\"><img loading=\"lazy\" decoding=\"async\" class=\"alignnone size-full wp-image-7270\" src=\"http:\/\/balcilar-blog.com\/wp-content\/uploads\/2015\/03\/Ekran-Al\u0131nt\u0131s\u0131MD64.11.png\" alt=\"Ekran Al\u0131nt\u0131s\u0131MD64.11\" width=\"663\" height=\"394\" srcset=\"https:\/\/balcilar-blog.com\/wp-content\/uploads\/2015\/03\/Ekran-Al\u0131nt\u0131s\u0131MD64.11.png 663w, https:\/\/balcilar-blog.com\/wp-content\/uploads\/2015\/03\/Ekran-Al\u0131nt\u0131s\u0131MD64.11-300x178.png 300w\" sizes=\"auto, (max-width: 663px) 100vw, 663px\" \/><\/a><\/p>\n<p>Sedef babas\u0131 As\u0131m Beye, da\u011f\u0131tt\u0131klar\u0131 bas\u0131n b\u00fcltenlerinin \u00e7ok inand\u0131r\u0131c\u0131 olmad\u0131\u011f\u0131n\u0131, bir etkinlik d\u00fczenleyelim diyerek tavsiyede bulunur. Sedef de Selim Serez\u2019in y\u0131l\u0131n adam\u0131 se\u00e7ilmesi ve bir dergiye kapak olmas\u0131n\u0131 t\u00f6renini \u00f6ne al\u0131rlar. Ba\u015flang\u0131\u00e7ta Selim Bey, beni kar\u0131\u015ft\u0131rmay\u0131n diyerek itiraz eder. Mert de babas\u0131na, sen bu y\u0131l\u0131n de\u011fil t\u00fcm zamanlar\u0131n en iyi adam\u0131s\u0131n diyerek ikna eder. T\u00fcm aileleri bir araya getirecek, Serez&#8217;ler, Kaya\u2019lar, Beylice\u2019ler. Selim Bey; Mira\u2019y\u0131 nas\u0131l getiririz diye d\u00fc\u015f\u00fcn\u00fcrken, Yaman\u2019\u0131n da ortada olmad\u0131\u011f\u0131n\u0131 unutmad\u0131n\u0131z de\u011fil mi? \u00a0Mert, merak etme Selim Serez o Yaman buraya gelecek.<\/p>\n<p><a href=\"http:\/\/balcilar-blog.com\/wp-content\/uploads\/2015\/03\/Ekran-Al\u0131nt\u0131s\u0131MD64.12.png\"><img loading=\"lazy\" decoding=\"async\" class=\"alignnone size-full wp-image-7271\" src=\"http:\/\/balcilar-blog.com\/wp-content\/uploads\/2015\/03\/Ekran-Al\u0131nt\u0131s\u0131MD64.12.png\" alt=\"Ekran Al\u0131nt\u0131s\u0131MD64.12\" width=\"657\" height=\"403\" srcset=\"https:\/\/balcilar-blog.com\/wp-content\/uploads\/2015\/03\/Ekran-Al\u0131nt\u0131s\u0131MD64.12.png 657w, https:\/\/balcilar-blog.com\/wp-content\/uploads\/2015\/03\/Ekran-Al\u0131nt\u0131s\u0131MD64.12-300x184.png 300w\" sizes=\"auto, (max-width: 657px) 100vw, 657px\" \/><\/a><\/p>\n<p>Yaman, deniz k\u0131y\u0131s\u0131nda banka oturmu\u015f, hayallere dalm\u0131\u015ft\u0131r. Mira ile ge\u00e7irdikleri g\u00fczel g\u00fcnlere gider. \u00a0O g\u00fcnlerdeki mutlu anlar, film \u015feridi gibi bir bir g\u00f6z\u00fcn\u00fcn \u00f6n\u00fcne gelir.<\/p>\n<p><a href=\"http:\/\/balcilar-blog.com\/wp-content\/uploads\/2015\/03\/Ekran-Al\u0131nt\u0131s\u0131MD64.13.png\"><img loading=\"lazy\" decoding=\"async\" class=\"alignnone size-full wp-image-7272\" src=\"http:\/\/balcilar-blog.com\/wp-content\/uploads\/2015\/03\/Ekran-Al\u0131nt\u0131s\u0131MD64.13.png\" alt=\"Ekran Al\u0131nt\u0131s\u0131MD64.13\" width=\"671\" height=\"392\" srcset=\"https:\/\/balcilar-blog.com\/wp-content\/uploads\/2015\/03\/Ekran-Al\u0131nt\u0131s\u0131MD64.13.png 671w, https:\/\/balcilar-blog.com\/wp-content\/uploads\/2015\/03\/Ekran-Al\u0131nt\u0131s\u0131MD64.13-300x175.png 300w\" sizes=\"auto, (max-width: 671px) 100vw, 671px\" \/><\/a><\/p>\n<p>Selim Bey Yaman\u2019\u0131 arar. Konu\u015fmam\u0131z gereken \u015feyler var. Yaman, abi ne olur bug\u00fcn konu\u015fmasak. Bilmiyorum, haberin var m\u0131? Mira gitti. Biliyorum, Mert s\u00f6yledi. Yerden kalkmaya \u00e7al\u0131\u015f\u0131rken de, bir yumruk da annemden geldi.\u00a0 Nakavt\u0131 da annem yapt\u0131. Ben pa\u00e7alar\u0131mdaki tozu tamamen silkeledim sanm\u0131\u015ft\u0131m, yan\u0131lm\u0131\u015f\u0131m. \u015eimdi tozdan \u00f6n\u00fcm\u00fc g\u00f6remiyorum. Selim, kendini bir an \u00f6nce toplamak zorundas\u0131n. Sana \u015fimdi veremeyece\u011fim tek \u015fey zaman o\u011flum. Kendini sonra arars\u0131n. Bir an \u00f6nce konu\u015fmam\u0131z laz\u0131m. Yaman, savc\u0131 soru\u015fturmay\u0131 geni\u015fletmi\u015f, Mira\u2019n\u0131n da senin de Oktay Yekeli y\u00fcz\u00fcnden durumunuz tehlikede\u2026 Tabii beni de.<\/p>\n<p>Mira, \u00fcst kata S\u00fcreyya Han\u0131ma \u00e7\u0131kar. S\u00fcreyya Han\u0131m kahve yapar, \u00e7ok g\u00fczel de fal bakt\u0131\u011f\u0131n\u0131 s\u00f6yler. B\u00fct\u00fcn h\u00fcnerlerini anlat\u0131r. Mira\u2019n\u0131n da kahve fal\u0131na bakar. S\u00fcreyya Han\u0131m, senin durumun daha \u00e7ok s\u0131cak, yang\u0131ndan mal ka\u00e7\u0131r\u0131r gibi buraya s\u0131\u011f\u0131nm\u0131\u015f\u0131n\u0131z. Mira, i\u00e7im kararm\u0131\u015f deyince, sizin sonunuz bir. Hi\u00e7 merak etme\u2026<\/p>\n<p><a href=\"http:\/\/balcilar-blog.com\/wp-content\/uploads\/2015\/03\/Ekran-Al\u0131nt\u0131s\u0131MD64.14.png\"><img loading=\"lazy\" decoding=\"async\" class=\"alignnone size-full wp-image-7273\" src=\"http:\/\/balcilar-blog.com\/wp-content\/uploads\/2015\/03\/Ekran-Al\u0131nt\u0131s\u0131MD64.14.png\" alt=\"Ekran Al\u0131nt\u0131s\u0131MD64.14\" width=\"671\" height=\"389\" srcset=\"https:\/\/balcilar-blog.com\/wp-content\/uploads\/2015\/03\/Ekran-Al\u0131nt\u0131s\u0131MD64.14.png 671w, https:\/\/balcilar-blog.com\/wp-content\/uploads\/2015\/03\/Ekran-Al\u0131nt\u0131s\u0131MD64.14-300x174.png 300w\" sizes=\"auto, (max-width: 671px) 100vw, 671px\" \/><\/a><\/p>\n<p>Mira, bu kadar m\u0131? Daha ne olsun, sen onu seviyorsun, o seni seviyor. Siz \u00fc\u00e7 vakte kadar kar\u015f\u0131 kar\u015f\u0131ya gelecek konu\u015facaks\u0131n\u0131z. Beni dinle, o \u00e7ocu\u011fu \u00fczme\u2026 Sana ba\u015fka da fal bakm\u0131yorum. Sizin i\u00e7iniz d\u0131\u015f\u0131n\u0131z bir, y\u0131kayay\u0131m da bir an \u00f6nce \u00e7\u0131ks\u0131n.<\/p>\n<p>Evde Yaman, abisinin o \u00f6fkeyle her an ifadesini de\u011fi\u015ftirebilece\u011fini s\u00f6yler. Mert, modellik hayalleri de bitti. Deniz konu\u015furken 2.telefonu \u00e7alar. Selim Bey, \u00f6yle veya b\u00f6yle ger\u00e7e\u011fi sakl\u0131yor, adaleti yan\u0131lt\u0131yoruz. Sedef, Deniz\u2019in konu\u015fmalar\u0131 ve hareketlerinden i\u015fkillenir.<\/p>\n<p><a href=\"http:\/\/balcilar-blog.com\/wp-content\/uploads\/2015\/03\/Ekran-Al\u0131nt\u0131s\u0131MD64.15.png\"><img loading=\"lazy\" decoding=\"async\" class=\"alignnone size-full wp-image-7274\" src=\"http:\/\/balcilar-blog.com\/wp-content\/uploads\/2015\/03\/Ekran-Al\u0131nt\u0131s\u0131MD64.15.png\" alt=\"Ekran Al\u0131nt\u0131s\u0131MD64.15\" width=\"669\" height=\"387\" srcset=\"https:\/\/balcilar-blog.com\/wp-content\/uploads\/2015\/03\/Ekran-Al\u0131nt\u0131s\u0131MD64.15.png 669w, https:\/\/balcilar-blog.com\/wp-content\/uploads\/2015\/03\/Ekran-Al\u0131nt\u0131s\u0131MD64.15-300x174.png 300w\" sizes=\"auto, (max-width: 669px) 100vw, 669px\" \/><\/a><\/p>\n<p>Mira Eyl\u00fcl\u2019\u00fc arar, Yaman\u2019\u0131n nereye gitti\u011fini sorar. Bilmiyorum, telefonlar\u0131n\u0131 a\u00e7m\u0131yor, Mert de s\u00fcrekli ar\u0131yor, \u00e7ok \u00fczg\u00fcn. Eyl\u00fcl, di\u011fer telefondan Mira\u2019n\u0131n Yaman\u2019\u0131 sordu\u011funu Mert\u2019e mesaj atar.<\/p>\n<p><a href=\"http:\/\/balcilar-blog.com\/wp-content\/uploads\/2015\/03\/Ekran-Al\u0131nt\u0131s\u0131MD64.16.png\"><img loading=\"lazy\" decoding=\"async\" class=\"alignnone size-full wp-image-7275\" src=\"http:\/\/balcilar-blog.com\/wp-content\/uploads\/2015\/03\/Ekran-Al\u0131nt\u0131s\u0131MD64.16.png\" alt=\"Ekran Al\u0131nt\u0131s\u0131MD64.16\" width=\"679\" height=\"389\" srcset=\"https:\/\/balcilar-blog.com\/wp-content\/uploads\/2015\/03\/Ekran-Al\u0131nt\u0131s\u0131MD64.16.png 679w, https:\/\/balcilar-blog.com\/wp-content\/uploads\/2015\/03\/Ekran-Al\u0131nt\u0131s\u0131MD64.16-300x172.png 300w\" sizes=\"auto, (max-width: 679px) 100vw, 679px\" \/><\/a><\/p>\n<p>Mira, hemen Yaman\u2019\u0131 arar, Mert a\u00e7ma dese de Yaman telefonu a\u00e7ar. Mira, bana \u00e7ok k\u0131zg\u0131ns\u0131n biliyorum ama\u2026 Yaman, sabah uyand\u0131\u011f\u0131nda sevgilini yan\u0131nda bulamamak ne demek bilemezsin. Bir mektupla veda etmek, her \u015fey \u00e7ok g\u00fczel olabilirdi. Sen b\u00f6yle olmas\u0131n\u0131 istedin. Pes ettin, geride b\u0131rakt\u0131n beni, bir mektupla. Yar\u0131m yamalak bir veda ile otel odas\u0131nda unuttun. Helal olsun! \u00c7ok g\u00fczel oyun oynad\u0131n bana. Mira, geri d\u00f6n.<\/p>\n<p><a href=\"http:\/\/balcilar-blog.com\/wp-content\/uploads\/2015\/03\/Ekran-Al\u0131nt\u0131s\u0131MD64.17A.png\"><img loading=\"lazy\" decoding=\"async\" class=\"alignnone size-medium wp-image-7276\" src=\"http:\/\/balcilar-blog.com\/wp-content\/uploads\/2015\/03\/Ekran-Al\u0131nt\u0131s\u0131MD64.17A-300x191.png\" alt=\"Ekran Al\u0131nt\u0131s\u0131MD64.17A\" width=\"300\" height=\"191\" srcset=\"https:\/\/balcilar-blog.com\/wp-content\/uploads\/2015\/03\/Ekran-Al\u0131nt\u0131s\u0131MD64.17A-300x191.png 300w, https:\/\/balcilar-blog.com\/wp-content\/uploads\/2015\/03\/Ekran-Al\u0131nt\u0131s\u0131MD64.17A.png 610w\" sizes=\"auto, (max-width: 300px) 100vw, 300px\" \/><\/a>\u00a0<a href=\"http:\/\/balcilar-blog.com\/wp-content\/uploads\/2015\/03\/Ekran-Al\u0131nt\u0131s\u0131MD64.17B.png\"><img loading=\"lazy\" decoding=\"async\" class=\"alignnone size-medium wp-image-7277\" src=\"http:\/\/balcilar-blog.com\/wp-content\/uploads\/2015\/03\/Ekran-Al\u0131nt\u0131s\u0131MD64.17B-300x196.png\" alt=\"Ekran Al\u0131nt\u0131s\u0131MD64.17B\" width=\"300\" height=\"196\" srcset=\"https:\/\/balcilar-blog.com\/wp-content\/uploads\/2015\/03\/Ekran-Al\u0131nt\u0131s\u0131MD64.17B-300x196.png 300w, https:\/\/balcilar-blog.com\/wp-content\/uploads\/2015\/03\/Ekran-Al\u0131nt\u0131s\u0131MD64.17B.png 594w\" sizes=\"auto, (max-width: 300px) 100vw, 300px\" \/><\/a><\/p>\n<p>Yaman, vicdan\u0131n\u0131 rahatlatmak i\u00e7in mi arad\u0131n beni. Merak etme, senin pe\u015finden savrulup, s\u00fcr\u00fcklenmiyece\u011fim. Sen tercihini yapt\u0131n. Ben b\u0131rakt\u0131\u011f\u0131n yerde bekliyece\u011fim seni. Ne kadar s\u00fcrerse s\u00fcrs\u00fcn. Ka\u00e7abildi\u011fin kadar ka\u00e7. Seni benden koparmay\u0131 g\u00fcc\u00fcn yetmez Mira.<\/p>\n<p><a href=\"http:\/\/balcilar-blog.com\/wp-content\/uploads\/2015\/03\/Ekran-Al\u0131nt\u0131s\u0131MD64.18.png\"><img loading=\"lazy\" decoding=\"async\" class=\"alignnone size-full wp-image-7278\" src=\"http:\/\/balcilar-blog.com\/wp-content\/uploads\/2015\/03\/Ekran-Al\u0131nt\u0131s\u0131MD64.18.png\" alt=\"Ekran Al\u0131nt\u0131s\u0131MD64.18\" width=\"651\" height=\"385\" srcset=\"https:\/\/balcilar-blog.com\/wp-content\/uploads\/2015\/03\/Ekran-Al\u0131nt\u0131s\u0131MD64.18.png 651w, https:\/\/balcilar-blog.com\/wp-content\/uploads\/2015\/03\/Ekran-Al\u0131nt\u0131s\u0131MD64.18-300x177.png 300w\" sizes=\"auto, (max-width: 651px) 100vw, 651px\" \/><\/a><\/p>\n<p>Mert, Yaman\u2019\u0131n bu s\u00fcper konu\u015fmas\u0131n\u0131 ayakta alk\u0131\u015flar. Gelen Eyl\u00fcl ne oldu diye sorar. Mert, laf\u0131 pis kodu, der. Yaman giyer montunu bah\u00e7eye \u00e7\u0131kar. Mert ile Eyl\u00fcl de pe\u015finden gelirler, Yaman\u2019\u0131n omzundan tutarak onu teselliye \u00e7al\u0131\u015f\u0131rlar.<\/p>\n<p><a href=\"http:\/\/balcilar-blog.com\/wp-content\/uploads\/2015\/03\/Ekran-Al\u0131nt\u0131s\u0131MD64.19.png\"><img loading=\"lazy\" decoding=\"async\" class=\"alignnone size-full wp-image-7279\" src=\"http:\/\/balcilar-blog.com\/wp-content\/uploads\/2015\/03\/Ekran-Al\u0131nt\u0131s\u0131MD64.19.png\" alt=\"Ekran Al\u0131nt\u0131s\u0131MD64.19\" width=\"653\" height=\"382\" srcset=\"https:\/\/balcilar-blog.com\/wp-content\/uploads\/2015\/03\/Ekran-Al\u0131nt\u0131s\u0131MD64.19.png 653w, https:\/\/balcilar-blog.com\/wp-content\/uploads\/2015\/03\/Ekran-Al\u0131nt\u0131s\u0131MD64.19-300x175.png 300w\" sizes=\"auto, (max-width: 653px) 100vw, 653px\" \/><\/a><\/p>\n<p>Selim Bey Sude Han\u0131m ile konu\u015fur. Sude, Mira i\u00e7in gelir mi emin de\u011filim. Burdan ayr\u0131lmak Mira i\u00e7in \u00e7ok b\u00fcy\u00fck bir karard\u0131. Selim Bey, bir \u015fekilde ikna edicez. \u0130yi geceler der ve ayr\u0131l\u0131r. Selim Bey, \u00f6n\u00fcn\u00fc kesen Yaman\u2019a Sude, Tamam. S\u0131ra Mira\u2019da. Mert, Yaman\u2019\u0131n \u00f6yle bir vicdan yapt\u0131 ki, bavulunu yar\u0131n toplay\u0131p gelmezse ben neyim.. Yaman, yok, o i\u015f zor. \u00d6yle kolay d\u00f6necek olan, o mektubu b\u0131rak\u0131p da gitmez.<\/p>\n<p>Sude\u2019ye hizmet\u00e7isi, kap\u0131dan arad\u0131lar polisler geliyormu\u015f. Sedef de, Selim polis diyerek haber veriri. Polis, Yaman Koper, bizimle savc\u0131l\u0131\u011fa gelmen gerekiyor. Sedef, gecenin bu saatinde mi? Polis, savc\u0131n\u0131n emri b\u00f6yle. Selim, Yaman mahkemeye \u00e7\u0131kt\u0131, hakk\u0131nda karar var. Polis, ortaya \u00e7\u0131kan yeni tan\u0131k dolay\u0131s\u0131 ile tekrar ifadesine ba\u015fvurulacak.<\/p>\n<p><a href=\"http:\/\/balcilar-blog.com\/wp-content\/uploads\/2015\/03\/Ekran-Al\u0131nt\u0131s\u0131MD64.20.png\"><img loading=\"lazy\" decoding=\"async\" class=\"alignnone size-full wp-image-7280\" src=\"http:\/\/balcilar-blog.com\/wp-content\/uploads\/2015\/03\/Ekran-Al\u0131nt\u0131s\u0131MD64.20.png\" alt=\"Ekran Al\u0131nt\u0131s\u0131MD64.20\" width=\"641\" height=\"390\" srcset=\"https:\/\/balcilar-blog.com\/wp-content\/uploads\/2015\/03\/Ekran-Al\u0131nt\u0131s\u0131MD64.20.png 641w, https:\/\/balcilar-blog.com\/wp-content\/uploads\/2015\/03\/Ekran-Al\u0131nt\u0131s\u0131MD64.20-300x183.png 300w\" sizes=\"auto, (max-width: 641px) 100vw, 641px\" \/><\/a><\/p>\n<p>Sude, k\u0131z\u0131m art\u0131k burada oturmuyor deyince polis adres ister. Polis arabas\u0131 Mira\u2019n\u0131n yeni adresine gider. S\u00fcreyya Han\u0131m meraklan\u0131r, kesin biri \u015fikayet etti, fal bak\u0131yorum diye\u2026 Beren\u2019i S\u00fcreyya Han\u0131ma b\u0131rakarak Faruk Bey ve Mira savc\u0131ya g\u00f6t\u00fcr\u00fcrler.<\/p>\n<p>Yaman, savc\u0131y\u0131 beklerken \u015fahitlik yapacak kimse yok ki diyerek merak eder. Gene Mert\u2019lerin evinde b\u00fct\u00fcn Alt\u0131nkoy gen\u00e7leri toplanm\u0131\u015ft\u0131r. Mert de babas\u0131na durumu sorar. Arama, heyecanlanma \u00e7ocu\u011fum diyerek Mert\u2019e sert \u00e7\u0131kar.<\/p>\n<p><a href=\"http:\/\/balcilar-blog.com\/wp-content\/uploads\/2015\/03\/Ekran-Al\u0131nt\u0131s\u0131MD64.21.png\"><img loading=\"lazy\" decoding=\"async\" class=\"alignnone size-full wp-image-7281\" src=\"http:\/\/balcilar-blog.com\/wp-content\/uploads\/2015\/03\/Ekran-Al\u0131nt\u0131s\u0131MD64.21.png\" alt=\"Ekran Al\u0131nt\u0131s\u0131MD64.21\" width=\"669\" height=\"389\" srcset=\"https:\/\/balcilar-blog.com\/wp-content\/uploads\/2015\/03\/Ekran-Al\u0131nt\u0131s\u0131MD64.21.png 669w, https:\/\/balcilar-blog.com\/wp-content\/uploads\/2015\/03\/Ekran-Al\u0131nt\u0131s\u0131MD64.21-300x174.png 300w\" sizes=\"auto, (max-width: 669px) 100vw, 669px\" \/><\/a><\/p>\n<p>Selim Bey, s\u0131rf Deniz\u2019in babas\u0131 y\u00fcz\u00fcnden b\u00f6yle yapt\u0131\u011f\u0131n\u0131 s\u00f6yler. O s\u0131rada Faruk ile Mira da gelir. Mira Yaman\u2019a seni de mi \u00e7a\u011f\u0131rd\u0131lar. Mira, benim y\u00fcz\u00fcmden. Yaman, yeni bir tan\u0131k varm\u0131\u015f. Mira, Yaman bana k\u0131zg\u0131ns\u0131n biliyorum, ne olur g\u00f6zlerini benden ka\u00e7\u0131rma. Yaman, k\u0131zg\u0131n de\u011fil k\u0131rg\u0131n\u0131m. Her \u015fey gayet a\u00e7\u0131kt\u0131, yazd\u0131\u011f\u0131n mektupta. Mira, y\u00fcz y\u00fcze s\u00f6yleyemedim. Mira dayanamaz, Yaman\u2019\u0131n boynuna sar\u0131l\u0131r. Yaman da ona s\u0131k\u0131ca sar\u0131l\u0131r. Seninle ilgili ufac\u0131k bir ayr\u0131nt\u0131y\u0131 d\u00fcnyalara de\u011fi\u015fmem.<\/p>\n<p><a href=\"http:\/\/balcilar-blog.com\/wp-content\/uploads\/2015\/03\/Ekran-Al\u0131nt\u0131s\u0131MD64.22.png\"><img loading=\"lazy\" decoding=\"async\" class=\"alignnone size-medium wp-image-7282\" src=\"http:\/\/balcilar-blog.com\/wp-content\/uploads\/2015\/03\/Ekran-Al\u0131nt\u0131s\u0131MD64.22-300x177.png\" alt=\"Ekran Al\u0131nt\u0131s\u0131MD64.22\" width=\"300\" height=\"177\" srcset=\"https:\/\/balcilar-blog.com\/wp-content\/uploads\/2015\/03\/Ekran-Al\u0131nt\u0131s\u0131MD64.22-300x177.png 300w, https:\/\/balcilar-blog.com\/wp-content\/uploads\/2015\/03\/Ekran-Al\u0131nt\u0131s\u0131MD64.22.png 659w\" sizes=\"auto, (max-width: 300px) 100vw, 300px\" \/><\/a>\u00a0<a href=\"http:\/\/balcilar-blog.com\/wp-content\/uploads\/2015\/03\/Ekran-Al\u0131nt\u0131s\u0131MD64.22B.png\"><img loading=\"lazy\" decoding=\"async\" class=\"alignnone size-medium wp-image-7283\" src=\"http:\/\/balcilar-blog.com\/wp-content\/uploads\/2015\/03\/Ekran-Al\u0131nt\u0131s\u0131MD64.22B-300x175.png\" alt=\"Ekran Al\u0131nt\u0131s\u0131MD64.22B\" width=\"300\" height=\"175\" srcset=\"https:\/\/balcilar-blog.com\/wp-content\/uploads\/2015\/03\/Ekran-Al\u0131nt\u0131s\u0131MD64.22B-300x175.png 300w, https:\/\/balcilar-blog.com\/wp-content\/uploads\/2015\/03\/Ekran-Al\u0131nt\u0131s\u0131MD64.22B.png 666w\" sizes=\"auto, (max-width: 300px) 100vw, 300px\" \/><\/a><\/p>\n<p>Yaman Mira\u2019ya; Gitme o zaman d\u00fcn\u2026 Mira; Yapamam.<\/p>\n<p><a href=\"http:\/\/balcilar-blog.com\/wp-content\/uploads\/2015\/03\/Ekran-Al\u0131nt\u0131s\u0131MD64.23.png\"><img loading=\"lazy\" decoding=\"async\" class=\"alignnone size-full wp-image-7284\" src=\"http:\/\/balcilar-blog.com\/wp-content\/uploads\/2015\/03\/Ekran-Al\u0131nt\u0131s\u0131MD64.23.png\" alt=\"Ekran Al\u0131nt\u0131s\u0131MD64.23\" width=\"653\" height=\"395\" srcset=\"https:\/\/balcilar-blog.com\/wp-content\/uploads\/2015\/03\/Ekran-Al\u0131nt\u0131s\u0131MD64.23.png 653w, https:\/\/balcilar-blog.com\/wp-content\/uploads\/2015\/03\/Ekran-Al\u0131nt\u0131s\u0131MD64.23-300x181.png 300w\" sizes=\"auto, (max-width: 653px) 100vw, 653px\" \/><\/a><\/p>\n<p>O s\u0131rada Nevin Han\u0131m gelir. Yaman, enne senin ne i\u015fin var burada? Ne oldu, niye geldin. Selim Bey, san\u0131r\u0131m bahsettikleri yeni tan\u0131k, annendi Yaman. Hay\u0131r bana hi\u00e7bir \u015fey anlatmad\u0131m de\u2026 Yalan s\u00f6ylersen iki o\u011flunu da yakars\u0131n dediler, ben de duyduklar\u0131m\u0131 s\u00f6yledim.<\/p>\n<p><a href=\"http:\/\/balcilar-blog.com\/wp-content\/uploads\/2015\/03\/Ekran-Al\u0131nt\u0131s\u0131MD64.24.png\"><img loading=\"lazy\" decoding=\"async\" class=\"alignnone size-full wp-image-7285\" src=\"http:\/\/balcilar-blog.com\/wp-content\/uploads\/2015\/03\/Ekran-Al\u0131nt\u0131s\u0131MD64.24.png\" alt=\"Ekran Al\u0131nt\u0131s\u0131MD64.24\" width=\"661\" height=\"387\" srcset=\"https:\/\/balcilar-blog.com\/wp-content\/uploads\/2015\/03\/Ekran-Al\u0131nt\u0131s\u0131MD64.24.png 661w, https:\/\/balcilar-blog.com\/wp-content\/uploads\/2015\/03\/Ekran-Al\u0131nt\u0131s\u0131MD64.24-300x176.png 300w\" sizes=\"auto, (max-width: 661px) 100vw, 661px\" \/><\/a><\/p>\n<p>Yaman ve Mira yar\u0131 ayr\u0131 odalara al\u0131n\u0131rlar. Savc\u0131, \u00e7ocuklar ger\u00e7e\u011fi, yaln\u0131zca ger\u00e7e\u011fi s\u00f6yleyin. Selim Bey; \u00c7ocuklar, Nevin Han\u0131m sadece duydu\u011funu s\u00f6yledi, orada de\u011fildi, unutmay\u0131n. Yaman ile Selim Bey savc\u0131n\u0131n odas\u0131na girerler. Mira ile At\u0131lay da ba\u015fka bir odaya al\u0131n\u0131rlar. Yaman ve Mira \u00f6nceki ifadelerine ekleyecek bir \u015feyleri olmayaca\u011f\u0131n\u0131 s\u00f6ylerler.<\/p>\n<p><a href=\"http:\/\/balcilar-blog.com\/wp-content\/uploads\/2015\/03\/Ekran-Al\u0131nt\u0131s\u0131MD64.25A.png\"><img loading=\"lazy\" decoding=\"async\" class=\"alignnone size-medium wp-image-7286\" src=\"http:\/\/balcilar-blog.com\/wp-content\/uploads\/2015\/03\/Ekran-Al\u0131nt\u0131s\u0131MD64.25A-300x187.png\" alt=\"Ekran Al\u0131nt\u0131s\u0131MD64.25A\" width=\"300\" height=\"187\" srcset=\"https:\/\/balcilar-blog.com\/wp-content\/uploads\/2015\/03\/Ekran-Al\u0131nt\u0131s\u0131MD64.25A-300x187.png 300w, https:\/\/balcilar-blog.com\/wp-content\/uploads\/2015\/03\/Ekran-Al\u0131nt\u0131s\u0131MD64.25A.png 626w\" sizes=\"auto, (max-width: 300px) 100vw, 300px\" \/><\/a>\u00a0<a href=\"http:\/\/balcilar-blog.com\/wp-content\/uploads\/2015\/03\/Ekran-Al\u0131nt\u0131s\u0131MD64.25B.png\"><img loading=\"lazy\" decoding=\"async\" class=\"alignnone size-medium wp-image-7287\" src=\"http:\/\/balcilar-blog.com\/wp-content\/uploads\/2015\/03\/Ekran-Al\u0131nt\u0131s\u0131MD64.25B-300x190.png\" alt=\"Ekran Al\u0131nt\u0131s\u0131MD64.25B\" width=\"300\" height=\"190\" srcset=\"https:\/\/balcilar-blog.com\/wp-content\/uploads\/2015\/03\/Ekran-Al\u0131nt\u0131s\u0131MD64.25B-300x190.png 300w, https:\/\/balcilar-blog.com\/wp-content\/uploads\/2015\/03\/Ekran-Al\u0131nt\u0131s\u0131MD64.25B.png 620w\" sizes=\"auto, (max-width: 300px) 100vw, 300px\" \/><\/a><\/p>\n<p>Beren evde, S\u00fcreyya Han\u0131m ye\u011feni Ali\u2019yi evlerinde g\u00f6r\u00fcnce \u00e7\u0131\u011fl\u0131\u011f\u0131 basar. S\u00fcreyya han\u0131m, Faruk beyi arar, durumu izahat eder. Beren de babas\u0131 ile konu\u015fur.<\/p>\n<p>Evde Sedef de, devaml\u0131 telefonla konu\u015fan Deniz\u2019e bakar. Sude, Faruk ile konu\u015fur, her \u015fey savc\u0131n\u0131n ba\u015f\u0131n\u0131n alt\u0131ndan \u00e7\u0131k\u0131yormu\u015f. Sedef, Deniz\u2019in \u00e7antas\u0131ndan telefonunu al\u0131r.\u00a0 Deniz Sedef\u2019e ne yap\u0131yorsun sen. Sedef, baban her \u015feyi itiraf etti. Sedef Deniz\u2019e bl\u00f6f yapar. Evde babas\u0131 telefona cevap vermeyince, Deniz do\u011fruca eve ko\u015far. Sedef de pe\u015finden gider, Sedef de Selim\u2019e Deniz babas\u0131n\u0131n yan\u0131na gidiyor. Selim Bey savc\u0131ya arad\u0131\u011f\u0131m\u0131z \u015fah\u0131s bulundu diye haber verdirir.<\/p>\n<p><a href=\"http:\/\/balcilar-blog.com\/wp-content\/uploads\/2015\/03\/Ekran-Al\u0131nt\u0131s\u0131MD64.26.png\"><img loading=\"lazy\" decoding=\"async\" class=\"alignnone size-full wp-image-7288\" src=\"http:\/\/balcilar-blog.com\/wp-content\/uploads\/2015\/03\/Ekran-Al\u0131nt\u0131s\u0131MD64.26.png\" alt=\"Ekran Al\u0131nt\u0131s\u0131MD64.26\" width=\"646\" height=\"382\" srcset=\"https:\/\/balcilar-blog.com\/wp-content\/uploads\/2015\/03\/Ekran-Al\u0131nt\u0131s\u0131MD64.26.png 646w, https:\/\/balcilar-blog.com\/wp-content\/uploads\/2015\/03\/Ekran-Al\u0131nt\u0131s\u0131MD64.26-300x177.png 300w\" sizes=\"auto, (max-width: 646px) 100vw, 646px\" \/><\/a><\/p>\n<p>Baba Oktay Bey yerde bayg\u0131n bulunur. Ya\u015f\u0131yordur, hemen bir ambulans \u00e7a\u011fr\u0131l\u0131r. \u0130tiraf mektubunu da yazm\u0131\u015f, b\u0131rakm\u0131\u015ft\u0131r. \u0130tiraf\u0131n\u0131 yazarken beyin kanamas\u0131 ge\u00e7irmi\u015ftir. Selim Bey, size de ge\u00e7mi\u015f olsun say\u0131n savc\u0131m, b\u00fcy\u00fck bir yanl\u0131\u015f\u0131n ucundan d\u00f6nd\u00fcn\u00fcz.<\/p>\n<p>Mira ve Yaman sorgudan \u00e7\u0131karlar. Yaman Mira\u2019n\u0131n elini y\u00fcz\u00fcn\u00fc y\u0131kamas\u0131n\u0131 yard\u0131m eder. Yaman, benim \u00fczerimden y\u00fcr\u00fcmesi gerekliydi ifadelerimizi de\u011fi\u015ftiremezdik.<\/p>\n<p><a href=\"http:\/\/balcilar-blog.com\/wp-content\/uploads\/2015\/03\/Ekran-Al\u0131nt\u0131s\u0131MD64.27.png\"><img loading=\"lazy\" decoding=\"async\" class=\"alignnone size-full wp-image-7289\" src=\"http:\/\/balcilar-blog.com\/wp-content\/uploads\/2015\/03\/Ekran-Al\u0131nt\u0131s\u0131MD64.27.png\" alt=\"Ekran Al\u0131nt\u0131s\u0131MD64.27\" width=\"657\" height=\"392\" srcset=\"https:\/\/balcilar-blog.com\/wp-content\/uploads\/2015\/03\/Ekran-Al\u0131nt\u0131s\u0131MD64.27.png 657w, https:\/\/balcilar-blog.com\/wp-content\/uploads\/2015\/03\/Ekran-Al\u0131nt\u0131s\u0131MD64.27-300x179.png 300w\" sizes=\"auto, (max-width: 657px) 100vw, 657px\" \/><\/a><\/p>\n<p>O s\u0131rada oraya Orkun da gelmi\u015ftir. Faruk Bey, hadi evimize gidelim, burada i\u015fimiz bitti. Orkun, ge\u00e7mi\u015f olsun, der.\u00a0 Orkun Yaman\u2019a, bu arada ben abinin i\u015fini hallettim, merak etme. Yaman; tamam ben, \u00f6diyece\u011fim. Orkun gerek yok dese de, ben \u00f6deyece\u011fim. Yaman; Rica ediyorum , Mira abimin durumundan haberdar olmas\u0131n. Orkun, s\u00f6yler miyim, yoksa Mira da\u011f\u0131l\u0131r. Yaman sa\u011f ol der ve \u00e7\u0131kar.<\/p>\n<p><a href=\"http:\/\/balcilar-blog.com\/wp-content\/uploads\/2015\/03\/Ekran-Al\u0131nt\u0131s\u0131MD64.28.png\"><img loading=\"lazy\" decoding=\"async\" class=\"alignnone size-full wp-image-7290\" src=\"http:\/\/balcilar-blog.com\/wp-content\/uploads\/2015\/03\/Ekran-Al\u0131nt\u0131s\u0131MD64.28.png\" alt=\"Ekran Al\u0131nt\u0131s\u0131MD64.28\" width=\"669\" height=\"388\" srcset=\"https:\/\/balcilar-blog.com\/wp-content\/uploads\/2015\/03\/Ekran-Al\u0131nt\u0131s\u0131MD64.28.png 669w, https:\/\/balcilar-blog.com\/wp-content\/uploads\/2015\/03\/Ekran-Al\u0131nt\u0131s\u0131MD64.28-300x174.png 300w\" sizes=\"auto, (max-width: 669px) 100vw, 669px\" \/><\/a><\/p>\n<p>Yaman taksi ile Mira\u2019y\u0131 yeni evlerine b\u0131rak\u0131r. Beren, Yaman\u2019\u0131n geldi\u011fini pencereden g\u00f6r\u00fcnce bunun ne i\u015fi var burada, buraya da m\u0131 bula\u015ft\u0131. Mira, i\u015fte bizim Narl\u0131\u00e7e\u015fme diyerek yeni evlerini g\u00f6sterir. Yaman, Tozludere de\u011fil. Mira, sabah olmak \u00fczere, bir \u00e7ay i\u00e7mek ister misin? \u00a0Yaman ba\u015f\u0131yla hay\u0131r der. Mira, Beren\u2019i bo\u015f ver. Yaman; Ben sana nas\u0131l annemi bo\u015f ver diyemiyorsam, sen de Beren\u2019i bo\u015f ver deme\u2026 Bizden \u00e7ok onlar\u0131 d\u00fc\u015f\u00fcnd\u00fc\u011f\u00fcm\u00fcz i\u00e7in bu haldeyiz. Mira; Ba\u015fka t\u00fcrl\u00fcs\u00fcn\u00fc becerebilirmiydik? Yaman; Denemedik ki? Sen ikimizin yerine bir karar verdin ve istedi\u011fin gibi olucak, zorlam\u0131cam. Zaten her \u015fey yeterince zor. Yaman, Miran\u0131n ellerinden tutar, bu zaten gelip ge\u00e7ici biliyorum. \u00c7ocuklar\u0131m olucak, senden olucak. Ailem sen olacaks\u0131n. Benim kaderimde senden ba\u015fkas\u0131 yok Mira. Yaman; Ho\u015f\u00e7a kal\u2026 \u015eimdilik, der ve taksiye biner gider.<\/p>\n<p><a href=\"http:\/\/balcilar-blog.com\/wp-content\/uploads\/2015\/03\/Ekran-Al\u0131nt\u0131s\u0131MD64.29A.png\"><img loading=\"lazy\" decoding=\"async\" class=\"alignnone size-full wp-image-7291\" src=\"http:\/\/balcilar-blog.com\/wp-content\/uploads\/2015\/03\/Ekran-Al\u0131nt\u0131s\u0131MD64.29A.png\" alt=\"Ekran Al\u0131nt\u0131s\u0131MD64.29A\" width=\"652\" height=\"393\" srcset=\"https:\/\/balcilar-blog.com\/wp-content\/uploads\/2015\/03\/Ekran-Al\u0131nt\u0131s\u0131MD64.29A.png 652w, https:\/\/balcilar-blog.com\/wp-content\/uploads\/2015\/03\/Ekran-Al\u0131nt\u0131s\u0131MD64.29A-300x181.png 300w\" sizes=\"auto, (max-width: 652px) 100vw, 652px\" \/><\/a><\/p>\n<p>Yaman bah\u00e7ede havuzun su \u00fcst\u00fcndeki \u00e7\u00f6plerini temizler. O s\u0131rada Selim bey de eve gelir. Oktay Bey i\u00e7in, maalesef kaybettik, der. Selim Sedef\u2019e sayende babas\u0131 hayattayken son bir kez g\u00f6rd\u00fc. Mert; Deniz Han\u0131m babas\u0131n\u0131 korumak isterken hepimizi zor durumda b\u0131rakt\u0131.<\/p>\n<p><a href=\"http:\/\/balcilar-blog.com\/wp-content\/uploads\/2015\/03\/Ekran-Al\u0131nt\u0131s\u0131MD64.47.png\"><img loading=\"lazy\" decoding=\"async\" class=\"alignnone size-full wp-image-7319\" src=\"http:\/\/balcilar-blog.com\/wp-content\/uploads\/2015\/03\/Ekran-Al\u0131nt\u0131s\u0131MD64.47.png\" alt=\"Ekran Al\u0131nt\u0131s\u0131MD64.47\" width=\"588\" height=\"338\" srcset=\"https:\/\/balcilar-blog.com\/wp-content\/uploads\/2015\/03\/Ekran-Al\u0131nt\u0131s\u0131MD64.47.png 588w, https:\/\/balcilar-blog.com\/wp-content\/uploads\/2015\/03\/Ekran-Al\u0131nt\u0131s\u0131MD64.47-300x172.png 300w\" sizes=\"auto, (max-width: 588px) 100vw, 588px\" \/><\/a><\/p>\n<p>Selim Bey bah\u00e7eye \u00e7\u0131kar. Havuz temizleyen Yaman\u2019a; Kafan\u0131n i\u00e7indekilere 100 ka\u011f\u0131t veririm. Yaman; Paran cebinde kals\u0131n ya\u2026 Selim Bey; Savc\u0131l\u0131ktan sonra annenle konu\u015ftun mu? Yaman; Mira\u2019lar\u0131n mahalleye gittim, yeni evlerini \u00f6\u011frendim. Yaman Selim Beye; Ben ne yapcam abi ya\u2026 Ha, ne yapay\u0131m ben, abi sen s\u00f6yle ne yapcam ben, bana bir ak\u0131l, fikir ver. S\u0131k\u0131\u015ft\u0131m kald\u0131m, y\u00f6n\u00fcm\u00fc bulam\u0131yorum. Frenim patlad\u0131, yoku\u015f a\u015fa\u011f\u0131 gidiyorum, nereye toslayaca\u011f\u0131m\u0131 bilmiyorum. Selim Bey; El frenini \u00e7ekip, g\u00fcvenli bir yerde durmaya \u00e7al\u0131\u015facaks\u0131n. Yaman; \u00f6fkem, mat\u0131\u011f\u0131m\u0131n \u00f6n\u00fcne ge\u00e7ti. Selim; \u00d6nce sakinle\u015feceksin, ba\u015fka yolu yok.<\/p>\n<p><a href=\"http:\/\/balcilar-blog.com\/wp-content\/uploads\/2015\/03\/Ekran-Al\u0131nt\u0131s\u0131MD64.30AA.png\"><img loading=\"lazy\" decoding=\"async\" class=\"alignnone size-full wp-image-7292\" src=\"http:\/\/balcilar-blog.com\/wp-content\/uploads\/2015\/03\/Ekran-Al\u0131nt\u0131s\u0131MD64.30AA.png\" alt=\"Ekran Al\u0131nt\u0131s\u0131MD64.30AA\" width=\"664\" height=\"383\" srcset=\"https:\/\/balcilar-blog.com\/wp-content\/uploads\/2015\/03\/Ekran-Al\u0131nt\u0131s\u0131MD64.30AA.png 664w, https:\/\/balcilar-blog.com\/wp-content\/uploads\/2015\/03\/Ekran-Al\u0131nt\u0131s\u0131MD64.30AA-300x173.png 300w\" sizes=\"auto, (max-width: 664px) 100vw, 664px\" \/><\/a><\/p>\n<p>Yaman ile Selim Bey, baba o\u011ful gibi dertle\u015firler. Selim Bey, onu telkinlerde bulunur. Aran\u0131zda aileleriniz var, zamanla unutaca\u011f\u0131n\u0131za birbirinizi su\u00e7lamaya ba\u015flars\u0131n\u0131z. Her \u015fey daha k\u00f6t\u00fc olabilirdi, \u00f6nce bunu kabullen. Abin o evden sa\u011f \u00e7\u0131kamayabilirdi. Ne olursa olsun, \u015fansl\u0131s\u0131n\u0131z. O s\u0131rada Mert de onlar\u0131n yan\u0131na gelir.<\/p>\n<p><a href=\"http:\/\/balcilar-blog.com\/wp-content\/uploads\/2015\/03\/Ekran-Al\u0131nt\u0131s\u0131MD64.31.png\"><img loading=\"lazy\" decoding=\"async\" class=\"alignnone size-full wp-image-7293\" src=\"http:\/\/balcilar-blog.com\/wp-content\/uploads\/2015\/03\/Ekran-Al\u0131nt\u0131s\u0131MD64.31.png\" alt=\"Ekran Al\u0131nt\u0131s\u0131MD64.31\" width=\"655\" height=\"384\" srcset=\"https:\/\/balcilar-blog.com\/wp-content\/uploads\/2015\/03\/Ekran-Al\u0131nt\u0131s\u0131MD64.31.png 655w, https:\/\/balcilar-blog.com\/wp-content\/uploads\/2015\/03\/Ekran-Al\u0131nt\u0131s\u0131MD64.31-300x176.png 300w\" sizes=\"auto, (max-width: 655px) 100vw, 655px\" \/><\/a><\/p>\n<p>Her\u015feye ra\u011fmen geri d\u00f6n\u00fc\u015f\u00fc olamayan bir yola girmediniz, bir umudunuz var. Selim Bey, Yaman\u2019\u0131n koluna vurarak; Ben size inan\u0131yorum. Sevginize g\u00fcveniyorum, sen de g\u00fcven. S\u0131k di\u015fini, sabret. Sabr\u0131n\u0131z\u0131 \u00f6nce bu ate\u015fi k\u00f6ze d\u00f6nd\u00fcreceksiniz. K\u00fcl olmas\u0131n\u0131 bekliyeceksiniz. Mert lafa kar\u0131\u015f\u0131r. Sonra Mira ile k\u00fcllerinizden do\u011facaks\u0131n\u0131z. Anka ku\u015fu misali\u2026 Selim Bey, en zor raundlar\u0131 atlatt\u0131k. Mert, biz bize kal\u0131nca \u00f6n\u00fcm\u00fcze bakal\u0131m. Selim Bey, biz bize kalal\u0131m, yava\u015f yava\u015f s\u0131k\u0131nt\u0131lar\u0131 def edece\u011fiz. \u00dc\u00e7\u00fc de yumak olur, birbirlerine sar\u0131l\u0131rlar.<\/p>\n<p><a href=\"http:\/\/balcilar-blog.com\/wp-content\/uploads\/2015\/03\/Ekran-Al\u0131nt\u0131s\u0131MD64.32A.png\"><img loading=\"lazy\" decoding=\"async\" class=\"alignnone size-full wp-image-7294\" src=\"http:\/\/balcilar-blog.com\/wp-content\/uploads\/2015\/03\/Ekran-Al\u0131nt\u0131s\u0131MD64.32A.png\" alt=\"Ekran Al\u0131nt\u0131s\u0131MD64.32A\" width=\"661\" height=\"384\" srcset=\"https:\/\/balcilar-blog.com\/wp-content\/uploads\/2015\/03\/Ekran-Al\u0131nt\u0131s\u0131MD64.32A.png 661w, https:\/\/balcilar-blog.com\/wp-content\/uploads\/2015\/03\/Ekran-Al\u0131nt\u0131s\u0131MD64.32A-300x174.png 300w\" sizes=\"auto, (max-width: 661px) 100vw, 661px\" \/><\/a><\/p>\n<p>Kenan; Hastanede odas\u0131ndan hem\u015fireyi \u00e7a\u011f\u0131r\u0131r. Zile basar, sular\u0131 yere d\u00f6ker. Gelen hastabakc\u0131 gelir, d\u00f6k\u00fclen suyun \u00fcst\u00fcne gazete serer. Kenan gazetedeki habere g\u00f6z\u00fc tak\u0131l\u0131r. \u201cSelim Serez\u2019in mutlu g\u00fcn\u00fc\u201d haberini okur.\u00a0 Zaten Leyla da Kenan\u2019a yap\u0131lacaklar\u0131 t\u00f6reni ve bu g\u00f6rkemli g\u00f6vde g\u00f6sterisini anlatm\u0131\u015ft\u0131.<\/p>\n<p><a href=\"http:\/\/balcilar-blog.com\/wp-content\/uploads\/2015\/03\/Ekran-Al\u0131nt\u0131s\u0131MD64.33.png\"><img loading=\"lazy\" decoding=\"async\" class=\"alignnone size-full wp-image-7295\" src=\"http:\/\/balcilar-blog.com\/wp-content\/uploads\/2015\/03\/Ekran-Al\u0131nt\u0131s\u0131MD64.33.png\" alt=\"Ekran Al\u0131nt\u0131s\u0131MD64.33\" width=\"663\" height=\"388\" srcset=\"https:\/\/balcilar-blog.com\/wp-content\/uploads\/2015\/03\/Ekran-Al\u0131nt\u0131s\u0131MD64.33.png 663w, https:\/\/balcilar-blog.com\/wp-content\/uploads\/2015\/03\/Ekran-Al\u0131nt\u0131s\u0131MD64.33-300x176.png 300w\" sizes=\"auto, (max-width: 663px) 100vw, 663px\" \/><\/a><\/p>\n<p>Mert Yaman\u2019a, bir tak\u0131m elbise ile gelir. Selim Serez, o\u011fullar\u0131n\u0131n bir \u00f6rnek olmas\u0131n\u0131 istedi. Yaman da, madem \u00f6yle isteneni yapar\u0131z. Mert, bu gece bitsin ondan sonra rahat\u0131z. Mert, biz alk\u0131\u015flarla sahneden indikten sonra Alt\u0131nkoy\u2019da bamba\u015fka \u015feyler konu\u015fulur olacak. Mert, senin sevinmen laz\u0131m, Mira gelecek. Yaman, bakal\u0131m gelecek mi?<\/p>\n<p><a href=\"http:\/\/balcilar-blog.com\/wp-content\/uploads\/2015\/03\/Ekran-Al\u0131nt\u0131s\u0131MD64.34.png\"><img loading=\"lazy\" decoding=\"async\" class=\"alignnone size-full wp-image-7296\" src=\"http:\/\/balcilar-blog.com\/wp-content\/uploads\/2015\/03\/Ekran-Al\u0131nt\u0131s\u0131MD64.34.png\" alt=\"Ekran Al\u0131nt\u0131s\u0131MD64.34\" width=\"662\" height=\"383\" srcset=\"https:\/\/balcilar-blog.com\/wp-content\/uploads\/2015\/03\/Ekran-Al\u0131nt\u0131s\u0131MD64.34.png 662w, https:\/\/balcilar-blog.com\/wp-content\/uploads\/2015\/03\/Ekran-Al\u0131nt\u0131s\u0131MD64.34-300x174.png 300w\" sizes=\"auto, (max-width: 662px) 100vw, 662px\" \/><\/a><\/p>\n<p>Beren giyinirken elbisenin diki\u015fi atar, S\u00fcreyya Han\u0131m ayn\u0131 zamanda terzilik de yapt\u0131\u011f\u0131 i\u00e7in, halleder. Faruk Bey k\u0131zlar\u0131n\u0131 arabaya bindirir, Alt\u0131nkoy\u2019a do\u011fru yola \u00e7\u0131karlar.<\/p>\n<p><a href=\"http:\/\/balcilar-blog.com\/wp-content\/uploads\/2015\/03\/Ekran-Al\u0131nt\u0131s\u0131MD64.35.png\"><img loading=\"lazy\" decoding=\"async\" class=\"alignnone size-full wp-image-7297\" src=\"http:\/\/balcilar-blog.com\/wp-content\/uploads\/2015\/03\/Ekran-Al\u0131nt\u0131s\u0131MD64.35.png\" alt=\"Ekran Al\u0131nt\u0131s\u0131MD64.35\" width=\"660\" height=\"388\" srcset=\"https:\/\/balcilar-blog.com\/wp-content\/uploads\/2015\/03\/Ekran-Al\u0131nt\u0131s\u0131MD64.35.png 660w, https:\/\/balcilar-blog.com\/wp-content\/uploads\/2015\/03\/Ekran-Al\u0131nt\u0131s\u0131MD64.35-300x176.png 300w\" sizes=\"auto, (max-width: 660px) 100vw, 660px\" \/><\/a><\/p>\n<p>As\u0131m bey, torunu Mert ile poz poz bas\u0131na resim \u00e7ektirir. Selim Bey de \u00e7ok \u015f\u0131kt\u0131r, ne de olsa y\u0131l\u0131n adam\u0131 se\u00e7ilmi\u015ftir. \u00a0Bas\u0131n ve kameralar g\u00f6r\u00fcnt\u00fclerini al\u0131rlar.<\/p>\n<p><a href=\"http:\/\/balcilar-blog.com\/wp-content\/uploads\/2015\/03\/Ekran-Al\u0131nt\u0131s\u0131MD64.36.png\"><img loading=\"lazy\" decoding=\"async\" class=\"alignnone size-full wp-image-7298\" src=\"http:\/\/balcilar-blog.com\/wp-content\/uploads\/2015\/03\/Ekran-Al\u0131nt\u0131s\u0131MD64.36.png\" alt=\"Ekran Al\u0131nt\u0131s\u0131MD64.36\" width=\"633\" height=\"392\" srcset=\"https:\/\/balcilar-blog.com\/wp-content\/uploads\/2015\/03\/Ekran-Al\u0131nt\u0131s\u0131MD64.36.png 633w, https:\/\/balcilar-blog.com\/wp-content\/uploads\/2015\/03\/Ekran-Al\u0131nt\u0131s\u0131MD64.36-300x186.png 300w\" sizes=\"auto, (max-width: 633px) 100vw, 633px\" \/><\/a><\/p>\n<p>Deniz Han\u0131m da geceye davetli de\u011fil, g\u00f6rev i\u00e7in kat\u0131l\u0131r. Orkun da geceye Leyla ile gelir. Hale Orkun\u2019a Yaman ile Mira\u2019n\u0131n ayr\u0131lmad\u0131klar\u0131n\u0131, yapt\u0131klar\u0131n\u0131n bir i\u015fe yaramad\u0131\u011f\u0131n\u0131 s\u00f6yler. Her \u015fey bo\u015fu bo\u015funa oldu.<\/p>\n<p>Mert ile Yaman iki karde\u015f, Selim Beyin iste\u011fi \u00fczerine ayn\u0131 renk tak\u0131m elbise giyerler. Olduk\u00e7a da \u015f\u0131kt\u0131rlar.<\/p>\n<p><a href=\"http:\/\/balcilar-blog.com\/wp-content\/uploads\/2015\/03\/Ekran-Al\u0131nt\u0131s\u0131MD64.39.png\"><img loading=\"lazy\" decoding=\"async\" class=\"alignnone size-full wp-image-7301\" src=\"http:\/\/balcilar-blog.com\/wp-content\/uploads\/2015\/03\/Ekran-Al\u0131nt\u0131s\u0131MD64.39.png\" alt=\"Ekran Al\u0131nt\u0131s\u0131MD64.39\" width=\"646\" height=\"390\" srcset=\"https:\/\/balcilar-blog.com\/wp-content\/uploads\/2015\/03\/Ekran-Al\u0131nt\u0131s\u0131MD64.39.png 646w, https:\/\/balcilar-blog.com\/wp-content\/uploads\/2015\/03\/Ekran-Al\u0131nt\u0131s\u0131MD64.39-300x181.png 300w\" sizes=\"auto, (max-width: 646px) 100vw, 646px\" \/><\/a><\/p>\n<p>Bu parti, bir bak\u0131ma da Sude Han\u0131m\u0131n aklanmas\u0131 partisi olur, bas\u0131na kendisini anlatarak temize \u00e7\u0131karmaya \u00e7al\u0131\u015f\u0131r.<\/p>\n<p><a href=\"http:\/\/balcilar-blog.com\/wp-content\/uploads\/2015\/03\/Ekran-Al\u0131nt\u0131s\u0131MD64.37.png\"><img loading=\"lazy\" decoding=\"async\" class=\"alignnone size-full wp-image-7299\" src=\"http:\/\/balcilar-blog.com\/wp-content\/uploads\/2015\/03\/Ekran-Al\u0131nt\u0131s\u0131MD64.37.png\" alt=\"Ekran Al\u0131nt\u0131s\u0131MD64.37\" width=\"663\" height=\"382\" srcset=\"https:\/\/balcilar-blog.com\/wp-content\/uploads\/2015\/03\/Ekran-Al\u0131nt\u0131s\u0131MD64.37.png 663w, https:\/\/balcilar-blog.com\/wp-content\/uploads\/2015\/03\/Ekran-Al\u0131nt\u0131s\u0131MD64.37-300x173.png 300w\" sizes=\"auto, (max-width: 663px) 100vw, 663px\" \/><\/a><\/p>\n<p>Mira\u2019n\u0131n geli\u015fi olay olur, b\u00fct\u00fcn bas\u0131n mensuplar\u0131 \u00fczerine y\u00fcr\u00fcr. Yaman Mira\u2019lar\u0131n geldi\u011fini g\u00f6r\u00fcnce o da kar\u015f\u0131lamaya \u00e7\u0131kar. Faruk Bey, kz\u0131lar\u0131 ile poz verir. Eyl\u00fcl de onlara kat\u0131l\u0131r.<\/p>\n<p><a href=\"http:\/\/balcilar-blog.com\/wp-content\/uploads\/2015\/03\/Ekran-Al\u0131nt\u0131s\u0131MD64.38.png\"><img loading=\"lazy\" decoding=\"async\" class=\"alignnone size-full wp-image-7300\" src=\"http:\/\/balcilar-blog.com\/wp-content\/uploads\/2015\/03\/Ekran-Al\u0131nt\u0131s\u0131MD64.38.png\" alt=\"Ekran Al\u0131nt\u0131s\u0131MD64.38\" width=\"667\" height=\"384\" srcset=\"https:\/\/balcilar-blog.com\/wp-content\/uploads\/2015\/03\/Ekran-Al\u0131nt\u0131s\u0131MD64.38.png 667w, https:\/\/balcilar-blog.com\/wp-content\/uploads\/2015\/03\/Ekran-Al\u0131nt\u0131s\u0131MD64.38-300x173.png 300w\" sizes=\"auto, (max-width: 667px) 100vw, 667px\" \/><\/a><\/p>\n<p>Mira Yaman\u2019\u0131 g\u00f6r\u00fcnce eli ile i\u015faret ederek, yanlar\u0131na \u00e7a\u011f\u0131r\u0131r. Yaman Mira\u2019ya \u00f6perek ho\u015f geldin der.<\/p>\n<p><a href=\"http:\/\/balcilar-blog.com\/wp-content\/uploads\/2015\/03\/Ekran-Al\u0131nt\u0131s\u0131MD64.41.png\"><img loading=\"lazy\" decoding=\"async\" class=\"alignnone size-full wp-image-7303\" src=\"http:\/\/balcilar-blog.com\/wp-content\/uploads\/2015\/03\/Ekran-Al\u0131nt\u0131s\u0131MD64.41.png\" alt=\"Ekran Al\u0131nt\u0131s\u0131MD64.41\" width=\"665\" height=\"386\" srcset=\"https:\/\/balcilar-blog.com\/wp-content\/uploads\/2015\/03\/Ekran-Al\u0131nt\u0131s\u0131MD64.41.png 665w, https:\/\/balcilar-blog.com\/wp-content\/uploads\/2015\/03\/Ekran-Al\u0131nt\u0131s\u0131MD64.41-300x174.png 300w\" sizes=\"auto, (max-width: 665px) 100vw, 665px\" \/><\/a><\/p>\n<p>Bas\u0131n foto\u011fraflar\u0131n\u0131 almaya devam eder. Mira\u2019ya anneniz ile darg\u0131n oldu\u011funuz i\u00e7in bu geceye kat\u0131lmayaca\u011f\u0131n\u0131z s\u00f6ylendi. Sude hemen a\u00e7\u0131kl\u0131k getirir. Mira ile Beren babalar\u0131 ile ba\u015fka bir davetteydi o y\u00fczden, \u015fimdi kat\u0131ld\u0131lar. Yaman Miran\u2019n\u0131n kula\u011f\u0131na, herkes rol\u00fcn\u00fc \u00e7ok iyi oynuyor der.<\/p>\n<p><a href=\"http:\/\/balcilar-blog.com\/wp-content\/uploads\/2015\/03\/Ekran-Al\u0131nt\u0131s\u0131MD64.40.png\"><img loading=\"lazy\" decoding=\"async\" class=\"alignnone size-full wp-image-7302\" src=\"http:\/\/balcilar-blog.com\/wp-content\/uploads\/2015\/03\/Ekran-Al\u0131nt\u0131s\u0131MD64.40.png\" alt=\"Ekran Al\u0131nt\u0131s\u0131MD64.40\" width=\"676\" height=\"386\" srcset=\"https:\/\/balcilar-blog.com\/wp-content\/uploads\/2015\/03\/Ekran-Al\u0131nt\u0131s\u0131MD64.40.png 676w, https:\/\/balcilar-blog.com\/wp-content\/uploads\/2015\/03\/Ekran-Al\u0131nt\u0131s\u0131MD64.40-300x171.png 300w\" sizes=\"auto, (max-width: 676px) 100vw, 676px\" \/><\/a><\/p>\n<p>Beren de, ne haber ortak diyerek, Yaman\u2019\u0131 \u00f6per. Mira, biraz ortalarda g\u00f6r\u00fcnelim, sonra gidelim olu mu? Yaman, beni g\u00f6rmemek i\u00e7in kilometrelerce uza\u011fa gittin ama diyerek laf\u0131 sokar.<\/p>\n<p><a href=\"http:\/\/balcilar-blog.com\/wp-content\/uploads\/2015\/03\/Ekran-Al\u0131nt\u0131s\u0131MD64.43A.png\"><img loading=\"lazy\" decoding=\"async\" class=\"alignnone size-full wp-image-7306\" src=\"http:\/\/balcilar-blog.com\/wp-content\/uploads\/2015\/03\/Ekran-Al\u0131nt\u0131s\u0131MD64.43A.png\" alt=\"Ekran Al\u0131nt\u0131s\u0131MD64.43A\" width=\"676\" height=\"389\" srcset=\"https:\/\/balcilar-blog.com\/wp-content\/uploads\/2015\/03\/Ekran-Al\u0131nt\u0131s\u0131MD64.43A.png 676w, https:\/\/balcilar-blog.com\/wp-content\/uploads\/2015\/03\/Ekran-Al\u0131nt\u0131s\u0131MD64.43A-300x173.png 300w\" sizes=\"auto, (max-width: 676px) 100vw, 676px\" \/><\/a><\/p>\n<p>Yaman \u00f6nce Mira\u2019ya sitem eder, sonra da \u00f6z\u00fcr diler. Sonra da el ele tutu\u015farak i\u00e7eri ge\u00e7erler.<\/p>\n<p>Selim Beye \u00f6d\u00fcl\u00fc takdim edilir, konu\u015fmas\u0131n\u0131 yapar, y\u0131l\u0131n adam\u0131 \u00f6d\u00fcl\u00fcn\u00fc almak i\u00e7in ne yapt\u0131m bilmiyorum. Ben hayat\u0131m boyunca iyi bir insan olmaya \u00e7al\u0131\u015ft\u0131m. Ailemin, sevdiklerimin yan\u0131nda oldum.<\/p>\n<p><a href=\"http:\/\/balcilar-blog.com\/wp-content\/uploads\/2015\/03\/Ekran-Al\u0131nt\u0131s\u0131MD64.43.png\"><img loading=\"lazy\" decoding=\"async\" class=\"alignnone size-full wp-image-7305\" src=\"http:\/\/balcilar-blog.com\/wp-content\/uploads\/2015\/03\/Ekran-Al\u0131nt\u0131s\u0131MD64.43.png\" alt=\"Ekran Al\u0131nt\u0131s\u0131MD64.43\" width=\"665\" height=\"395\" srcset=\"https:\/\/balcilar-blog.com\/wp-content\/uploads\/2015\/03\/Ekran-Al\u0131nt\u0131s\u0131MD64.43.png 665w, https:\/\/balcilar-blog.com\/wp-content\/uploads\/2015\/03\/Ekran-Al\u0131nt\u0131s\u0131MD64.43-300x178.png 300w\" sizes=\"auto, (max-width: 665px) 100vw, 665px\" \/><\/a><\/p>\n<p>O s\u0131rada d\u0131\u015far\u0131dan ambulans siren sesi gelir. Selim Beyin kula\u011f\u0131na bir \u015feyler s\u00f6ylenir. Yaman da d\u0131\u015far\u0131 \u00e7\u0131kar.<\/p>\n<p><a href=\"http:\/\/balcilar-blog.com\/wp-content\/uploads\/2015\/03\/Ekran-Al\u0131nt\u0131s\u0131MD64.45.png\"><img loading=\"lazy\" decoding=\"async\" class=\"alignnone size-full wp-image-7308\" src=\"http:\/\/balcilar-blog.com\/wp-content\/uploads\/2015\/03\/Ekran-Al\u0131nt\u0131s\u0131MD64.45.png\" alt=\"Ekran Al\u0131nt\u0131s\u0131MD64.45\" width=\"648\" height=\"389\" srcset=\"https:\/\/balcilar-blog.com\/wp-content\/uploads\/2015\/03\/Ekran-Al\u0131nt\u0131s\u0131MD64.45.png 648w, https:\/\/balcilar-blog.com\/wp-content\/uploads\/2015\/03\/Ekran-Al\u0131nt\u0131s\u0131MD64.45-300x180.png 300w\" sizes=\"auto, (max-width: 648px) 100vw, 648px\" \/><\/a><\/p>\n<p>Ambulanstan \u00f6nce Kenan\u2019\u0131n tekerlekli arabas\u0131 \u00e7\u0131kar, sonra da Kenan. Hasta bak\u0131c\u0131 Kenan\u2019\u0131 tekerlekli sandalyesini iterek bah\u00e7e kap\u0131s\u0131ndan i\u00e7eri girerler.<\/p>\n<p><a href=\"http:\/\/balcilar-blog.com\/wp-content\/uploads\/2015\/03\/Ekran-Al\u0131nt\u0131s\u0131MD654.46.png\"><img loading=\"lazy\" decoding=\"async\" class=\"alignnone size-full wp-image-7310\" src=\"http:\/\/balcilar-blog.com\/wp-content\/uploads\/2015\/03\/Ekran-Al\u0131nt\u0131s\u0131MD654.46.png\" alt=\"Ekran Al\u0131nt\u0131s\u0131MD654.46\" width=\"659\" height=\"387\" srcset=\"https:\/\/balcilar-blog.com\/wp-content\/uploads\/2015\/03\/Ekran-Al\u0131nt\u0131s\u0131MD654.46.png 659w, https:\/\/balcilar-blog.com\/wp-content\/uploads\/2015\/03\/Ekran-Al\u0131nt\u0131s\u0131MD654.46-300x176.png 300w\" sizes=\"auto, (max-width: 659px) 100vw, 659px\" \/><\/a><\/p>\n<p>Kenan; Da\u011f da\u011fa kavu\u015fmaz insan insana kavu\u015furmu\u015f. Yar\u0131m yamalak da olsa foto\u011fraf\u0131 tamamlamaya geldim.<\/p>\n<p><a href=\"http:\/\/balcilar-blog.com\/wp-content\/uploads\/2015\/03\/Ekran-Al\u0131nt\u0131s\u0131MD64.44A.png\"><img loading=\"lazy\" decoding=\"async\" class=\"alignnone size-full wp-image-7307\" src=\"http:\/\/balcilar-blog.com\/wp-content\/uploads\/2015\/03\/Ekran-Al\u0131nt\u0131s\u0131MD64.44A.png\" alt=\"Ekran Al\u0131nt\u0131s\u0131MD64.44A\" width=\"650\" height=\"389\" srcset=\"https:\/\/balcilar-blog.com\/wp-content\/uploads\/2015\/03\/Ekran-Al\u0131nt\u0131s\u0131MD64.44A.png 650w, https:\/\/balcilar-blog.com\/wp-content\/uploads\/2015\/03\/Ekran-Al\u0131nt\u0131s\u0131MD64.44A-300x180.png 300w\" sizes=\"auto, (max-width: 650px) 100vw, 650px\" \/><\/a><\/p>\n<p>Herkes garip bir \u015fekilde Kenan\u2019a bakarlar. Sude Han\u0131m bir tuhaf olur. Yaman\u2019\u0131n da y\u00fcz\u00fc allak pullak olmu\u015ftur. Kenan gene karde\u015fi Yaman&#8217;\u0131n ayak ba\u011f\u0131 olur, bu g\u00fczel gecenin i\u00e7ine t\u00fcy diker ve 64.B\u00f6l\u00fcm burada sona erer.<\/p>\n<p><a href=\"http:\/\/balcilar-blog.com\/wp-content\/uploads\/2015\/03\/Ekran-Al\u0131nt\u0131s\u0131MD64.SON_.png\"><img loading=\"lazy\" decoding=\"async\" class=\"alignnone size-full wp-image-7309\" src=\"http:\/\/balcilar-blog.com\/wp-content\/uploads\/2015\/03\/Ekran-Al\u0131nt\u0131s\u0131MD64.SON_.png\" alt=\"Ekran Al\u0131nt\u0131s\u0131MD64.SON\" width=\"659\" height=\"390\" srcset=\"https:\/\/balcilar-blog.com\/wp-content\/uploads\/2015\/03\/Ekran-Al\u0131nt\u0131s\u0131MD64.SON_.png 659w, https:\/\/balcilar-blog.com\/wp-content\/uploads\/2015\/03\/Ekran-Al\u0131nt\u0131s\u0131MD64.SON_-300x178.png 300w\" sizes=\"auto, (max-width: 659px) 100vw, 659px\" \/><\/a><\/p>\n<p>Ay Yap\u0131m\u2019\u0131n Medcezir\u2019inde bu kez Yaman \u2013 Mira ayr\u0131l\u0131\u011f\u0131 fazla uzun s\u00fcrmemi\u015f gibi g\u00f6z\u00fck\u00fcyor. Sevenlerin a\u015fklar\u0131 b\u00fct\u00fcn zorluklar\u0131 ve engelleri a\u015f\u0131yor. Bundan sonra, ne Yaman Mira\u2019s\u0131z, ne de Mira Yaman\u2019s\u0131z olmayacak. Sanki Mira hamile gibi. \u015eayet \u00f6yleyse onlar\u0131 kimse ay\u0131ramaz. Yaman bebek istiyor, Mira &amp; Yaman a\u015fk\u0131n\u0131n ilk meyvesi geliyor mu dersiniz? Senaristimiz Ece Y\u00f6ren\u00e7 senaryo \u00fczerinde yo\u011fun \u00e7al\u0131\u015f\u0131yor. Reytinglerde AB&#8217;de toparlad\u0131. Daha \u00f6nce s\u00f6yledi\u011fim gibi diziyi, milyonlarca ki\u015fi de internetten takip ediyor.Medcezir&#8217;de Sezon sonuna kadar g\u00fczel g\u00fcnler izleyenleri bekliyor.<\/p>\n<p>Keyifli Seyirler.<\/p>\n<p>Sayg\u0131lar, sevgiler.<\/p>\n<p>Abdurrahman Balc\u0131lar<\/p>\n<p>Twitter: abdurrahman balc\u0131lar@abbalcilar<\/p>\n<p>Mail : <a href=\"mailto:ab.balcilar@hotmail.com\">ab.balcilar@hotmail.com<\/a><\/p>\n<p>Blog: milliyet.com.tr\/cansever<\/p>\n<p>Blog: balcilar-blog.com<\/p>\n<p>Not: G\u00f6rseller taraf\u0131mdan diziden kopyalanarak al\u0131nm\u0131\u015ft\u0131r<\/p>\n<p>&nbsp;<\/p>\n<p>&nbsp;<\/p>\n<p>&nbsp;<\/p>\n<p>&nbsp;<\/p>\n","protected":false},"excerpt":{"rendered":"<p>Star Tv\u2019nin fenomen dizisi \u201cMedcezir\u201d 64.B\u00f6l\u00fcm\u00fcnde Yaman\u2019\u0131 terk eden Mira\u2019y\u0131 olaylar tekrar geri getirdi. B\u00f6l\u00fcm finalinde Kenan gene, g\u00fczel ge\u00e7enin i\u00e7ine t\u00fcy dikti. Kenan, Yaman\u2019\u0131n ayak ba\u011f\u0131 olmaya devam ediyor. Medcezir\u2019in art\u0131k reytingleri de oturdu, AB\u2019de 5,44 ile 3.s\u0131rada yer al\u0131rken, Total\u2019de 4,39 y\u00fczde ile 6.s\u0131rada yer ald\u0131. Tabir yerinde olursa dizinin kemikle\u015fmi\u015f bir izleyici [&hellip;]<\/p>\n","protected":false},"author":3,"featured_media":0,"comment_status":"open","ping_status":"open","sticky":false,"template":"","format":"standard","meta":{"footnotes":""},"categories":[2],"tags":[26,15,29,16,27,25],"class_list":["post-7259","post","type-post","status-publish","format-standard","hentry","category-tv-programlari","tag-ay-yapim","tag-cagatay-ulusoy","tag-ece-yorenc","tag-medcezir","tag-serenay-sarikaya","tag-star-tv"],"views":9449,"blog_post_layout_featured_media_urls":{"thumbnail":"","full":""},"categories_names":{"2":{"name":"TV Programlar\u0131","link":"https:\/\/balcilar-blog.com\/?cat=2"}},"tags_names":{"26":{"name":"Ay Yap\u0131m","link":"https:\/\/balcilar-blog.com\/?tag=ay-yapim"},"15":{"name":"\u00e7a\u011fatay ulusoy","link":"https:\/\/balcilar-blog.com\/?tag=cagatay-ulusoy"},"29":{"name":"Ece Y\u00f6ren\u00e7","link":"https:\/\/balcilar-blog.com\/?tag=ece-yorenc"},"16":{"name":"medcezir","link":"https:\/\/balcilar-blog.com\/?tag=medcezir"},"27":{"name":"Serenay Sar\u0131kaya","link":"https:\/\/balcilar-blog.com\/?tag=serenay-sarikaya"},"25":{"name":"Star Tv","link":"https:\/\/balcilar-blog.com\/?tag=star-tv"}},"comments_number":"0","wpmagazine_modules_lite_featured_media_urls":{"thumbnail":"","cvmm-medium":"","cvmm-medium-plus":"","cvmm-portrait":"","cvmm-medium-square":"","cvmm-large":"","cvmm-small":"","full":""},"_links":{"self":[{"href":"https:\/\/balcilar-blog.com\/index.php?rest_route=\/wp\/v2\/posts\/7259","targetHints":{"allow":["GET"]}}],"collection":[{"href":"https:\/\/balcilar-blog.com\/index.php?rest_route=\/wp\/v2\/posts"}],"about":[{"href":"https:\/\/balcilar-blog.com\/index.php?rest_route=\/wp\/v2\/types\/post"}],"author":[{"embeddable":true,"href":"https:\/\/balcilar-blog.com\/index.php?rest_route=\/wp\/v2\/users\/3"}],"replies":[{"embeddable":true,"href":"https:\/\/balcilar-blog.com\/index.php?rest_route=%2Fwp%2Fv2%2Fcomments&post=7259"}],"version-history":[{"count":8,"href":"https:\/\/balcilar-blog.com\/index.php?rest_route=\/wp\/v2\/posts\/7259\/revisions"}],"predecessor-version":[{"id":7320,"href":"https:\/\/balcilar-blog.com\/index.php?rest_route=\/wp\/v2\/posts\/7259\/revisions\/7320"}],"wp:attachment":[{"href":"https:\/\/balcilar-blog.com\/index.php?rest_route=%2Fwp%2Fv2%2Fmedia&parent=7259"}],"wp:term":[{"taxonomy":"category","embeddable":true,"href":"https:\/\/balcilar-blog.com\/index.php?rest_route=%2Fwp%2Fv2%2Fcategories&post=7259"},{"taxonomy":"post_tag","embeddable":true,"href":"https:\/\/balcilar-blog.com\/index.php?rest_route=%2Fwp%2Fv2%2Ftags&post=7259"}],"curies":[{"name":"wp","href":"https:\/\/api.w.org\/{rel}","templated":true}]}}