{"id":719,"date":"2014-03-24T20:10:43","date_gmt":"2014-03-24T18:10:43","guid":{"rendered":"http:\/\/balcilar-blog.com\/?p=719"},"modified":"2014-03-24T20:37:00","modified_gmt":"2014-03-24T18:37:00","slug":"medcezirin-merti-taner-olmezin-sevgilisi-var-mi","status":"publish","type":"post","link":"https:\/\/balcilar-blog.com\/?p=719","title":{"rendered":"Medcezir\u2019in Mert\u2019i, Taner \u00d6lmez\u2019in sevgilisi var m\u0131?"},"content":{"rendered":"<p><img decoding=\"async\" alt=\"\" src=\"https:\/\/encrypted-tbn3.gstatic.com\/images?q=tbn:ANd9GcTOsrHHGVSh2S_6iNLmnGIGVLKrIlaTKAOVyX3Y_pgew8XkVEGHgA\" \/><\/p>\n<p>Star Tv.in s\u00fcper dizisi Medcezir\u2019in Mert\u2019i Taner \u00d6lmez\u2019in ger\u00e7ek hayatta sevgili var m\u0131? Medcezir\u2019de Eyl\u00fcl (Hazar Erg\u00fc\u00e7l\u00fc)\u00a0ile sevgili olan Mert, gen\u00e7 k\u0131zlar taraf\u0131ndan \u00e7ok be\u011feniliyor. Dizide 19 ya\u015f\u0131nda bir karakteri canland\u0131ran Taner 28 ya\u015f\u0131nda. Minyon tipli olmas\u0131 nedeniyle ya\u015f\u0131n\u0131 g\u00f6stermiyor. \u00c7izgi roman karakterleri ile b\u00fcy\u00fcyen onlarla arkada\u015f olan Mert karakteri son derece e\u011flenceli biri.<\/p>\n<p><img decoding=\"async\" alt=\"\" src=\"https:\/\/encrypted-tbn0.gstatic.com\/images?q=tbn:ANd9GcS2La-0a2Mp6oeSZdkpZJoP14GvRwomw31QMd5yKq2qzt7gw9PI\" \/><\/p>\n<p>Medcezir dizisinde Eyl\u00fcl karakteri ile Mert karakteri iki sevgiliyi canland\u0131r\u0131yorlar.<\/p>\n<p>&nbsp;<\/p>\n<p><img decoding=\"async\" alt=\"\" src=\"http:\/\/www.gazeteport.com.tr\/i\/n\/138287087518377.jpg\" \/><\/p>\n<p>Ge\u00e7ti\u011fimiz Ekim ay\u0131 i\u00e7erisinde Kuzey G\u00fcney dizisinin ba\u015frol oyuncular\u0131ndan \u00d6yk\u00fc Karayel ile \u00f6p\u00fc\u015f\u00fcrken yakalanm\u0131\u015f. Asmal\u0131mescit\u2019deki bir lokantada ba\u015f ba\u015fa yemek yiyen ikili, gece 02,30 sular\u0131nda mekandan ayr\u0131lan ikili, bir ara yol ortas\u0131nda \u00f6p\u00fc\u015f\u00fcrler. Fla\u015flar\u0131n ani patlamas\u0131yla neye u\u011frad\u0131\u011f\u0131n\u0131 \u015fa\u015f\u0131ran ikili ayr\u0131 y\u00f6nlere do\u011fru y\u00fcr\u00fcyerek ayr\u0131l\u0131rlar. K\u0131sa s\u00fcren bu birliktelikten sonra, en son \u00d6yk\u00fc Karayel yabanc\u0131 bir erkek arkada\u015f\u0131 ile g\u00f6r\u00fcld\u00fc.<\/p>\n<p><img decoding=\"async\" alt=\"Taner \u00d6lmez sevgilisi ile g\u00f6r\u00fcnt\u00fclendi\" src=\"http:\/\/i.milliyet.com.tr\/YeniAnaResim\/2014\/02\/01\/taner-olmez-sevgilisi-ile-goruntulendi-4018648.Jpeg\" \/><\/p>\n<p>Taner \u00d6lmez\u2019in ge\u00e7ti\u011fimiz aylarda, bir sevgilisi oldu\u011fu ortaya \u00e7\u0131km\u0131\u015ft\u0131. \u0130smi hen\u00fcz bilinmeyen gen\u00e7 k\u0131zla en son Beyo\u011flu Hayal Kahvesi\u2019nde g\u00f6r\u00fcnt\u00fclenen Taner \u00d6lmez, Objektiflerden ka\u00e7amam\u0131\u015ft\u0131.<\/p>\n<p>Mekan \u00e7\u0131k\u0131\u015f\u0131nda taksi ile evine gitmek isteyen Taner, patlayan fla\u015flar kar\u015f\u0131s\u0131nda \u015fa\u015fk\u0131nl\u0131k ya\u015fam\u0131\u015ft\u0131r.\u00a0 Kendisini g\u00f6r\u00fcnt\u00fclemek isteyen muhabirlere, \u201cAbi beni neden \u00e7ekiyorsunuz siz ya\u2026\u201d \u00a0diyerek bu t\u00fcr \u015feylere al\u0131\u015f\u0131k olmad\u0131\u011f\u0131n\u0131 belirtmi\u015ftir. Taksi i\u00e7inde y\u00fcz\u00fcn\u00fc gizlemeye \u00e7al\u0131\u015fan Taner \u00d6lmez\u2019e kar\u015f\u0131l\u0131k, k\u0131z arkada\u015f\u0131n\u0131n rahat olmas\u0131 dikkatlerden ka\u00e7mam\u0131\u015ft\u0131r.<\/p>\n<p>Yerin kula\u011f\u0131 var diyelim, elbet bir g\u00fcn bu yeni sevgilinin ismi ortaya \u00e7\u0131kacakt\u0131r.<\/p>\n<p>&nbsp;<\/p>\n<p>Not: G\u00f6rseller internetten al\u0131nm\u0131\u015ft\u0131r.<\/p>\n<p>&nbsp;<\/p>\n<p>&nbsp;<\/p>\n<p>&nbsp;<\/p>\n<p>&nbsp;<\/p>\n<p>&nbsp;<\/p>\n","protected":false},"excerpt":{"rendered":"<p>Star Tv.in s\u00fcper dizisi Medcezir\u2019in Mert\u2019i Taner \u00d6lmez\u2019in ger\u00e7ek hayatta sevgili var m\u0131? Medcezir\u2019de Eyl\u00fcl (Hazar Erg\u00fc\u00e7l\u00fc)\u00a0ile sevgili olan Mert, gen\u00e7 k\u0131zlar taraf\u0131ndan \u00e7ok be\u011feniliyor. Dizide 19 ya\u015f\u0131nda bir karakteri canland\u0131ran Taner 28 ya\u015f\u0131nda. Minyon tipli olmas\u0131 nedeniyle ya\u015f\u0131n\u0131 g\u00f6stermiyor. \u00c7izgi roman karakterleri ile b\u00fcy\u00fcyen onlarla arkada\u015f olan Mert karakteri son derece e\u011flenceli biri. Medcezir [&hellip;]<\/p>\n","protected":false},"author":3,"featured_media":0,"comment_status":"open","ping_status":"open","sticky":false,"template":"","format":"standard","meta":{"footnotes":""},"categories":[7],"tags":[30,16,197,25,28],"class_list":["post-719","post","type-post","status-publish","format-standard","hentry","category-magazin","tag-hazar-erguclu","tag-medcezir","tag-oyku-karayel","tag-star-tv","tag-taner-olmez"],"views":18821,"blog_post_layout_featured_media_urls":{"thumbnail":"","full":""},"categories_names":{"7":{"name":"Magazin","link":"https:\/\/balcilar-blog.com\/?cat=7"}},"tags_names":{"30":{"name":"Hazar Erg\u00fc\u00e7l\u00fc","link":"https:\/\/balcilar-blog.com\/?tag=hazar-erguclu"},"16":{"name":"medcezir","link":"https:\/\/balcilar-blog.com\/?tag=medcezir"},"197":{"name":"\u00d6yk\u00fc Karayel","link":"https:\/\/balcilar-blog.com\/?tag=oyku-karayel"},"25":{"name":"Star Tv","link":"https:\/\/balcilar-blog.com\/?tag=star-tv"},"28":{"name":"Taner \u00d6lmez","link":"https:\/\/balcilar-blog.com\/?tag=taner-olmez"}},"comments_number":"1","wpmagazine_modules_lite_featured_media_urls":{"thumbnail":"","cvmm-medium":"","cvmm-medium-plus":"","cvmm-portrait":"","cvmm-medium-square":"","cvmm-large":"","cvmm-small":"","full":""},"_links":{"self":[{"href":"https:\/\/balcilar-blog.com\/index.php?rest_route=\/wp\/v2\/posts\/719","targetHints":{"allow":["GET"]}}],"collection":[{"href":"https:\/\/balcilar-blog.com\/index.php?rest_route=\/wp\/v2\/posts"}],"about":[{"href":"https:\/\/balcilar-blog.com\/index.php?rest_route=\/wp\/v2\/types\/post"}],"author":[{"embeddable":true,"href":"https:\/\/balcilar-blog.com\/index.php?rest_route=\/wp\/v2\/users\/3"}],"replies":[{"embeddable":true,"href":"https:\/\/balcilar-blog.com\/index.php?rest_route=%2Fwp%2Fv2%2Fcomments&post=719"}],"version-history":[{"count":4,"href":"https:\/\/balcilar-blog.com\/index.php?rest_route=\/wp\/v2\/posts\/719\/revisions"}],"predecessor-version":[{"id":723,"href":"https:\/\/balcilar-blog.com\/index.php?rest_route=\/wp\/v2\/posts\/719\/revisions\/723"}],"wp:attachment":[{"href":"https:\/\/balcilar-blog.com\/index.php?rest_route=%2Fwp%2Fv2%2Fmedia&parent=719"}],"wp:term":[{"taxonomy":"category","embeddable":true,"href":"https:\/\/balcilar-blog.com\/index.php?rest_route=%2Fwp%2Fv2%2Fcategories&post=719"},{"taxonomy":"post_tag","embeddable":true,"href":"https:\/\/balcilar-blog.com\/index.php?rest_route=%2Fwp%2Fv2%2Ftags&post=719"}],"curies":[{"name":"wp","href":"https:\/\/api.w.org\/{rel}","templated":true}]}}