{"id":6821,"date":"2015-02-23T13:15:58","date_gmt":"2015-02-23T11:15:58","guid":{"rendered":"http:\/\/balcilar-blog.com\/?p=6821"},"modified":"2015-02-23T13:30:21","modified_gmt":"2015-02-23T11:30:21","slug":"gecen-haftanin-16-22-subat-en-cok-seyredilen-ilk-10-dizisi","status":"publish","type":"post","link":"https:\/\/balcilar-blog.com\/?p=6821","title":{"rendered":"Ge\u00e7en Haftan\u0131n (16-22 \u015eubat) en \u00e7ok seyredilen ilk 10 Dizisi!"},"content":{"rendered":"<p><a href=\"http:\/\/balcilar-blog.com\/wp-content\/uploads\/2015\/02\/cats23-1.jpg\"><img loading=\"lazy\" decoding=\"async\" class=\"alignnone size-full wp-image-6824\" src=\"http:\/\/balcilar-blog.com\/wp-content\/uploads\/2015\/02\/cats23-1.jpg\" alt=\"cats23-1\" width=\"624\" height=\"554\" srcset=\"https:\/\/balcilar-blog.com\/wp-content\/uploads\/2015\/02\/cats23-1.jpg 624w, https:\/\/balcilar-blog.com\/wp-content\/uploads\/2015\/02\/cats23-1-300x266.jpg 300w\" sizes=\"auto, (max-width: 624px) 100vw, 624px\" \/><\/a><\/p>\n<p>TNS \u00f6l\u00e7\u00fcmlerine g\u00f6re haz\u0131rlad\u0131\u011f\u0131m Ge\u00e7en Haftan\u0131n en \u00e7ok seyredilen ilk on dizisi sizlere a\u015fa\u011f\u0131da sunuyorum. Bu hafta en iyi \u00e7\u0131k\u0131\u015f\u0131 ge\u00e7en Sal\u0131 ak\u015fam\u0131 Fox Tv\u2019de yay\u0131na giren \u201cA\u015fk Yeniden\u201d yapt\u0131. AB Grubunda haftan\u0131n brincili\u011fini &#8220;Parampar\u00e7a dizisinin elinden ald\u0131. Total&#8217;de de 3.s\u0131rada yer ald\u0131.<\/p>\n<p>Daha \u00f6nceki yaz\u0131lar\u0131mda da belirtti\u011fim gibi, as\u0131l olan dizilerin Total\u2019de ald\u0131klar\u0131 y\u00fczdeler \u00f6nemli. Zira kanala reklam verenler bu s\u0131ralamay\u0131 bak\u0131yorlar ve y\u00fcksek reyting alan dizi aralar\u0131na reklam veriyorlar. Bu da yap\u0131mc\u0131lar\u0131n seyirci be\u011fenisi alacak diziler yapmaya \u00f6zen g\u00f6steriyorlar. Reyting alamayan diziler \u00e7ok k\u0131sa \u00f6m\u00fcrl\u00fc oluyor, son haftalarda Atv&#8217;nin Kara Para A\u015fk dizisi, Ziraat T\u00fcrkiye Kupas\u0131 ma\u00e7lar\u0131 nedeniyle yay\u0131n saatlerinde kayma ve \u00f6telenmeler oldu\u011fu i\u00e7in olduk\u00e7a izleyici kaybetti, son haftalarda kendi g\u00fcn\u00fcnde s\u0131ralamalarda ilk 20 bile girmekte zorland\u0131. Halbuki bu dizi hatal\u0131k s\u0131ralamalarda ilk ona giren bir yap\u0131md\u0131.<\/p>\n<p>&nbsp;<\/p>\n<p><strong>Ge\u00e7en Haftan\u0131n En \u00c7ok \u0130zlenen Dizileri:<\/strong><\/p>\n<p><strong>Total ilk 10.<\/strong><\/p>\n<ol>\n<li>Parampar\u00e7a 12.B\u00f6l\u00fcm (Star)\u2026\u2026\u2026\u2026\u2026\u2026\u2026\u202611.93 \u2013 27,82<\/li>\n<li>Karag\u00fcl 72.B\u00f6l\u00fcm (Fox)\u2026\u2026\u2026\u2026\u2026\u2026\u2026\u2026\u2026\u2026.11,22 \u2013 25,27<\/li>\n<li>A\u015fk Yeniden 2.B\u00f6l\u00fcm (Fox)&#8230;&#8230;&#8230;&#8230;&#8230;&#8230;&#8230;&#8230;.10,08 &#8211; 23,64<\/li>\n<li>Kurtlar Vadisi Pusu 247.B\u00f6l\u00fcm (Kanal)\u2026&#8230;..8.80 \u2013 20.51<\/li>\n<li>Kaderimin Yaz\u0131ld\u0131\u011f\u0131 G\u00fcn 17.B\u00f6l\u00fcm (Star)\u2026..7.31 \u2013 16,62<\/li>\n<li>Kiraz Mevsimi 33.B\u00f6l\u00fcm (Fox)\u2026\u2026\u2026\u2026\u2026\u2026\u2026.7.29 \u2013 16,99<\/li>\n<li>Kocam\u0131n Ailesi 33.B\u00f6l\u00fcm (Fox)\u2026\u2026\u2026\u2026\u2026\u2026&#8230;7,11 \u2013 16.23<\/li>\n<li>O Hayat Benim 43.B\u00f6l\u00fcm (Fox)\u2026\u2026\u2026\u2026\u2026&#8230;..7.04 \u2013 16,62<\/li>\n<li>G\u00fczel K\u00f6yl\u00fc 35.B\u00f6l\u00fcm (Star)\u2026\u2026\u2026\u2026\u2026\u2026\u2026\u2026.6.99 \u2013 15,75<\/li>\n<li>Karaday\u0131 98.B\u00f6l\u00fcm (Atv)\u2026\u2026\u2026\u2026\u2026\u2026&#8230;&#8230;&#8230;&#8230;.6,87 \u2013 16,21<\/li>\n<\/ol>\n<p>&nbsp;<\/p>\n<p><strong>AB\u2019de ilk 10:<\/strong><\/p>\n<ol>\n<li>A\u015fk Yeniden 2.B\u00f6l\u00fcm (Fox)\u2026\u2026\u2026\u2026\u2026\u2026\u2026\u2026..12,32\u2013 27,74<\/li>\n<li>Parampar\u00e7a 12.B\u00f6l\u00fcm(Star)\u2026\u2026\u2026\u2026\u2026\u2026\u2026&#8230;.11,31 \u2013 26,83<\/li>\n<li>Dirili\u015f Ertu\u011frul 10.B\u00f6l\u00fcm (TRT 1)&#8230;&#8230;&#8230;&#8230;&#8230;..9,67 &#8211; 20,60<\/li>\n<li>Karag\u00fcl 72.B\u00f6l\u00fcm (Fox)&#8230;&#8230;&#8230;&#8230;&#8230;&#8230;&#8230;&#8230;&#8230;&#8230;&#8230;7,94 &#8211; 16,02<\/li>\n<li>Kocam\u0131n Ailesi 33.B\u00f6l\u00fcm (Fox)\u2026\u2026\u2026\u2026\u2026\u2026..7,80 \u2013 17,39<\/li>\n<li>Poyraz Karayel 7.B\u00f6l\u00fcm (Kanal D)\u2026\u2026\u2026\u2026\u20267.20 \u2013 15,48<\/li>\n<li>Karaday\u0131 98.B\u00f6l\u00fcm(Atv)\u2026\u2026\u2026\u2026\u2026\u2026\u2026\u2026\u2026\u2026.7,13 \u2013 17,08<\/li>\n<li>Kurtlar Vadisi Pusu 247.B\u00f6l\u00fcm (Kanal D)\u2026.6,78 \u2013 15,03<\/li>\n<li>Karde\u015f Pay\u0131 26.B\u00f6l\u00fcm (Star) \u2026\u2026\u2026\u2026\u2026\u2026\u2026&#8230;6.54 \u2013 14,70<\/li>\n<li>O Hayat Benim 43.B\u00f6l\u00fcm(Fox)\u2026\u2026\u2026\u2026\u2026\u2026..6,07 \u2013 16.02<\/li>\n<\/ol>\n<p>&nbsp;<\/p>\n<p><img loading=\"lazy\" decoding=\"async\" class=\"alignnone size-medium wp-image-6474\" src=\"http:\/\/balcilar-blog.com\/wp-content\/uploads\/2015\/02\/10527785-parampar%C3%A7a-300x271.jpg\" alt=\"10527785 parampar\u00e7a\" width=\"300\" height=\"271\" \/><\/p>\n<p>Star Tv&#8217;nin a\u015fk ve drama dizisi &#8220;Parampar\u00e7a&#8221; bu hafta da yine birinci s\u0131rada yer al\u0131yor. Ancak AB&#8217;de ilk s\u0131ray\u0131 &#8220;A\u015fk Yeniden&#8221; dizisine kapt\u0131rd\u0131 ve 2.s\u0131raya d\u00fc\u015ft\u00fc.<\/p>\n<p><img loading=\"lazy\" decoding=\"async\" class=\"alignnone size-medium wp-image-6149\" src=\"http:\/\/balcilar-blog.com\/wp-content\/uploads\/2015\/01\/karagul_722314716-300x300-300x257.jpg\" alt=\"karagul_722314716-300x300\" width=\"300\" height=\"257\" srcset=\"https:\/\/balcilar-blog.com\/wp-content\/uploads\/2015\/01\/karagul_722314716-300x300-300x257.jpg 300w, https:\/\/balcilar-blog.com\/wp-content\/uploads\/2015\/01\/karagul_722314716-300x300.jpg 467w\" sizes=\"auto, (max-width: 300px) 100vw, 300px\" \/><\/p>\n<p>Karag\u00fcl Total&#8217;de bu hafta da 2.s\u0131rada yer al\u0131yor. Ge\u00e7en hafta AB&#8217;de yer alamazken, bu hafta yine 4.s\u0131radan AB&#8217;e girdi.<\/p>\n<p><img loading=\"lazy\" decoding=\"async\" class=\"alignnone size-medium wp-image-6627\" src=\"http:\/\/balcilar-blog.com\/wp-content\/uploads\/2015\/02\/160220151432097494358_2-300x263.jpg\" alt=\"160220151432097494358_2\" width=\"300\" height=\"263\" srcset=\"https:\/\/balcilar-blog.com\/wp-content\/uploads\/2015\/02\/160220151432097494358_2-300x263.jpg 300w, https:\/\/balcilar-blog.com\/wp-content\/uploads\/2015\/02\/160220151432097494358_2.jpg 768w\" sizes=\"auto, (max-width: 300px) 100vw, 300px\" \/><\/p>\n<p>A\u015fk Yeniden, Fox Tv&#8217;nin romantik komedi dizisi 2.haftas\u0131nda AB&#8217;de ilk s\u0131raya oturdu. Total&#8217;de de 3.s\u0131raya yerle\u015fti. B\u00f6yle giderse, art\u0131k sal\u0131 gecelerinin vazge\u00e7ilmez dizisi olacak gibi duruyor.<\/p>\n<p><img loading=\"lazy\" decoding=\"async\" class=\"alignnone size-medium wp-image-6145\" src=\"http:\/\/balcilar-blog.com\/wp-content\/uploads\/2015\/01\/%C4%B0%C3%A7erik-k.v-pusu-300x192.jpg\" alt=\"\u0130\u00e7erik k.v pusu\" width=\"300\" height=\"192\" \/><\/p>\n<p>Kurtlar vadisi Pusu, Total&#8217;de bir s\u0131ra gerileyerek 4.s\u0131raya d\u00fc\u015ft\u00fc. AB&#8217;de bir basamak y\u00fckselerek, 9.s\u0131radan 8.s\u0131raya y\u00fckseldi.<\/p>\n<p><img loading=\"lazy\" decoding=\"async\" class=\"alignnone size-medium wp-image-6476\" src=\"http:\/\/balcilar-blog.com\/wp-content\/uploads\/2015\/02\/images-dirili%C5%9F-257x300.jpg\" alt=\"images dirili\u015f\" width=\"257\" height=\"300\" \/><\/p>\n<p>TRT 1&#8217;in g\u00f6rkemli dizisi Dirili\u015f Ertu\u011frul ge\u00e7en \u00f6nceki hafta yay\u0131nlanmam\u0131\u015ft\u0131. Bu hafta 10.B\u00f6l\u00fcm\u00fcn yay\u0131nlanmas\u0131 ile gene AB&#8217;de 3.s\u0131rada yerini ald\u0131. Ama Total&#8217;de kendisine yer bulamad\u0131.<\/p>\n<p><img loading=\"lazy\" decoding=\"async\" class=\"alignnone size-medium wp-image-6475\" src=\"http:\/\/balcilar-blog.com\/wp-content\/uploads\/2015\/02\/hqdefault-300x294.jpg\" alt=\"hqdefault\" width=\"300\" height=\"294\" srcset=\"https:\/\/balcilar-blog.com\/wp-content\/uploads\/2015\/02\/hqdefault-300x294.jpg 300w, https:\/\/balcilar-blog.com\/wp-content\/uploads\/2015\/02\/hqdefault.jpg 653w\" sizes=\"auto, (max-width: 300px) 100vw, 300px\" \/><\/p>\n<p>Kaderimin Yaz\u0131ld\u0131\u011f\u0131 G\u00fcn Sal\u0131 gecelerinin liderli\u011fini Fox&#8217;un yeni dizisi A\u015fk Yeniden&#8217;e kapt\u0131rmas\u0131yla, Total&#8217;de 5.s\u0131ralara geriledi. AB&#8217;de ge\u00e7en hafta oldu\u011fu gibi bu hafta da yer bulamad\u0131.<\/p>\n<p><img loading=\"lazy\" decoding=\"async\" class=\"alignnone size-full wp-image-5166\" src=\"http:\/\/balcilar-blog.com\/wp-content\/uploads\/2014\/12\/%C4%B0%C3%A7erik-kocam%C4%B1n-ailesi.jpg\" alt=\"\u0130\u00e7erik kocam\u0131n ailesi\" width=\"287\" height=\"168\" \/><\/p>\n<p>Kocam\u0131n Ailesi AB&#8217;de 5.s\u0131rada yer al\u0131rken, Total&#8217;de 7.s\u0131rada yer alm\u0131\u015ft\u0131r. Star Tv&#8217;nin istikrarl\u0131 dizilerinden biri olarak her iki kategoride de kendisine yer buluyor.<\/p>\n<p>Bu hafta Samanyolu Tv&#8217;nin Sungurlar ve Atv&#8217;nin Poyraz Karayel her iki grupta da kendilerine yer bulmad\u0131lar. Ayr\u0131ca ge\u00e7en hafta AB&#8217;de yer alan Kanal D&#8217;nin G\u00fcllerin sava\u015f\u0131 ve Kanal D&#8217;nin \u015feref Meslesi ald\u0131klar\u0131 reyting y\u00fczdelerinin d\u00fc\u015f\u00fck olmas\u0131 nedeniyle ilk 1o&#8217;da yer almad\u0131lar. Star Tv&#8217;nin fenomen dizisi ald\u0131\u011f\u0131 puanlar \u00e7ok d\u00fc\u015f\u00fck olmas\u0131 nedeniyle o da s\u0131ralamaya \u00fc\u00e7 haftad\u0131r giremiyor.<\/p>\n<p>Yay\u0131nc\u0131 Kanallara g\u00f6re bakarsak: Fox Tv&#8217;nin Total&#8217;de 5 dizi ile ilk s\u0131rada, AB&#8217;de de 4 dizi ile gene birinci s\u0131rada oldu\u011funu g\u00f6r\u00fcyoruz. Star Tv, Total&#8217;de 3 dizi, AB&#8217;de iki dizi ile 2.s\u0131rada yer al\u0131yor. Total&#8217;de Atv&#8217;nin ve Kanal D&#8217;nin birer dizileri bulunuyor. AB&#8217;de de, Kanal D&#8217;nin 2 dizisi, Atv ve TRT 1&#8217;in birer dizileri yer al\u0131yor.<\/p>\n<p>Hangi diziyi seviyor ve izliyorsan\u0131z.<\/p>\n<p>Keyifli Seyirler.<\/p>\n<p>Sayg\u0131lar, sevgiler.<\/p>\n<p>Abdurrahman Balc\u0131lar<\/p>\n<p>Twitter: abdurrahman balc\u0131lar@abbalcilar<\/p>\n<p>Mail : <a href=\"mailto:ab.balcilar@hotmail.com\">ab.balcilar@hotmail.com<\/a><\/p>\n<p>Blog: milliyet.com.tr\/cansever<\/p>\n<p>Blog: balcilar-blog.com<\/p>\n<p>&nbsp;<\/p>\n<p>Not: Reytingler TNS \u00f6l\u00e7\u00fcmlerinden ve G\u00f6rseller internetten al\u0131nm\u0131\u015ft\u0131r.<\/p>\n<p>&nbsp;<\/p>\n<p>&nbsp;<\/p>\n<p>&nbsp;<\/p>\n","protected":false},"excerpt":{"rendered":"<p>TNS \u00f6l\u00e7\u00fcmlerine g\u00f6re haz\u0131rlad\u0131\u011f\u0131m Ge\u00e7en Haftan\u0131n en \u00e7ok seyredilen ilk on dizisi sizlere a\u015fa\u011f\u0131da sunuyorum. Bu hafta en iyi \u00e7\u0131k\u0131\u015f\u0131 ge\u00e7en Sal\u0131 ak\u015fam\u0131 Fox Tv\u2019de yay\u0131na giren \u201cA\u015fk Yeniden\u201d yapt\u0131. AB Grubunda haftan\u0131n brincili\u011fini &#8220;Parampar\u00e7a dizisinin elinden ald\u0131. Total&#8217;de de 3.s\u0131rada yer ald\u0131. Daha \u00f6nceki yaz\u0131lar\u0131mda da belirtti\u011fim gibi, as\u0131l olan dizilerin Total\u2019de ald\u0131klar\u0131 y\u00fczdeler [&hellip;]<\/p>\n","protected":false},"author":3,"featured_media":0,"comment_status":"open","ping_status":"open","sticky":false,"template":"","format":"standard","meta":{"footnotes":""},"categories":[2],"tags":[623,464,558,375,530],"class_list":["post-6821","post","type-post","status-publish","format-standard","hentry","category-tv-programlari","tag-ask-yeniden","tag-karagul","tag-paramparca","tag-reytingler","tag-tns-olcumleri"],"views":3335,"blog_post_layout_featured_media_urls":{"thumbnail":"","full":""},"categories_names":{"2":{"name":"TV Programlar\u0131","link":"https:\/\/balcilar-blog.com\/?cat=2"}},"tags_names":{"623":{"name":"A\u015fk Yeniden","link":"https:\/\/balcilar-blog.com\/?tag=ask-yeniden"},"464":{"name":"Karag\u00fcl","link":"https:\/\/balcilar-blog.com\/?tag=karagul"},"558":{"name":"Parampar\u00e7a","link":"https:\/\/balcilar-blog.com\/?tag=paramparca"},"375":{"name":"Reytingler","link":"https:\/\/balcilar-blog.com\/?tag=reytingler"},"530":{"name":"TNS \u00f6l\u00e7\u00fcmleri","link":"https:\/\/balcilar-blog.com\/?tag=tns-olcumleri"}},"comments_number":"0","wpmagazine_modules_lite_featured_media_urls":{"thumbnail":"","cvmm-medium":"","cvmm-medium-plus":"","cvmm-portrait":"","cvmm-medium-square":"","cvmm-large":"","cvmm-small":"","full":""},"_links":{"self":[{"href":"https:\/\/balcilar-blog.com\/index.php?rest_route=\/wp\/v2\/posts\/6821","targetHints":{"allow":["GET"]}}],"collection":[{"href":"https:\/\/balcilar-blog.com\/index.php?rest_route=\/wp\/v2\/posts"}],"about":[{"href":"https:\/\/balcilar-blog.com\/index.php?rest_route=\/wp\/v2\/types\/post"}],"author":[{"embeddable":true,"href":"https:\/\/balcilar-blog.com\/index.php?rest_route=\/wp\/v2\/users\/3"}],"replies":[{"embeddable":true,"href":"https:\/\/balcilar-blog.com\/index.php?rest_route=%2Fwp%2Fv2%2Fcomments&post=6821"}],"version-history":[{"count":4,"href":"https:\/\/balcilar-blog.com\/index.php?rest_route=\/wp\/v2\/posts\/6821\/revisions"}],"predecessor-version":[{"id":6826,"href":"https:\/\/balcilar-blog.com\/index.php?rest_route=\/wp\/v2\/posts\/6821\/revisions\/6826"}],"wp:attachment":[{"href":"https:\/\/balcilar-blog.com\/index.php?rest_route=%2Fwp%2Fv2%2Fmedia&parent=6821"}],"wp:term":[{"taxonomy":"category","embeddable":true,"href":"https:\/\/balcilar-blog.com\/index.php?rest_route=%2Fwp%2Fv2%2Fcategories&post=6821"},{"taxonomy":"post_tag","embeddable":true,"href":"https:\/\/balcilar-blog.com\/index.php?rest_route=%2Fwp%2Fv2%2Ftags&post=6821"}],"curies":[{"name":"wp","href":"https:\/\/api.w.org\/{rel}","templated":true}]}}