{"id":6788,"date":"2015-02-22T19:53:05","date_gmt":"2015-02-22T17:53:05","guid":{"rendered":"http:\/\/balcilar-blog.com\/?p=6788"},"modified":"2015-02-22T21:53:31","modified_gmt":"2015-02-22T19:53:31","slug":"gullerin-savasi-gulru-gulfemi-cildirtmaya-devam-ediyor","status":"publish","type":"post","link":"https:\/\/balcilar-blog.com\/?p=6788","title":{"rendered":"G\u00fcllerin Sava\u015f\u0131 \/ G\u00fclru, G\u00fclfem&#8217;i \u00e7\u0131ld\u0131rtmaya devam ediyor!"},"content":{"rendered":"<p><a href=\"http:\/\/balcilar-blog.com\/wp-content\/uploads\/2015\/02\/Ekran-Al\u0131nt\u0131s\u0131GS32.KP_1.png\"><img loading=\"lazy\" decoding=\"async\" class=\"alignnone size-full wp-image-6804\" src=\"http:\/\/balcilar-blog.com\/wp-content\/uploads\/2015\/02\/Ekran-Al\u0131nt\u0131s\u0131GS32.KP_1.png\" alt=\"Ekran Al\u0131nt\u0131s\u0131GS32.KP\" width=\"745\" height=\"425\" srcset=\"https:\/\/balcilar-blog.com\/wp-content\/uploads\/2015\/02\/Ekran-Al\u0131nt\u0131s\u0131GS32.KP_1.png 745w, https:\/\/balcilar-blog.com\/wp-content\/uploads\/2015\/02\/Ekran-Al\u0131nt\u0131s\u0131GS32.KP_1-300x171.png 300w\" sizes=\"auto, (max-width: 745px) 100vw, 745px\" \/><\/a><\/p>\n<p>Kanal D&#8217;nin a\u015fk ve drama dizisi &#8220;G\u00fcllerin Sava\u015f\u0131&#8221; b\u00fct\u00fcn h\u0131z\u0131yla devam ediyor. G\u00fclru \u00d6mer&#8217;e olan a\u015fk\u0131n\u0131 kalbinin i\u00e7ine g\u00f6merek, G\u00fclfem&#8217;den intikam almaya s\u00fcr\u00fcd\u00fcr\u00fcyor. G\u00fclfem Han\u0131m, G\u00fclru&#8217;nun yeni s\u00fcrprizlerini g\u00f6rd\u00fck\u00e7e hem \u00e7ok \u015fa\u015f\u0131r\u0131yor, hem de sinirinden \u00e7\u0131ld\u0131r\u0131yor. Art\u0131k ba\u015f\u0131 o kadar \u00e7ok a\u011fr\u0131yor ki, migreni tuttuk\u00e7a ila\u00e7 m\u00fcptelas\u0131 oldu.<\/p>\n<p>Ge\u00e7en b\u00f6l\u00fcmde Yonca&#8217;n\u0131n eni\u015ftesi Cihan&#8217;\u0131 ate\u015flemesi ile Cihan kar\u0131s\u0131na \u00f6nce, bir de\u011fil 5 kredi kart\u0131 \u00e7\u0131kart\u0131r. Ayr\u0131ca benim karde\u015fim otob\u00fcslerle mi gezecek der ve Cihan kar\u0131s\u0131n\u0131n alt\u0131na \u00f6zel araba sat\u0131n al\u0131r.<\/p>\n<p>Ge\u00e7en b\u00f6l\u00fcm sonunda \u00d6mer Bey, G\u00fclru&#8217;yu konu\u015fturmak i\u00e7in atar arabas\u0131na eve kapat\u0131r. bana her \u015feyi anlatana kadar buradan \u00e7\u0131kmayaca\u011f\u0131z, der. G\u00fclru , \u00d6mer&#8217;e olan a\u015fk\u0131n\u0131 kalbinin en derinliklerine atarak, ben G\u00fclfem Sipahi olmak isteyen bir k\u0131z\u0131m. G\u00fclfem senden vaz ge\u00e7ti, ben de vaz ge\u00e7tim dese de \u00d6mer, sen beni \u00e7ocuk mu zannettin, do\u011frular\u0131 anlat. G\u00fclru sana ihtiyac\u0131m yok art\u0131k bitti, ben Cihan&#8217;\u0131 seviyorum. \u00d6mer, sen g\u00f6zlerimin i\u00e7ine bakarak, do\u011fruyu s\u00f6ylemeyerek ba\u015fard\u0131n, \u015fimdi \u00e7\u0131k git, art\u0131k seni tan\u0131m\u0131yorum. Ama sana yemin ederim, e\u011fer bir g\u00fcn bu anlatt\u0131klar\u0131n\u0131 inan\u0131rsam, sen de beni tan\u0131yamayacaks\u0131n, der ve d\u0131\u015far\u0131 \u00e7\u0131kart\u0131r.<\/p>\n<p><a href=\"http:\/\/balcilar-blog.com\/wp-content\/uploads\/2015\/02\/Ekran-Al\u0131nt\u0131s\u0131GS32.6.png\"><img loading=\"lazy\" decoding=\"async\" class=\"alignnone size-full wp-image-6809\" src=\"http:\/\/balcilar-blog.com\/wp-content\/uploads\/2015\/02\/Ekran-Al\u0131nt\u0131s\u0131GS32.6.png\" alt=\"Ekran Al\u0131nt\u0131s\u0131GS32.6\" width=\"616\" height=\"421\" srcset=\"https:\/\/balcilar-blog.com\/wp-content\/uploads\/2015\/02\/Ekran-Al\u0131nt\u0131s\u0131GS32.6.png 616w, https:\/\/balcilar-blog.com\/wp-content\/uploads\/2015\/02\/Ekran-Al\u0131nt\u0131s\u0131GS32.6-300x205.png 300w\" sizes=\"auto, (max-width: 616px) 100vw, 616px\" \/><\/a><\/p>\n<p>G\u00fclru \u00e7ok sevdi\u011fi a\u015fk\u0131 \u00d6mer&#8217;den vazge\u00e7ti ama, G\u00fclfem&#8217;den babas\u0131n\u0131n intikam\u0131n\u0131 almaya devam eder.<\/p>\n<p>Halide postadan gelen kredi kartlar\u0131n\u0131 g\u00f6r\u00fcnce \u00f6fkeden deliye d\u00f6ner, g\u00f6zleri fal ta\u015f\u0131 gibi a\u00e7\u0131l\u0131r.<\/p>\n<p><a href=\"http:\/\/balcilar-blog.com\/wp-content\/uploads\/2015\/02\/Ekran-Al\u0131nt\u0131s\u0131GS32.KR_.png\"><img loading=\"lazy\" decoding=\"async\" class=\"alignnone size-full wp-image-6810\" src=\"http:\/\/balcilar-blog.com\/wp-content\/uploads\/2015\/02\/Ekran-Al\u0131nt\u0131s\u0131GS32.KR_.png\" alt=\"Ekran Al\u0131nt\u0131s\u0131GS32.KR\" width=\"639\" height=\"419\" srcset=\"https:\/\/balcilar-blog.com\/wp-content\/uploads\/2015\/02\/Ekran-Al\u0131nt\u0131s\u0131GS32.KR_.png 639w, https:\/\/balcilar-blog.com\/wp-content\/uploads\/2015\/02\/Ekran-Al\u0131nt\u0131s\u0131GS32.KR_-300x197.png 300w\" sizes=\"auto, (max-width: 639px) 100vw, 639px\" \/><\/a><\/p>\n<p>B\u00fcy\u00fck \u015fa\u015fk\u0131nl\u0131\u011f\u0131 da, karde\u015fi \u00d6mer&#8217;in G\u00fclru&#8217;ya tek kap\u0131l\u0131 spor araba almas\u0131 ile ya\u015far. Cihan bilgisayardan be\u011fendi\u011fi arabay\u0131 telefon ederek kap\u0131ya kadar getirtir.<\/p>\n<p><a href=\"http:\/\/balcilar-blog.com\/wp-content\/uploads\/2015\/02\/Ekran-Al\u0131nt\u0131s\u0131GS.32.2.png\"><img loading=\"lazy\" decoding=\"async\" class=\"alignnone size-full wp-image-6811\" src=\"http:\/\/balcilar-blog.com\/wp-content\/uploads\/2015\/02\/Ekran-Al\u0131nt\u0131s\u0131GS.32.2.png\" alt=\"Ekran Al\u0131nt\u0131s\u0131GS.32.2\" width=\"635\" height=\"425\" srcset=\"https:\/\/balcilar-blog.com\/wp-content\/uploads\/2015\/02\/Ekran-Al\u0131nt\u0131s\u0131GS.32.2.png 635w, https:\/\/balcilar-blog.com\/wp-content\/uploads\/2015\/02\/Ekran-Al\u0131nt\u0131s\u0131GS.32.2-300x201.png 300w\" sizes=\"auto, (max-width: 635px) 100vw, 635px\" \/><\/a><\/p>\n<p>G\u00fclfem kap\u0131ya gelen arabay\u0131 Halide&#8217;den \u00f6\u011frenip arabay\u0131 g\u00f6rd\u00fc\u011f\u00fcnde a\u011fz\u0131 bir kar\u0131\u015f a\u00e7\u0131k kal\u0131r.<\/p>\n<p><a href=\"http:\/\/balcilar-blog.com\/wp-content\/uploads\/2015\/02\/Ekran-Al\u0131nt\u0131s\u0131GS32.5.png\"><img loading=\"lazy\" decoding=\"async\" class=\"alignnone size-full wp-image-6812\" src=\"http:\/\/balcilar-blog.com\/wp-content\/uploads\/2015\/02\/Ekran-Al\u0131nt\u0131s\u0131GS32.5.png\" alt=\"Ekran Al\u0131nt\u0131s\u0131GS32.5\" width=\"645\" height=\"429\" srcset=\"https:\/\/balcilar-blog.com\/wp-content\/uploads\/2015\/02\/Ekran-Al\u0131nt\u0131s\u0131GS32.5.png 645w, https:\/\/balcilar-blog.com\/wp-content\/uploads\/2015\/02\/Ekran-Al\u0131nt\u0131s\u0131GS32.5-300x200.png 300w\" sizes=\"auto, (max-width: 645px) 100vw, 645px\" \/><\/a><\/p>\n<p>Cihan, araban\u0131n anahtar\u0131n\u0131 G\u00fclru&#8217;ya verir, birlikte arabaya binerler ve dola\u015fmaya \u00e7\u0131karlar.<\/p>\n<p><a href=\"http:\/\/balcilar-blog.com\/wp-content\/uploads\/2015\/02\/Ekran-Al\u0131nt\u0131s\u0131GS32.4.png\"><img loading=\"lazy\" decoding=\"async\" class=\"alignnone size-full wp-image-6791\" src=\"http:\/\/balcilar-blog.com\/wp-content\/uploads\/2015\/02\/Ekran-Al\u0131nt\u0131s\u0131GS32.4.png\" alt=\"Ekran Al\u0131nt\u0131s\u0131GS32.4\" width=\"662\" height=\"423\" srcset=\"https:\/\/balcilar-blog.com\/wp-content\/uploads\/2015\/02\/Ekran-Al\u0131nt\u0131s\u0131GS32.4.png 662w, https:\/\/balcilar-blog.com\/wp-content\/uploads\/2015\/02\/Ekran-Al\u0131nt\u0131s\u0131GS32.4-300x192.png 300w\" sizes=\"auto, (max-width: 662px) 100vw, 662px\" \/><\/a><\/p>\n<p>G\u00fclru as\u0131l bombay\u0131 sona saklar, kendi paras\u0131n\u0131 kazanmak i\u00e7in, kendi ad\u0131na butik a\u00e7ar. A\u00e7\u0131l\u0131\u015fa herkes davetlidir. G\u00fclfem Han\u0131m ve Cahide&#8217;ye siyah g\u00fcll\u00fc bir davetiye gelir. G\u00fclfem kibirli ve iddial\u0131 olan davetiyeyi benim dikkatimi \u00e7ekmeyi ba\u015fard\u0131 diyerek ilgin\u00e7 bulur. G\u00fclfem Han\u0131m, \u00d6mer&#8217;i de arayarak, \u00e7\u0131k\u0131\u015fta birlikte ak\u015fam yeme\u011fine gideriz diyerek gelmesini ister. G\u00fclfem ile Cahide Han\u0131m, istemeyerek de olsa, kom\u015fu villadaki bu a\u00e7\u0131l\u0131\u015fa birlikte giderler.<\/p>\n<p><a href=\"http:\/\/balcilar-blog.com\/wp-content\/uploads\/2015\/02\/Ekran-Al\u0131nt\u0131s\u0131GS32.7.png\"><img loading=\"lazy\" decoding=\"async\" class=\"alignnone size-full wp-image-6798\" src=\"http:\/\/balcilar-blog.com\/wp-content\/uploads\/2015\/02\/Ekran-Al\u0131nt\u0131s\u0131GS32.7.png\" alt=\"Ekran Al\u0131nt\u0131s\u0131GS32.7\" width=\"637\" height=\"421\" srcset=\"https:\/\/balcilar-blog.com\/wp-content\/uploads\/2015\/02\/Ekran-Al\u0131nt\u0131s\u0131GS32.7.png 637w, https:\/\/balcilar-blog.com\/wp-content\/uploads\/2015\/02\/Ekran-Al\u0131nt\u0131s\u0131GS32.7-300x198.png 300w\" sizes=\"auto, (max-width: 637px) 100vw, 637px\" \/><\/a><\/p>\n<p>G\u00fclfen buti\u011fin \u00f6n\u00fcne gelinceye kadar hi\u00e7 bir \u015feyi fark etmez. Arabadan Cahide Han\u0131m ile indikten sonra ba\u015f\u0131n\u0131 kald\u0131r\u0131nca &#8220;G\u00fclru Sipahi&#8221; tabelas\u0131n\u0131 fark eder.<\/p>\n<p><a href=\"http:\/\/balcilar-blog.com\/wp-content\/uploads\/2015\/02\/Ekran-Al\u0131nt\u0131s\u0131GS32.8.png\"><img loading=\"lazy\" decoding=\"async\" class=\"alignnone size-full wp-image-6799\" src=\"http:\/\/balcilar-blog.com\/wp-content\/uploads\/2015\/02\/Ekran-Al\u0131nt\u0131s\u0131GS32.8.png\" alt=\"Ekran Al\u0131nt\u0131s\u0131GS32.8\" width=\"676\" height=\"422\" srcset=\"https:\/\/balcilar-blog.com\/wp-content\/uploads\/2015\/02\/Ekran-Al\u0131nt\u0131s\u0131GS32.8.png 676w, https:\/\/balcilar-blog.com\/wp-content\/uploads\/2015\/02\/Ekran-Al\u0131nt\u0131s\u0131GS32.8-300x187.png 300w\" sizes=\"auto, (max-width: 676px) 100vw, 676px\" \/><\/a><\/p>\n<p>Olmaz, olamaz diyerek, bu defa a\u011fz\u0131 ve g\u00f6zleri daha da b\u00fcy\u00fck a\u00e7\u0131k kal\u0131r.<\/p>\n<p><a href=\"http:\/\/balcilar-blog.com\/wp-content\/uploads\/2015\/02\/Ekran-Al\u0131nt\u0131s\u0131GS32.3.png\"><img loading=\"lazy\" decoding=\"async\" class=\"alignnone size-full wp-image-6790\" src=\"http:\/\/balcilar-blog.com\/wp-content\/uploads\/2015\/02\/Ekran-Al\u0131nt\u0131s\u0131GS32.3.png\" alt=\"Ekran Al\u0131nt\u0131s\u0131GS32.3\" width=\"679\" height=\"422\" srcset=\"https:\/\/balcilar-blog.com\/wp-content\/uploads\/2015\/02\/Ekran-Al\u0131nt\u0131s\u0131GS32.3.png 679w, https:\/\/balcilar-blog.com\/wp-content\/uploads\/2015\/02\/Ekran-Al\u0131nt\u0131s\u0131GS32.3-300x186.png 300w\" sizes=\"auto, (max-width: 679px) 100vw, 679px\" \/><\/a><\/p>\n<p>Gazeteciler de kap\u0131da olmas\u0131 nedeniyle geri de d\u00f6nmez. Cesaretini toplar, h\u0131zl\u0131 ad\u0131mlarla kap\u0131ya do\u011fru y\u00fcr\u00fcr.<\/p>\n<p><a href=\"http:\/\/balcilar-blog.com\/wp-content\/uploads\/2015\/02\/Ekran-Al\u0131nt\u0131s\u0131GS32.9B.png\"><img loading=\"lazy\" decoding=\"async\" class=\"alignnone size-medium wp-image-6801\" src=\"http:\/\/balcilar-blog.com\/wp-content\/uploads\/2015\/02\/Ekran-Al\u0131nt\u0131s\u0131GS32.9B-300x207.png\" alt=\"Ekran Al\u0131nt\u0131s\u0131GS32.9B\" width=\"300\" height=\"207\" srcset=\"https:\/\/balcilar-blog.com\/wp-content\/uploads\/2015\/02\/Ekran-Al\u0131nt\u0131s\u0131GS32.9B-300x207.png 300w, https:\/\/balcilar-blog.com\/wp-content\/uploads\/2015\/02\/Ekran-Al\u0131nt\u0131s\u0131GS32.9B.png 615w\" sizes=\"auto, (max-width: 300px) 100vw, 300px\" \/><\/a>\u00a0<a href=\"http:\/\/balcilar-blog.com\/wp-content\/uploads\/2015\/02\/Ekran-Al\u0131nt\u0131s\u0131GS32.9AA.png\"><img loading=\"lazy\" decoding=\"async\" class=\"alignnone size-medium wp-image-6800\" src=\"http:\/\/balcilar-blog.com\/wp-content\/uploads\/2015\/02\/Ekran-Al\u0131nt\u0131s\u0131GS32.9AA-300x200.png\" alt=\"Ekran Al\u0131nt\u0131s\u0131GS32.9AA\" width=\"300\" height=\"200\" srcset=\"https:\/\/balcilar-blog.com\/wp-content\/uploads\/2015\/02\/Ekran-Al\u0131nt\u0131s\u0131GS32.9AA-300x200.png 300w, https:\/\/balcilar-blog.com\/wp-content\/uploads\/2015\/02\/Ekran-Al\u0131nt\u0131s\u0131GS32.9AA.png 635w\" sizes=\"auto, (max-width: 300px) 100vw, 300px\" \/><\/a><\/p>\n<p>&nbsp;<\/p>\n<p>Tam kap\u0131dan girince G\u00fclru, ve nihayet gecenin onur konu\u011fu, moda duayeni G\u00fclfem Sipahi diyerek konuklara takdim eder.<\/p>\n<p><a href=\"http:\/\/balcilar-blog.com\/wp-content\/uploads\/2015\/02\/Ekran-Al\u0131nt\u0131s\u0131GS32.10.png\"><img loading=\"lazy\" decoding=\"async\" class=\"alignnone size-full wp-image-6802\" src=\"http:\/\/balcilar-blog.com\/wp-content\/uploads\/2015\/02\/Ekran-Al\u0131nt\u0131s\u0131GS32.10.png\" alt=\"Ekran Al\u0131nt\u0131s\u0131GS32.10\" width=\"694\" height=\"422\" srcset=\"https:\/\/balcilar-blog.com\/wp-content\/uploads\/2015\/02\/Ekran-Al\u0131nt\u0131s\u0131GS32.10.png 694w, https:\/\/balcilar-blog.com\/wp-content\/uploads\/2015\/02\/Ekran-Al\u0131nt\u0131s\u0131GS32.10-300x182.png 300w\" sizes=\"auto, (max-width: 694px) 100vw, 694px\" \/><\/a><\/p>\n<p>En son \u00d6mer Bey gelir, kap\u0131dan arabas\u0131ndan inince tabela dikkatini \u00e7eker, G\u00fclru&#8217;nun s\u00f6zleri kulaklar\u0131nda \u00e7\u0131nlar. &#8220;benim \u00e7ocuklu\u011fumdan beri tek bir hayalim var. Ben ona y\u00fcr\u00fcyorum, ama seninle de\u011fil, Cihan&#8217;la&#8230; Sana ihtiyac\u0131m kalmad\u0131 art\u0131k.&#8221;<\/p>\n<p>G\u00fclfem Han\u0131m, tebess\u00fcm eden G\u00fclru&#8217;nun \u00fcst\u00fcne y\u00fcr\u00fcr. G\u00fclru sar\u0131l\u0131r. Kula\u011f\u0131na, &#8220;Art\u0131k beni teb rik etsen iyi olacak, Herkes bize bak\u0131yor.&#8221; G\u00fclfem, G\u00fclru&#8217;nun uzatt\u0131\u011f\u0131 eli tutar. &#8220;Bunu yapamazs\u0131n.&#8221; \u00a0G\u00fclru; G\u00f6rm\u00fcyor musun, yapt\u0131m bile&#8230; Krali\u00e7e \u00f6ld\u00fc dedim. Ya\u015fas\u0131n yeni krali\u00e7e, dedim. Sen kendi ayaklar\u0131nla geldin. G\u00fclfem; Sana istedi\u011fini vermeyece\u011fim. \u015eimdi burada olanlar\u0131 hat\u0131rlamayaca\u011f\u0131m. Ama inan bana hayat\u0131ndaki en b\u00fcy\u00fck pi\u015fmanl\u0131k bu gece olacak.<\/p>\n<p><a href=\"http:\/\/balcilar-blog.com\/wp-content\/uploads\/2015\/02\/Ekran-Al\u0131nt\u0131s\u0131GS32.12.png\"><img loading=\"lazy\" decoding=\"async\" class=\"alignnone size-full wp-image-6803\" src=\"http:\/\/balcilar-blog.com\/wp-content\/uploads\/2015\/02\/Ekran-Al\u0131nt\u0131s\u0131GS32.12.png\" alt=\"Ekran Al\u0131nt\u0131s\u0131GS32.12\" width=\"681\" height=\"425\" srcset=\"https:\/\/balcilar-blog.com\/wp-content\/uploads\/2015\/02\/Ekran-Al\u0131nt\u0131s\u0131GS32.12.png 681w, https:\/\/balcilar-blog.com\/wp-content\/uploads\/2015\/02\/Ekran-Al\u0131nt\u0131s\u0131GS32.12-300x187.png 300w\" sizes=\"auto, (max-width: 681px) 100vw, 681px\" \/><\/a><\/p>\n<p>Bu gelin g\u00f6r\u00fcmce aras\u0131nda ge\u00e7en konu\u015fmalar\u0131 herkesin dikkatini \u00e7eker. O s\u0131rada \u00d6mer Bey de kap\u0131dan girer. \u00d6mer&#8217;in geli\u015fi Cihan&#8217;\u0131n dikkatini \u00e7eker. \u00d6mer, G\u00fclru ile G\u00fclfemin yan\u0131na gider, G\u00fclfem&#8217;im elini tutar. G\u00fclru&#8217;ya bakarak, &#8220;Sana \u015fimdi inand\u0131m G\u00fclru&#8230; Ger\u00e7ekten.&#8221; G\u00fclfem&#8217;i de al\u0131r geri d\u00f6ner. G\u00fclru arkalar\u0131ndan bakarak, \u00d6mer&#8217;in s\u00f6yledi\u011fi son s\u00f6zleri hat\u0131rlar. &#8220;Ama sana yemin ederim, e\u011fer bir g\u00fcn bu anlatt\u0131klar\u0131n\u0131 inan\u0131rsam, sen de beni tan\u0131mayacaks\u0131n.&#8221; Ve 32.B\u00f6l\u00fcm burada biter.<\/p>\n<p><a href=\"http:\/\/balcilar-blog.com\/wp-content\/uploads\/2015\/02\/Ekran-Al\u0131nt\u0131s\u0131GS32.SON_.png\"><img loading=\"lazy\" decoding=\"async\" class=\"alignnone size-full wp-image-6797\" src=\"http:\/\/balcilar-blog.com\/wp-content\/uploads\/2015\/02\/Ekran-Al\u0131nt\u0131s\u0131GS32.SON_.png\" alt=\"Ekran Al\u0131nt\u0131s\u0131GS32.SON\" width=\"689\" height=\"421\" srcset=\"https:\/\/balcilar-blog.com\/wp-content\/uploads\/2015\/02\/Ekran-Al\u0131nt\u0131s\u0131GS32.SON_.png 689w, https:\/\/balcilar-blog.com\/wp-content\/uploads\/2015\/02\/Ekran-Al\u0131nt\u0131s\u0131GS32.SON_-300x183.png 300w\" sizes=\"auto, (max-width: 689px) 100vw, 689px\" \/><\/a><\/p>\n<p>G\u00fclru, o an i\u00e7indeki ka\u011f\u0131t kesi\u011fi gibi s\u0131z\u0131y\u0131 hisseder. G\u00fclfem&#8217;den alabilece\u011fi her t\u00fcrl\u00fc intikam\u0131 ald\u0131 ama, sevdi\u011fi adam\u0131 o an kaybetti\u011fini hisseder.<\/p>\n<p>Medyap\u0131m&#8217;\u0131n bu g\u00fczel dizisi Cumartesi geceleri AB&#8217;de birincilikleri almaya devam ediyor. Damla S\u00f6nmez (G\u00fclru \u00c7elik), Bar\u0131\u015f K\u0131l\u0131\u00e7 (\u00d6mer Hekimo\u011flu), Canan Erg\u00fcder (G\u00fclfen Sipahi), Yi\u011fit Kirazc\u0131 (Mert Gencer) ve Sercan Badur (Cihan Sipahi) ba\u015fl\u0131ca rolleri oynuyorlar. Oyuncu kadrosunun ba\u015far\u0131s\u0131, dizinin sevilmesinde en b\u00fcy\u00fck fakt\u00f6r.<\/p>\n<p>\u0130yi seyirler.<\/p>\n<p>Sayg\u0131lar, sevgiler.<\/p>\n<p>Abdurrahman Balc\u0131lar<\/p>\n<p>Twitter: abdurrahman balc\u0131lar@abbalcilar<\/p>\n<p>Mail : <a href=\"mailto:ab.balcilar@hotmail.com\">ab.balcilar@hotmail.com<\/a><\/p>\n<p>Blog: milliyet.com.tr\/cansever<\/p>\n<p>Blog: balcilar-blog.com<\/p>\n<p>&nbsp;<\/p>\n<p>Not: G\u00f6rseller diziden taraf\u0131mdan kopyalanarak al\u0131nm\u0131\u015ft\u0131r.<\/p>\n<p>&nbsp;<\/p>\n","protected":false},"excerpt":{"rendered":"<p>Kanal D&#8217;nin a\u015fk ve drama dizisi &#8220;G\u00fcllerin Sava\u015f\u0131&#8221; b\u00fct\u00fcn h\u0131z\u0131yla devam ediyor. G\u00fclru \u00d6mer&#8217;e olan a\u015fk\u0131n\u0131 kalbinin i\u00e7ine g\u00f6merek, G\u00fclfem&#8217;den intikam almaya s\u00fcr\u00fcd\u00fcr\u00fcyor. G\u00fclfem Han\u0131m, G\u00fclru&#8217;nun yeni s\u00fcrprizlerini g\u00f6rd\u00fck\u00e7e hem \u00e7ok \u015fa\u015f\u0131r\u0131yor, hem de sinirinden \u00e7\u0131ld\u0131r\u0131yor. Art\u0131k ba\u015f\u0131 o kadar \u00e7ok a\u011fr\u0131yor ki, migreni tuttuk\u00e7a ila\u00e7 m\u00fcptelas\u0131 oldu. Ge\u00e7en b\u00f6l\u00fcmde Yonca&#8217;n\u0131n eni\u015ftesi Cihan&#8217;\u0131 ate\u015flemesi ile [&hellip;]<\/p>\n","protected":false},"author":3,"featured_media":0,"comment_status":"open","ping_status":"open","sticky":false,"template":"","format":"standard","meta":{"footnotes":""},"categories":[2],"tags":[474,255,473,91],"class_list":["post-6788","post","type-post","status-publish","format-standard","hentry","category-tv-programlari","tag-baris-kilic","tag-damla-sonmez","tag-gullerin-savasi","tag-kanal-d"],"views":4827,"blog_post_layout_featured_media_urls":{"thumbnail":"","full":""},"categories_names":{"2":{"name":"TV Programlar\u0131","link":"https:\/\/balcilar-blog.com\/?cat=2"}},"tags_names":{"474":{"name":"Bar\u0131\u015f K\u0131l\u0131\u00e7","link":"https:\/\/balcilar-blog.com\/?tag=baris-kilic"},"255":{"name":"Damla S\u00f6nmez","link":"https:\/\/balcilar-blog.com\/?tag=damla-sonmez"},"473":{"name":"G\u00fcllerin Sava\u015f\u0131","link":"https:\/\/balcilar-blog.com\/?tag=gullerin-savasi"},"91":{"name":"Kanal D","link":"https:\/\/balcilar-blog.com\/?tag=kanal-d"}},"comments_number":"0","wpmagazine_modules_lite_featured_media_urls":{"thumbnail":"","cvmm-medium":"","cvmm-medium-plus":"","cvmm-portrait":"","cvmm-medium-square":"","cvmm-large":"","cvmm-small":"","full":""},"_links":{"self":[{"href":"https:\/\/balcilar-blog.com\/index.php?rest_route=\/wp\/v2\/posts\/6788","targetHints":{"allow":["GET"]}}],"collection":[{"href":"https:\/\/balcilar-blog.com\/index.php?rest_route=\/wp\/v2\/posts"}],"about":[{"href":"https:\/\/balcilar-blog.com\/index.php?rest_route=\/wp\/v2\/types\/post"}],"author":[{"embeddable":true,"href":"https:\/\/balcilar-blog.com\/index.php?rest_route=\/wp\/v2\/users\/3"}],"replies":[{"embeddable":true,"href":"https:\/\/balcilar-blog.com\/index.php?rest_route=%2Fwp%2Fv2%2Fcomments&post=6788"}],"version-history":[{"count":6,"href":"https:\/\/balcilar-blog.com\/index.php?rest_route=\/wp\/v2\/posts\/6788\/revisions"}],"predecessor-version":[{"id":6814,"href":"https:\/\/balcilar-blog.com\/index.php?rest_route=\/wp\/v2\/posts\/6788\/revisions\/6814"}],"wp:attachment":[{"href":"https:\/\/balcilar-blog.com\/index.php?rest_route=%2Fwp%2Fv2%2Fmedia&parent=6788"}],"wp:term":[{"taxonomy":"category","embeddable":true,"href":"https:\/\/balcilar-blog.com\/index.php?rest_route=%2Fwp%2Fv2%2Fcategories&post=6788"},{"taxonomy":"post_tag","embeddable":true,"href":"https:\/\/balcilar-blog.com\/index.php?rest_route=%2Fwp%2Fv2%2Ftags&post=6788"}],"curies":[{"name":"wp","href":"https:\/\/api.w.org\/{rel}","templated":true}]}}