{"id":6515,"date":"2015-02-12T15:24:10","date_gmt":"2015-02-12T13:24:10","guid":{"rendered":"http:\/\/balcilar-blog.com\/?p=6515"},"modified":"2015-02-12T17:41:28","modified_gmt":"2015-02-12T15:41:28","slug":"kara-para-aski-kupa-maci-dirilisi-kotu-hava-sartlari-vurdu","status":"publish","type":"post","link":"https:\/\/balcilar-blog.com\/?p=6515","title":{"rendered":"Kara Para A\u015fk&#8217;\u0131 kupa ma\u00e7\u0131, Dirili\u015f&#8217;i k\u00f6t\u00fc hava \u015fartlar\u0131 vurdu!"},"content":{"rendered":"<p><a href=\"http:\/\/balcilar-blog.com\/wp-content\/uploads\/2015\/02\/cats.jpg\"><img loading=\"lazy\" decoding=\"async\" class=\"alignnone size-full wp-image-6522\" src=\"http:\/\/balcilar-blog.com\/wp-content\/uploads\/2015\/02\/cats.jpg\" alt=\"cats\" width=\"674\" height=\"706\" srcset=\"https:\/\/balcilar-blog.com\/wp-content\/uploads\/2015\/02\/cats.jpg 674w, https:\/\/balcilar-blog.com\/wp-content\/uploads\/2015\/02\/cats-286x300.jpg 286w\" sizes=\"auto, (max-width: 674px) 100vw, 674px\" \/><\/a><\/p>\n<p>Ba\u015f rollerinde Engin Aky\u00fcrek, Tuba B\u00fcy\u00fck\u00fcst\u00fcn, Erkan Can \u0130lkin T\u00fcfek\u00e7i ve I\u015f\u0131l Y\u00fccesoy&#8217;un payla\u015ft\u0131\u011f\u0131 iddial\u0131 dizi\u00a0&#8220;Kara Para A\u015fk&#8221;\u0131n k\u00f6t\u00fc kaderi devam ediyor. Son bir ayda, iki defa yeni b\u00f6l\u00fcmleri saat 22&#8217;den sonra ba\u015flayan, iki defa da eski b\u00f6l\u00fcm tekrar\u0131 yapan dizinin d\u00fcn ak\u015famda Atv&#8217;de 34.B\u00f6l\u00fcm\u00fcn tekrar\u0131 vard\u0131.<\/p>\n<p>Atv&#8217;deki Ziraat T\u00fcrkiye kupas\u0131 nedeniyle bu s\u0131k\u0131nt\u0131 ya\u015fad\u0131. Bu haftada \u00c7aykur Rizespor ile Fenerbah\u00e7e ma\u00e7\u0131 nedeniyle ma\u00e7tan sonra eski b\u00f6l\u00fcn tekrar\u0131 yap\u0131ld\u0131. Bu g\u00fczel dizinin 34.b\u00f6l\u00fcm\u00fcn\u00fc ge\u00e7en hafta izleyemeyenler i\u00e7in bir f\u0131rsat do\u011fdu.<\/p>\n<p>Ge\u00e7en haftaki (Kara Para A\u015fk \/ Atv diziyi bitirmek mi istiyor?) Blog yaz\u0131mda ma\u00e7 nedeniyle ge\u00e7 saate yay\u0131na konan dizinin olduk\u00e7a reyting kaybetti\u011fini belirtmi\u015ftim. Akla gelen sorunun Atv istemeyerek de olsa diziyi bitirmek mi istiyor? Demi\u015ftim. Bu nedenle olsa gerek dizinin yeni b\u00f6l\u00fcm\u00fc olan 35.b\u00f6l\u00fcm yay\u0131na konmad\u0131, 34.b\u00f6l\u00fcm\u00fcn tekrar\u0131 yap\u0131ld\u0131.<\/p>\n<p><a href=\"http:\/\/balcilar-blog.com\/wp-content\/uploads\/2015\/02\/maxresdefault1.jpg\"><img loading=\"lazy\" decoding=\"async\" class=\"alignnone size-full wp-image-6527\" src=\"http:\/\/balcilar-blog.com\/wp-content\/uploads\/2015\/02\/maxresdefault1.jpg\" alt=\"maxresdefault\" width=\"587\" height=\"400\" srcset=\"https:\/\/balcilar-blog.com\/wp-content\/uploads\/2015\/02\/maxresdefault1.jpg 587w, https:\/\/balcilar-blog.com\/wp-content\/uploads\/2015\/02\/maxresdefault1-300x204.jpg 300w\" sizes=\"auto, (max-width: 587px) 100vw, 587px\" \/><\/a><\/p>\n<p>D\u00fcn ak\u015fam TRT 1&#8217;de yay\u0131nlanan Dirili\u015f Ertu\u011frul&#8217;un da 8.b\u00f6l\u00fcm\u00fcn\u00fcn tekrar\u0131 vard\u0131. Dizinin yeni b\u00f6l\u00fcm\u00fcn\u00fcn \u00e7ekimlerindeki aksamalar nedeniyle yay\u0131nlanmad\u0131.<\/p>\n<p><a href=\"http:\/\/balcilar-blog.com\/wp-content\/uploads\/2015\/02\/media.jpg\"><img loading=\"lazy\" decoding=\"async\" class=\"alignnone size-full wp-image-6525\" src=\"http:\/\/balcilar-blog.com\/wp-content\/uploads\/2015\/02\/media.jpg\" alt=\"media\" width=\"600\" height=\"450\" srcset=\"https:\/\/balcilar-blog.com\/wp-content\/uploads\/2015\/02\/media.jpg 600w, https:\/\/balcilar-blog.com\/wp-content\/uploads\/2015\/02\/media-300x225.jpg 300w\" sizes=\"auto, (max-width: 600px) 100vw, 600px\" \/><\/a><\/p>\n<div>TRT1\u2019in sosyal medya hesaplar\u0131ndan yap\u0131lan a\u00e7\u0131klamada olumsuz hava ko\u015fullar\u0131 nedeniyle \u00e7ekim planlar\u0131n\u0131n aksad\u0131\u011f\u0131 bu nedenle Dirili\u015f \u201cErtu\u011frul\u201d dizimizin yay\u0131n\u0131na bir hafta ara vermek zorunda kal\u0131nd\u0131\u011f\u0131n\u0131 s\u00f6yledi. Dizi bu ak\u015fam haz\u0131rlanan geni\u015f bir kolaj olarak haz\u0131rlanan \u00f6zel b\u00f6l\u00fcm yay\u0131na gelecek.<\/div>\n<div><\/div>\n<div>Ba\u015f rollerini Engin Altan D\u00fczyatan, Kaan Ta\u015faner, H\u00fclya Darcan ve Serdar G\u00f6khan&#8217;\u0131n oynad\u0131\u011f\u0131 Dirili\u015f Ertu\u011frul dizisinin kanal\u2019dan yap\u0131lan a\u00e7\u0131klama \u015fu \u015fekilde:<\/div>\n<div><\/div>\n<div>\u201cSon g\u00fcnlerde ya\u015fad\u0131\u011f\u0131m\u0131z yo\u011fun ya\u011f\u0131\u015flar ve a\u011f\u0131r iklim \u015fartlar\u0131n\u0131n \u00e7ekim planlar\u0131m\u0131z\u0131 etkilemesi nedeniyle Dirili\u015f \u201cErtu\u011frul\u201d dizimizin yay\u0131n\u0131na bir hafta ara vermek durumunda kald\u0131k.Bug\u00fcne kadar yay\u0131nlanm\u0131\u015f olan b\u00f6l\u00fcmlerin \u00f6zel sahnelerinden haz\u0131rlam\u0131\u015f oldu\u011fumuz Dirili\u015f \u201cErtu\u011frul\u201d \u00d6zel b\u00f6l\u00fcm\u00fc, bu ak\u015fam TRT1 ekranlar\u0131nda olacakt\u0131r.\u0130lginiz i\u00e7in \u00e7ok te\u015fekk\u00fcr ederiz\u201d<\/div>\n<div><\/div>\n<div>Genelikle ma\u00e7 yay\u0131nlar\u0131n\u0131n canl\u0131 olmas\u0131 nedeniyle bu t\u00fcr aksamalar hep oluyor. Saatini de\u011fi\u015ftirmek zorunda olan da hep diziler oluyor. \u00a0\u0130\u015fte b\u00f6yle bazen ma\u00e7, bazen de k\u00f6t\u00fc hava \u015fartlar\u0131 dizleri vuruyor.<\/div>\n<div><\/div>\n<div>Ne diyelim, elden bir \u015fey gelmiyor.<\/div>\n<div><\/div>\n<div>\n<p>Sayg\u0131lar, sevgiler.<\/p>\n<p>Abdurrahman Balc\u0131lar<\/p>\n<p>Twitter: abdurrahman balc\u0131lar@abbalcilar<\/p>\n<p>Mail : <a href=\"mailto:ab.balcilar@hotmail.com\">ab.balcilar@hotmail.com<\/a><\/p>\n<p>Blog: milliyet.com.tr\/cansever<\/p>\n<p>Blog: balcilar-blog.com<\/p>\n<\/div>\n<div><\/div>\n<p>&nbsp;<\/p>\n","protected":false},"excerpt":{"rendered":"<p>Ba\u015f rollerinde Engin Aky\u00fcrek, Tuba B\u00fcy\u00fck\u00fcst\u00fcn, Erkan Can \u0130lkin T\u00fcfek\u00e7i ve I\u015f\u0131l Y\u00fccesoy&#8217;un payla\u015ft\u0131\u011f\u0131 iddial\u0131 dizi\u00a0&#8220;Kara Para A\u015fk&#8221;\u0131n k\u00f6t\u00fc kaderi devam ediyor. Son bir ayda, iki defa yeni b\u00f6l\u00fcmleri saat 22&#8217;den sonra ba\u015flayan, iki defa da eski b\u00f6l\u00fcm tekrar\u0131 yapan dizinin d\u00fcn ak\u015famda Atv&#8217;de 34.B\u00f6l\u00fcm\u00fcn tekrar\u0131 vard\u0131. Atv&#8217;deki Ziraat T\u00fcrkiye kupas\u0131 nedeniyle bu s\u0131k\u0131nt\u0131 ya\u015fad\u0131. [&hellip;]<\/p>\n","protected":false},"author":3,"featured_media":0,"comment_status":"open","ping_status":"open","sticky":false,"template":"","format":"standard","meta":{"footnotes":""},"categories":[2],"tags":[570,82,108,621,304,622,305],"class_list":["post-6515","post","type-post","status-publish","format-standard","hentry","category-tv-programlari","tag-dirilis-ertugrul","tag-engin-akyurek","tag-engin-altan-duzyatan","tag-hulya-darcan","tag-kara-para-ask","tag-serdar-gokhan","tag-tuba-buyukustun"],"views":3831,"blog_post_layout_featured_media_urls":{"thumbnail":"","full":""},"categories_names":{"2":{"name":"TV Programlar\u0131","link":"https:\/\/balcilar-blog.com\/?cat=2"}},"tags_names":{"570":{"name":"dirili\u015f Ertu\u011frul","link":"https:\/\/balcilar-blog.com\/?tag=dirilis-ertugrul"},"82":{"name":"Engin Aky\u00fcrek","link":"https:\/\/balcilar-blog.com\/?tag=engin-akyurek"},"108":{"name":"Engin Altan D\u00fczyatan","link":"https:\/\/balcilar-blog.com\/?tag=engin-altan-duzyatan"},"621":{"name":"H\u00fclya Darcan","link":"https:\/\/balcilar-blog.com\/?tag=hulya-darcan"},"304":{"name":"Kara Para A\u015fk","link":"https:\/\/balcilar-blog.com\/?tag=kara-para-ask"},"622":{"name":"Serdar G\u00f6khan","link":"https:\/\/balcilar-blog.com\/?tag=serdar-gokhan"},"305":{"name":"Tuba B\u00fcy\u00fck\u00fcst\u00fcn","link":"https:\/\/balcilar-blog.com\/?tag=tuba-buyukustun"}},"comments_number":"0","wpmagazine_modules_lite_featured_media_urls":{"thumbnail":"","cvmm-medium":"","cvmm-medium-plus":"","cvmm-portrait":"","cvmm-medium-square":"","cvmm-large":"","cvmm-small":"","full":""},"_links":{"self":[{"href":"https:\/\/balcilar-blog.com\/index.php?rest_route=\/wp\/v2\/posts\/6515","targetHints":{"allow":["GET"]}}],"collection":[{"href":"https:\/\/balcilar-blog.com\/index.php?rest_route=\/wp\/v2\/posts"}],"about":[{"href":"https:\/\/balcilar-blog.com\/index.php?rest_route=\/wp\/v2\/types\/post"}],"author":[{"embeddable":true,"href":"https:\/\/balcilar-blog.com\/index.php?rest_route=\/wp\/v2\/users\/3"}],"replies":[{"embeddable":true,"href":"https:\/\/balcilar-blog.com\/index.php?rest_route=%2Fwp%2Fv2%2Fcomments&post=6515"}],"version-history":[{"count":6,"href":"https:\/\/balcilar-blog.com\/index.php?rest_route=\/wp\/v2\/posts\/6515\/revisions"}],"predecessor-version":[{"id":6528,"href":"https:\/\/balcilar-blog.com\/index.php?rest_route=\/wp\/v2\/posts\/6515\/revisions\/6528"}],"wp:attachment":[{"href":"https:\/\/balcilar-blog.com\/index.php?rest_route=%2Fwp%2Fv2%2Fmedia&parent=6515"}],"wp:term":[{"taxonomy":"category","embeddable":true,"href":"https:\/\/balcilar-blog.com\/index.php?rest_route=%2Fwp%2Fv2%2Fcategories&post=6515"},{"taxonomy":"post_tag","embeddable":true,"href":"https:\/\/balcilar-blog.com\/index.php?rest_route=%2Fwp%2Fv2%2Ftags&post=6515"}],"curies":[{"name":"wp","href":"https:\/\/api.w.org\/{rel}","templated":true}]}}