{"id":6498,"date":"2015-02-11T15:13:08","date_gmt":"2015-02-11T13:13:08","guid":{"rendered":"http:\/\/balcilar-blog.com\/?p=6498"},"modified":"2015-02-11T15:27:14","modified_gmt":"2015-02-11T13:27:14","slug":"medcezir-60-bolumde-neler-olacak","status":"publish","type":"post","link":"https:\/\/balcilar-blog.com\/?p=6498","title":{"rendered":"Medcezir 60.B\u00f6l\u00fcm \/ Sevgililer G\u00fcn\u00fcnde neler olacak?"},"content":{"rendered":"<p><a href=\"http:\/\/balcilar-blog.com\/wp-content\/uploads\/2015\/02\/B9kJ_u4CcAAQSl3.jpg\"><img loading=\"lazy\" decoding=\"async\" class=\"alignnone size-full wp-image-6500\" src=\"http:\/\/balcilar-blog.com\/wp-content\/uploads\/2015\/02\/B9kJ_u4CcAAQSl3.jpg\" alt=\"B9kJ_u4CcAAQSl3\" width=\"576\" height=\"597\" srcset=\"https:\/\/balcilar-blog.com\/wp-content\/uploads\/2015\/02\/B9kJ_u4CcAAQSl3.jpg 576w, https:\/\/balcilar-blog.com\/wp-content\/uploads\/2015\/02\/B9kJ_u4CcAAQSl3-289x300.jpg 289w\" sizes=\"auto, (max-width: 576px) 100vw, 576px\" \/><\/a><\/p>\n<p>Ba\u015f rollerini \u00c7a\u011fatay Ulusoy ile Serenay Sar\u0131kaya&#8217;n\u0131n oynad\u0131\u011f\u0131, Ay Yap\u0131m&#8217;\u0131n s\u00fcper dizisi &#8220;Medcezir&#8221; 13 \u015eubat Cuma ak\u015fam\u0131 20,30&#8217;da Star Tv&#8217;e ekranlar\u0131nda olacak. 14 \u015eubat sevgililer g\u00fcn\u00fc olamas\u0131 nedeniyle, Sevgiler Yaman ile Mira ve Mert ile Eyl\u00fcl bir oyun oynayarak bu g\u00fczel g\u00fcn\u00fc kutlayacaklar.<\/p>\n<p>Sevgililer g\u00fcn\u00fc yakla\u015f\u0131rken Yaman ve Mert kendilerini heyecanl\u0131 bir hazine av\u0131n\u0131n i\u00e7inde bulurlar.<\/p>\n<p>Her etab\u0131 ince, ince, d\u00fc\u015f\u00fcn\u00fclm\u00fc\u015f bu oyun, Mira ve Yaman\u2019n\u0131n tatl\u0131 bir iddia i\u00e7ine girmesine neden olur.<\/p>\n<p><a href=\"http:\/\/balcilar-blog.com\/wp-content\/uploads\/2015\/02\/Ekran-Al\u0131nt\u0131s\u0131MD60.FR2_.png\"><img loading=\"lazy\" decoding=\"async\" class=\"alignnone size-full wp-image-6503\" src=\"http:\/\/balcilar-blog.com\/wp-content\/uploads\/2015\/02\/Ekran-Al\u0131nt\u0131s\u0131MD60.FR2_.png\" alt=\"Ekran Al\u0131nt\u0131s\u0131MD60.FR2\" width=\"619\" height=\"370\" srcset=\"https:\/\/balcilar-blog.com\/wp-content\/uploads\/2015\/02\/Ekran-Al\u0131nt\u0131s\u0131MD60.FR2_.png 619w, https:\/\/balcilar-blog.com\/wp-content\/uploads\/2015\/02\/Ekran-Al\u0131nt\u0131s\u0131MD60.FR2_-300x179.png 300w\" sizes=\"auto, (max-width: 619px) 100vw, 619px\" \/><\/a><\/p>\n<p>Sedef\u2019in ani bir kararla seyahata \u00e7\u0131kmas\u0131, evde b\u00fcy\u00fck bir bo\u015fluk yarat\u0131r. Ya\u015fanan Son tart\u0131\u015fmadan sonra Deniz\u2019le olan ili\u015fkilerine bir son vermeye karar veren Selim, Deniz\u2019i kar\u015f\u0131s\u0131nda \u00e7aresiz g\u00f6rd\u00fc\u011f\u00fcnde bu karar\u0131 kolayca uygulamayaca\u011f\u0131n\u0131 anlar.<\/p>\n<p><a href=\"http:\/\/balcilar-blog.com\/wp-content\/uploads\/2015\/02\/cats-9.jpg\"><img loading=\"lazy\" decoding=\"async\" class=\"alignnone size-full wp-image-6510\" src=\"http:\/\/balcilar-blog.com\/wp-content\/uploads\/2015\/02\/cats-9.jpg\" alt=\"cats 9\" width=\"709\" height=\"483\" srcset=\"https:\/\/balcilar-blog.com\/wp-content\/uploads\/2015\/02\/cats-9.jpg 709w, https:\/\/balcilar-blog.com\/wp-content\/uploads\/2015\/02\/cats-9-300x204.jpg 300w\" sizes=\"auto, (max-width: 709px) 100vw, 709px\" \/><\/a><\/p>\n<p>Yaman ve Mert, Mira ile Eyl\u00fcl\u2019\u00fcn \u015fifrelerinin izini s\u00fcrerken, Sedef\u2019ten ve Beren\u2019den stratejik destek al\u0131rlar. G\u00fcnler ge\u00e7tik\u00e7e k\u00fc\u00e7\u00fck oyun b\u00fcy\u00fck bir maceraya d\u00f6n\u00fc\u015f\u00fcr.<\/p>\n<p><a href=\"http:\/\/balcilar-blog.com\/wp-content\/uploads\/2015\/02\/B9kJalTIAAElcyn.jpg\"><img loading=\"lazy\" decoding=\"async\" class=\"alignnone size-full wp-image-6502\" src=\"http:\/\/balcilar-blog.com\/wp-content\/uploads\/2015\/02\/B9kJalTIAAElcyn.jpg\" alt=\"B9kJalTIAAElcyn\" width=\"553\" height=\"427\" srcset=\"https:\/\/balcilar-blog.com\/wp-content\/uploads\/2015\/02\/B9kJalTIAAElcyn.jpg 553w, https:\/\/balcilar-blog.com\/wp-content\/uploads\/2015\/02\/B9kJalTIAAElcyn-300x232.jpg 300w\" sizes=\"auto, (max-width: 553px) 100vw, 553px\" \/><\/a><\/p>\n<p>Hale, Sude taraf\u0131ndan k\u00f6\u015feye s\u0131k\u0131\u015ft\u0131r\u0131lmas\u0131n\u0131n \u00fczerine, Kenan\u2019dan da darbe al\u0131nca, eski yaralar\u0131 kanamaya ba\u015flar. \u00c7ok h\u0131rslanan Hale, ikisinden\u00a0 de intikam alabilmek i\u00e7in d\u00fc\u015fman\u0131yla ortak olur ve Orkun\u2019un kap\u0131s\u0131n\u0131 \u00e7alar. Mira\u2019n\u0131n Yaman\u2019la evlenece\u011finin d\u00fc\u015f\u00fcncesinden bile rahats\u0131z olana Orkun\u2019un eline yeni bir f\u0131rsat ge\u00e7ecektir.<\/p>\n<p><a href=\"http:\/\/balcilar-blog.com\/wp-content\/uploads\/2015\/02\/Ekran-Al\u0131nt\u0131s\u0131MD60FR1.png\"><img loading=\"lazy\" decoding=\"async\" class=\"alignnone size-full wp-image-6504\" src=\"http:\/\/balcilar-blog.com\/wp-content\/uploads\/2015\/02\/Ekran-Al\u0131nt\u0131s\u0131MD60FR1.png\" alt=\"Ekran Al\u0131nt\u0131s\u0131MD60FR1\" width=\"628\" height=\"373\" srcset=\"https:\/\/balcilar-blog.com\/wp-content\/uploads\/2015\/02\/Ekran-Al\u0131nt\u0131s\u0131MD60FR1.png 628w, https:\/\/balcilar-blog.com\/wp-content\/uploads\/2015\/02\/Ekran-Al\u0131nt\u0131s\u0131MD60FR1-300x178.png 300w\" sizes=\"auto, (max-width: 628px) 100vw, 628px\" \/><\/a><\/p>\n<p>B\u00fcy\u00fck g\u00fcn geldi\u011finde Yaman ile Mert b\u00fct\u00fcn \u015fifreleri \u00e7\u00f6zm\u00fc\u015f olarak yanlar\u0131nda sevgilileri ile birlikte b\u00fcy\u00fck hazineye do\u011fru mutlulukla yola \u00e7\u0131kacaklar\u2026 Bu sevgililer g\u00fcn\u00fc d\u00f6rd\u00fc i\u00e7in unutulmaz olacak.<\/p>\n<p>13 \u015eubat Cuma ak\u015fam\u0131 20,30&#8217;da onlar\u0131n mutlulu\u011funa ortak olmak isterseniz, Star Tv ekran ba\u015f\u0131nda olmal\u0131s\u0131n\u0131z.<\/p>\n<p>&nbsp;<\/p>\n<p>&nbsp;<\/p>\n<p><iframe loading=\"lazy\" title=\"Medcezir 60.B\u00f6l\u00fcm Fragman 1\" width=\"640\" height=\"360\" src=\"https:\/\/www.youtube.com\/embed\/oiEPET0VXU8?feature=oembed\" frameborder=\"0\" allow=\"accelerometer; autoplay; clipboard-write; encrypted-media; gyroscope; picture-in-picture; web-share\" referrerpolicy=\"strict-origin-when-cross-origin\" allowfullscreen><\/iframe><\/p>\n<p>Keyifli seyirler.<\/p>\n<p>Sayg\u0131lar, sevgiler.<\/p>\n<p>Abdurrahman Balc\u0131lar<\/p>\n<p>Twitter: abdurrahman balc\u0131lar@abbalcilar<\/p>\n<p>Mail : <a href=\"mailto:ab.balcilar@hotmail.com\">ab.balcilar@hotmail.com<\/a><\/p>\n<p>Blog: milliyet.com.tr\/cansever<\/p>\n<p>Blog: balcilar-blog.com<\/p>\n<p>Not: Medcezir resmi Twitter sayfas\u0131ndan, G\u00f6rseller taraf\u0131mdan film tan\u0131t\u0131m fragman\u0131ndan kopyalanarak al\u0131nm\u0131\u015ft\u0131r<\/p>\n<p>&nbsp;<\/p>\n","protected":false},"excerpt":{"rendered":"<p>Ba\u015f rollerini \u00c7a\u011fatay Ulusoy ile Serenay Sar\u0131kaya&#8217;n\u0131n oynad\u0131\u011f\u0131, Ay Yap\u0131m&#8217;\u0131n s\u00fcper dizisi &#8220;Medcezir&#8221; 13 \u015eubat Cuma ak\u015fam\u0131 20,30&#8217;da Star Tv&#8217;e ekranlar\u0131nda olacak. 14 \u015eubat sevgililer g\u00fcn\u00fc olamas\u0131 nedeniyle, Sevgiler Yaman ile Mira ve Mert ile Eyl\u00fcl bir oyun oynayarak bu g\u00fczel g\u00fcn\u00fc kutlayacaklar. Sevgililer g\u00fcn\u00fc yakla\u015f\u0131rken Yaman ve Mert kendilerini heyecanl\u0131 bir hazine av\u0131n\u0131n i\u00e7inde [&hellip;]<\/p>\n","protected":false},"author":3,"featured_media":0,"comment_status":"open","ping_status":"open","sticky":false,"template":"","format":"standard","meta":{"footnotes":""},"categories":[2],"tags":[15,16,27,25],"class_list":["post-6498","post","type-post","status-publish","format-standard","hentry","category-tv-programlari","tag-cagatay-ulusoy","tag-medcezir","tag-serenay-sarikaya","tag-star-tv"],"views":3554,"blog_post_layout_featured_media_urls":{"thumbnail":"","full":""},"categories_names":{"2":{"name":"TV Programlar\u0131","link":"https:\/\/balcilar-blog.com\/?cat=2"}},"tags_names":{"15":{"name":"\u00e7a\u011fatay ulusoy","link":"https:\/\/balcilar-blog.com\/?tag=cagatay-ulusoy"},"16":{"name":"medcezir","link":"https:\/\/balcilar-blog.com\/?tag=medcezir"},"27":{"name":"Serenay Sar\u0131kaya","link":"https:\/\/balcilar-blog.com\/?tag=serenay-sarikaya"},"25":{"name":"Star Tv","link":"https:\/\/balcilar-blog.com\/?tag=star-tv"}},"comments_number":"0","wpmagazine_modules_lite_featured_media_urls":{"thumbnail":"","cvmm-medium":"","cvmm-medium-plus":"","cvmm-portrait":"","cvmm-medium-square":"","cvmm-large":"","cvmm-small":"","full":""},"_links":{"self":[{"href":"https:\/\/balcilar-blog.com\/index.php?rest_route=\/wp\/v2\/posts\/6498","targetHints":{"allow":["GET"]}}],"collection":[{"href":"https:\/\/balcilar-blog.com\/index.php?rest_route=\/wp\/v2\/posts"}],"about":[{"href":"https:\/\/balcilar-blog.com\/index.php?rest_route=\/wp\/v2\/types\/post"}],"author":[{"embeddable":true,"href":"https:\/\/balcilar-blog.com\/index.php?rest_route=\/wp\/v2\/users\/3"}],"replies":[{"embeddable":true,"href":"https:\/\/balcilar-blog.com\/index.php?rest_route=%2Fwp%2Fv2%2Fcomments&post=6498"}],"version-history":[{"count":5,"href":"https:\/\/balcilar-blog.com\/index.php?rest_route=\/wp\/v2\/posts\/6498\/revisions"}],"predecessor-version":[{"id":6511,"href":"https:\/\/balcilar-blog.com\/index.php?rest_route=\/wp\/v2\/posts\/6498\/revisions\/6511"}],"wp:attachment":[{"href":"https:\/\/balcilar-blog.com\/index.php?rest_route=%2Fwp%2Fv2%2Fmedia&parent=6498"}],"wp:term":[{"taxonomy":"category","embeddable":true,"href":"https:\/\/balcilar-blog.com\/index.php?rest_route=%2Fwp%2Fv2%2Fcategories&post=6498"},{"taxonomy":"post_tag","embeddable":true,"href":"https:\/\/balcilar-blog.com\/index.php?rest_route=%2Fwp%2Fv2%2Ftags&post=6498"}],"curies":[{"name":"wp","href":"https:\/\/api.w.org\/{rel}","templated":true}]}}