{"id":6487,"date":"2015-02-11T13:40:21","date_gmt":"2015-02-11T11:40:21","guid":{"rendered":"http:\/\/balcilar-blog.com\/?p=6487"},"modified":"2015-02-11T16:48:45","modified_gmt":"2015-02-11T14:48:45","slug":"onur-unkunun-merakla-beklenen-dizisi-bes-kardes-basliyor","status":"publish","type":"post","link":"https:\/\/balcilar-blog.com\/?p=6487","title":{"rendered":"Onur \u00dcnl\u00fc&#8217;n\u00fcn merakla beklenen dizisi  &#8220;Be\u015f Karde\u015f&#8221; ba\u015fl\u0131yor!"},"content":{"rendered":"<p><a href=\"http:\/\/balcilar-blog.com\/wp-content\/uploads\/2015\/02\/bes-kardes-2.jpg\"><img loading=\"lazy\" decoding=\"async\" class=\"alignnone size-full wp-image-6489\" src=\"http:\/\/balcilar-blog.com\/wp-content\/uploads\/2015\/02\/bes-kardes-2.jpg\" alt=\"bes kardes (2)\" width=\"768\" height=\"469\" srcset=\"https:\/\/balcilar-blog.com\/wp-content\/uploads\/2015\/02\/bes-kardes-2.jpg 768w, https:\/\/balcilar-blog.com\/wp-content\/uploads\/2015\/02\/bes-kardes-2-300x183.jpg 300w\" sizes=\"auto, (max-width: 768px) 100vw, 768px\" \/><\/a><\/p>\n<p>Ay Yap\u0131m yap\u0131mc\u0131l\u0131\u011f\u0131nda, senaristli\u011fini ve y\u00f6netmenli\u011fini Onur \u00dcnl\u00fc&#8217;n\u00fcn \u00fcstlendi\u011fi y\u0131l\u0131n merakla beklenen dizisi &#8220;Be\u015f Karde\u015f&#8221; 16 \u015eubat Pazartesi g\u00fcn\u00fc saat 20:00&#8217;da Kanal D&#8217;de ba\u015fl\u0131yor.<\/p>\n<p>Serkan Keskin, Melisa S\u00f6zen, Nihal Yal\u00e7\u0131n, Nadir Sar\u0131bacak, Tansu Bi\u00e7er, Osman Sonant, Fatih Artman, Serdar Or\u00e7in, K\u00f6ksal Eng\u00fcr ve Ay\u015fen Gruda&#8217;n\u0131n rol ald\u0131\u011f\u0131 &#8220;Be\u015f Karde\u015f&#8221; usta oyuncu kadrosuyla dikkat \u00e7ekiyor.<\/p>\n<p>&nbsp;<\/p>\n<p><strong>BE\u015e KARDE\u015e\u2019ten s\u0131cac\u0131k yeni tan\u0131t\u0131m : &#8220;SEV KARDE\u015e\u0130M&#8221;<\/strong><\/p>\n<p>&nbsp;<\/p>\n<p>Karde\u015fli\u011fin ve paha bi\u00e7ilmez dostluklar\u0131n \u00f6nemini izleyenlere yeniden ya\u015fatacak olan dizinin yeni tan\u0131t\u0131m\u0131, t\u00fcm zamanlar\u0131n en \u00e7ok sevilen \u015fark\u0131lar\u0131ndan &#8220;Sev Karde\u015fim&#8221; e\u015fli\u011finde ekrana geldi. Sosyal medya platformlar\u0131nda ses getiren tan\u0131t\u0131mla izleyiciler geri say\u0131ma ba\u015flad\u0131.<\/p>\n<p><a href=\"http:\/\/balcilar-blog.com\/wp-content\/uploads\/2015\/02\/Ekran-Al\u0131nt\u0131s\u0131B\u015eK.FR3_.png\"><img loading=\"lazy\" decoding=\"async\" class=\"alignnone size-medium wp-image-6493\" src=\"http:\/\/balcilar-blog.com\/wp-content\/uploads\/2015\/02\/Ekran-Al\u0131nt\u0131s\u0131B\u015eK.FR3_-300x183.png\" alt=\"Ekran Al\u0131nt\u0131s\u0131B\u015eK.FR3\" width=\"300\" height=\"183\" srcset=\"https:\/\/balcilar-blog.com\/wp-content\/uploads\/2015\/02\/Ekran-Al\u0131nt\u0131s\u0131B\u015eK.FR3_-300x183.png 300w, https:\/\/balcilar-blog.com\/wp-content\/uploads\/2015\/02\/Ekran-Al\u0131nt\u0131s\u0131B\u015eK.FR3_.png 592w\" sizes=\"auto, (max-width: 300px) 100vw, 300px\" \/><\/a>\u00a0<a href=\"http:\/\/balcilar-blog.com\/wp-content\/uploads\/2015\/02\/Ekran-Al\u0131nt\u0131s\u0131B\u015eK.FR4_.png\"><img loading=\"lazy\" decoding=\"async\" class=\"alignnone size-medium wp-image-6494\" src=\"http:\/\/balcilar-blog.com\/wp-content\/uploads\/2015\/02\/Ekran-Al\u0131nt\u0131s\u0131B\u015eK.FR4_-300x180.png\" alt=\"Ekran Al\u0131nt\u0131s\u0131B\u015eK.FR4\" width=\"300\" height=\"180\" srcset=\"https:\/\/balcilar-blog.com\/wp-content\/uploads\/2015\/02\/Ekran-Al\u0131nt\u0131s\u0131B\u015eK.FR4_-300x180.png 300w, https:\/\/balcilar-blog.com\/wp-content\/uploads\/2015\/02\/Ekran-Al\u0131nt\u0131s\u0131B\u015eK.FR4_.png 592w\" sizes=\"auto, (max-width: 300px) 100vw, 300px\" \/><\/a><\/p>\n<p>Ekranlar\u0131n yeni fenomeni olacak dizi; anne ve babalar\u0131n\u0131 depremde kaybeden, birbirinden \u00e7ok farkl\u0131 karakterle sahip, dededen kalma ah\u015fap bir konakta ya\u015fayan be\u015f karde\u015fin hayat\u0131n i\u00e7inden, s\u0131cac\u0131k hikayesini konu al\u0131yor.<\/p>\n<p><a href=\"http:\/\/balcilar-blog.com\/wp-content\/uploads\/2015\/02\/Ekran-Al\u0131nt\u0131s\u0131B\u015eK.FR2_.png\"><img loading=\"lazy\" decoding=\"async\" class=\"alignnone size-full wp-image-6492\" src=\"http:\/\/balcilar-blog.com\/wp-content\/uploads\/2015\/02\/Ekran-Al\u0131nt\u0131s\u0131B\u015eK.FR2_.png\" alt=\"Ekran Al\u0131nt\u0131s\u0131B\u015eK.FR2\" width=\"600\" height=\"360\" srcset=\"https:\/\/balcilar-blog.com\/wp-content\/uploads\/2015\/02\/Ekran-Al\u0131nt\u0131s\u0131B\u015eK.FR2_.png 600w, https:\/\/balcilar-blog.com\/wp-content\/uploads\/2015\/02\/Ekran-Al\u0131nt\u0131s\u0131B\u015eK.FR2_-300x180.png 300w\" sizes=\"auto, (max-width: 600px) 100vw, 600px\" \/><\/a><\/p>\n<p>Bal\u0131k\u00e7\u0131 Sait (Serkan Keskin), duygusal gazeteci Naz\u0131m (Nadir Sar\u0131bacak), mahallenin imam\u0131 Turgut (Tansu Bi\u00e7er), \u015fark\u0131c\u0131l\u0131k hayalleri kuran bodyguard Orhan (Osman Sonant), at yar\u0131\u015f\u0131 tutkunu havai Aziz (Fatih Artman), taverna sahibi Kudret, mahallenin bekar sakinlerinden Canan (Nihal Yal\u00e7\u0131n) ve y\u0131llar sonra s\u00fcrprizleriyle geri d\u00f6nen g\u00f6z\u00fc pek Fahriye&#8217;nin (Melisa S\u00f6zen) e\u011flenceli hikayeleri Pazartesi ak\u015famlar\u0131na yepyeni bir soluk getirecek.<\/p>\n<p><a href=\"http:\/\/balcilar-blog.com\/wp-content\/uploads\/2015\/02\/Ekran-Al\u0131nt\u0131s\u0131B\u015eK.FR1_.png\"><img loading=\"lazy\" decoding=\"async\" class=\"alignnone size-full wp-image-6491\" src=\"http:\/\/balcilar-blog.com\/wp-content\/uploads\/2015\/02\/Ekran-Al\u0131nt\u0131s\u0131B\u015eK.FR1_.png\" alt=\"Ekran Al\u0131nt\u0131s\u0131B\u015eK.FR1\" width=\"600\" height=\"356\" srcset=\"https:\/\/balcilar-blog.com\/wp-content\/uploads\/2015\/02\/Ekran-Al\u0131nt\u0131s\u0131B\u015eK.FR1_.png 600w, https:\/\/balcilar-blog.com\/wp-content\/uploads\/2015\/02\/Ekran-Al\u0131nt\u0131s\u0131B\u015eK.FR1_-300x178.png 300w\" sizes=\"auto, (max-width: 600px) 100vw, 600px\" \/><\/a><\/p>\n<p>Ay Yap\u0131m\u2019dan merakla beklenen dizi &#8220;Be\u015f Karde\u015f&#8221; 16 \u015eubat Pazartesi g\u00fcn\u00fc saat 20:00&#8217;da Kanal D&#8217;de ekranlar\u0131nda olacak.<\/p>\n<p>https:\/\/www.youtube.com\/watch?v=2Um8oub8p8I<\/p>\n<p>&nbsp;<\/p>\n<p>\u0130yi seyirler.<\/p>\n<p>Sayg\u0131lar, sevgiler.<\/p>\n<p>Abdurrahman Balc\u0131lar<\/p>\n<p>Twitter: abdurrahman balc\u0131lar@abbalcilar<\/p>\n<p>Mail : <a href=\"mailto:ab.balcilar@hotmail.com\">ab.balcilar@hotmail.com<\/a><\/p>\n<p>Blog: milliyet.com.tr\/cansever<\/p>\n<p>Blog: balcilar-blog.com<\/p>\n<p>Not: Haber, Ay Yap\u0131m Persona Sanat Bas\u0131n b\u00fclteninden, G\u00f6rseller taraf\u0131mdan film tan\u0131t\u0131m fragman\u0131ndan kopyalanarak al\u0131nm\u0131\u015ft\u0131r.<\/p>\n<p>&nbsp;<\/p>\n","protected":false},"excerpt":{"rendered":"<p>Ay Yap\u0131m yap\u0131mc\u0131l\u0131\u011f\u0131nda, senaristli\u011fini ve y\u00f6netmenli\u011fini Onur \u00dcnl\u00fc&#8217;n\u00fcn \u00fcstlendi\u011fi y\u0131l\u0131n merakla beklenen dizisi &#8220;Be\u015f Karde\u015f&#8221; 16 \u015eubat Pazartesi g\u00fcn\u00fc saat 20:00&#8217;da Kanal D&#8217;de ba\u015fl\u0131yor. Serkan Keskin, Melisa S\u00f6zen, Nihal Yal\u00e7\u0131n, Nadir Sar\u0131bacak, Tansu Bi\u00e7er, Osman Sonant, Fatih Artman, Serdar Or\u00e7in, K\u00f6ksal Eng\u00fcr ve Ay\u015fen Gruda&#8217;n\u0131n rol ald\u0131\u011f\u0131 &#8220;Be\u015f Karde\u015f&#8221; usta oyuncu kadrosuyla dikkat \u00e7ekiyor. &nbsp; [&hellip;]<\/p>\n","protected":false},"author":3,"featured_media":0,"comment_status":"open","ping_status":"open","sticky":false,"template":"","format":"standard","meta":{"footnotes":""},"categories":[2],"tags":[26,593,91,139],"class_list":["post-6487","post","type-post","status-publish","format-standard","hentry","category-tv-programlari","tag-ay-yapim","tag-bes-kardes","tag-kanal-d","tag-onur-unlu"],"views":4891,"blog_post_layout_featured_media_urls":{"thumbnail":"","full":""},"categories_names":{"2":{"name":"TV Programlar\u0131","link":"https:\/\/balcilar-blog.com\/?cat=2"}},"tags_names":{"26":{"name":"Ay Yap\u0131m","link":"https:\/\/balcilar-blog.com\/?tag=ay-yapim"},"593":{"name":"Be\u015f Karde\u015f","link":"https:\/\/balcilar-blog.com\/?tag=bes-kardes"},"91":{"name":"Kanal D","link":"https:\/\/balcilar-blog.com\/?tag=kanal-d"},"139":{"name":"Onur \u00dcnl\u00fc","link":"https:\/\/balcilar-blog.com\/?tag=onur-unlu"}},"comments_number":"0","wpmagazine_modules_lite_featured_media_urls":{"thumbnail":"","cvmm-medium":"","cvmm-medium-plus":"","cvmm-portrait":"","cvmm-medium-square":"","cvmm-large":"","cvmm-small":"","full":""},"_links":{"self":[{"href":"https:\/\/balcilar-blog.com\/index.php?rest_route=\/wp\/v2\/posts\/6487","targetHints":{"allow":["GET"]}}],"collection":[{"href":"https:\/\/balcilar-blog.com\/index.php?rest_route=\/wp\/v2\/posts"}],"about":[{"href":"https:\/\/balcilar-blog.com\/index.php?rest_route=\/wp\/v2\/types\/post"}],"author":[{"embeddable":true,"href":"https:\/\/balcilar-blog.com\/index.php?rest_route=\/wp\/v2\/users\/3"}],"replies":[{"embeddable":true,"href":"https:\/\/balcilar-blog.com\/index.php?rest_route=%2Fwp%2Fv2%2Fcomments&post=6487"}],"version-history":[{"count":6,"href":"https:\/\/balcilar-blog.com\/index.php?rest_route=\/wp\/v2\/posts\/6487\/revisions"}],"predecessor-version":[{"id":6512,"href":"https:\/\/balcilar-blog.com\/index.php?rest_route=\/wp\/v2\/posts\/6487\/revisions\/6512"}],"wp:attachment":[{"href":"https:\/\/balcilar-blog.com\/index.php?rest_route=%2Fwp%2Fv2%2Fmedia&parent=6487"}],"wp:term":[{"taxonomy":"category","embeddable":true,"href":"https:\/\/balcilar-blog.com\/index.php?rest_route=%2Fwp%2Fv2%2Fcategories&post=6487"},{"taxonomy":"post_tag","embeddable":true,"href":"https:\/\/balcilar-blog.com\/index.php?rest_route=%2Fwp%2Fv2%2Ftags&post=6487"}],"curies":[{"name":"wp","href":"https:\/\/api.w.org\/{rel}","templated":true}]}}