{"id":589,"date":"2014-03-18T17:33:22","date_gmt":"2014-03-18T15:33:22","guid":{"rendered":"http:\/\/balcilar-blog.com\/?p=589"},"modified":"2014-03-18T17:33:22","modified_gmt":"2014-03-18T15:33:22","slug":"beni-boyle-sev-aysem-omer-evlilik-yildonumu","status":"publish","type":"post","link":"https:\/\/balcilar-blog.com\/?p=589","title":{"rendered":"Beni B\u00f6yle Sev \/ Ay\u015fem &#038; \u00d6mer evlilik y\u0131ld\u00f6n\u00fcm\u00fc!"},"content":{"rendered":"<div>\n<div>\n<h4>18 Mart &#8217;14<\/h4>\n<\/div>\n<\/div>\n<div>\n<dl>\n<dt>Kategori<\/dt>\n<dd><strong><a href=\"http:\/\/blog.milliyet.com.tr\/tv-programlari\/Kategori\/?KategoriNo=351\">TV Programlar\u0131<\/a><\/strong><\/dd>\n<\/dl>\n<div>\n<div><img loading=\"lazy\" decoding=\"async\" alt=\"Beni B\u00f6yle Sev \/ Ay\u015fem &amp; \u00d6mer evlilik y\u0131ld\u00f6n\u00fcm\u00fc!\" src=\"http:\/\/iblog.milliyet.com.tr\/imgroot\/blogv7\/Blog333\/2014\/03\/18\/20\/453486-3-4-65b93.jpg\" width=\"333\" height=\"240\" \/><\/p>\n<div><\/div>\n<p>&nbsp;<\/p>\n<\/div>\n<div id=\"BlogDetail\">\n<p><a href=\"http:\/\/blog.milliyet.com.tr\/AramaBlog\/?search=TRT%201\" rel=\"external nofollow\">TRT 1<\/a>&#8216;in \u00dcniversite Gen\u00e7lik dizisi \u201c<a href=\"http:\/\/blog.milliyet.com.tr\/AramaBlog\/?search=Beni%20B%C3%B6yle%20Sev\" rel=\"external nofollow\">Beni B\u00f6yle Sev<\/a>\u201d d\u00fcn ak\u015fam 51.B\u00f6l\u00fcm ile ekranlar\u0131m\u0131zdayd\u0131. Sevilen dizinin reytingleri bu hafta her zamanki gibi AB\u2019de 18.s\u0131rada, Total\u2019de 26.s\u0131rada yer alm\u0131\u015f.<\/p>\n<p>Ge\u00e7en b\u00f6l\u00fcmde Ak\u00e7aabat\u2019a gitmeye karar verip yola \u00e7\u0131kan Nail Usta, k\u0131z\u0131 Ay\u015fem lokantada bulamay\u0131nca \u00e7ok \u00fcz\u00fcl\u00fcr. Pe\u015finden garaja c\u00fcmb\u00fcr cemaat giderler. Haluk\u2019un arabas\u0131n\u0131 dolu\u015fup, kendilerini garajda bulurlar.<\/p>\n<p>Ay\u015fem, babas\u0131na kendisini yanl\u0131\u015f anlad\u0131\u011f\u0131n\u0131, r\u00fcyas\u0131nda annesini g\u00f6rd\u00fc\u011f\u00fcn\u00fc, 20 y\u0131l \u00e7ok uzun bir s\u00fcre, ben baban\u0131n yaln\u0131z kalmas\u0131n\u0131 \u00e7ok \u00fcz\u00fcl\u00fcyorum, o da art\u0131k g\u00f6nl\u00fcne g\u00f6re birisini bulsun, sevsin dedi\u011fini anlat\u0131r. Ben seni d\u00fc\u015f\u00fcn\u00fcyorum, yaln\u0131z kalmamas\u0131 gerekti\u011fini s\u00f6yler. Beni af edebilecek misin deyip babas\u0131n boynuna sar\u0131l\u0131r. Ayr\u0131ca, Ay\u015fem Eda\u2019ya da evliklerine okey verdi\u011fini s\u00f6yler.<\/p>\n<p><img decoding=\"async\" alt=\"Ekran Al\u0131nt\u0131s\u0131 1\" src=\"http:\/\/balcilar-blog.com\/wp-content\/uploads\/2014\/03\/Ekran-Al%C4%B1nt%C4%B1s%C4%B1-1-300x170.png\" \/><\/p>\n<p>Ge\u00e7en b\u00f6l\u00fcm al\u0131nan Mabel Matiz konser davetiyeleri herkese verilir. Furkan, amcas\u0131 Nail Bey ile herkesten \u00f6nce salona gelir.<\/p>\n<p>Ay\u015fem, o gece i\u00e7in \u00e7ok g\u00fczel bir k\u0131yafet giyer. \u00d6mer \u00e7ok be\u011fenir. \u0130ltifat eder.<\/p>\n<p><img decoding=\"async\" alt=\"Ekran Al\u0131nt\u0131s\u0131.PNG 18\" src=\"http:\/\/balcilar-blog.com\/wp-content\/uploads\/2014\/03\/Ekran-Al%C4%B1nt%C4%B1s%C4%B1.PNG-18-300x167.png\" \/><\/p>\n<p>Haluk beyin arabas\u0131na, Deniz, Reyhan, Fahriye ve Mazhar binerler. \u00d6mer, Ay\u015fem ve Seda ayr\u0131 araba ile giderler. Haluk Beyin arabas\u0131nda yolculuk, \u015famata ile devam eder. \u00d6mer, m\u00fczik a\u00e7ar Mabel Matiz\u2019in bir par\u00e7as\u0131 \u00e7alar. Yolda, dikkatsiz davran Haluk Bey, \u00d6mer\u2019in arabas\u0131na arkadan \u00e7arpar. Ufak bir hasar olur, orac\u0131kta d\u00fczeltir, yola devam ederler.<\/p>\n<p>Herkes konserde bir aradad\u0131r. Furkan, Seda\u2019n\u0131n k\u0131yafetine iltifat eder. Burak\u2019\u0131n da konsere gelmesini bozulur, ters bakmas\u0131 Seda\u2019n\u0131n dikkatinden ka\u00e7maz. Furkan\u2019a bir terslik \u00e7\u0131karmamas\u0131 i\u00e7in rica eder. Mabel Matiz sahne al\u0131r. Konser ba\u015flar, e\u011flenceli bir par\u00e7a \u00e7alar. Nail Bey, Eda Han\u0131m\u0131 merak eder, sa\u011f\u0131nda g\u00f6r\u00fcnce pek sevinir.<\/p>\n<p><img decoding=\"async\" alt=\"Ekran Al\u0131nd\u0131s\u0131 4\" src=\"http:\/\/balcilar-blog.com\/wp-content\/uploads\/2014\/03\/Ekran-Al%C4%B1nd%C4%B1s%C4%B1-4-300x151.png\" \/><\/p>\n<p>Fahriye, arkada Feridun\u2019u bir k\u0131z ile g\u00f6r\u00fcr, hemen yan\u0131na ko\u015far, yakas\u0131na yap\u0131\u015f\u0131r, \u00f6ld\u00fcr\u00fcr\u00fcm seni der. Reyhan da sald\u0131r\u0131nca, g\u00fcr\u00fclt\u00fcye Haluk Bey ve Mazhar da gelir, olaya el koyarlar.<\/p>\n<p><img decoding=\"async\" alt=\"Ekran Al\u0131nt\u0131s\u0131 3\" src=\"http:\/\/balcilar-blog.com\/wp-content\/uploads\/2014\/03\/Ekran-Al%C4%B1nt%C4%B1s%C4%B1-3-300x154.png\" \/><\/p>\n<p>O Gece Reha Bey, Eda i\u00e7in gene gece uykusunu ka\u00e7\u0131rmak i\u00e7in tuzak haz\u0131rlam\u0131\u015ft\u0131r. Nadide Han\u0131m, bir \u015feyler sezinlese de pek anlam veremez.<\/p>\n<p><img decoding=\"async\" alt=\"Ekran Al\u0131nt\u0131s\u0131 2\" src=\"http:\/\/balcilar-blog.com\/wp-content\/uploads\/2014\/03\/Ekran-Al%C4%B1nt%C4%B1s%C4%B1-2-300x153.png\" \/><\/p>\n<p>\u00d6mer, konserde s\u0131k s\u0131k saatine bakar. Ay\u015fem ile birlikte \u00e7ok mutludur. S\u0131k\u0131ca sar\u0131l\u0131r, \u00f6per. Reyhan, \u00e7ok duygulan\u0131r, g\u00f6z ya\u015flar\u0131n\u0131 hakim olamaz. Burak, g\u00f6zlerini Furkan ve Seda\u2019dan ay\u0131rmaz. Belli ki onlar\u0131 k\u0131skanmaktad\u0131r.<\/p>\n<p><img decoding=\"async\" alt=\"Ekran Al\u0131nt\u0131s\u0131.PNG 21\" src=\"http:\/\/balcilar-blog.com\/wp-content\/uploads\/2014\/03\/Ekran-Al%C4%B1nt%C4%B1s%C4%B1.PNG-21-300x155.png\" \/><\/p>\n<p>Konser bitiminde eve d\u00f6nenler. \u00d6mer, Ay\u015fem\u2019e evlilik y\u0131l d\u00f6n\u00fcmleri \u015ferefine sonsuzlu\u011fu temsil eden bir kolye al\u0131p, boynuna takar. Tam bir y\u0131l olmu\u015ftur. Ay\u015fem, seni \u00e7ok seviyorum deyip, \u00d6mer\u2019in boynuna sar\u0131l\u0131p te\u015fekk\u00fcr eder.<\/p>\n<p><img decoding=\"async\" alt=\"Ekran Al\u0131nt\u0131s\u0131 6\" src=\"http:\/\/balcilar-blog.com\/wp-content\/uploads\/2014\/03\/Ekran-Al%C4%B1nt%C4%B1s%C4%B1-6-300x166.png\" \/><\/p>\n<p>Eda o gece konser d\u00f6n\u00fc\u015f\u00fc, Nail Bey ile ili\u015fkisinin d\u00fczelmesi nedeniyle olsa gerek \u00e7ok derin ve huzurlu bir uykuya dalar. Reha Beyin ses bantlar\u0131n\u0131, bayku\u015f seslerini duymaz bile. Eda Han\u0131m yerine, Reha Bey huzursuz olur. Sabah da sinirini Burak\u2019tan al\u0131r. Eda da keyifle kalkar, deliksiz uyudu\u011funu s\u00f6yler.<\/p>\n<p><img decoding=\"async\" alt=\"Ekran Al\u0131nt\u0131s\u0131 7\" src=\"http:\/\/balcilar-blog.com\/wp-content\/uploads\/2014\/03\/Ekran-Al%C4%B1nt%C4%B1s%C4%B1-7-300x167.png\" \/><\/p>\n<p>O sabah Ay\u015fem, \u00e7ok sevdi\u011fi kocas\u0131 \u00d6mer\u2019e sabah kahvalt\u0131s\u0131n\u0131 yata\u011f\u0131na getirir. \u00d6mer \u00e7ok memnun olur, romantiklik konusunda iddiaya girerler, \u00d6mer ben senden daha romanti\u011fim, der.<\/p>\n<p><img decoding=\"async\" alt=\"Ekran Al\u0131nt\u0131s\u0131 5\" src=\"http:\/\/balcilar-blog.com\/wp-content\/uploads\/2014\/03\/Ekran-Al%C4%B1nt%C4%B1s%C4%B1-5-300x165.png\" \/><\/p>\n<p>Reyhan ile Mazhar aralar\u0131nda s\u00fcrt\u00fc\u015fme devam eder, bir taksiyi sen durdurdun, ben durdurdum konusunda kavga ederler, taksici bakar bunlar deli, ikisini de almaz, \u00e7eker gider.<\/p>\n<p>Ay\u015fem ile \u00d6mer bebeklerine ne isim koyacaklar\u0131 konusunda karar vermezler. Gereksiz tart\u0131\u015fmaya girerler. Furkan, amcas\u0131na Mabel Matiz foto\u011fraf\u0131n\u0131 getirir, \u00fcnl\u00fcler k\u00f6\u015fesin koyarlar.<\/p>\n<p><img decoding=\"async\" alt=\"Ekran Al\u0131nt\u0131s\u0131 8\" src=\"http:\/\/balcilar-blog.com\/wp-content\/uploads\/2014\/03\/Ekran-Al%C4%B1nt%C4%B1s%C4%B1-8-300x162.png\" \/><\/p>\n<p>Psikologda terapiler devam etmektedir. Mazhar, Reyhan ile ayn\u0131 apartmanda oturduklar\u0131n\u0131 anlat\u0131r.<\/p>\n<p><img decoding=\"async\" alt=\"Ekran Al\u0131nt\u0131s\u0131 9\" src=\"http:\/\/balcilar-blog.com\/wp-content\/uploads\/2014\/03\/Ekran-Al%C4%B1nt%C4%B1s%C4%B1-9-300x167.png\" \/><\/p>\n<p>Ay\u015fem, Haluk Beyi yakalar, bir \u015fey sormak ister. \u00d6mer\u2019e yapmak istedi\u011fi s\u00fcrprizi sorar. Haluk bey net \u00f6neri s\u00fcremez, sa\u00e7malar durur, bulursam arayaca\u011f\u0131m seni. Ay\u015fem, ayn\u0131 \u015feyi Fahriye\u2019ye de sorar. Fahriye bebi\u015fin ad\u0131n\u0131 sorar. Fahriye\u2019nin yemek konusundaki fikrini be\u011fenmez. Ay\u015fem, bu defa Seda\u2019y\u0131 g\u00f6r\u00fcnce onun da fikrini almak ister. Seda da mum \u0131\u015f\u0131\u011f\u0131nda yemek \u00f6nerir.<\/p>\n<p><img decoding=\"async\" alt=\"Ekran Al\u0131nt\u0131s\u0131 10\" src=\"http:\/\/balcilar-blog.com\/wp-content\/uploads\/2014\/03\/Ekran-Al%C4%B1nt%C4%B1s%C4%B1-10-300x158.png\" \/><\/p>\n<p>Furkan ile Seda i\u015f konusunda da anla\u015famazlar, ortada bir g\u00fcvensizlik vard\u0131r. Aralar\u0131nda tart\u0131\u015f\u0131rlar, Burak konusunda k\u0131skan\u00e7l\u0131k g\u00f6stermesi Seda\u2019y\u0131 \u00fczer. Aran\u0131zda kavga \u00e7\u0131karsa, ben Burak\u2019\u0131 tutar\u0131m, der.<\/p>\n<p><img decoding=\"async\" alt=\"130320141156009883760_2[1]\" src=\"http:\/\/balcilar-blog.com\/wp-content\/uploads\/2014\/03\/130320141156009883760_21-300x168.jpg\" \/><\/p>\n<p>Nail Bey ile Eda Han\u0131m, Mabel Matiz ile \u00e7ekilen resimlerini duvara asarlar. Safiye, Nail Usta ile Eda Han\u0131ma bakarak s\u00f6ylenir,\u00a0 k\u0131rk\u0131ndan sonra azana tene\u015fir paklar, der. Ay\u015fem,e bir \u00e7\u0131tlatsam k\u0131yameti kopar\u0131r.<\/p>\n<p><img decoding=\"async\" alt=\"Ekran Al\u0131nt\u0131s\u0131 11\" src=\"http:\/\/balcilar-blog.com\/wp-content\/uploads\/2014\/03\/Ekran-Al%C4%B1nt%C4%B1s%C4%B1-11-300x165.png\" \/><\/p>\n<p>Fahriye ile Reyhan evdedir, kap\u0131 \u00e7alar. Reyhan a\u00e7ar, kap\u0131da Mazhar\u2019\u0131 g\u00f6r\u00fcnce kap\u0131y\u0131 kapat\u0131r. Haluk Bey ile beraber gelmi\u015flerdir. Feridun konusunu konu\u015fmak, \u00e7\u00f6zmek i\u00e7in gelmirler. Gene Reyhan ile Mazhar aras\u0131nda s\u00fcrt\u00fc\u015fme devam eder, Mazhar\u2019a sen d\u0131\u015f kap\u0131n\u0131n mandal\u0131s\u0131n, der.<\/p>\n<p><img decoding=\"async\" alt=\"Ekran Al\u0131nt\u0131s\u0131 12\" src=\"http:\/\/balcilar-blog.com\/wp-content\/uploads\/2014\/03\/Ekran-Al%C4%B1nt%C4%B1s%C4%B1-12-300x166.png\" \/><\/p>\n<p>Burak, Seda ile konu\u015fmak istemi\u015f. Seda\u2019ya telefon a\u00e7ar, bulu\u015furlar. Burak\u2019\u0131n huzursuz hali Seda\u2019y\u0131 endi\u015felendirir. Burak yaln\u0131zl\u0131ktan \u015fik\u00e2yet\u00e7idir. Taner ile \u00e7evirdi\u011fi foyas\u0131 meydana \u00e7\u0131kmam\u0131\u015ft\u0131r. Furkan bu foyay\u0131 su y\u00fcz\u00fcne \u00e7\u0131karacak ama, olmad\u0131. Furkan ile arkada\u015f olmak istedi\u011fini anlat\u0131r. Seda\u2019ya Furkan\u2019\u0131n ne s\u00f6yledi\u011fini s\u00f6ylemez, sonunda \u00e7amur atar, k\u00fcfretti der. Amac\u0131, Seda\u2019y\u0131 Furkan\u2019dan so\u011futmak tek amac\u0131d\u0131r.<\/p>\n<p>\u00d6mer, Ay\u015fem\u2019e nerde benim romantik s\u00fcrprizim diye sorar. \u00d6mer, ben senden daha romanti\u011fim diye iddias\u0131n\u0131 s\u00fcrd\u00fcr\u00fcr. Ay\u015fem daha \u00f6nce \u00d6mer\u2019e yapt\u0131\u011f\u0131 s\u00fcrpriz \u00f6rneklerini kutudan \u00e7\u0131kart\u0131p, \u00f6n\u00fcne koyar. \u00d6mer bunlar\u0131 saklamas\u0131na \u015fa\u015f\u0131r\u0131r. Ay\u015fem\u2019e \u00f6per, sar\u0131l\u0131r, ben seni nas\u0131l sevmeyeyim, der.<\/p>\n<p>\u00d6mer, hastanede babas\u0131 ile g\u00f6r\u00fc\u015f\u00fcrler. \u00a0\u015eirkette \u00e7al\u0131\u015fma konusunda, teklifini verece\u011fi cevab\u0131 sorar. \u00d6mer, teklifini ret eder. Nadide Han\u0131m, tart\u0131\u015fmay\u0131 son vermelerini Ay\u015fem duyacak, der.<\/p>\n<p><img decoding=\"async\" alt=\"Ekran Al\u0131nt\u0131s\u0131 14\" src=\"http:\/\/balcilar-blog.com\/wp-content\/uploads\/2014\/03\/Ekran-Al%C4%B1nt%C4%B1s%C4%B1-14-300x169.png\" \/><\/p>\n<p>Fahriye, okuldan Feridun\u2019u arar. Mazhar, Haluk Bey ve Reyhan da oradad\u0131r. Gelmesini, birlikte \u00e7ay i\u00e7meye \u00e7a\u011f\u0131r\u0131r. Her kafadan bir ses \u00e7\u0131kar, tam ne anlatmak istedi\u011fini s\u00f6yleyemez.<\/p>\n<p><img decoding=\"async\" alt=\"Ekran Al\u0131nt\u0131s\u0131 16\" src=\"http:\/\/balcilar-blog.com\/wp-content\/uploads\/2014\/03\/Ekran-Al%C4%B1nt%C4%B1s%C4%B1-16-300x166.png\" \/><\/p>\n<p>Nadide Han\u0131m, \u00e7ocuk hastaneden \u00e7\u0131k\u0131nca nas\u0131l bakacaks\u0131n\u0131z diye sorar. Reha Bey, \u00d6mer\u2019e teklifini kabul ediyorum, ama bir \u015fart\u0131m var. Torunumun ad\u0131n\u0131 ben koyaca\u011f\u0131m, yoksa hastanenin faturas\u0131n\u0131 \u00f6demek zorunda kal\u0131rs\u0131n\u0131z.<\/p>\n<p><img decoding=\"async\" alt=\"Ekran Al\u0131nt\u0131s\u0131 17\" src=\"http:\/\/balcilar-blog.com\/wp-content\/uploads\/2014\/03\/Ekran-Al%C4%B1nt%C4%B1s%C4%B1-17-300x167.png\" \/><\/p>\n<p>B\u00fct\u00fcn bu konu\u015fmalar\u0131 gelen Ay\u015fem duyar, \u00f6ylece Reha beye, Nadide Han\u0131ma bir de \u00d6mer\u2019e bakar. Kendi kendine i\u00e7 \u00e7eker ve 51.b\u00f6l\u00fcm burada biter.<\/p>\n<p>Dizide her hafta yeni bir sanat\u00e7\u0131y\u0131 konuk ederek heyecan katmak, ilgi uyand\u0131rmalar\u0131n\u0131 destekliyorum. Ancak, konu biraz daha ilgin\u00e7 hale getirilse, hareket olursa iyi olur. Baz\u0131 izleyiciler okul m\u00fcsamere havas\u0131nda dese de ben kat\u0131lm\u0131yorum. Gereksiz, s\u0131k\u0131c\u0131 sahneler konusunda biraz ince elenip, s\u0131k dokunsa daha iyi olur. Ay\u015fem (<a href=\"http:\/\/blog.milliyet.com.tr\/AramaBlog\/?search=Zeynep%20%C3%87amc%C4%B1\" rel=\"external nofollow\">Zeynep \u00c7amc\u0131<\/a>)\u00a0ses tonu biraz ayarlansa, daha sakin olsa. Nezih karakteri gittikten sonra, g\u00fclme yerine psikolojik sahneler nedeniyle, bizlerin de psikolojisi bozuldu. <a href=\"http:\/\/blog.milliyet.com.tr\/AramaBlog\/?search=BSK%20Yap%C4%B1m\" rel=\"external nofollow\">BSK Yap\u0131m<\/a> ve de senaristlerin dikkatini \u00e7ekerim.<\/p>\n<p>\u0130yi seyirler.<\/p>\n<p>Sayg\u0131lar, sevgiler.<\/p>\n<p>Abdurrahman Balc\u0131lar<\/p>\n<p>Twitter: abdurrahman balc\u0131lar@abbalcilar<\/p>\n<p>Mail : <a href=\"mailto:ab.balcilar@hotmail.com\" target=\"_blank\">ab.balcilar@hotmail.com<\/a><\/p>\n<div>\n<p>Blog: milliyet.com.tr\/cansever<\/p>\n<p>Blog: balcilar-blog.com<\/p>\n<p>Not: G\u00f6rseller taraf\u0131mdan diziden al\u0131nm\u0131\u015ft\u0131r.<\/p>\n<\/div>\n<\/div>\n<\/div>\n<\/div>\n","protected":false},"excerpt":{"rendered":"<p>18 Mart &#8217;14 Kategori TV Programlar\u0131 &nbsp; TRT 1&#8216;in \u00dcniversite Gen\u00e7lik dizisi \u201cBeni B\u00f6yle Sev\u201d d\u00fcn ak\u015fam 51.B\u00f6l\u00fcm ile ekranlar\u0131m\u0131zdayd\u0131. Sevilen dizinin reytingleri bu hafta her zamanki gibi AB\u2019de 18.s\u0131rada, Total\u2019de 26.s\u0131rada yer alm\u0131\u015f. Ge\u00e7en b\u00f6l\u00fcmde Ak\u00e7aabat\u2019a gitmeye karar verip yola \u00e7\u0131kan Nail Usta, k\u0131z\u0131 Ay\u015fem lokantada bulamay\u0131nca \u00e7ok \u00fcz\u00fcl\u00fcr. Pe\u015finden garaja c\u00fcmb\u00fcr cemaat giderler. [&hellip;]<\/p>\n","protected":false},"author":3,"featured_media":0,"comment_status":"open","ping_status":"open","sticky":false,"template":"","format":"standard","meta":{"footnotes":""},"categories":[2],"tags":[20,22,21,183],"class_list":["post-589","post","type-post","status-publish","format-standard","hentry","category-tv-programlari","tag-beni-boyle-sev","tag-bsk-yapim","tag-trt-1","tag-zeynep-camci"],"views":5323,"blog_post_layout_featured_media_urls":{"thumbnail":"","full":""},"categories_names":{"2":{"name":"TV Programlar\u0131","link":"https:\/\/balcilar-blog.com\/?cat=2"}},"tags_names":{"20":{"name":"Beni B\u00f6yle Sev","link":"https:\/\/balcilar-blog.com\/?tag=beni-boyle-sev"},"22":{"name":"BSK Yap\u0131m","link":"https:\/\/balcilar-blog.com\/?tag=bsk-yapim"},"21":{"name":"TRT 1","link":"https:\/\/balcilar-blog.com\/?tag=trt-1"},"183":{"name":"Zeynep \u00c7amc\u0131","link":"https:\/\/balcilar-blog.com\/?tag=zeynep-camci"}},"comments_number":"0","wpmagazine_modules_lite_featured_media_urls":{"thumbnail":"","cvmm-medium":"","cvmm-medium-plus":"","cvmm-portrait":"","cvmm-medium-square":"","cvmm-large":"","cvmm-small":"","full":""},"_links":{"self":[{"href":"https:\/\/balcilar-blog.com\/index.php?rest_route=\/wp\/v2\/posts\/589","targetHints":{"allow":["GET"]}}],"collection":[{"href":"https:\/\/balcilar-blog.com\/index.php?rest_route=\/wp\/v2\/posts"}],"about":[{"href":"https:\/\/balcilar-blog.com\/index.php?rest_route=\/wp\/v2\/types\/post"}],"author":[{"embeddable":true,"href":"https:\/\/balcilar-blog.com\/index.php?rest_route=\/wp\/v2\/users\/3"}],"replies":[{"embeddable":true,"href":"https:\/\/balcilar-blog.com\/index.php?rest_route=%2Fwp%2Fv2%2Fcomments&post=589"}],"version-history":[{"count":1,"href":"https:\/\/balcilar-blog.com\/index.php?rest_route=\/wp\/v2\/posts\/589\/revisions"}],"predecessor-version":[{"id":590,"href":"https:\/\/balcilar-blog.com\/index.php?rest_route=\/wp\/v2\/posts\/589\/revisions\/590"}],"wp:attachment":[{"href":"https:\/\/balcilar-blog.com\/index.php?rest_route=%2Fwp%2Fv2%2Fmedia&parent=589"}],"wp:term":[{"taxonomy":"category","embeddable":true,"href":"https:\/\/balcilar-blog.com\/index.php?rest_route=%2Fwp%2Fv2%2Fcategories&post=589"},{"taxonomy":"post_tag","embeddable":true,"href":"https:\/\/balcilar-blog.com\/index.php?rest_route=%2Fwp%2Fv2%2Ftags&post=589"}],"curies":[{"name":"wp","href":"https:\/\/api.w.org\/{rel}","templated":true}]}}